{"id":1072,"date":"2013-11-23T11:55:18","date_gmt":"2013-11-23T10:55:18","guid":{"rendered":"https:\/\/pequod.nesodd1.no\/?p=1072"},"modified":"2013-11-26T20:06:12","modified_gmt":"2013-11-26T19:06:12","slug":"en-liten-tur-for-helgen","status":"publish","type":"post","link":"https:\/\/pequod.nesodd1.no\/?p=1072","title":{"rendered":"En liten tur f\u00f8r helgen"},"content":{"rendered":"<p><a href=\"https:\/\/i0.wp.com\/pequod.nesodd1.no\/wp-content\/uploads\/2013\/11\/iPhone-Bildebackup-029.jpg\"><img data-recalc-dims=\"1\" loading=\"lazy\" decoding=\"async\" data-attachment-id=\"1069\" data-permalink=\"https:\/\/pequod.nesodd1.no\/?attachment_id=1069\" data-orig-file=\"https:\/\/i0.wp.com\/pequod.nesodd1.no\/wp-content\/uploads\/2013\/11\/iPhone-Bildebackup-029-e1413708338550.jpg?fit=800%2C533&amp;ssl=1\" data-orig-size=\"800,533\" data-comments-opened=\"1\" data-image-meta=\"{&quot;aperture&quot;:&quot;6.3&quot;,&quot;credit&quot;:&quot;&quot;,&quot;camera&quot;:&quot;Canon EOS 700D&quot;,&quot;caption&quot;:&quot;&quot;,&quot;created_timestamp&quot;:&quot;1385111396&quot;,&quot;copyright&quot;:&quot;&quot;,&quot;focal_length&quot;:&quot;51&quot;,&quot;iso&quot;:&quot;100&quot;,&quot;shutter_speed&quot;:&quot;0.01&quot;,&quot;title&quot;:&quot;&quot;}\" data-image-title=\"iPhone Bildebackup 029\" data-image-description=\"&lt;p&gt;sn\u00f8, fort\u00f8yning, tau, frost, vinter&lt;\/p&gt;\n\" data-image-caption=\"\" data-large-file=\"https:\/\/i0.wp.com\/pequod.nesodd1.no\/wp-content\/uploads\/2013\/11\/iPhone-Bildebackup-029-e1413708338550.jpg?fit=940%2C626&amp;ssl=1\" class=\"alignleft  wp-image-1069\" alt=\"iPhone Bildebackup 029\" src=\"https:\/\/i0.wp.com\/pequod.nesodd1.no\/wp-content\/uploads\/2013\/11\/iPhone-Bildebackup-029-150x150.jpg?resize=105%2C105\" width=\"105\" height=\"105\" \/><\/a>N\u00e5r man f\u00f8rst har overnattet i b\u00e5ten og spist frokost om bord, og morgenen kommer med sola som begynner \u00e5 varme rutene p\u00e5 b\u00e5ten, s\u00e5 er det vel ganske klart at dette m\u00e5tte ende i en liten tur!<!--more--><\/p>\n<p>N\u00e5 var det fors\u00e5vidt planlagt fra begynnelsen av. Siden jeg jo hadde fri fredag og overnattet i b\u00e5ten, s\u00e5 m\u00e5tte det bli tur hvis v\u00e6ret var greit.<\/p>\n<p>Og v\u00e6ret ble faktisk bedre fredag morgen enn jeg hadde trodd!<\/p>\n<p>Himmelen var bl\u00e5, kaffen p\u00e5 termosen fortsatt varm nok til \u00e5 varme kroppen, sola stakk opp i horisonten og sj\u00f8en var nesten helt speilblank.<\/p>\n<figure id=\"attachment_1059\" aria-describedby=\"caption-attachment-1059\" style=\"width: 300px\" class=\"wp-caption alignright\"><a href=\"https:\/\/i0.wp.com\/pequod.nesodd1.no\/wp-content\/uploads\/2013\/11\/iPhone-Bildebackup-011.jpg\"><img data-recalc-dims=\"1\" loading=\"lazy\" decoding=\"async\" data-attachment-id=\"1059\" data-permalink=\"https:\/\/pequod.nesodd1.no\/?attachment_id=1059\" data-orig-file=\"https:\/\/i0.wp.com\/pequod.nesodd1.no\/wp-content\/uploads\/2013\/11\/iPhone-Bildebackup-011-e1413708373564.jpg?fit=800%2C533&amp;ssl=1\" data-orig-size=\"800,533\" data-comments-opened=\"1\" data-image-meta=\"{&quot;aperture&quot;:&quot;8&quot;,&quot;credit&quot;:&quot;&quot;,&quot;camera&quot;:&quot;Canon EOS 700D&quot;,&quot;caption&quot;:&quot;&quot;,&quot;created_timestamp&quot;:&quot;1385108672&quot;,&quot;copyright&quot;:&quot;&quot;,&quot;focal_length&quot;:&quot;32&quot;,&quot;iso&quot;:&quot;100&quot;,&quot;shutter_speed&quot;:&quot;0.005&quot;,&quot;title&quot;:&quot;&quot;}\" data-image-title=\"iPhone Bildebackup 011\" data-image-description=\"&lt;p&gt;vinter, sn\u00f8, frost&lt;\/p&gt;\n\" data-image-caption=\"&lt;p&gt;Frostroser? Hmm&amp;#8230;begynner b\u00e5tsesongen \u00e5 g\u00e5 mot slutten, tro?&lt;\/p&gt;\n\" data-large-file=\"https:\/\/i0.wp.com\/pequod.nesodd1.no\/wp-content\/uploads\/2013\/11\/iPhone-Bildebackup-011-e1413708373564.jpg?fit=940%2C626&amp;ssl=1\" class=\"size-medium wp-image-1059\" alt=\"Frostroser? Hmm...begynner b\u00e5tsesongen \u00e5 g\u00e5 mot slutten, tro?\" src=\"https:\/\/i0.wp.com\/pequod.nesodd1.no\/wp-content\/uploads\/2013\/11\/iPhone-Bildebackup-011-300x200.jpg?resize=300%2C200\" width=\"300\" height=\"200\" \/><\/a><figcaption id=\"caption-attachment-1059\" class=\"wp-caption-text\">Frostroser? Hmm&#8230;begynner b\u00e5tsesongen \u00e5 g\u00e5 mot slutten, tro?<\/figcaption><\/figure>\n<p>Da var det bare \u00e5 fyre opp motoren, som startet raskt ettersom varmekolben i motorrommet tydeligvis fungerer bra, og snart var jeg p\u00e5 vei ut p\u00e5 sj\u00f8en igjen selv om det var frostroser p\u00e5 b\u00e5ten og jeg m\u00e5tte improvisere fram en isskrape for \u00e5 f\u00e5 fjernet isen p\u00e5 ruta i cockpiten!<\/p>\n<p>Jeg hadde sovet i dyne i kabinen, og kunne konstatere at varmekolben der nok kunne ha v\u00e6rt litt kraftigere, men jeg vurderte aldri \u00e5 sette p\u00e5 vifteovnen jeg hadde tatt med, det var kj\u00f8lig, men ikke kaldt s\u00e5 lenge jeg hadde dyna rundt meg.<\/p>\n<p>Var likevel litt fr\u00f8sen n\u00e5r jeg stod opp, s\u00e5 jeg satte p\u00e5 varmeapparatet med en gang etter at jeg startet opp motoren, og for f\u00f8rste gang p\u00e5 en tur hadde jeg varmen p\u00e5 fra start til slutt!<\/p>\n<p>Det begynner nemlig \u00e5 bli litt kj\u00f8lig n\u00e5, s\u00e5 i tillegg til varmeapparatet hadde jeg p\u00e5 meg en tynn og en litt tykkere genser, mens fleecejakka ble liggende.<\/p>\n<p>Jeg satte f\u00f8rst kursen mot Hellviktangen og hadde egentlig tenkt \u00e5 ta en kort tur, men ombestemte meg underveis, slik at jeg endte opp med en noe lengre tur&#8230;Siden det for alt jeg vet kan bli s\u00e5pass kj\u00f8ligere til uka at b\u00e5tlivet m\u00e5 legges p\u00e5 vent og motoren vinterkonserveres, s\u00e5 kunne faktisk dette bli \u00e5rets siste tur, s\u00e5 da bestemte jeg meg for \u00e5 ta en ekstra runde!<\/p>\n<p>V<a href=\"https:\/\/i0.wp.com\/pequod.nesodd1.no\/wp-content\/uploads\/2013\/11\/iPhone-Bildebackup-015.jpg\"><img data-recalc-dims=\"1\" loading=\"lazy\" decoding=\"async\" data-attachment-id=\"1061\" data-permalink=\"https:\/\/pequod.nesodd1.no\/?attachment_id=1061\" data-orig-file=\"https:\/\/i0.wp.com\/pequod.nesodd1.no\/wp-content\/uploads\/2013\/11\/iPhone-Bildebackup-015-e1413708361116.jpg?fit=800%2C533&amp;ssl=1\" data-orig-size=\"800,533\" data-comments-opened=\"1\" data-image-meta=\"{&quot;aperture&quot;:&quot;10&quot;,&quot;credit&quot;:&quot;&quot;,&quot;camera&quot;:&quot;Canon EOS 700D&quot;,&quot;caption&quot;:&quot;&quot;,&quot;created_timestamp&quot;:&quot;1385109360&quot;,&quot;copyright&quot;:&quot;&quot;,&quot;focal_length&quot;:&quot;35&quot;,&quot;iso&quot;:&quot;100&quot;,&quot;shutter_speed&quot;:&quot;0.004&quot;,&quot;title&quot;:&quot;&quot;}\" data-image-title=\"iPhone Bildebackup 015\" data-image-description=\"\" data-image-caption=\"\" data-large-file=\"https:\/\/i0.wp.com\/pequod.nesodd1.no\/wp-content\/uploads\/2013\/11\/iPhone-Bildebackup-015-e1413708361116.jpg?fit=940%2C626&amp;ssl=1\" class=\"alignleft size-medium wp-image-1061\" alt=\"iPhone Bildebackup 015\" src=\"https:\/\/i0.wp.com\/pequod.nesodd1.no\/wp-content\/uploads\/2013\/11\/iPhone-Bildebackup-015-300x200.jpg?resize=300%2C200\" width=\"300\" height=\"200\" \/><\/a>ed Hellviktangen stanset jeg b\u00e5ten og l\u00e5 og duppet litt utenfor selve hovedbygningen mens jeg tok noen bilder. deretter satte jeg kursen over fjorden i retning Skj\u00e6rholmene.<\/p>\n<p>Vel framme kj\u00f8rte jeg mellom Nordre og S\u00f8ndre Skj\u00e6rholmen mens jeg igjen tok bilder, deretter kj\u00f8rte jeg mot Husberg\u00f8ya og langs den helt rundt til brygga p\u00e5 siden mot Lang\u00f8yene, ogs\u00e5 da med fotoapparatet i full sving.<\/p>\n<p>S\u00e5 kj\u00f8rte jeg langs Lang\u00f8yene mot Oslo, passerte en enslig fisker i en liten rob\u00e5t, og rundet Lang\u00f8yene p\u00e5 babord side f\u00f8r jeg passerte fyret ved Nordre Lang\u00f8ya og satte kursen tilbake til Oksval.<\/p>\n<p>P\u00e5 slutten av turen var sj\u00f8en omtrent blikkstille, og det var s\u00e5 utrolig og stille og idyllisk. Rart \u00e5 tenke p\u00e5 at for snart seks uker siden ante jeg knapt hvilken som var hvilken av \u00f8yene p\u00e5 oslosiden, bortsett fra Hoved\u00f8ya, men n\u00e5 kan jeg alle p\u00e5 rams!<\/p>\n<p>Angrer litt p\u00e5 at jeg ikke har gjort landhugg p\u00e5 noen av dem (bortsett fra p\u00e5 Lind\u00f8ya p\u00e5 grunn av tanking), s\u00e5 det har jeg tenkt \u00e5 rette p\u00e5, selv om det nok ikke blir f\u00f8r til v\u00e5ren og sommeren.<\/p>\n<p><a href=\"https:\/\/i0.wp.com\/pequod.nesodd1.no\/wp-content\/uploads\/2013\/11\/iPhone-Bildebackup-034.jpg\"><img data-recalc-dims=\"1\" loading=\"lazy\" decoding=\"async\" data-attachment-id=\"1053\" data-permalink=\"https:\/\/pequod.nesodd1.no\/?attachment_id=1053\" data-orig-file=\"https:\/\/i0.wp.com\/pequod.nesodd1.no\/wp-content\/uploads\/2013\/11\/iPhone-Bildebackup-034-e1413708405102.jpg?fit=800%2C533&amp;ssl=1\" data-orig-size=\"800,533\" data-comments-opened=\"1\" data-image-meta=\"{&quot;aperture&quot;:&quot;6.3&quot;,&quot;credit&quot;:&quot;&quot;,&quot;camera&quot;:&quot;Canon EOS 700D&quot;,&quot;caption&quot;:&quot;&quot;,&quot;created_timestamp&quot;:&quot;1385111781&quot;,&quot;copyright&quot;:&quot;&quot;,&quot;focal_length&quot;:&quot;49&quot;,&quot;iso&quot;:&quot;100&quot;,&quot;shutter_speed&quot;:&quot;0.0125&quot;,&quot;title&quot;:&quot;&quot;}\" data-image-title=\"iPhone Bildebackup 034\" data-image-description=\"\" data-image-caption=\"\" data-large-file=\"https:\/\/i0.wp.com\/pequod.nesodd1.no\/wp-content\/uploads\/2013\/11\/iPhone-Bildebackup-034-e1413708405102.jpg?fit=940%2C626&amp;ssl=1\" class=\"alignleft size-medium wp-image-1053\" alt=\"iPhone Bildebackup 034\" src=\"https:\/\/i0.wp.com\/pequod.nesodd1.no\/wp-content\/uploads\/2013\/11\/iPhone-Bildebackup-034-300x200.jpg?resize=300%2C200\" width=\"300\" height=\"200\" \/><\/a>Denne gangen hadde jeg heller ikke tid til noe slikt, ettersom jeg skulle rekke flyet til London senere p\u00e5 dagen, og derfor var pent n\u00f8dt til \u00e5 pelle meg hjemover med b\u00e5ten!<\/p>\n<p>N\u00e5 g\u00e5r nok snart min tid som b\u00e5teier over i en ny fase, for jeg har jo planer om oppgradering og oppussing som jeg skal stelle med fram til b\u00e5tlivet starter opp igjen ved p\u00e5sketider&#8230;<\/p>\n<p>Om turen fredag blir den siste i \u00e5r gjenst\u00e5r \u00e5 se, men n\u00e5 er i alle fall alt utstyr jeg trenger til \u00e5 klargj\u00f8re b\u00e5t og motor til vinteren bestilt, s\u00e5 det n\u00e6rmer seg styggfort avslutningen p\u00e5 turrapportene for i \u00e5r!<\/p>\n<p><a href=\"https:\/\/i0.wp.com\/pequod.nesodd1.no\/wp-content\/uploads\/2013\/11\/iPhone-Bildebackup-028.jpg\"><img data-recalc-dims=\"1\" loading=\"lazy\" decoding=\"async\" data-attachment-id=\"1068\" data-permalink=\"https:\/\/pequod.nesodd1.no\/?attachment_id=1068\" data-orig-file=\"https:\/\/i0.wp.com\/pequod.nesodd1.no\/wp-content\/uploads\/2013\/11\/iPhone-Bildebackup-028-e1413708349985.jpg?fit=800%2C533&amp;ssl=1\" data-orig-size=\"800,533\" data-comments-opened=\"1\" data-image-meta=\"{&quot;aperture&quot;:&quot;8&quot;,&quot;credit&quot;:&quot;&quot;,&quot;camera&quot;:&quot;Canon EOS 700D&quot;,&quot;caption&quot;:&quot;&quot;,&quot;created_timestamp&quot;:&quot;1385111375&quot;,&quot;copyright&quot;:&quot;&quot;,&quot;focal_length&quot;:&quot;28&quot;,&quot;iso&quot;:&quot;100&quot;,&quot;shutter_speed&quot;:&quot;0.00625&quot;,&quot;title&quot;:&quot;&quot;}\" data-image-title=\"iPhone Bildebackup 028\" data-image-description=\"\" data-image-caption=\"\" data-large-file=\"https:\/\/i0.wp.com\/pequod.nesodd1.no\/wp-content\/uploads\/2013\/11\/iPhone-Bildebackup-028-e1413708349985.jpg?fit=940%2C626&amp;ssl=1\" class=\"aligncenter size-large wp-image-1068\" alt=\"iPhone Bildebackup 028\" src=\"https:\/\/i0.wp.com\/pequod.nesodd1.no\/wp-content\/uploads\/2013\/11\/iPhone-Bildebackup-028-1024x682.jpg?resize=940%2C626\" width=\"940\" height=\"626\" \/><\/a>Flere bilder kan du se i <a title=\"Fredagstur 22. november\" href=\"https:\/\/pequod.nesodd1.no\/?page_id=1113\">albumet fra turen<\/a>.<\/p>\n<h3>Related Images:<\/h3>","protected":false},"excerpt":{"rendered":"<p>N\u00e5r man f\u00f8rst har overnattet i b\u00e5ten og spist frokost om bord, og morgenen kommer med sola som begynner \u00e5 varme rutene p\u00e5 b\u00e5ten, s\u00e5 er det vel ganske klart at dette m\u00e5tte ende i en liten tur! Related Images:<\/p>\n","protected":false},"author":1,"featured_media":0,"comment_status":"open","ping_status":"open","sticky":false,"template":"","format":"standard","meta":{"_crdt_document":"","ngg_post_thumbnail":0,"jetpack_post_was_ever_published":false,"_jetpack_newsletter_access":"","_jetpack_dont_email_post_to_subs":false,"_jetpack_newsletter_tier_id":0,"_jetpack_memberships_contains_paywalled_content":false,"_jetpack_memberships_contains_paid_content":false,"footnotes":""},"categories":[11,3,4],"tags":[372,15,362,371],"class_list":["post-1072","post","type-post","status-publish","format-standard","hentry","category-pics","category-blogg","category-tur","tag-kaldt","tag-tur-2","tag-varme","tag-vinter"],"jetpack_featured_media_url":"","jetpack_shortlink":"https:\/\/wp.me\/p3Zd9b-hi","jetpack_sharing_enabled":true,"jetpack_likes_enabled":true,"jetpack-related-posts":[],"_links":{"self":[{"href":"https:\/\/pequod.nesodd1.no\/index.php?rest_route=\/wp\/v2\/posts\/1072","targetHints":{"allow":["GET"]}}],"collection":[{"href":"https:\/\/pequod.nesodd1.no\/index.php?rest_route=\/wp\/v2\/posts"}],"about":[{"href":"https:\/\/pequod.nesodd1.no\/index.php?rest_route=\/wp\/v2\/types\/post"}],"author":[{"embeddable":true,"href":"https:\/\/pequod.nesodd1.no\/index.php?rest_route=\/wp\/v2\/users\/1"}],"replies":[{"embeddable":true,"href":"https:\/\/pequod.nesodd1.no\/index.php?rest_route=%2Fwp%2Fv2%2Fcomments&post=1072"}],"version-history":[{"count":6,"href":"https:\/\/pequod.nesodd1.no\/index.php?rest_route=\/wp\/v2\/posts\/1072\/revisions"}],"predecessor-version":[{"id":1116,"href":"https:\/\/pequod.nesodd1.no\/index.php?rest_route=\/wp\/v2\/posts\/1072\/revisions\/1116"}],"wp:attachment":[{"href":"https:\/\/pequod.nesodd1.no\/index.php?rest_route=%2Fwp%2Fv2%2Fmedia&parent=1072"}],"wp:term":[{"taxonomy":"category","embeddable":true,"href":"https:\/\/pequod.nesodd1.no\/index.php?rest_route=%2Fwp%2Fv2%2Fcategories&post=1072"},{"taxonomy":"post_tag","embeddable":true,"href":"https:\/\/pequod.nesodd1.no\/index.php?rest_route=%2Fwp%2Fv2%2Ftags&post=1072"}],"curies":[{"name":"wp","href":"https:\/\/api.w.org\/{rel}","templated":true}]}}