{"id":11141,"date":"2016-12-21T08:37:46","date_gmt":"2016-12-21T07:37:46","guid":{"rendered":"https:\/\/pequod.nesodd1.no\/?p=11141"},"modified":"2016-12-22T08:48:44","modified_gmt":"2016-12-22T07:48:44","slug":"mot-lysere-tider","status":"publish","type":"post","link":"https:\/\/pequod.nesodd1.no\/?p=11141","title":{"rendered":"Mot lysere tider"},"content":{"rendered":"<p><a href=\"https:\/\/pequod.nesodd1.no\/?attachment_id=10412\" rel=\"attachment wp-att-10412\"><img data-recalc-dims=\"1\" loading=\"lazy\" decoding=\"async\" data-attachment-id=\"10412\" data-permalink=\"https:\/\/pequod.nesodd1.no\/?attachment_id=10412\" data-orig-file=\"https:\/\/i0.wp.com\/pequod.nesodd1.no\/wp-content\/uploads\/2016\/10\/IMG_1062.jpg?fit=640%2C480&amp;ssl=1\" data-orig-size=\"640,480\" data-comments-opened=\"1\" data-image-meta=\"{&quot;aperture&quot;:&quot;2.2&quot;,&quot;credit&quot;:&quot;&quot;,&quot;camera&quot;:&quot;iPhone 6&quot;,&quot;caption&quot;:&quot;&quot;,&quot;created_timestamp&quot;:&quot;1476123418&quot;,&quot;copyright&quot;:&quot;&quot;,&quot;focal_length&quot;:&quot;4.15&quot;,&quot;iso&quot;:&quot;32&quot;,&quot;shutter_speed&quot;:&quot;0.00116279069767&quot;,&quot;title&quot;:&quot;&quot;,&quot;orientation&quot;:&quot;1&quot;}\" data-image-title=\"img_1062\" data-image-description=\"\" data-image-caption=\"\" data-large-file=\"https:\/\/i0.wp.com\/pequod.nesodd1.no\/wp-content\/uploads\/2016\/10\/IMG_1062.jpg?fit=640%2C480&amp;ssl=1\" class=\"alignleft wp-image-10412\" src=\"https:\/\/i0.wp.com\/pequod.nesodd1.no\/wp-content\/uploads\/2016\/10\/IMG_1062-300x225.jpg?resize=103%2C77\" alt=\"\" width=\"103\" height=\"77\" srcset=\"https:\/\/i0.wp.com\/pequod.nesodd1.no\/wp-content\/uploads\/2016\/10\/IMG_1062.jpg?resize=300%2C225&amp;ssl=1 300w, https:\/\/i0.wp.com\/pequod.nesodd1.no\/wp-content\/uploads\/2016\/10\/IMG_1062.jpg?w=640&amp;ssl=1 640w\" sizes=\"auto, (max-width: 103px) 100vw, 103px\" \/><\/a>Endelig har dagen kommet som b\u00e5tfolk har ventet p\u00e5! Kanskje mest de som har b\u00e5ten p\u00e5 land, men ogs\u00e5 for oss som bruker b\u00e5ten hele \u00e5ret. For fra og med i dag blir det bittelitt lysere for hver dag som g\u00e5r!<!--more--><\/p>\n<p>21. desember er nemlig vintersolverv, det betyr at sola snur fordi&nbsp;jorda er p\u00e5 det punktet hvor den nordlige halvkule er lengst borte fra sola.&nbsp;<\/p>\n<p>If\u00f8lge gamle skikker, m\u00e5tte jule\u00f8let v\u00e6re ferdig innen vintersolverv. Siden det n\u00e5 kommer i butikkene allerede i oktober s\u00e5 er vel det helt innafor&#8230;<\/p>\n<p>Denne dagen skulle man heller ikke, if\u00f8lge gammel tro, arbeide med noe som ble dreid rundt &#8211; og heller ikke bake! Det siste kan jeg f\u00e5 problemer med ettersom jeg ligger etter med de sju slagene i \u00e5r&#8230; Er nok stygt redd for at jeg m\u00e5 sette i gang krumkakejernet i kveld&#8230;<\/p>\n<p>Men nok om det, for b\u00e5tfolk er det i alle fall gode nyheter. Riktignok tar det nok noen m\u00e5neder f\u00f8r vi merker noen forskjell, men n\u00e5 kan nedtellingen til sommersesongen starte! \ud83d\ude42<\/p>\n<p>Skal vi v\u00e6re helt n\u00f8yaktige s\u00e5 er vintersolverv if\u00f8lge noen tidsregninger egentlig selve starten p\u00e5 vinteren (og if\u00f8lge noen andre midten), men lysere blir det i alle fall. Etterhvert.<\/p>\n<p>Det n\u00f8yaktige tidspunktet er for\u00f8vrig klokken 10.44.<\/p>\n<h3>Related Images:<\/h3>","protected":false},"excerpt":{"rendered":"<p>Endelig har dagen kommet som b\u00e5tfolk har ventet p\u00e5! Kanskje mest de som har b\u00e5ten p\u00e5 land, men ogs\u00e5 for oss som bruker b\u00e5ten hele \u00e5ret. For fra og med i dag blir det bittelitt lysere for hver dag som g\u00e5r! Related Images:<\/p>\n","protected":false},"author":1,"featured_media":0,"comment_status":"open","ping_status":"open","sticky":false,"template":"","format":"standard","meta":{"_crdt_document":"","ngg_post_thumbnail":0,"jetpack_post_was_ever_published":false,"_jetpack_newsletter_access":"","_jetpack_dont_email_post_to_subs":true,"_jetpack_newsletter_tier_id":0,"_jetpack_memberships_contains_paywalled_content":false,"_jetpack_memberships_contains_paid_content":false,"footnotes":""},"categories":[3,1043,8],"tags":[2433,443,2432],"class_list":["post-11141","post","type-post","status-publish","format-standard","hentry","category-blogg","category-diverse","category-vaer","tag-lysere","tag-sola-snur","tag-vintersolverv"],"jetpack_featured_media_url":"","jetpack_shortlink":"https:\/\/wp.me\/p3Zd9b-2TH","jetpack_sharing_enabled":true,"jetpack_likes_enabled":true,"jetpack-related-posts":[],"_links":{"self":[{"href":"https:\/\/pequod.nesodd1.no\/index.php?rest_route=\/wp\/v2\/posts\/11141","targetHints":{"allow":["GET"]}}],"collection":[{"href":"https:\/\/pequod.nesodd1.no\/index.php?rest_route=\/wp\/v2\/posts"}],"about":[{"href":"https:\/\/pequod.nesodd1.no\/index.php?rest_route=\/wp\/v2\/types\/post"}],"author":[{"embeddable":true,"href":"https:\/\/pequod.nesodd1.no\/index.php?rest_route=\/wp\/v2\/users\/1"}],"replies":[{"embeddable":true,"href":"https:\/\/pequod.nesodd1.no\/index.php?rest_route=%2Fwp%2Fv2%2Fcomments&post=11141"}],"version-history":[{"count":2,"href":"https:\/\/pequod.nesodd1.no\/index.php?rest_route=\/wp\/v2\/posts\/11141\/revisions"}],"predecessor-version":[{"id":11143,"href":"https:\/\/pequod.nesodd1.no\/index.php?rest_route=\/wp\/v2\/posts\/11141\/revisions\/11143"}],"wp:attachment":[{"href":"https:\/\/pequod.nesodd1.no\/index.php?rest_route=%2Fwp%2Fv2%2Fmedia&parent=11141"}],"wp:term":[{"taxonomy":"category","embeddable":true,"href":"https:\/\/pequod.nesodd1.no\/index.php?rest_route=%2Fwp%2Fv2%2Fcategories&post=11141"},{"taxonomy":"post_tag","embeddable":true,"href":"https:\/\/pequod.nesodd1.no\/index.php?rest_route=%2Fwp%2Fv2%2Ftags&post=11141"}],"curies":[{"name":"wp","href":"https:\/\/api.w.org\/{rel}","templated":true}]}}