{"id":11144,"date":"2016-12-22T09:45:55","date_gmt":"2016-12-22T08:45:55","guid":{"rendered":"https:\/\/pequod.nesodd1.no\/?p=11144"},"modified":"2016-12-22T11:21:49","modified_gmt":"2016-12-22T10:21:49","slug":"11144","status":"publish","type":"post","link":"https:\/\/pequod.nesodd1.no\/?p=11144","title":{"rendered":"Sommerplanleggingen er i gang&#8230;"},"content":{"rendered":"<p><a href=\"https:\/\/pequod.nesodd1.no\/?attachment_id=9762\" rel=\"attachment wp-att-9762\"><img data-recalc-dims=\"1\" loading=\"lazy\" decoding=\"async\" data-attachment-id=\"9762\" data-permalink=\"https:\/\/pequod.nesodd1.no\/?attachment_id=9762\" data-orig-file=\"https:\/\/i0.wp.com\/pequod.nesodd1.no\/wp-content\/uploads\/2016\/08\/1-IMG_5526.jpg?fit=1024%2C683&amp;ssl=1\" data-orig-size=\"1024,683\" data-comments-opened=\"1\" data-image-meta=\"{&quot;aperture&quot;:&quot;10&quot;,&quot;credit&quot;:&quot;Picasa&quot;,&quot;camera&quot;:&quot;Canon EOS 700D&quot;,&quot;caption&quot;:&quot;&quot;,&quot;created_timestamp&quot;:&quot;1470392656&quot;,&quot;copyright&quot;:&quot;&quot;,&quot;focal_length&quot;:&quot;21&quot;,&quot;iso&quot;:&quot;100&quot;,&quot;shutter_speed&quot;:&quot;0.005&quot;,&quot;title&quot;:&quot;&quot;,&quot;orientation&quot;:&quot;0&quot;}\" data-image-title=\"1-IMG_5526\" data-image-description=\"&lt;p&gt;Koster, Nord-Koster, Vettnet, Sverige&lt;\/p&gt;\n\" data-image-caption=\"&lt;p&gt;Vettnet&lt;\/p&gt;\n\" data-large-file=\"https:\/\/i0.wp.com\/pequod.nesodd1.no\/wp-content\/uploads\/2016\/08\/1-IMG_5526.jpg?fit=940%2C627&amp;ssl=1\" class=\"wp-image-9762 alignleft\" src=\"https:\/\/i0.wp.com\/pequod.nesodd1.no\/wp-content\/uploads\/2016\/08\/1-IMG_5526-150x150.jpg?resize=67%2C67\" alt=\"\" width=\"67\" height=\"67\" srcset=\"https:\/\/i0.wp.com\/pequod.nesodd1.no\/wp-content\/uploads\/2016\/08\/1-IMG_5526.jpg?resize=150%2C150&amp;ssl=1 150w, https:\/\/i0.wp.com\/pequod.nesodd1.no\/wp-content\/uploads\/2016\/08\/1-IMG_5526.jpg?zoom=3&amp;resize=67%2C67&amp;ssl=1 201w\" sizes=\"auto, (max-width: 67px) 100vw, 67px\" \/><\/a><br \/>\nDen f\u00f8rste forberedelsen til lange og fine b\u00e5tturer og bes\u00f8k i b\u00e5de norske og svenske gjestehavner neste \u00e5r er gjort. Tirsdag fikk jeg nemlig endelig den nye bade- og dusjeprotesen.<!--more--><\/p>\n<p>Dermed kan jeg se neste sommer lyst i m\u00f8te. Hvorfor? Vel, som jeg kom innp\u00e5 et par ganger i sommer i turrapportene mine, s\u00e5 ga dusjanleggene i gjestehavnene meg en liten utfordring p\u00e5 grunn av mitt lille handicap.<\/p>\n<p><figure id=\"attachment_11145\" aria-describedby=\"caption-attachment-11145\" style=\"width: 225px\" class=\"wp-caption alignleft\"><a href=\"https:\/\/pequod.nesodd1.no\/?attachment_id=11145\" rel=\"attachment wp-att-11145\"><img data-recalc-dims=\"1\" loading=\"lazy\" decoding=\"async\" data-attachment-id=\"11145\" data-permalink=\"https:\/\/pequod.nesodd1.no\/?attachment_id=11145\" data-orig-file=\"https:\/\/i0.wp.com\/pequod.nesodd1.no\/wp-content\/uploads\/2016\/12\/15542183_10153987894607032_696767685456293235_n.jpg?fit=720%2C960&amp;ssl=1\" data-orig-size=\"720,960\" data-comments-opened=\"1\" data-image-meta=\"{&quot;aperture&quot;:&quot;0&quot;,&quot;credit&quot;:&quot;&quot;,&quot;camera&quot;:&quot;&quot;,&quot;caption&quot;:&quot;&quot;,&quot;created_timestamp&quot;:&quot;0&quot;,&quot;copyright&quot;:&quot;&quot;,&quot;focal_length&quot;:&quot;0&quot;,&quot;iso&quot;:&quot;0&quot;,&quot;shutter_speed&quot;:&quot;0&quot;,&quot;title&quot;:&quot;&quot;,&quot;orientation&quot;:&quot;0&quot;}\" data-image-title=\"15542183_10153987894607032_696767685456293235_n\" data-image-description=\"\" data-image-caption=\"&lt;p&gt;Dusjprotesen er ikke av tre, men jeg fikk velge designet selv! Det er hull i den slik at vannet siler ut og det er antisklibelegg under foten. N\u00e5 kan det dusjes st\u00e5ende i gjestehavnene!&lt;\/p&gt;\n\" data-large-file=\"https:\/\/i0.wp.com\/pequod.nesodd1.no\/wp-content\/uploads\/2016\/12\/15542183_10153987894607032_696767685456293235_n.jpg?fit=720%2C960&amp;ssl=1\" class=\"size-medium wp-image-11145\" src=\"https:\/\/i0.wp.com\/pequod.nesodd1.no\/wp-content\/uploads\/2016\/12\/15542183_10153987894607032_696767685456293235_n-225x300.jpg?resize=225%2C300\" alt=\"\" width=\"225\" height=\"300\" srcset=\"https:\/\/i0.wp.com\/pequod.nesodd1.no\/wp-content\/uploads\/2016\/12\/15542183_10153987894607032_696767685456293235_n.jpg?resize=225%2C300&amp;ssl=1 225w, https:\/\/i0.wp.com\/pequod.nesodd1.no\/wp-content\/uploads\/2016\/12\/15542183_10153987894607032_696767685456293235_n.jpg?w=720&amp;ssl=1 720w\" sizes=\"auto, (max-width: 225px) 100vw, 225px\" \/><\/a><figcaption id=\"caption-attachment-11145\" class=\"wp-caption-text\">Dusjprotesen er ikke av tre, men jeg fikk velge designet selv! Det er hull i den slik at vannet siler ut og det er antisklibelegg under foten. N\u00e5 kan det dusjes st\u00e5ende i gjestehavnene!<\/figcaption><\/figure>For det er slik at den vanlige protesen jeg bruker ikke er beregnet til \u00e5 bade eller dusje med. Den t\u00e5ler vel litt vann, men ikke av den kaliberen. Derfor ble jeg gjort oppmerksom p\u00e5 tidligere i \u00e5r at det er mulig \u00e5 s\u00f8ke om en s\u00e5kalt Aquaprotese.<\/p>\n<p>Det spesielle med den er at den suger til seg vannet&nbsp; slik at n\u00e5r jeg sv\u00f8mmer vil protesen kjennes ut som en vanlig fot i tyngde. Vanligvis er det ikke slik. Og nei, den har ikke sv\u00f8mmef\u00f8tter! Jeg er spent p\u00e5 \u00e5 finne ut hvordan den er \u00e5 sv\u00f8mme med ogs\u00e5. I Spania i sommer sv\u00f8mte jeg jo i basseng uten protese, og det gikk veldig bra. Men n\u00e5 kan jeg egentlig spasere rett ut i sj\u00f8en fra stranda ogs\u00e5.<\/p>\n<p>Faktisk er den ikke beregnet p\u00e5 \u00e5 g\u00e5 med, og det var jeg ikke klar over f\u00f8r nylig. Jeg hadde jo tenkt \u00e5 bruke protesen n\u00e5r jeg var om bord i b\u00e5ten, men ser n\u00e5 at det kan bli litt vanskelig ettersom den ikke er beregnet p\u00e5 \u00e5 g\u00e5 med. Jeg m\u00e5 derfor ha den med meg og ta den p\u00e5 meg hvis jeg vil bade, eller dusje.<\/p>\n<p>Jeg ser nok n\u00e5 at akkurat det siste er den bruken jeg kommer til \u00e5 benytte meg mest av. Det var utfordrende \u00e5 f\u00e5 dusjet i sommer, noen dusjanlegg i gjestehavnene var relativt greie \u00e5 komme til, men jeg m\u00e5tte skaffe meg en egen stol slik at jeg kunne sitte og dusje. For jeg m\u00e5 jo ta av meg protesen n\u00e5r jeg skal dusje.<\/p>\n<p>B\u00e5tfolk kjenner jo til dette med at man m\u00e5 trykke inn en knapp for \u00e5 f\u00e5 vann, og enkelte steder m\u00e5 man ogs\u00e5 trykke irriterende ofte. I Str\u00f8mstad ligger disse knappene i tillegg i god avstand fra selve dusjene, slik at man m\u00e5 g\u00e5 ut fra dusjen for \u00e5 trykke p\u00e5 nytt. Noe som er problematisk n\u00e5r man sitter p\u00e5 ens tol med ett ben&#8230;<\/p>\n<p>Men med denne badeprotesen kan jeg igjen st\u00e5 og dusje og har eliminert dette problemet! Faktisk har jeg ikke st\u00e5tt og dusjet siden f\u00f8r 10. april 2015! S\u00e5 denne protesen skal pr\u00f8ves ut s\u00e5 fort som mulig!<\/p>\n<h3>Related Images:<\/h3>","protected":false},"excerpt":{"rendered":"<p>Den f\u00f8rste forberedelsen til lange og fine b\u00e5tturer og bes\u00f8k i b\u00e5de norske og svenske gjestehavner neste \u00e5r er gjort. Tirsdag fikk jeg nemlig endelig den nye bade- og dusjeprotesen. Related Images:<\/p>\n","protected":false},"author":1,"featured_media":0,"comment_status":"open","ping_status":"open","sticky":false,"template":"","format":"standard","meta":{"_crdt_document":"","ngg_post_thumbnail":0,"jetpack_post_was_ever_published":false,"_jetpack_newsletter_access":"","_jetpack_dont_email_post_to_subs":true,"_jetpack_newsletter_tier_id":0,"_jetpack_memberships_contains_paywalled_content":false,"_jetpack_memberships_contains_paid_content":false,"footnotes":""},"categories":[3,1043,147,4],"tags":[2434,2436,2435,1696,1347,1277,2089],"class_list":["post-11144","post","type-post","status-publish","format-standard","hentry","category-blogg","category-diverse","category-ferie","category-tur","tag-aquaprotese","tag-bade","tag-dusje","tag-enbent-skipper","tag-funksjonshemmet","tag-protese","tag-svomme"],"jetpack_featured_media_url":"","jetpack_shortlink":"https:\/\/wp.me\/s3Zd9b-11144","jetpack_sharing_enabled":true,"jetpack_likes_enabled":true,"jetpack-related-posts":[],"_links":{"self":[{"href":"https:\/\/pequod.nesodd1.no\/index.php?rest_route=\/wp\/v2\/posts\/11144","targetHints":{"allow":["GET"]}}],"collection":[{"href":"https:\/\/pequod.nesodd1.no\/index.php?rest_route=\/wp\/v2\/posts"}],"about":[{"href":"https:\/\/pequod.nesodd1.no\/index.php?rest_route=\/wp\/v2\/types\/post"}],"author":[{"embeddable":true,"href":"https:\/\/pequod.nesodd1.no\/index.php?rest_route=\/wp\/v2\/users\/1"}],"replies":[{"embeddable":true,"href":"https:\/\/pequod.nesodd1.no\/index.php?rest_route=%2Fwp%2Fv2%2Fcomments&post=11144"}],"version-history":[{"count":3,"href":"https:\/\/pequod.nesodd1.no\/index.php?rest_route=\/wp\/v2\/posts\/11144\/revisions"}],"predecessor-version":[{"id":11148,"href":"https:\/\/pequod.nesodd1.no\/index.php?rest_route=\/wp\/v2\/posts\/11144\/revisions\/11148"}],"wp:attachment":[{"href":"https:\/\/pequod.nesodd1.no\/index.php?rest_route=%2Fwp%2Fv2%2Fmedia&parent=11144"}],"wp:term":[{"taxonomy":"category","embeddable":true,"href":"https:\/\/pequod.nesodd1.no\/index.php?rest_route=%2Fwp%2Fv2%2Fcategories&post=11144"},{"taxonomy":"post_tag","embeddable":true,"href":"https:\/\/pequod.nesodd1.no\/index.php?rest_route=%2Fwp%2Fv2%2Ftags&post=11144"}],"curies":[{"name":"wp","href":"https:\/\/api.w.org\/{rel}","templated":true}]}}