{"id":11659,"date":"2017-03-15T09:32:24","date_gmt":"2017-03-15T08:32:24","guid":{"rendered":"https:\/\/pequod.nesodd1.no\/?p=11659"},"modified":"2017-03-15T09:35:14","modified_gmt":"2017-03-15T08:35:14","slug":"en-merkelig-tid-av-aret","status":"publish","type":"post","link":"https:\/\/pequod.nesodd1.no\/?p=11659","title":{"rendered":"En merkelig tid av \u00e5ret"},"content":{"rendered":"<p><a href=\"https:\/\/pequod.nesodd1.no\/?attachment_id=11743\" rel=\"attachment wp-att-11743\"><img data-recalc-dims=\"1\" loading=\"lazy\" decoding=\"async\" data-attachment-id=\"11743\" data-permalink=\"https:\/\/pequod.nesodd1.no\/?attachment_id=11743\" data-orig-file=\"https:\/\/i0.wp.com\/pequod.nesodd1.no\/wp-content\/uploads\/2017\/03\/climate-change.jpg?fit=496%2C304&amp;ssl=1\" data-orig-size=\"496,304\" data-comments-opened=\"1\" data-image-meta=\"{&quot;aperture&quot;:&quot;0&quot;,&quot;credit&quot;:&quot;&quot;,&quot;camera&quot;:&quot;&quot;,&quot;caption&quot;:&quot;&quot;,&quot;created_timestamp&quot;:&quot;0&quot;,&quot;copyright&quot;:&quot;&quot;,&quot;focal_length&quot;:&quot;0&quot;,&quot;iso&quot;:&quot;0&quot;,&quot;shutter_speed&quot;:&quot;0&quot;,&quot;title&quot;:&quot;&quot;,&quot;orientation&quot;:&quot;0&quot;}\" data-image-title=\"climate-change\" data-image-description=\"\" data-image-caption=\"\" data-large-file=\"https:\/\/i0.wp.com\/pequod.nesodd1.no\/wp-content\/uploads\/2017\/03\/climate-change.jpg?fit=496%2C304&amp;ssl=1\" class=\"alignleft wp-image-11743\" src=\"https:\/\/i0.wp.com\/pequod.nesodd1.no\/wp-content\/uploads\/2017\/03\/climate-change-100x61.jpg?resize=148%2C90\" alt=\"\" width=\"148\" height=\"90\" srcset=\"https:\/\/i0.wp.com\/pequod.nesodd1.no\/wp-content\/uploads\/2017\/03\/climate-change.jpg?resize=100%2C61&amp;ssl=1 100w, https:\/\/i0.wp.com\/pequod.nesodd1.no\/wp-content\/uploads\/2017\/03\/climate-change.jpg?resize=300%2C184&amp;ssl=1 300w, https:\/\/i0.wp.com\/pequod.nesodd1.no\/wp-content\/uploads\/2017\/03\/climate-change.jpg?w=496&amp;ssl=1 496w\" sizes=\"auto, (max-width: 148px) 100vw, 148px\" \/><\/a>Det er ikke lett \u00e5 bli klok p\u00e5 v\u00e6ret i disse tider. Bare i l\u00f8pet av \u00e9n dag kan det v\u00e6re b\u00e5de v\u00e5rlig og varmt samt surt og kaldt. En dag er det is p\u00e5 fjorden, dagen etter er det ingenting \u00e5 se.<!--more--><\/p>\n<p>Ikke minst merker jeg det p\u00e5 jobben, der det lett legger seg is i selve Bj\u00f8rvika ved Operaen. Der kan jeg gjerne komme p\u00e5 jobben p\u00e5 morgenen og konstatere at det ligger is til langt ut mot Revierkaia. Den samme isen kan v\u00e6re borte dagen etter, for den saks skyld ogs\u00e5 n\u00e5r jeg er ferdig p\u00e5 jobben og skal hjem igjen!<\/p>\n<p>S\u00e5 kan det g\u00e5 et par dager, og etter en natt med stille sj\u00f8 og noen kuldegrader er isen tilbake igjen. Har det v\u00e6rt litt vind noen dager, holder den seg imidlertid borte.<\/p>\n<p><a href=\"https:\/\/pequod.nesodd1.no\/?attachment_id=11743\" rel=\"attachment wp-att-11743\"><img data-recalc-dims=\"1\" loading=\"lazy\" decoding=\"async\" data-attachment-id=\"11743\" data-permalink=\"https:\/\/pequod.nesodd1.no\/?attachment_id=11743\" data-orig-file=\"https:\/\/i0.wp.com\/pequod.nesodd1.no\/wp-content\/uploads\/2017\/03\/climate-change.jpg?fit=496%2C304&amp;ssl=1\" data-orig-size=\"496,304\" data-comments-opened=\"1\" data-image-meta=\"{&quot;aperture&quot;:&quot;0&quot;,&quot;credit&quot;:&quot;&quot;,&quot;camera&quot;:&quot;&quot;,&quot;caption&quot;:&quot;&quot;,&quot;created_timestamp&quot;:&quot;0&quot;,&quot;copyright&quot;:&quot;&quot;,&quot;focal_length&quot;:&quot;0&quot;,&quot;iso&quot;:&quot;0&quot;,&quot;shutter_speed&quot;:&quot;0&quot;,&quot;title&quot;:&quot;&quot;,&quot;orientation&quot;:&quot;0&quot;}\" data-image-title=\"climate-change\" data-image-description=\"\" data-image-caption=\"\" data-large-file=\"https:\/\/i0.wp.com\/pequod.nesodd1.no\/wp-content\/uploads\/2017\/03\/climate-change.jpg?fit=496%2C304&amp;ssl=1\" class=\"alignright size-medium wp-image-11743\" src=\"https:\/\/i0.wp.com\/pequod.nesodd1.no\/wp-content\/uploads\/2017\/03\/climate-change-300x184.jpg?resize=300%2C184\" alt=\"\" width=\"300\" height=\"184\" srcset=\"https:\/\/i0.wp.com\/pequod.nesodd1.no\/wp-content\/uploads\/2017\/03\/climate-change.jpg?resize=300%2C184&amp;ssl=1 300w, https:\/\/i0.wp.com\/pequod.nesodd1.no\/wp-content\/uploads\/2017\/03\/climate-change.jpg?resize=100%2C61&amp;ssl=1 100w, https:\/\/i0.wp.com\/pequod.nesodd1.no\/wp-content\/uploads\/2017\/03\/climate-change.jpg?w=496&amp;ssl=1 496w\" sizes=\"auto, (max-width: 300px) 100vw, 300px\" \/><\/a>Og slik ustadig v\u00e6r er det bare \u00e5 venne seg til s\u00e5lenge mars m\u00e5ned ikke blir helt enig med seg selv om den skal v\u00e6re en vinterm\u00e5ned eller en v\u00e5rm\u00e5ned. Mot slutten av m\u00e5neden m\u00e5 nok uansett vinteren gi slipp p\u00e5 taket, og jeg kan pakke bort flytedressen &#8211; som ogs\u00e5 fungerer som varmedress &#8211; for denne gangen, og bruke vanlig oppbl\u00e5sbar vest n\u00e5r jeg drar utp\u00e5.<\/p>\n<p>Hvor ustadig v\u00e6ret kan v\u00e6re f\u00e5r jeg stadige pekepinner p\u00e5 n\u00e5r jeg er ute med b\u00e5ten p\u00e5 denne tiden av \u00e5ret. For eksempel var l\u00f8rdag&nbsp;for et par helger siden sur, vindfull og skyete (noe som ikke hindret meg i dra utp\u00e5!), mens dagen etter var det v\u00e5rv\u00e6r og s\u00e5 varmt at jeg m\u00e5tte ta av meg genseren under flytedrakten og bare ha t-skjorte p\u00e5 under.<\/p>\n<figure id=\"attachment_11701\" aria-describedby=\"caption-attachment-11701\" style=\"width: 960px\" class=\"wp-caption aligncenter\"><a href=\"https:\/\/pequod.nesodd1.no\/?attachment_id=11701\" rel=\"attachment wp-att-11701\"><img data-recalc-dims=\"1\" loading=\"lazy\" decoding=\"async\" data-attachment-id=\"11701\" data-permalink=\"https:\/\/pequod.nesodd1.no\/?attachment_id=11701\" data-orig-file=\"https:\/\/i0.wp.com\/pequod.nesodd1.no\/wp-content\/uploads\/2017\/03\/17200934_10154194800702032_2187103893329925271_n.jpg?fit=960%2C720&amp;ssl=1\" data-orig-size=\"960,720\" data-comments-opened=\"1\" data-image-meta=\"{&quot;aperture&quot;:&quot;0&quot;,&quot;credit&quot;:&quot;&quot;,&quot;camera&quot;:&quot;&quot;,&quot;caption&quot;:&quot;&quot;,&quot;created_timestamp&quot;:&quot;0&quot;,&quot;copyright&quot;:&quot;&quot;,&quot;focal_length&quot;:&quot;0&quot;,&quot;iso&quot;:&quot;0&quot;,&quot;shutter_speed&quot;:&quot;0&quot;,&quot;title&quot;:&quot;&quot;,&quot;orientation&quot;:&quot;0&quot;}\" data-image-title=\"17200934_10154194800702032_2187103893329925271_n\" data-image-description=\"&lt;p&gt;Oksval b\u00e5thavn&lt;\/p&gt;\n\" data-image-caption=\"&lt;p&gt;Ut p\u00e5 tur sist l\u00f8rdag, siste rest av bl\u00e5 himmel, den hadde forsvunnet n\u00e5r jeg rundet Nesoddtangen!&lt;\/p&gt;\n\" data-large-file=\"https:\/\/i0.wp.com\/pequod.nesodd1.no\/wp-content\/uploads\/2017\/03\/17200934_10154194800702032_2187103893329925271_n.jpg?fit=940%2C705&amp;ssl=1\" class=\"size-full wp-image-11701\" src=\"https:\/\/i0.wp.com\/pequod.nesodd1.no\/wp-content\/uploads\/2017\/03\/17200934_10154194800702032_2187103893329925271_n.jpg?resize=940%2C705\" alt=\"\" width=\"940\" height=\"705\" srcset=\"https:\/\/i0.wp.com\/pequod.nesodd1.no\/wp-content\/uploads\/2017\/03\/17200934_10154194800702032_2187103893329925271_n.jpg?w=960&amp;ssl=1 960w, https:\/\/i0.wp.com\/pequod.nesodd1.no\/wp-content\/uploads\/2017\/03\/17200934_10154194800702032_2187103893329925271_n.jpg?resize=100%2C75&amp;ssl=1 100w, https:\/\/i0.wp.com\/pequod.nesodd1.no\/wp-content\/uploads\/2017\/03\/17200934_10154194800702032_2187103893329925271_n.jpg?resize=300%2C225&amp;ssl=1 300w, https:\/\/i0.wp.com\/pequod.nesodd1.no\/wp-content\/uploads\/2017\/03\/17200934_10154194800702032_2187103893329925271_n.jpg?resize=768%2C576&amp;ssl=1 768w\" sizes=\"auto, (max-width: 940px) 100vw, 940px\" \/><\/a><figcaption id=\"caption-attachment-11701\" class=\"wp-caption-text\">Ut p\u00e5 tur sist l\u00f8rdag, siste rest av bl\u00e5 himmel, den hadde forsvunnet n\u00e5r jeg rundet Nesoddtangen!<\/figcaption><\/figure>\n<p>Sist l\u00f8rdag etter jobben rakk jeg ogs\u00e5 en fin liten svipptur, det hadde v\u00e6rt bl\u00e5 himmel og sol og blikkstille hele dagen, men da jeg kom meg hjem og ned i b\u00e5ten, s\u00e5 hadde det skiftet, s\u00e5 da jeg dro ut av b\u00e5thavna var det overskyet, sm\u00e5kj\u00f8lig og etterhvert litt vind ogs\u00e5! Faktisk bl\u00e5ste det s\u00e5pass at jeg snudde da jeg var utaskj\u00e6rs for Vassholmene og heller dro en liten sveip i retning Huk og Nakkholmen f\u00f8r jeg dro hjem.<\/p>\n<p>Men det er bare \u00e5 sm\u00f8re seg med t\u00e5lmodighet, v\u00e5ren og sommeren kommer ogs\u00e5 i \u00e5r, og jeg f\u00f8ler p\u00e5 meg at det blir en fin sommer i \u00e5r! \ud83d\ude42 Og jeg smiler litt for meg selv n\u00e5r jeg ser andre b\u00e5teiere poste p\u00e5 forum og Facebook at n\u00e5 er de snart i gang med v\u00e5rpussen og gleder seg til \u00e5 ta ut b\u00e5ten om noen uker. For jeg har jo v\u00e6rt utp\u00e5 hele tiden! Ikke mye riktignok, turen sist l\u00f8rdag var min tur nummer ti i \u00e5r, men det er da ogs\u00e5 ti turer mer enn de fleste andre b\u00e5teierne!<\/p>\n<p>Mer folksomt blir det nok p\u00e5 sj\u00f8en etterhvert som det blir varmere&#8230;<\/p>\n<h3>Related Images:<\/h3>","protected":false},"excerpt":{"rendered":"<p>Det er ikke lett \u00e5 bli klok p\u00e5 v\u00e6ret i disse tider. Bare i l\u00f8pet av \u00e9n dag kan det v\u00e6re b\u00e5de v\u00e5rlig og varmt samt surt og kaldt. En dag er det is p\u00e5 fjorden, dagen etter er det ingenting \u00e5 se. Related Images:<\/p>\n","protected":false},"author":1,"featured_media":0,"comment_status":"open","ping_status":"open","sticky":false,"template":"","format":"standard","meta":{"_crdt_document":"","ngg_post_thumbnail":0,"jetpack_post_was_ever_published":false,"_jetpack_newsletter_access":"","_jetpack_dont_email_post_to_subs":true,"_jetpack_newsletter_tier_id":0,"_jetpack_memberships_contains_paywalled_content":false,"_jetpack_memberships_contains_paid_content":false,"footnotes":""},"categories":[3,1043,369,4,8],"tags":[433,1389,324,2556,1260,2555,123,371],"class_list":["post-11659","post","type-post","status-publish","format-standard","hentry","category-blogg","category-diverse","category-opplag","category-tur","category-vaer","tag-is","tag-sol","tag-turer","tag-ustadig","tag-var","tag-varpuss","tag-vaer-2","tag-vinter"],"jetpack_featured_media_url":"","jetpack_shortlink":"https:\/\/wp.me\/p3Zd9b-323","jetpack_sharing_enabled":true,"jetpack_likes_enabled":true,"jetpack-related-posts":[],"_links":{"self":[{"href":"https:\/\/pequod.nesodd1.no\/index.php?rest_route=\/wp\/v2\/posts\/11659","targetHints":{"allow":["GET"]}}],"collection":[{"href":"https:\/\/pequod.nesodd1.no\/index.php?rest_route=\/wp\/v2\/posts"}],"about":[{"href":"https:\/\/pequod.nesodd1.no\/index.php?rest_route=\/wp\/v2\/types\/post"}],"author":[{"embeddable":true,"href":"https:\/\/pequod.nesodd1.no\/index.php?rest_route=\/wp\/v2\/users\/1"}],"replies":[{"embeddable":true,"href":"https:\/\/pequod.nesodd1.no\/index.php?rest_route=%2Fwp%2Fv2%2Fcomments&post=11659"}],"version-history":[{"count":8,"href":"https:\/\/pequod.nesodd1.no\/index.php?rest_route=\/wp\/v2\/posts\/11659\/revisions"}],"predecessor-version":[{"id":11745,"href":"https:\/\/pequod.nesodd1.no\/index.php?rest_route=\/wp\/v2\/posts\/11659\/revisions\/11745"}],"wp:attachment":[{"href":"https:\/\/pequod.nesodd1.no\/index.php?rest_route=%2Fwp%2Fv2%2Fmedia&parent=11659"}],"wp:term":[{"taxonomy":"category","embeddable":true,"href":"https:\/\/pequod.nesodd1.no\/index.php?rest_route=%2Fwp%2Fv2%2Fcategories&post=11659"},{"taxonomy":"post_tag","embeddable":true,"href":"https:\/\/pequod.nesodd1.no\/index.php?rest_route=%2Fwp%2Fv2%2Ftags&post=11659"}],"curies":[{"name":"wp","href":"https:\/\/api.w.org\/{rel}","templated":true}]}}