{"id":11672,"date":"2017-03-23T09:08:50","date_gmt":"2017-03-23T08:08:50","guid":{"rendered":"https:\/\/pequod.nesodd1.no\/?p=11672"},"modified":"2017-03-27T12:30:07","modified_gmt":"2017-03-27T10:30:07","slug":"det-jobbes-pa-radhusplassen","status":"publish","type":"post","link":"https:\/\/pequod.nesodd1.no\/?p=11672","title":{"rendered":"Det jobbes p\u00e5 R\u00e5dhusplassen"},"content":{"rendered":"<p><a href=\"https:\/\/pequod.nesodd1.no\/?attachment_id=11677\" rel=\"attachment wp-att-11677\"><img data-recalc-dims=\"1\" loading=\"lazy\" decoding=\"async\" data-attachment-id=\"11677\" data-permalink=\"https:\/\/pequod.nesodd1.no\/?attachment_id=11677\" data-orig-file=\"https:\/\/i0.wp.com\/pequod.nesodd1.no\/wp-content\/uploads\/2017\/03\/IMG_2411.jpg?fit=640%2C480&amp;ssl=1\" data-orig-size=\"640,480\" data-comments-opened=\"1\" data-image-meta=\"{&quot;aperture&quot;:&quot;2.2&quot;,&quot;credit&quot;:&quot;&quot;,&quot;camera&quot;:&quot;iPhone 6&quot;,&quot;caption&quot;:&quot;&quot;,&quot;created_timestamp&quot;:&quot;1489217407&quot;,&quot;copyright&quot;:&quot;&quot;,&quot;focal_length&quot;:&quot;4.15&quot;,&quot;iso&quot;:&quot;32&quot;,&quot;shutter_speed&quot;:&quot;0.00212314225053&quot;,&quot;title&quot;:&quot;&quot;,&quot;orientation&quot;:&quot;1&quot;}\" data-image-title=\"IMG_2411\" data-image-description=\"&lt;p&gt;R\u00e5dhusbrygge 2, R\u00e5dhusplassen, Oslo havn&lt;\/p&gt;\n\" data-image-caption=\"\" data-large-file=\"https:\/\/i0.wp.com\/pequod.nesodd1.no\/wp-content\/uploads\/2017\/03\/IMG_2411.jpg?fit=640%2C480&amp;ssl=1\" class=\"alignleft size-thumbnail wp-image-11677\" src=\"https:\/\/i0.wp.com\/pequod.nesodd1.no\/wp-content\/uploads\/2017\/03\/IMG_2411-100x75.jpg?resize=100%2C75\" alt=\"\" width=\"100\" height=\"75\" srcset=\"https:\/\/i0.wp.com\/pequod.nesodd1.no\/wp-content\/uploads\/2017\/03\/IMG_2411.jpg?resize=100%2C75&amp;ssl=1 100w, https:\/\/i0.wp.com\/pequod.nesodd1.no\/wp-content\/uploads\/2017\/03\/IMG_2411.jpg?resize=300%2C225&amp;ssl=1 300w, https:\/\/i0.wp.com\/pequod.nesodd1.no\/wp-content\/uploads\/2017\/03\/IMG_2411.jpg?w=640&amp;ssl=1 640w\" sizes=\"auto, (max-width: 100px) 100vw, 100px\" \/><\/a>Det skal ikke bare komme et fisketorg til sommeren, ogs\u00e5 R\u00e5dhusbrygge 2 skal f\u00e5 et ansiktsl\u00f8ft. Arbeidene er i full gang. For et par \u00e5r siden var det R\u00e5dhusbrygge 1 som ble helt skiftet ut, n\u00e5 er det alts\u00e5&nbsp;nok en brygge som skal stases opp.<!--more--><\/p>\n<p>Oppussingen av R\u00e5dhusbrygge 1 fulgte jeg ganske tett ettersom jeg passerte brygga nesten daglig. Denne gangen blir det ikke det, forel\u00f8pig, ettersom jeg ikke g\u00e5r s\u00e5 ofte forbi der p\u00e5 vinterstid, pluss at jeg blir fort sliten n\u00e5r jeg m\u00e5 g\u00e5 mye med protesen. Men i april, hvis det blir skikkelig v\u00e5rv\u00e6r, s\u00e5 skal det nok bli en r\u00e5d med oppdaterte bilder innimellom. \ud83d\ude42<\/p>\n<p><a href=\"https:\/\/pequod.nesodd1.no\/?attachment_id=11676\" rel=\"attachment wp-att-11676\"><img data-recalc-dims=\"1\" loading=\"lazy\" decoding=\"async\" data-attachment-id=\"11676\" data-permalink=\"https:\/\/pequod.nesodd1.no\/?attachment_id=11676\" data-orig-file=\"https:\/\/i0.wp.com\/pequod.nesodd1.no\/wp-content\/uploads\/2017\/03\/IMG_2409.jpg?fit=640%2C480&amp;ssl=1\" data-orig-size=\"640,480\" data-comments-opened=\"1\" data-image-meta=\"{&quot;aperture&quot;:&quot;2.2&quot;,&quot;credit&quot;:&quot;&quot;,&quot;camera&quot;:&quot;iPhone 6&quot;,&quot;caption&quot;:&quot;&quot;,&quot;created_timestamp&quot;:&quot;1489217376&quot;,&quot;copyright&quot;:&quot;&quot;,&quot;focal_length&quot;:&quot;4.15&quot;,&quot;iso&quot;:&quot;32&quot;,&quot;shutter_speed&quot;:&quot;0.00189753320683&quot;,&quot;title&quot;:&quot;&quot;,&quot;orientation&quot;:&quot;1&quot;}\" data-image-title=\"IMG_2409\" data-image-description=\"&lt;p&gt;R\u00e5dhusbrygge 2, R\u00e5dhusplassen, Oslo havn&lt;\/p&gt;\n\" data-image-caption=\"\" data-large-file=\"https:\/\/i0.wp.com\/pequod.nesodd1.no\/wp-content\/uploads\/2017\/03\/IMG_2409.jpg?fit=640%2C480&amp;ssl=1\" class=\"aligncenter wp-image-11676 size-full\" src=\"https:\/\/i0.wp.com\/pequod.nesodd1.no\/wp-content\/uploads\/2017\/03\/IMG_2409.jpg?resize=640%2C480\" alt=\"\" width=\"640\" height=\"480\" srcset=\"https:\/\/i0.wp.com\/pequod.nesodd1.no\/wp-content\/uploads\/2017\/03\/IMG_2409.jpg?w=640&amp;ssl=1 640w, https:\/\/i0.wp.com\/pequod.nesodd1.no\/wp-content\/uploads\/2017\/03\/IMG_2409.jpg?resize=100%2C75&amp;ssl=1 100w, https:\/\/i0.wp.com\/pequod.nesodd1.no\/wp-content\/uploads\/2017\/03\/IMG_2409.jpg?resize=300%2C225&amp;ssl=1 300w\" sizes=\"auto, (max-width: 640px) 100vw, 640px\" \/><\/a>Arbeidene er planlagt \u00e5 v\u00e6re ferdig til sommeren, noe mer spesifikt har jeg ikke sett. Det som skal gj\u00f8res er \u00e5 rive det eksisterende kaidekket og konstruksjoner (asfalt\/betong), &nbsp;og deretter legge et helt nytt. Det skal ogs\u00e5 legges nye vann-\/spillvannsledninger og et nytt elektrisk anlegg, samt utf\u00f8res snekkerarbeider&nbsp;p\u00e5 benk, ramper og kaidekke.<\/p>\n<p>Hva som skjer med de to kunstverkene som har prydet kortsiden av terminalbygningen p\u00e5 brygga siden 2015 vet jeg ikke. Men forh\u00e5pentligvis har noen tenkt s\u00e5pass langt at de er tatt vare p\u00e5. P\u00e5 det nederste bildet er det i alle fall ikke noe \u00e5 se p\u00e5 kortsiden!<\/p>\n<p><a href=\"https:\/\/pequod.nesodd1.no\/?attachment_id=11678\" rel=\"attachment wp-att-11678\"><img data-recalc-dims=\"1\" loading=\"lazy\" decoding=\"async\" data-attachment-id=\"11678\" data-permalink=\"https:\/\/pequod.nesodd1.no\/?attachment_id=11678\" data-orig-file=\"https:\/\/i0.wp.com\/pequod.nesodd1.no\/wp-content\/uploads\/2017\/03\/IMG_2412.jpg?fit=640%2C480&amp;ssl=1\" data-orig-size=\"640,480\" data-comments-opened=\"1\" data-image-meta=\"{&quot;aperture&quot;:&quot;2.2&quot;,&quot;credit&quot;:&quot;&quot;,&quot;camera&quot;:&quot;iPhone 6&quot;,&quot;caption&quot;:&quot;&quot;,&quot;created_timestamp&quot;:&quot;1489217581&quot;,&quot;copyright&quot;:&quot;&quot;,&quot;focal_length&quot;:&quot;4.15&quot;,&quot;iso&quot;:&quot;32&quot;,&quot;shutter_speed&quot;:&quot;0.00129032258065&quot;,&quot;title&quot;:&quot;&quot;,&quot;orientation&quot;:&quot;1&quot;}\" data-image-title=\"IMG_2412\" data-image-description=\"&lt;p&gt;R\u00e5dhusplassen, Oslo havn, R\u00e5dhusbrygge 2&lt;\/p&gt;\n\" data-image-caption=\"\" data-large-file=\"https:\/\/i0.wp.com\/pequod.nesodd1.no\/wp-content\/uploads\/2017\/03\/IMG_2412.jpg?fit=640%2C480&amp;ssl=1\" class=\"aligncenter size-full wp-image-11678\" src=\"https:\/\/i0.wp.com\/pequod.nesodd1.no\/wp-content\/uploads\/2017\/03\/IMG_2412.jpg?resize=640%2C480\" alt=\"\" width=\"640\" height=\"480\" srcset=\"https:\/\/i0.wp.com\/pequod.nesodd1.no\/wp-content\/uploads\/2017\/03\/IMG_2412.jpg?w=640&amp;ssl=1 640w, https:\/\/i0.wp.com\/pequod.nesodd1.no\/wp-content\/uploads\/2017\/03\/IMG_2412.jpg?resize=100%2C75&amp;ssl=1 100w, https:\/\/i0.wp.com\/pequod.nesodd1.no\/wp-content\/uploads\/2017\/03\/IMG_2412.jpg?resize=300%2C225&amp;ssl=1 300w\" sizes=\"auto, (max-width: 640px) 100vw, 640px\" \/><\/a>I det hele tatt blir hele kaiomr\u00e5det langs R\u00e5dhusplassen fikset opp n\u00e5. Det begynte med at hele brygge 1 ble revet og erstattet med en ny, s\u00e5 kom utbedringene i forbindelse med Havnepromenaden, flyttingen av terminalen til \u00f8yb\u00e5tene og n\u00e5 alts\u00e5 b\u00e5de bygging av et nytt fisketorg og oppussing og utbedring av brygge 2.<\/p>\n<p><a href=\"https:\/\/pequod.nesodd1.no\/?attachment_id=11722\" rel=\"attachment wp-att-11677\"><img data-recalc-dims=\"1\" loading=\"lazy\" decoding=\"async\" data-attachment-id=\"11722\" data-permalink=\"https:\/\/pequod.nesodd1.no\/?attachment_id=11722\" data-orig-file=\"https:\/\/i0.wp.com\/pequod.nesodd1.no\/wp-content\/uploads\/2017\/03\/IMG_2422.jpg?fit=640%2C480&amp;ssl=1\" data-orig-size=\"640,480\" data-comments-opened=\"1\" data-image-meta=\"{&quot;aperture&quot;:&quot;2.2&quot;,&quot;credit&quot;:&quot;&quot;,&quot;camera&quot;:&quot;iPhone 6&quot;,&quot;caption&quot;:&quot;&quot;,&quot;created_timestamp&quot;:&quot;1489303750&quot;,&quot;copyright&quot;:&quot;&quot;,&quot;focal_length&quot;:&quot;4.15&quot;,&quot;iso&quot;:&quot;40&quot;,&quot;shutter_speed&quot;:&quot;0.01&quot;,&quot;title&quot;:&quot;&quot;,&quot;orientation&quot;:&quot;1&quot;}\" data-image-title=\"IMG_2422\" data-image-description=\"&lt;p&gt;R\u00e5dhusbrygge 2, R\u00e5dhusplassen, Oslo havn&lt;\/p&gt;\n\" data-image-caption=\"\" data-large-file=\"https:\/\/i0.wp.com\/pequod.nesodd1.no\/wp-content\/uploads\/2017\/03\/IMG_2422.jpg?fit=640%2C480&amp;ssl=1\" class=\"wp-image-11722 size-full aligncenter\" src=\"https:\/\/i0.wp.com\/pequod.nesodd1.no\/wp-content\/uploads\/2017\/03\/IMG_2422.jpg?resize=640%2C480\" alt=\"\" width=\"640\" height=\"480\" srcset=\"https:\/\/i0.wp.com\/pequod.nesodd1.no\/wp-content\/uploads\/2017\/03\/IMG_2422.jpg?w=640&amp;ssl=1 640w, https:\/\/i0.wp.com\/pequod.nesodd1.no\/wp-content\/uploads\/2017\/03\/IMG_2422.jpg?resize=100%2C75&amp;ssl=1 100w, https:\/\/i0.wp.com\/pequod.nesodd1.no\/wp-content\/uploads\/2017\/03\/IMG_2422.jpg?resize=300%2C225&amp;ssl=1 300w\" sizes=\"auto, (max-width: 640px) 100vw, 640px\" \/><\/a><\/p>\n<p>Det skal bli spennende \u00e5 se hvordan dette omr\u00e5det blir seende ut n\u00e5r alt er ferdig! Jeg har sett noen f\u00e5 tegninger fra de som har tegnet dette, og det skal bli et terminalbygg &#8211; kanskje de beholder det som st\u00e5r der, men frisker det litt opp &#8211; og deretter mer uteplass for folk, som dere kan se litt p\u00e5 den tegningen jeg m\u00e5tte ta bilde fra PCen for \u00e5 f\u00e5 lagt ut her&#8230;<\/p>\n<p><a href=\"https:\/\/pequod.nesodd1.no\/?attachment_id=11724\" rel=\"attachment wp-att-11724\"><img data-recalc-dims=\"1\" loading=\"lazy\" decoding=\"async\" data-attachment-id=\"11724\" data-permalink=\"https:\/\/pequod.nesodd1.no\/?attachment_id=11724\" data-orig-file=\"https:\/\/i0.wp.com\/pequod.nesodd1.no\/wp-content\/uploads\/2017\/03\/1-IMG_2434.jpg?fit=607%2C267&amp;ssl=1\" data-orig-size=\"607,267\" data-comments-opened=\"1\" data-image-meta=\"{&quot;aperture&quot;:&quot;2.2&quot;,&quot;credit&quot;:&quot;Picasa&quot;,&quot;camera&quot;:&quot;iPhone 6&quot;,&quot;caption&quot;:&quot;&quot;,&quot;created_timestamp&quot;:&quot;1489416731&quot;,&quot;copyright&quot;:&quot;&quot;,&quot;focal_length&quot;:&quot;4.15&quot;,&quot;iso&quot;:&quot;32&quot;,&quot;shutter_speed&quot;:&quot;0.01&quot;,&quot;title&quot;:&quot;&quot;,&quot;orientation&quot;:&quot;0&quot;}\" data-image-title=\"1-IMG_2434\" data-image-description=\"\" data-image-caption=\"\" data-large-file=\"https:\/\/i0.wp.com\/pequod.nesodd1.no\/wp-content\/uploads\/2017\/03\/1-IMG_2434.jpg?fit=607%2C267&amp;ssl=1\" class=\"aligncenter size-full wp-image-11724\" src=\"https:\/\/i0.wp.com\/pequod.nesodd1.no\/wp-content\/uploads\/2017\/03\/1-IMG_2434.jpg?resize=607%2C267\" alt=\"\" width=\"607\" height=\"267\" srcset=\"https:\/\/i0.wp.com\/pequod.nesodd1.no\/wp-content\/uploads\/2017\/03\/1-IMG_2434.jpg?w=607&amp;ssl=1 607w, https:\/\/i0.wp.com\/pequod.nesodd1.no\/wp-content\/uploads\/2017\/03\/1-IMG_2434.jpg?resize=100%2C44&amp;ssl=1 100w, https:\/\/i0.wp.com\/pequod.nesodd1.no\/wp-content\/uploads\/2017\/03\/1-IMG_2434.jpg?resize=300%2C132&amp;ssl=1 300w\" sizes=\"auto, (max-width: 607px) 100vw, 607px\" \/><\/a><\/p>\n<h3>Related Images:<\/h3>","protected":false},"excerpt":{"rendered":"<p>Det skal ikke bare komme et fisketorg til sommeren, ogs\u00e5 R\u00e5dhusbrygge 2 skal f\u00e5 et ansiktsl\u00f8ft. Arbeidene er i full gang. For et par \u00e5r siden var det R\u00e5dhusbrygge 1 som ble helt skiftet ut, n\u00e5 er det alts\u00e5&nbsp;nok en brygge som skal stases opp. Related Images:<\/p>\n","protected":false},"author":1,"featured_media":0,"comment_status":"open","ping_status":"open","sticky":false,"template":"","format":"standard","meta":{"_crdt_document":"","ngg_post_thumbnail":0,"jetpack_post_was_ever_published":false,"_jetpack_newsletter_access":"","_jetpack_dont_email_post_to_subs":true,"_jetpack_newsletter_tier_id":0,"_jetpack_memberships_contains_paywalled_content":false,"_jetpack_memberships_contains_paid_content":false,"footnotes":""},"categories":[3,1043,1587,2411,42],"tags":[37,237,2566],"class_list":["post-11672","post","type-post","status-publish","format-standard","hentry","category-blogg","category-diverse","category-kystkultur","category-nyheter-for-batfolk","category-oppussing-2","tag-oppussing","tag-oslo-havn-radhusplassen","tag-radhusbrygge-2"],"jetpack_featured_media_url":"","jetpack_shortlink":"https:\/\/wp.me\/p3Zd9b-32g","jetpack_sharing_enabled":true,"jetpack_likes_enabled":true,"jetpack-related-posts":[],"_links":{"self":[{"href":"https:\/\/pequod.nesodd1.no\/index.php?rest_route=\/wp\/v2\/posts\/11672","targetHints":{"allow":["GET"]}}],"collection":[{"href":"https:\/\/pequod.nesodd1.no\/index.php?rest_route=\/wp\/v2\/posts"}],"about":[{"href":"https:\/\/pequod.nesodd1.no\/index.php?rest_route=\/wp\/v2\/types\/post"}],"author":[{"embeddable":true,"href":"https:\/\/pequod.nesodd1.no\/index.php?rest_route=\/wp\/v2\/users\/1"}],"replies":[{"embeddable":true,"href":"https:\/\/pequod.nesodd1.no\/index.php?rest_route=%2Fwp%2Fv2%2Fcomments&post=11672"}],"version-history":[{"count":5,"href":"https:\/\/pequod.nesodd1.no\/index.php?rest_route=\/wp\/v2\/posts\/11672\/revisions"}],"predecessor-version":[{"id":11725,"href":"https:\/\/pequod.nesodd1.no\/index.php?rest_route=\/wp\/v2\/posts\/11672\/revisions\/11725"}],"wp:attachment":[{"href":"https:\/\/pequod.nesodd1.no\/index.php?rest_route=%2Fwp%2Fv2%2Fmedia&parent=11672"}],"wp:term":[{"taxonomy":"category","embeddable":true,"href":"https:\/\/pequod.nesodd1.no\/index.php?rest_route=%2Fwp%2Fv2%2Fcategories&post=11672"},{"taxonomy":"post_tag","embeddable":true,"href":"https:\/\/pequod.nesodd1.no\/index.php?rest_route=%2Fwp%2Fv2%2Ftags&post=11672"}],"curies":[{"name":"wp","href":"https:\/\/api.w.org\/{rel}","templated":true}]}}