{"id":11710,"date":"2017-04-05T07:45:33","date_gmt":"2017-04-05T05:45:33","guid":{"rendered":"https:\/\/pequod.nesodd1.no\/?p=11710"},"modified":"2017-04-01T23:07:20","modified_gmt":"2017-04-01T21:07:20","slug":"sonderinger-pa-sorenga-del-2","status":"publish","type":"post","link":"https:\/\/pequod.nesodd1.no\/?p=11710","title":{"rendered":"Sonderinger p\u00e5 S\u00f8renga &#8211; del 2"},"content":{"rendered":"<p><a href=\"https:\/\/pequod.nesodd1.no\/?attachment_id=11839\" rel=\"attachment wp-att-11839\"><img data-recalc-dims=\"1\" loading=\"lazy\" decoding=\"async\" data-attachment-id=\"11839\" data-permalink=\"https:\/\/pequod.nesodd1.no\/?attachment_id=11839\" data-orig-file=\"https:\/\/i0.wp.com\/pequod.nesodd1.no\/wp-content\/uploads\/2017\/03\/1-oversiktplan_aug2013_web.jpg?fit=533%2C355&amp;ssl=1\" data-orig-size=\"533,355\" data-comments-opened=\"1\" data-image-meta=\"{&quot;aperture&quot;:&quot;0&quot;,&quot;credit&quot;:&quot;Picasa&quot;,&quot;camera&quot;:&quot;&quot;,&quot;caption&quot;:&quot;&quot;,&quot;created_timestamp&quot;:&quot;1490013481&quot;,&quot;copyright&quot;:&quot;&quot;,&quot;focal_length&quot;:&quot;0&quot;,&quot;iso&quot;:&quot;0&quot;,&quot;shutter_speed&quot;:&quot;0&quot;,&quot;title&quot;:&quot;&quot;,&quot;orientation&quot;:&quot;0&quot;}\" data-image-title=\"1-oversiktplan_aug2013_web\" data-image-description=\"\" data-image-caption=\"\" data-large-file=\"https:\/\/i0.wp.com\/pequod.nesodd1.no\/wp-content\/uploads\/2017\/03\/1-oversiktplan_aug2013_web.jpg?fit=533%2C355&amp;ssl=1\" class=\"alignleft size-thumbnail wp-image-11839\" src=\"https:\/\/i0.wp.com\/pequod.nesodd1.no\/wp-content\/uploads\/2017\/03\/1-oversiktplan_aug2013_web-100x67.jpg?resize=100%2C67\" alt=\"\" width=\"100\" height=\"67\" srcset=\"https:\/\/i0.wp.com\/pequod.nesodd1.no\/wp-content\/uploads\/2017\/03\/1-oversiktplan_aug2013_web.jpg?resize=100%2C67&amp;ssl=1 100w, https:\/\/i0.wp.com\/pequod.nesodd1.no\/wp-content\/uploads\/2017\/03\/1-oversiktplan_aug2013_web.jpg?resize=300%2C200&amp;ssl=1 300w, https:\/\/i0.wp.com\/pequod.nesodd1.no\/wp-content\/uploads\/2017\/03\/1-oversiktplan_aug2013_web.jpg?w=533&amp;ssl=1 533w\" sizes=\"auto, (max-width: 100px) 100vw, 100px\" \/><\/a>I dette innlegget, som er en fortsettelse av det jeg skrev for halvannnen\u00a0uke siden, har jeg egentlig beveget meg fra S\u00f8renga og over til Bj\u00f8rvika og Bispevika-omr\u00e5det. Jeg har tatt en liten spasertur og knipset bilder av hvordan det ser ut der n\u00e5, og ser p\u00e5 hvordan det er tenkt \u00e5 bli om noen \u00e5r.<!--more--><\/p>\n<p>I <a href=\"https:\/\/pequod.nesodd1.no\/?p=11635\">det forrige innlegget<\/a>\u00a0gikk jeg rundt p\u00e5 S\u00f8renga og fabulerte litt om hvordan det kan komme til \u00e5 bli der n\u00e5r sm\u00e5b\u00e5thavna er ferdig bygd. Tidligere denne uken kom jeg ogs\u00e5 med nyheten om at byggingen er utsatt enda en gang&#8230;<\/p>\n<p><a href=\"https:\/\/pequod.nesodd1.no\/?attachment_id=11840\" rel=\"attachment wp-att-11840\"><img data-recalc-dims=\"1\" loading=\"lazy\" decoding=\"async\" data-attachment-id=\"11840\" data-permalink=\"https:\/\/pequod.nesodd1.no\/?attachment_id=11840\" data-orig-file=\"https:\/\/i0.wp.com\/pequod.nesodd1.no\/wp-content\/uploads\/2017\/03\/munchmuseum1280x653.jpg?fit=1280%2C653&amp;ssl=1\" data-orig-size=\"1280,653\" data-comments-opened=\"1\" data-image-meta=\"{&quot;aperture&quot;:&quot;0&quot;,&quot;credit&quot;:&quot;&quot;,&quot;camera&quot;:&quot;&quot;,&quot;caption&quot;:&quot;&quot;,&quot;created_timestamp&quot;:&quot;0&quot;,&quot;copyright&quot;:&quot;&quot;,&quot;focal_length&quot;:&quot;0&quot;,&quot;iso&quot;:&quot;0&quot;,&quot;shutter_speed&quot;:&quot;0&quot;,&quot;title&quot;:&quot;&quot;,&quot;orientation&quot;:&quot;0&quot;}\" data-image-title=\"munchmuseum1280x653\" data-image-description=\"\" data-image-caption=\"\" data-large-file=\"https:\/\/i0.wp.com\/pequod.nesodd1.no\/wp-content\/uploads\/2017\/03\/munchmuseum1280x653.jpg?fit=940%2C479&amp;ssl=1\" class=\"alignleft wp-image-11840 \" src=\"https:\/\/i0.wp.com\/pequod.nesodd1.no\/wp-content\/uploads\/2017\/03\/munchmuseum1280x653-300x153.jpg?resize=349%2C178\" alt=\"\" width=\"349\" height=\"178\" srcset=\"https:\/\/i0.wp.com\/pequod.nesodd1.no\/wp-content\/uploads\/2017\/03\/munchmuseum1280x653.jpg?resize=300%2C153&amp;ssl=1 300w, https:\/\/i0.wp.com\/pequod.nesodd1.no\/wp-content\/uploads\/2017\/03\/munchmuseum1280x653.jpg?resize=100%2C51&amp;ssl=1 100w, https:\/\/i0.wp.com\/pequod.nesodd1.no\/wp-content\/uploads\/2017\/03\/munchmuseum1280x653.jpg?resize=768%2C392&amp;ssl=1 768w, https:\/\/i0.wp.com\/pequod.nesodd1.no\/wp-content\/uploads\/2017\/03\/munchmuseum1280x653.jpg?resize=1024%2C522&amp;ssl=1 1024w, https:\/\/i0.wp.com\/pequod.nesodd1.no\/wp-content\/uploads\/2017\/03\/munchmuseum1280x653.jpg?w=1280&amp;ssl=1 1280w\" sizes=\"auto, (max-width: 349px) 100vw, 349px\" \/><\/a>I dette innlegget har jeg beveget meg stort sett bak Operaen, for her skal det jo skje endel ting som ogs\u00e5 kan v\u00e6re av interesse for oss som har b\u00e5t. Jeg var jo innom hvordan det kan komme til \u00e5 se ut rett bak Operaen og ved det nye Munch-museet. Der kommer jo elvel\u00f8pet fra gamle Akerselva p\u00e5 en m\u00e5te til \u00e5 l\u00f8pe ut, selv om vel mesteparten vil ligge under betong.<\/p>\n<p>Men det er tegnet inn muligheter for \u00e5 benytte b\u00e5t ogs\u00e5 her, noe du blant annet ser p\u00e5 bildet til venstre, men bryggeplasser p\u00e5 begge sider. Utfordringen blir \u00e5 komme seg inn i dette omr\u00e5det, noe jeg ogs\u00e5 var innom i forrige innlegg. \u00c5rsaken til dette er jo den midlertidige gangveien som er anlagt fra Sukkerbiten og over til S\u00f8renga, den ser ut til \u00e5 bli permanent, og da blir adgangen fra sj\u00f8en med b\u00e5t inn i disse omr\u00e5dene vanskeliggjort.<\/p>\n<p>Men muligheten ligger \u00e5 komme seg inn via Lohavn og gjennom en liten kanal nesten innerst ved Loenga. Det umuliggj\u00f8r \u00e5 komme seilende med seilb\u00e5t og andre h\u00f8ye b\u00e5ter, ogs\u00e5 fordi det er tegnet inn en god del gangbroer her og der.<\/p>\n<p>Men fortsetter man innover den lille kanalen p\u00e5 tegningen over, s\u00e5 kan man faktisk komme seg nesten helt inn til spor 19 p\u00e5 Oslo S! P\u00e5 min lille befaring kunne jeg ikke se bunnen her, s\u00e5 det skal v\u00e6re godt nok til \u00e5 kunne t\u00f8ffe inn med sm\u00e5b\u00e5ter, kajakker og slikt. Igjen vet jeg ikke om det er meningen eller om det blir lov, men muligheten til \u00e5 for eksempel plukke opp rederinnen eller sette av noen av d\u00f8trene mine her n\u00e5r de kommer med tog eller skal dra avg\u00e5rde med tog, er jo litt besn\u00e6rende.<\/p>\n<p>P\u00e5 bildet under st\u00e5r jeg p\u00e5 broen som g\u00e5r over fra enden av Operagata (der blant annet Deichmanske bibliotek bygges) p\u00e5 hj\u00f8rnet av Operaen. Dere ser litt av Barcode og buss og biler som kj\u00f8rer opp Dronning Efuemias gate. P\u00e5 h\u00f8yre side ser dere en brygge. Der kan man g\u00e5 fra Operagate og bortover.<\/p>\n<p><a href=\"https:\/\/pequod.nesodd1.no\/?attachment_id=11828\" rel=\"attachment wp-att-11828\"><img data-recalc-dims=\"1\" loading=\"lazy\" decoding=\"async\" data-attachment-id=\"11828\" data-permalink=\"https:\/\/pequod.nesodd1.no\/?attachment_id=11828\" data-orig-file=\"https:\/\/i0.wp.com\/pequod.nesodd1.no\/wp-content\/uploads\/2017\/03\/IMG_2425.jpg?fit=640%2C480&amp;ssl=1\" data-orig-size=\"640,480\" data-comments-opened=\"1\" data-image-meta=\"{&quot;aperture&quot;:&quot;2.2&quot;,&quot;credit&quot;:&quot;&quot;,&quot;camera&quot;:&quot;iPhone 6&quot;,&quot;caption&quot;:&quot;&quot;,&quot;created_timestamp&quot;:&quot;1489332320&quot;,&quot;copyright&quot;:&quot;&quot;,&quot;focal_length&quot;:&quot;4.15&quot;,&quot;iso&quot;:&quot;32&quot;,&quot;shutter_speed&quot;:&quot;0.00526315789474&quot;,&quot;title&quot;:&quot;&quot;,&quot;orientation&quot;:&quot;1&quot;}\" data-image-title=\"IMG_2425\" data-image-description=\"\" data-image-caption=\"\" data-large-file=\"https:\/\/i0.wp.com\/pequod.nesodd1.no\/wp-content\/uploads\/2017\/03\/IMG_2425.jpg?fit=640%2C480&amp;ssl=1\" class=\"aligncenter size-full wp-image-11828\" src=\"https:\/\/i0.wp.com\/pequod.nesodd1.no\/wp-content\/uploads\/2017\/03\/IMG_2425.jpg?resize=640%2C480\" alt=\"\" width=\"640\" height=\"480\" srcset=\"https:\/\/i0.wp.com\/pequod.nesodd1.no\/wp-content\/uploads\/2017\/03\/IMG_2425.jpg?w=640&amp;ssl=1 640w, https:\/\/i0.wp.com\/pequod.nesodd1.no\/wp-content\/uploads\/2017\/03\/IMG_2425.jpg?resize=100%2C75&amp;ssl=1 100w, https:\/\/i0.wp.com\/pequod.nesodd1.no\/wp-content\/uploads\/2017\/03\/IMG_2425.jpg?resize=300%2C225&amp;ssl=1 300w\" sizes=\"auto, (max-width: 640px) 100vw, 640px\" \/><\/a><\/p>\n<p>S\u00e5 har jeg beveget meg ned p\u00e5 selve brygga ved \u00e5 g\u00e5 over broa og ned en trapp. Denne er \u00e5pen og tilgjengelig.<\/p>\n<p><a href=\"https:\/\/pequod.nesodd1.no\/?attachment_id=11830\" rel=\"attachment wp-att-11830\"><img data-recalc-dims=\"1\" loading=\"lazy\" decoding=\"async\" data-attachment-id=\"11830\" data-permalink=\"https:\/\/pequod.nesodd1.no\/?attachment_id=11830\" data-orig-file=\"https:\/\/i0.wp.com\/pequod.nesodd1.no\/wp-content\/uploads\/2017\/03\/IMG_2427.jpg?fit=640%2C480&amp;ssl=1\" data-orig-size=\"640,480\" data-comments-opened=\"1\" data-image-meta=\"{&quot;aperture&quot;:&quot;2.2&quot;,&quot;credit&quot;:&quot;&quot;,&quot;camera&quot;:&quot;iPhone 6&quot;,&quot;caption&quot;:&quot;&quot;,&quot;created_timestamp&quot;:&quot;1489332462&quot;,&quot;copyright&quot;:&quot;&quot;,&quot;focal_length&quot;:&quot;4.15&quot;,&quot;iso&quot;:&quot;32&quot;,&quot;shutter_speed&quot;:&quot;0.00273224043716&quot;,&quot;title&quot;:&quot;&quot;,&quot;orientation&quot;:&quot;1&quot;}\" data-image-title=\"IMG_2427\" data-image-description=\"\" data-image-caption=\"\" data-large-file=\"https:\/\/i0.wp.com\/pequod.nesodd1.no\/wp-content\/uploads\/2017\/03\/IMG_2427.jpg?fit=640%2C480&amp;ssl=1\" class=\"aligncenter size-full wp-image-11830\" src=\"https:\/\/i0.wp.com\/pequod.nesodd1.no\/wp-content\/uploads\/2017\/03\/IMG_2427.jpg?resize=640%2C480\" alt=\"\" width=\"640\" height=\"480\" srcset=\"https:\/\/i0.wp.com\/pequod.nesodd1.no\/wp-content\/uploads\/2017\/03\/IMG_2427.jpg?w=640&amp;ssl=1 640w, https:\/\/i0.wp.com\/pequod.nesodd1.no\/wp-content\/uploads\/2017\/03\/IMG_2427.jpg?resize=100%2C75&amp;ssl=1 100w, https:\/\/i0.wp.com\/pequod.nesodd1.no\/wp-content\/uploads\/2017\/03\/IMG_2427.jpg?resize=300%2C225&amp;ssl=1 300w\" sizes=\"auto, (max-width: 640px) 100vw, 640px\" \/><\/a><\/p>\n<p>N\u00e5r Munch-museet og boligkomplekset Munch brygge er ferdig, er det vel meningen at man g\u00e5 sammenhengende derfra og innerst inn i kanalen. Da er man bare en trapp unna Spor 19 p\u00e5 Oslo S. P\u00e5 bildet under har jeg g\u00e5tt under broa der bussene og bilene kj\u00f8rer over p\u00e5 forrige bilde. Legg merke til benken du ser midt p\u00e5 bildet. Den og de andre benkene som ble satt opp der sommeren 2015 skapte nemlig <a href=\"http:\/\/www.aftenposten.no\/osloby\/Mener-fiendtlige-benker-bryter-med-Oslos-egne-regler-33577b.html\" target=\"_blank\">litt furore<\/a>. Benkene var nemlig utstyrt med 5-6 armlener slik at det var umulig \u00e5 legge seg nedp\u00e5 benken. Noe som vel var gjort for \u00e5 hindre at det ble et sted hvor uteliggere og andre kunne slenge seg nedp\u00e5. Bj\u00f8rvika Utvikling fjernet til slutt flere av armlenene&#8230;<\/p>\n<p><a href=\"https:\/\/pequod.nesodd1.no\/?attachment_id=11832\" rel=\"attachment wp-att-11832\"><img data-recalc-dims=\"1\" loading=\"lazy\" decoding=\"async\" data-attachment-id=\"11832\" data-permalink=\"https:\/\/pequod.nesodd1.no\/?attachment_id=11832\" data-orig-file=\"https:\/\/i0.wp.com\/pequod.nesodd1.no\/wp-content\/uploads\/2017\/03\/IMG_2429.jpg?fit=640%2C480&amp;ssl=1\" data-orig-size=\"640,480\" data-comments-opened=\"1\" data-image-meta=\"{&quot;aperture&quot;:&quot;2.2&quot;,&quot;credit&quot;:&quot;&quot;,&quot;camera&quot;:&quot;iPhone 6&quot;,&quot;caption&quot;:&quot;&quot;,&quot;created_timestamp&quot;:&quot;1489332583&quot;,&quot;copyright&quot;:&quot;&quot;,&quot;focal_length&quot;:&quot;4.15&quot;,&quot;iso&quot;:&quot;32&quot;,&quot;shutter_speed&quot;:&quot;0.005&quot;,&quot;title&quot;:&quot;&quot;,&quot;orientation&quot;:&quot;1&quot;}\" data-image-title=\"IMG_2429\" data-image-description=\"\" data-image-caption=\"\" data-large-file=\"https:\/\/i0.wp.com\/pequod.nesodd1.no\/wp-content\/uploads\/2017\/03\/IMG_2429.jpg?fit=640%2C480&amp;ssl=1\" class=\"aligncenter size-full wp-image-11832\" src=\"https:\/\/i0.wp.com\/pequod.nesodd1.no\/wp-content\/uploads\/2017\/03\/IMG_2429.jpg?resize=640%2C480\" alt=\"\" width=\"640\" height=\"480\" srcset=\"https:\/\/i0.wp.com\/pequod.nesodd1.no\/wp-content\/uploads\/2017\/03\/IMG_2429.jpg?w=640&amp;ssl=1 640w, https:\/\/i0.wp.com\/pequod.nesodd1.no\/wp-content\/uploads\/2017\/03\/IMG_2429.jpg?resize=100%2C75&amp;ssl=1 100w, https:\/\/i0.wp.com\/pequod.nesodd1.no\/wp-content\/uploads\/2017\/03\/IMG_2429.jpg?resize=300%2C225&amp;ssl=1 300w\" sizes=\"auto, (max-width: 640px) 100vw, 640px\" \/><\/a><\/p>\n<p>Her har jeg g\u00e5tt til enden og snudd meg. Her st\u00e5r jeg i trappa\u00a0som g\u00e5r opp til Trelastgata, som er den lille veistumpen mellom Oslo S og Barcode. Her skal det da v\u00e6re mulig, rent teoretisk, \u00e5 t\u00f8ffe inn og sette av passasjerene mine? Eller plukke dem opp? \ud83d\ude42<\/p>\n<p><a href=\"https:\/\/pequod.nesodd1.no\/?attachment_id=11835\" rel=\"attachment wp-att-11835\"><img data-recalc-dims=\"1\" loading=\"lazy\" decoding=\"async\" data-attachment-id=\"11835\" data-permalink=\"https:\/\/pequod.nesodd1.no\/?attachment_id=11835\" data-orig-file=\"https:\/\/i0.wp.com\/pequod.nesodd1.no\/wp-content\/uploads\/2017\/03\/IMG_2432.jpg?fit=640%2C480&amp;ssl=1\" data-orig-size=\"640,480\" data-comments-opened=\"1\" data-image-meta=\"{&quot;aperture&quot;:&quot;2.2&quot;,&quot;credit&quot;:&quot;&quot;,&quot;camera&quot;:&quot;iPhone 6&quot;,&quot;caption&quot;:&quot;&quot;,&quot;created_timestamp&quot;:&quot;1489332897&quot;,&quot;copyright&quot;:&quot;&quot;,&quot;focal_length&quot;:&quot;4.15&quot;,&quot;iso&quot;:&quot;32&quot;,&quot;shutter_speed&quot;:&quot;0.0078125&quot;,&quot;title&quot;:&quot;&quot;,&quot;orientation&quot;:&quot;1&quot;}\" data-image-title=\"IMG_2432\" data-image-description=\"\" data-image-caption=\"\" data-large-file=\"https:\/\/i0.wp.com\/pequod.nesodd1.no\/wp-content\/uploads\/2017\/03\/IMG_2432.jpg?fit=640%2C480&amp;ssl=1\" class=\"aligncenter size-full wp-image-11835\" src=\"https:\/\/i0.wp.com\/pequod.nesodd1.no\/wp-content\/uploads\/2017\/03\/IMG_2432.jpg?resize=640%2C480\" alt=\"\" width=\"640\" height=\"480\" srcset=\"https:\/\/i0.wp.com\/pequod.nesodd1.no\/wp-content\/uploads\/2017\/03\/IMG_2432.jpg?w=640&amp;ssl=1 640w, https:\/\/i0.wp.com\/pequod.nesodd1.no\/wp-content\/uploads\/2017\/03\/IMG_2432.jpg?resize=100%2C75&amp;ssl=1 100w, https:\/\/i0.wp.com\/pequod.nesodd1.no\/wp-content\/uploads\/2017\/03\/IMG_2432.jpg?resize=300%2C225&amp;ssl=1 300w\" sizes=\"auto, (max-width: 640px) 100vw, 640px\" \/><\/a><\/p>\n<p>Det siste omr\u00e5det jeg skal nevne i denne sammenhengen har jeg ikke bilder av, da det var vanskelig for meg \u00e5 bevege meg inn i omr\u00e5det, og mesteparten uansett er avstengt n\u00e5 siden det er en byggeplass. Men tegninger av hvordan det skal bli finnes jo p\u00e5 nettet. Det som jeg synes ser litt spennende ut er noe som er d\u00f8pt for Bispekilen. Det ligger i Bispevika, som igjen ligger p\u00e5 den andre siden av Munch-Museet og Paulsenkaia (p\u00e5 den siden ligger det ogs\u00e5 en liten vannvei, men der ser det ikke ut til \u00e5 v\u00e6re planlagt noe bryggelignende).<\/p>\n<p><a href=\"https:\/\/pequod.nesodd1.no\/?attachment_id=11836\" rel=\"attachment wp-att-11836\"><img data-recalc-dims=\"1\" loading=\"lazy\" decoding=\"async\" data-attachment-id=\"11836\" data-permalink=\"https:\/\/pequod.nesodd1.no\/?attachment_id=11836\" data-orig-file=\"https:\/\/i0.wp.com\/pequod.nesodd1.no\/wp-content\/uploads\/2017\/03\/B4-Paulsenkaia-1024x768.jpg?fit=1024%2C768&amp;ssl=1\" data-orig-size=\"1024,768\" data-comments-opened=\"1\" data-image-meta=\"{&quot;aperture&quot;:&quot;0&quot;,&quot;credit&quot;:&quot;&quot;,&quot;camera&quot;:&quot;&quot;,&quot;caption&quot;:&quot;&quot;,&quot;created_timestamp&quot;:&quot;0&quot;,&quot;copyright&quot;:&quot;&quot;,&quot;focal_length&quot;:&quot;0&quot;,&quot;iso&quot;:&quot;0&quot;,&quot;shutter_speed&quot;:&quot;0&quot;,&quot;title&quot;:&quot;&quot;,&quot;orientation&quot;:&quot;0&quot;}\" data-image-title=\"B4-Paulsenkaia-1024&amp;#215;768\" data-image-description=\"\" data-image-caption=\"\" data-large-file=\"https:\/\/i0.wp.com\/pequod.nesodd1.no\/wp-content\/uploads\/2017\/03\/B4-Paulsenkaia-1024x768.jpg?fit=940%2C705&amp;ssl=1\" class=\"aligncenter size-full wp-image-11836\" src=\"https:\/\/i0.wp.com\/pequod.nesodd1.no\/wp-content\/uploads\/2017\/03\/B4-Paulsenkaia-1024x768.jpg?resize=940%2C705\" alt=\"\" width=\"940\" height=\"705\" srcset=\"https:\/\/i0.wp.com\/pequod.nesodd1.no\/wp-content\/uploads\/2017\/03\/B4-Paulsenkaia-1024x768.jpg?resize=1024%2C768&amp;ssl=1 1024w, https:\/\/i0.wp.com\/pequod.nesodd1.no\/wp-content\/uploads\/2017\/03\/B4-Paulsenkaia-1024x768.jpg?resize=100%2C75&amp;ssl=1 100w, https:\/\/i0.wp.com\/pequod.nesodd1.no\/wp-content\/uploads\/2017\/03\/B4-Paulsenkaia-1024x768.jpg?resize=300%2C225&amp;ssl=1 300w, https:\/\/i0.wp.com\/pequod.nesodd1.no\/wp-content\/uploads\/2017\/03\/B4-Paulsenkaia-1024x768.jpg?resize=768%2C576&amp;ssl=1 768w\" sizes=\"auto, (max-width: 940px) 100vw, 940px\" \/><\/a><\/p>\n<p>Omr\u00e5det hvor jeg har beveget meg i dette innlegget er det lille elvel\u00f8pet\/kanalen mellom Operaen og Munch-museet som du ser p\u00e5 tegningen over. P\u00e5 den \u00f8verste kortsiden av Munch-Museet ser du en liten kanal som s\u00e5vidt g\u00e5r opp til fortsettelsen av Operagata (som n\u00e5 er avstengt der jeg tok det f\u00f8rste bildet p\u00e5 denne siden). Men det vi n\u00e5 skal se er omr\u00e5det som du ser litt til h\u00f8yre for museet, den lille kanalen kalles nemlig for Bispekilen, som du ser i all sin prakt p\u00e5 tegningen\u00a0under.<\/p>\n<p><a href=\"https:\/\/pequod.nesodd1.no\/?attachment_id=11837\" rel=\"attachment wp-att-11837\"><img data-recalc-dims=\"1\" loading=\"lazy\" decoding=\"async\" data-attachment-id=\"11837\" data-permalink=\"https:\/\/pequod.nesodd1.no\/?attachment_id=11837\" data-orig-file=\"https:\/\/i0.wp.com\/pequod.nesodd1.no\/wp-content\/uploads\/2017\/03\/bispekilen-%C3%B8stover.jpg?fit=640%2C360&amp;ssl=1\" data-orig-size=\"640,360\" data-comments-opened=\"1\" data-image-meta=\"{&quot;aperture&quot;:&quot;0&quot;,&quot;credit&quot;:&quot;&quot;,&quot;camera&quot;:&quot;&quot;,&quot;caption&quot;:&quot;&quot;,&quot;created_timestamp&quot;:&quot;0&quot;,&quot;copyright&quot;:&quot;&quot;,&quot;focal_length&quot;:&quot;0&quot;,&quot;iso&quot;:&quot;0&quot;,&quot;shutter_speed&quot;:&quot;0&quot;,&quot;title&quot;:&quot;&quot;,&quot;orientation&quot;:&quot;0&quot;}\" data-image-title=\"bispekilen \u00f8stover\" data-image-description=\"\" data-image-caption=\"\" data-large-file=\"https:\/\/i0.wp.com\/pequod.nesodd1.no\/wp-content\/uploads\/2017\/03\/bispekilen-%C3%B8stover.jpg?fit=640%2C360&amp;ssl=1\" class=\"aligncenter size-full wp-image-11837\" src=\"https:\/\/i0.wp.com\/pequod.nesodd1.no\/wp-content\/uploads\/2017\/03\/bispekilen-%C3%B8stover.jpg?resize=640%2C360\" alt=\"\" width=\"640\" height=\"360\" srcset=\"https:\/\/i0.wp.com\/pequod.nesodd1.no\/wp-content\/uploads\/2017\/03\/bispekilen-%C3%B8stover.jpg?w=640&amp;ssl=1 640w, https:\/\/i0.wp.com\/pequod.nesodd1.no\/wp-content\/uploads\/2017\/03\/bispekilen-%C3%B8stover.jpg?resize=100%2C56&amp;ssl=1 100w, https:\/\/i0.wp.com\/pequod.nesodd1.no\/wp-content\/uploads\/2017\/03\/bispekilen-%C3%B8stover.jpg?resize=300%2C169&amp;ssl=1 300w\" sizes=\"auto, (max-width: 640px) 100vw, 640px\" \/><\/a><\/p>\n<p>Her er det tydeligvis tenkt at man kan legge til med en b\u00e5t og spise p\u00e5 en kaf\u00e9 i n\u00e6rheten. Det ser ganske idyllisk ut, vi f\u00e5r n\u00e5 se om det blir slik i praksis! Og det er uansett mange \u00e5r til mye av dette som du n\u00e5 har fatt se, er ferdig bygd og klart til bruk, b\u00e5de p\u00e5 landjorda og sj\u00f8veien! S\u00e5 vi f\u00e5r bare sm\u00f8re oss med t\u00e5lmodighet.<\/p>\n<p>Jeg synes det er litt spennende \u00e5 se hvordan det er meningen at det skal bli i dette omr\u00e5det av byen etterhvert, og h\u00e5per at ogs\u00e5 du som leser synes det er litt spennende. I neste uke kommer jeg til \u00e5 g\u00e5 den andre veien &#8211; i tid &#8211; og se litt p\u00e5 hvordan det s\u00e5 ut her for noen \u00e5r siden&#8230;f\u00f8r utbyggingen startet. H\u00e5per det blir tatt imot godt av deg som leser!<\/p>\n<p>For\u00f8vrig, vil du lese litt mer om planene framover, er siden til <a href=\"http:\/\/www.bjorvikautvikling.no\/\" target=\"_blank\">Bj\u00f8rvika Utvikling<\/a> en god start! De f\u00f8lger meg til og med p\u00e5 Instagram! \ud83d\ude00<\/p>\n<p>&nbsp;<\/p>\n<p>&nbsp;<\/p>\n<p>&nbsp;<\/p>\n<h3>Related Images:<\/h3>","protected":false},"excerpt":{"rendered":"<p>I dette innlegget, som er en fortsettelse av det jeg skrev for halvannnen\u00a0uke siden, har jeg egentlig beveget meg fra S\u00f8renga og over til Bj\u00f8rvika og Bispevika-omr\u00e5det. Jeg har tatt en liten spasertur og knipset bilder av hvordan det ser ut der n\u00e5, og ser p\u00e5 hvordan det er tenkt \u00e5 bli om noen \u00e5r. &hellip;<br \/><a href=\"https:\/\/pequod.nesodd1.no\/?p=11710\" class=\"more-link pen_element_default pen_icon_arrow_double\">Les<\/a><\/p>\n","protected":false},"author":1,"featured_media":0,"comment_status":"open","ping_status":"open","sticky":false,"template":"","format":"standard","meta":{"_crdt_document":"","ngg_post_thumbnail":0,"jetpack_post_was_ever_published":false,"_jetpack_newsletter_access":"","_jetpack_dont_email_post_to_subs":false,"_jetpack_newsletter_tier_id":0,"_jetpack_memberships_contains_paywalled_content":false,"_jetpack_memberships_contains_paid_content":false,"footnotes":""},"categories":[11,3,1043],"tags":[2562,2341,66,2559,1328],"class_list":["post-11710","post","type-post","status-publish","format-standard","hentry","category-pics","category-blogg","category-diverse","tag-bispekilen","tag-bispevika","tag-bjorvika","tag-munch-brygge","tag-sorenga"],"jetpack_featured_media_url":"","jetpack_shortlink":"https:\/\/wp.me\/p3Zd9b-32S","jetpack_sharing_enabled":true,"jetpack_likes_enabled":true,"jetpack-related-posts":[],"_links":{"self":[{"href":"https:\/\/pequod.nesodd1.no\/index.php?rest_route=\/wp\/v2\/posts\/11710","targetHints":{"allow":["GET"]}}],"collection":[{"href":"https:\/\/pequod.nesodd1.no\/index.php?rest_route=\/wp\/v2\/posts"}],"about":[{"href":"https:\/\/pequod.nesodd1.no\/index.php?rest_route=\/wp\/v2\/types\/post"}],"author":[{"embeddable":true,"href":"https:\/\/pequod.nesodd1.no\/index.php?rest_route=\/wp\/v2\/users\/1"}],"replies":[{"embeddable":true,"href":"https:\/\/pequod.nesodd1.no\/index.php?rest_route=%2Fwp%2Fv2%2Fcomments&post=11710"}],"version-history":[{"count":8,"href":"https:\/\/pequod.nesodd1.no\/index.php?rest_route=\/wp\/v2\/posts\/11710\/revisions"}],"predecessor-version":[{"id":12034,"href":"https:\/\/pequod.nesodd1.no\/index.php?rest_route=\/wp\/v2\/posts\/11710\/revisions\/12034"}],"wp:attachment":[{"href":"https:\/\/pequod.nesodd1.no\/index.php?rest_route=%2Fwp%2Fv2%2Fmedia&parent=11710"}],"wp:term":[{"taxonomy":"category","embeddable":true,"href":"https:\/\/pequod.nesodd1.no\/index.php?rest_route=%2Fwp%2Fv2%2Fcategories&post=11710"},{"taxonomy":"post_tag","embeddable":true,"href":"https:\/\/pequod.nesodd1.no\/index.php?rest_route=%2Fwp%2Fv2%2Ftags&post=11710"}],"curies":[{"name":"wp","href":"https:\/\/api.w.org\/{rel}","templated":true}]}}