{"id":13227,"date":"2017-12-21T14:22:38","date_gmt":"2017-12-21T13:22:38","guid":{"rendered":"https:\/\/pequod.nesodd1.no\/?p=13227"},"modified":"2017-12-21T14:22:38","modified_gmt":"2017-12-21T13:22:38","slug":"mot-lysere-dager","status":"publish","type":"post","link":"https:\/\/pequod.nesodd1.no\/?p=13227","title":{"rendered":"Mot lysere dager"},"content":{"rendered":"<p><a href=\"https:\/\/pequod.nesodd1.no\/?attachment_id=13197\" rel=\"attachment wp-att-13197\"><img data-recalc-dims=\"1\" loading=\"lazy\" decoding=\"async\" data-attachment-id=\"13197\" data-permalink=\"https:\/\/pequod.nesodd1.no\/?attachment_id=13197\" data-orig-file=\"https:\/\/i0.wp.com\/pequod.nesodd1.no\/wp-content\/uploads\/2017\/12\/IMG_7976.jpg?fit=640%2C480&amp;ssl=1\" data-orig-size=\"640,480\" data-comments-opened=\"1\" data-image-meta=\"{&quot;aperture&quot;:&quot;1.8&quot;,&quot;credit&quot;:&quot;&quot;,&quot;camera&quot;:&quot;iPhone 7&quot;,&quot;caption&quot;:&quot;&quot;,&quot;created_timestamp&quot;:&quot;1512313085&quot;,&quot;copyright&quot;:&quot;&quot;,&quot;focal_length&quot;:&quot;3.99&quot;,&quot;iso&quot;:&quot;20&quot;,&quot;shutter_speed&quot;:&quot;0.000449034575662&quot;,&quot;title&quot;:&quot;&quot;,&quot;orientation&quot;:&quot;1&quot;}\" data-image-title=\"IMG_7976\" data-image-description=\"\" data-image-caption=\"\" data-large-file=\"https:\/\/i0.wp.com\/pequod.nesodd1.no\/wp-content\/uploads\/2017\/12\/IMG_7976.jpg?fit=640%2C480&amp;ssl=1\" class=\"alignleft size-thumbnail wp-image-13197\" src=\"https:\/\/i0.wp.com\/pequod.nesodd1.no\/wp-content\/uploads\/2017\/12\/IMG_7976-100x75.jpg?resize=100%2C75\" alt=\"\" width=\"100\" height=\"75\" srcset=\"https:\/\/i0.wp.com\/pequod.nesodd1.no\/wp-content\/uploads\/2017\/12\/IMG_7976.jpg?resize=100%2C75&amp;ssl=1 100w, https:\/\/i0.wp.com\/pequod.nesodd1.no\/wp-content\/uploads\/2017\/12\/IMG_7976.jpg?resize=300%2C225&amp;ssl=1 300w, https:\/\/i0.wp.com\/pequod.nesodd1.no\/wp-content\/uploads\/2017\/12\/IMG_7976.jpg?w=640&amp;ssl=1 640w\" sizes=\"auto, (max-width: 100px) 100vw, 100px\" \/><\/a>I dag er dagen kommet som alle vinterb\u00e5tbrukere ser fram mot. Det er nemlig vintersolhverv i dag, slik at fra og med n\u00e5 blir det noen minutter lysere hver dag. Det betyr &#8211; etterhvert &#8211; st\u00f8rre sjanser for en liten svipptur utp\u00e5 etter jobb.<!--more--><\/p>\n<p>N\u00e5r jeg jobber vakter som slutter 15 eller 16 p\u00e5 denne tiden av \u00e5ret m\u00e5 jeg nemlig se langt etter en liten tur utp\u00e5 fjorden. For innen jeg har kommet hjem, skiftet og kommet meg ned til b\u00e5thavna, s\u00e5 er m\u00f8rket forlengst ankommet. Det blir faktisk allerede m\u00f8rkere mens jeg sitter p\u00e5 Nesoddenferga p\u00e5 vei hjem.<\/p>\n<p>Men fra i morgen blir det alts\u00e5 litt lysere hver dag. Det begynner imidlertid forsiktig, med tre sekunder mer dagslys i morgen, i slutten av januar har det \u00f8kt med nesten fem minutter, og godt ute i mars er vi oppe i over fem og et halvt minutter mer dagslyg om dagen, og dagen med dagslys er over 13 timer lang, mot under seks timer langt i dag.<\/p>\n<p>Denne bloggen tar litt juleferie fra i morgen, bortsett fra et turinnlegg som kommer i morgen ettermiddag. Det blir kanskje et par innlegg i romjula ogs\u00e5, men jeg tar det med ro resten av \u00e5ret.<\/p>\n<p>Og den f\u00f8rste uka neste \u00e5r g\u00e5r &#8211; tradisjonen tro &#8211; stort sett med til oppsummeringer av b\u00e5tsesongen 2017.<\/p>\n<p><a href=\"https:\/\/pequod.nesodd1.no\/?attachment_id=11455\" rel=\"attachment wp-att-11455\"><img data-recalc-dims=\"1\" loading=\"lazy\" decoding=\"async\" data-attachment-id=\"11455\" data-permalink=\"https:\/\/pequod.nesodd1.no\/?attachment_id=11455\" data-orig-file=\"https:\/\/i0.wp.com\/pequod.nesodd1.no\/wp-content\/uploads\/2017\/02\/1-IMG_6449.jpg?fit=1024%2C683&amp;ssl=1\" data-orig-size=\"1024,683\" data-comments-opened=\"1\" data-image-meta=\"{&quot;aperture&quot;:&quot;8&quot;,&quot;credit&quot;:&quot;Picasa&quot;,&quot;camera&quot;:&quot;Canon EOS 700D&quot;,&quot;caption&quot;:&quot;&quot;,&quot;created_timestamp&quot;:&quot;1487341165&quot;,&quot;copyright&quot;:&quot;&quot;,&quot;focal_length&quot;:&quot;18&quot;,&quot;iso&quot;:&quot;100&quot;,&quot;shutter_speed&quot;:&quot;0.005&quot;,&quot;title&quot;:&quot;&quot;,&quot;orientation&quot;:&quot;0&quot;}\" data-image-title=\"1-IMG_6449\" data-image-description=\"\" data-image-caption=\"\" data-large-file=\"https:\/\/i0.wp.com\/pequod.nesodd1.no\/wp-content\/uploads\/2017\/02\/1-IMG_6449.jpg?fit=940%2C627&amp;ssl=1\" class=\"aligncenter size-large wp-image-11455\" src=\"https:\/\/i0.wp.com\/pequod.nesodd1.no\/wp-content\/uploads\/2017\/02\/1-IMG_6449-1024x683.jpg?resize=940%2C627\" alt=\"\" width=\"940\" height=\"627\" srcset=\"https:\/\/i0.wp.com\/pequod.nesodd1.no\/wp-content\/uploads\/2017\/02\/1-IMG_6449.jpg?w=1024&amp;ssl=1 1024w, https:\/\/i0.wp.com\/pequod.nesodd1.no\/wp-content\/uploads\/2017\/02\/1-IMG_6449.jpg?resize=300%2C200&amp;ssl=1 300w, https:\/\/i0.wp.com\/pequod.nesodd1.no\/wp-content\/uploads\/2017\/02\/1-IMG_6449.jpg?resize=768%2C512&amp;ssl=1 768w\" sizes=\"auto, (max-width: 940px) 100vw, 940px\" \/><\/a><\/p>\n<h3>Related Images:<\/h3>","protected":false},"excerpt":{"rendered":"<p>I dag er dagen kommet som alle vinterb\u00e5tbrukere ser fram mot. Det er nemlig vintersolhverv i dag, slik at fra og med n\u00e5 blir det noen minutter lysere hver dag. Det betyr &#8211; etterhvert &#8211; st\u00f8rre sjanser for en liten svipptur utp\u00e5 etter jobb. Related Images:<\/p>\n","protected":false},"author":1,"featured_media":0,"comment_status":"open","ping_status":"open","sticky":false,"template":"","format":"standard","meta":{"_crdt_document":"","ngg_post_thumbnail":0,"jetpack_post_was_ever_published":false,"_jetpack_newsletter_access":"","_jetpack_dont_email_post_to_subs":false,"_jetpack_newsletter_tier_id":0,"_jetpack_memberships_contains_paywalled_content":false,"_jetpack_memberships_contains_paid_content":false,"footnotes":""},"categories":[3,1043,147,8],"tags":[2806,443,2805],"class_list":["post-13227","post","type-post","status-publish","format-standard","hentry","category-blogg","category-diverse","category-ferie","category-vaer","tag-mer-lys","tag-sola-snur","tag-vintersolhverv"],"jetpack_featured_media_url":"","jetpack_shortlink":"https:\/\/wp.me\/p3Zd9b-3rl","jetpack_sharing_enabled":true,"jetpack_likes_enabled":true,"jetpack-related-posts":[],"_links":{"self":[{"href":"https:\/\/pequod.nesodd1.no\/index.php?rest_route=\/wp\/v2\/posts\/13227","targetHints":{"allow":["GET"]}}],"collection":[{"href":"https:\/\/pequod.nesodd1.no\/index.php?rest_route=\/wp\/v2\/posts"}],"about":[{"href":"https:\/\/pequod.nesodd1.no\/index.php?rest_route=\/wp\/v2\/types\/post"}],"author":[{"embeddable":true,"href":"https:\/\/pequod.nesodd1.no\/index.php?rest_route=\/wp\/v2\/users\/1"}],"replies":[{"embeddable":true,"href":"https:\/\/pequod.nesodd1.no\/index.php?rest_route=%2Fwp%2Fv2%2Fcomments&post=13227"}],"version-history":[{"count":1,"href":"https:\/\/pequod.nesodd1.no\/index.php?rest_route=\/wp\/v2\/posts\/13227\/revisions"}],"predecessor-version":[{"id":13228,"href":"https:\/\/pequod.nesodd1.no\/index.php?rest_route=\/wp\/v2\/posts\/13227\/revisions\/13228"}],"wp:attachment":[{"href":"https:\/\/pequod.nesodd1.no\/index.php?rest_route=%2Fwp%2Fv2%2Fmedia&parent=13227"}],"wp:term":[{"taxonomy":"category","embeddable":true,"href":"https:\/\/pequod.nesodd1.no\/index.php?rest_route=%2Fwp%2Fv2%2Fcategories&post=13227"},{"taxonomy":"post_tag","embeddable":true,"href":"https:\/\/pequod.nesodd1.no\/index.php?rest_route=%2Fwp%2Fv2%2Ftags&post=13227"}],"curies":[{"name":"wp","href":"https:\/\/api.w.org\/{rel}","templated":true}]}}