{"id":13250,"date":"2018-01-03T13:45:04","date_gmt":"2018-01-03T12:45:04","guid":{"rendered":"https:\/\/pequod.nesodd1.no\/?p=13250"},"modified":"2018-01-09T02:39:59","modified_gmt":"2018-01-09T01:39:59","slug":"retur-til-bakke-og-iddefjorden-del-3","status":"publish","type":"post","link":"https:\/\/pequod.nesodd1.no\/?p=13250","title":{"rendered":"Retur til Bakke og Iddefjorden \u2013 del 3"},"content":{"rendered":"<p>S\u00e5 har turen kommet til siste del av turrapporten fra september (ja, jeg ligger litt p\u00e5 etterskudd&#8230;). Det skulle blitt den siste turrapporten i 2017, men jeg klarte aldri \u00e5 bli ferdig med den i romjula slik jeg hadde planlagt&#8230; Og enda har jeg en liten turrapport til p\u00e5 lager&#8230;<!--more--><\/p>\n<p>Som jeg skrev i <a href=\"https:\/\/pequod.nesodd1.no\/?p=13215\">forrige innlegg<\/a> ble andre dag p\u00e5 Bakke noe mer dramatisk enn jeg hadde trodd. Etter \u00e5 ha st\u00e5tt opp i b\u00e5ten og deretter spist frokost p\u00e5 Bakkesenteret sammen med rederinnen, s\u00e5 spurte hun om jeg hadde lyst til \u00e5 bli med p\u00e5 bassengtreningen.<\/p>\n<p>Det hadde jeg fors\u00e5vidt lyst til, men siden jeg fortsatt sliter med en t\u00e5 p\u00e5 venstrefoten, den ene jeg har igjen, s\u00e5 trodde jeg ikke at det lot seg gj\u00f8re. Reglene er nemlig ganske \u00e5penbare: Ingen \u00e5pne s\u00e5r i bassenget.<\/p>\n<p>Jeg fikk derfor beskjed om \u00e5 melde meg p\u00e5 sykepleierkontoret for en sjekk av t\u00e5a og eventuell gr\u00f8nt lys for \u00e5 bade som gjest.<\/p>\n<p><a href=\"https:\/\/pequod.nesodd1.no\/?attachment_id=13245\" rel=\"attachment wp-att-13245\"><img data-recalc-dims=\"1\" loading=\"lazy\" decoding=\"async\" data-attachment-id=\"13245\" data-permalink=\"https:\/\/pequod.nesodd1.no\/?attachment_id=13245\" data-orig-file=\"https:\/\/i0.wp.com\/pequod.nesodd1.no\/wp-content\/uploads\/2017\/12\/IMG_7129.jpg?fit=640%2C480&amp;ssl=1\" data-orig-size=\"640,480\" data-comments-opened=\"1\" data-image-meta=\"{&quot;aperture&quot;:&quot;1.8&quot;,&quot;credit&quot;:&quot;&quot;,&quot;camera&quot;:&quot;iPhone 7&quot;,&quot;caption&quot;:&quot;&quot;,&quot;created_timestamp&quot;:&quot;1506517312&quot;,&quot;copyright&quot;:&quot;&quot;,&quot;focal_length&quot;:&quot;3.99&quot;,&quot;iso&quot;:&quot;20&quot;,&quot;shutter_speed&quot;:&quot;0.000657894736842&quot;,&quot;title&quot;:&quot;&quot;,&quot;orientation&quot;:&quot;1&quot;}\" data-image-title=\"IMG_7129\" data-image-description=\"\" data-image-caption=\"\" data-large-file=\"https:\/\/i0.wp.com\/pequod.nesodd1.no\/wp-content\/uploads\/2017\/12\/IMG_7129.jpg?fit=640%2C480&amp;ssl=1\" class=\"alignleft wp-image-13245 size-medium\" src=\"https:\/\/i0.wp.com\/pequod.nesodd1.no\/wp-content\/uploads\/2017\/12\/IMG_7129-300x225.jpg?resize=300%2C225\" alt=\"\" width=\"300\" height=\"225\" srcset=\"https:\/\/i0.wp.com\/pequod.nesodd1.no\/wp-content\/uploads\/2017\/12\/IMG_7129.jpg?resize=300%2C225&amp;ssl=1 300w, https:\/\/i0.wp.com\/pequod.nesodd1.no\/wp-content\/uploads\/2017\/12\/IMG_7129.jpg?resize=100%2C75&amp;ssl=1 100w, https:\/\/i0.wp.com\/pequod.nesodd1.no\/wp-content\/uploads\/2017\/12\/IMG_7129.jpg?w=640&amp;ssl=1 640w\" sizes=\"auto, (max-width: 300px) 100vw, 300px\" \/><\/a>Det endte som jeg regnet med: Et kontant nei. For det viste seg at s\u00e5ret hadde \u00e5pnet seg p\u00e5 turen nedover. Det s\u00e5 nemlig ikke s\u00e5 ille ut da jeg dro, men det skal veldig lite til f\u00f8r det snur igjen. Jeg fikk dermed beskjed om \u00e5 bestille time p\u00e5 Ahus for kontroll s\u00e5 fort som mulig.<\/p>\n<p>Men da jeg satt og spiste lunsj kom en av sykepleierne bort til meg og sa at hun hadde bestilt time til meg! Da g\u00e5r det jo mye raskere enn hvis jeg skulle ha gjort det selv &#8211; topp service med andre ord! Problemet var at timen var allerede dagen etter, p\u00e5 formiddagen!<\/p>\n<p>Riktignok hadde jeg uansett planlagt \u00e5 dra fra Bakke etter lunsj, men her m\u00e5tte jeg tenke meg om. Skulle jeg ta b\u00e5ten, kanskje komme meg til Moss og deretter ta toget inn til Oslo, dra til sykehuset og deretter retur til Moss for \u00e5 kj\u00f8re b\u00e5ten hjem &#8211; eller skulle jeg ta buss inn til Halden, tog til Oslo, sove hjemme, dra p\u00e5 Ahus og deretter tog og buss tilbake til Halden og Bakke for deretter \u00e5 ta b\u00e5ten hjem?<\/p>\n<p>Sistnevnte ville bety \u00e9n dags forsinkelse p\u00e5 returen, noe som kunne ha v\u00e6rt greit hvis rederinnen fortsatt var p\u00e5 Bakke, men ettersom hun ville dra hjem p\u00e5 permisjon fredag, s\u00e5 ville hun ikke v\u00e6re p\u00e5 Bakke n\u00e5r jeg kom tilbake, og det ville v\u00e6rt litt merkelig.<\/p>\n<p>S\u00e5 derfor valgte jeg f\u00f8rste alternativet. Kom meg uansett senere avg\u00e5rde enn jeg burde, men v\u00e6ret var flott med omtrent silkef\u00f8re, sol og bl\u00e5 himmel innimellom skyene, og ikke minst: doble plussgrader.<\/p>\n<p>Jeg var jo klar over at jeg ikke ville komme meg til Moss f\u00f8r m\u00f8rket falt p\u00e5, men hummersesongen var enn\u00e5 ikke startet og jeg kjenner etterhvert dette farvannet ganske godt, s\u00e5 her var det bare \u00e5 peise p\u00e5 i &laquo;ekspressnekka!&raquo; \ud83d\ude00<\/p>\n<figure id=\"attachment_13272\" aria-describedby=\"caption-attachment-13272\" style=\"width: 1000px\" class=\"wp-caption aligncenter\"><a href=\"https:\/\/pequod.nesodd1.no\/?attachment_id=13272\" rel=\"attachment wp-att-13272\"><img data-recalc-dims=\"1\" loading=\"lazy\" decoding=\"async\" data-attachment-id=\"13272\" data-permalink=\"https:\/\/pequod.nesodd1.no\/?attachment_id=13272\" data-orig-file=\"https:\/\/i0.wp.com\/pequod.nesodd1.no\/wp-content\/uploads\/2018\/01\/IMG_7160.JPG.2321a11b9b7ecebc83f64a18e145c6f8.jpg?fit=1000%2C750&amp;ssl=1\" data-orig-size=\"1000,750\" data-comments-opened=\"1\" data-image-meta=\"{&quot;aperture&quot;:&quot;0&quot;,&quot;credit&quot;:&quot;&quot;,&quot;camera&quot;:&quot;&quot;,&quot;caption&quot;:&quot;&quot;,&quot;created_timestamp&quot;:&quot;0&quot;,&quot;copyright&quot;:&quot;&quot;,&quot;focal_length&quot;:&quot;0&quot;,&quot;iso&quot;:&quot;0&quot;,&quot;shutter_speed&quot;:&quot;0&quot;,&quot;title&quot;:&quot;&quot;,&quot;orientation&quot;:&quot;0&quot;}\" data-image-title=\"IMG_7160.JPG.2321a11b9b7ecebc83f64a18e145c6f8\" data-image-description=\"&lt;p&gt;Svinesund&lt;\/p&gt;\n\" data-image-caption=\"&lt;p&gt;Nesten ny fartsrekord her!&lt;\/p&gt;\n\" data-large-file=\"https:\/\/i0.wp.com\/pequod.nesodd1.no\/wp-content\/uploads\/2018\/01\/IMG_7160.JPG.2321a11b9b7ecebc83f64a18e145c6f8.jpg?fit=940%2C705&amp;ssl=1\" class=\"wp-image-13272 size-full\" src=\"https:\/\/i0.wp.com\/pequod.nesodd1.no\/wp-content\/uploads\/2018\/01\/IMG_7160.JPG.2321a11b9b7ecebc83f64a18e145c6f8.jpg?resize=940%2C705\" alt=\"\" width=\"940\" height=\"705\" srcset=\"https:\/\/i0.wp.com\/pequod.nesodd1.no\/wp-content\/uploads\/2018\/01\/IMG_7160.JPG.2321a11b9b7ecebc83f64a18e145c6f8.jpg?w=1000&amp;ssl=1 1000w, https:\/\/i0.wp.com\/pequod.nesodd1.no\/wp-content\/uploads\/2018\/01\/IMG_7160.JPG.2321a11b9b7ecebc83f64a18e145c6f8.jpg?resize=100%2C75&amp;ssl=1 100w, https:\/\/i0.wp.com\/pequod.nesodd1.no\/wp-content\/uploads\/2018\/01\/IMG_7160.JPG.2321a11b9b7ecebc83f64a18e145c6f8.jpg?resize=300%2C225&amp;ssl=1 300w, https:\/\/i0.wp.com\/pequod.nesodd1.no\/wp-content\/uploads\/2018\/01\/IMG_7160.JPG.2321a11b9b7ecebc83f64a18e145c6f8.jpg?resize=768%2C576&amp;ssl=1 768w\" sizes=\"auto, (max-width: 940px) 100vw, 940px\" \/><\/a><figcaption id=\"caption-attachment-13272\" class=\"wp-caption-text\">Nesten ny fartsrekord her!<\/figcaption><\/figure>\n<p>Ruta gikk f\u00f8rst ut Bakke Camping og forbi Halden. Deretter ut under Svinesundsbroene hvor jeg fikk s\u00e5 mye medstr\u00f8m at jeg var oppe i 8,3 knop! Det er nest st\u00f8rste fart som jeg har v\u00e6rt oppe i med b\u00e5ten. Rekorden er 8,6 knop, satt i Dr\u00f8baksundet.<\/p>\n<p>Opprinnelig hadde jeg planlagt \u00e5 ta en liten titt innom Fredrikstad, men det m\u00e5tte jeg kutte ut n\u00e5. S\u00e5 etter \u00e5 ha passert Singlefjorden og Mefjorden, kj\u00f8rt inn gjennom Kj\u00f8k\u00f8ysundet og over Lera, s\u00e5 var det bare \u00e5 fortsette nonstop.<\/p>\n<p>Det var begynt \u00e5 m\u00f8rkne n\u00e5r jeg passerte Str\u00f8mtangen, men derfra og inn til Moss er det jo greit og ukomplisert farvann. Valgte \u00e5 kj\u00f8re &laquo;utaskj\u00e6rs&raquo; og ikke ta innsiden denne gangen, nettopp fordi det var i ferd med \u00e5 m\u00f8rkne.<\/p>\n<p>S\u00e5 ikke mange b\u00e5ter p\u00e5 denne overfarten, den var jo sent i september, og flere hadde vel allerede begynt \u00e5 ta opp b\u00e5ten. V\u00e6ret var fint, litt gr\u00e5tt, men perioder med sol. Det bl\u00e5ste omtrent ikke i det hele tatt, til og med over Lera og rundt Str\u00f8mtangen var det smult farvann.<\/p>\n<figure id=\"attachment_13273\" aria-describedby=\"caption-attachment-13273\" style=\"width: 1000px\" class=\"wp-caption aligncenter\"><a href=\"https:\/\/pequod.nesodd1.no\/?attachment_id=13273\" rel=\"attachment wp-att-13273\"><img data-recalc-dims=\"1\" loading=\"lazy\" decoding=\"async\" data-attachment-id=\"13273\" data-permalink=\"https:\/\/pequod.nesodd1.no\/?attachment_id=13273\" data-orig-file=\"https:\/\/i0.wp.com\/pequod.nesodd1.no\/wp-content\/uploads\/2018\/01\/IMG_7177.JPG.c2d95faa039016cdbe43255cea71b516.jpg?fit=1000%2C750&amp;ssl=1\" data-orig-size=\"1000,750\" data-comments-opened=\"1\" data-image-meta=\"{&quot;aperture&quot;:&quot;0&quot;,&quot;credit&quot;:&quot;&quot;,&quot;camera&quot;:&quot;&quot;,&quot;caption&quot;:&quot;&quot;,&quot;created_timestamp&quot;:&quot;0&quot;,&quot;copyright&quot;:&quot;&quot;,&quot;focal_length&quot;:&quot;0&quot;,&quot;iso&quot;:&quot;0&quot;,&quot;shutter_speed&quot;:&quot;0&quot;,&quot;title&quot;:&quot;&quot;,&quot;orientation&quot;:&quot;0&quot;}\" data-image-title=\"IMG_7177.JPG.c2d95faa039016cdbe43255cea71b516\" data-image-description=\"&lt;p&gt;Str\u00f8mtangen, Lera&lt;\/p&gt;\n\" data-image-caption=\"&lt;p&gt;Str\u00f8mtangen&lt;\/p&gt;\n\" data-large-file=\"https:\/\/i0.wp.com\/pequod.nesodd1.no\/wp-content\/uploads\/2018\/01\/IMG_7177.JPG.c2d95faa039016cdbe43255cea71b516.jpg?fit=940%2C705&amp;ssl=1\" class=\"size-full wp-image-13273\" src=\"https:\/\/i0.wp.com\/pequod.nesodd1.no\/wp-content\/uploads\/2018\/01\/IMG_7177.JPG.c2d95faa039016cdbe43255cea71b516.jpg?resize=940%2C705\" alt=\"\" width=\"940\" height=\"705\" srcset=\"https:\/\/i0.wp.com\/pequod.nesodd1.no\/wp-content\/uploads\/2018\/01\/IMG_7177.JPG.c2d95faa039016cdbe43255cea71b516.jpg?w=1000&amp;ssl=1 1000w, https:\/\/i0.wp.com\/pequod.nesodd1.no\/wp-content\/uploads\/2018\/01\/IMG_7177.JPG.c2d95faa039016cdbe43255cea71b516.jpg?resize=100%2C75&amp;ssl=1 100w, https:\/\/i0.wp.com\/pequod.nesodd1.no\/wp-content\/uploads\/2018\/01\/IMG_7177.JPG.c2d95faa039016cdbe43255cea71b516.jpg?resize=300%2C225&amp;ssl=1 300w, https:\/\/i0.wp.com\/pequod.nesodd1.no\/wp-content\/uploads\/2018\/01\/IMG_7177.JPG.c2d95faa039016cdbe43255cea71b516.jpg?resize=768%2C576&amp;ssl=1 768w\" sizes=\"auto, (max-width: 940px) 100vw, 940px\" \/><\/a><figcaption id=\"caption-attachment-13273\" class=\"wp-caption-text\">Str\u00f8mtangen<\/figcaption><\/figure>\n<p>Dermed ble det &laquo;smooth sailing&raquo; helt til jeg kom fram til Moss. Nok en gang unngikk jeg \u00e5 bli rent i senk av Bast\u00f8-fergene, og jeg la til ved den nordlige gjestebrygga fem minutter over klokka 23 &#8211; etter \u00e5 ha kj\u00f8rt i ett i \u00e5tte og en halv time. Det er langt fra ny rekord, men et godt strekke.<\/p>\n<p>Dermed var jeg i rute! Tok et rask kveldsm\u00e5ltid f\u00f8r jeg la meg &#8211; skulle tidlig opp!<\/p>\n<p>M\u00e5tte nemlig ta et tog som gikk rett etter klokka \u00e5tte p\u00e5 morgenen fredag. Var ganske s\u00e5 groggy da jeg sto opp, men fordelen med gjestehavna i Moss er jo at den er knappe fem minutters gange fra togstasjonen.<\/p>\n<p><a href=\"https:\/\/pequod.nesodd1.no\/?attachment_id=13274\" rel=\"attachment wp-att-13274\"><img data-recalc-dims=\"1\" loading=\"lazy\" decoding=\"async\" data-attachment-id=\"13274\" data-permalink=\"https:\/\/pequod.nesodd1.no\/?attachment_id=13274\" data-orig-file=\"https:\/\/i0.wp.com\/pequod.nesodd1.no\/wp-content\/uploads\/2018\/01\/IMG_7184.JPG.a86570e793a1a74ef81201a73504143f.jpg?fit=1000%2C750&amp;ssl=1\" data-orig-size=\"1000,750\" data-comments-opened=\"1\" data-image-meta=\"{&quot;aperture&quot;:&quot;0&quot;,&quot;credit&quot;:&quot;&quot;,&quot;camera&quot;:&quot;&quot;,&quot;caption&quot;:&quot;&quot;,&quot;created_timestamp&quot;:&quot;0&quot;,&quot;copyright&quot;:&quot;&quot;,&quot;focal_length&quot;:&quot;0&quot;,&quot;iso&quot;:&quot;0&quot;,&quot;shutter_speed&quot;:&quot;0&quot;,&quot;title&quot;:&quot;&quot;,&quot;orientation&quot;:&quot;0&quot;}\" data-image-title=\"IMG_7184.JPG.a86570e793a1a74ef81201a73504143f\" data-image-description=\"&lt;p&gt;Moss&lt;\/p&gt;\n\" data-image-caption=\"&lt;p&gt;P\u00e5 plass i Moss.&lt;\/p&gt;\n\" data-large-file=\"https:\/\/i0.wp.com\/pequod.nesodd1.no\/wp-content\/uploads\/2018\/01\/IMG_7184.JPG.a86570e793a1a74ef81201a73504143f.jpg?fit=940%2C705&amp;ssl=1\" class=\"size-full wp-image-13274\" src=\"https:\/\/i0.wp.com\/pequod.nesodd1.no\/wp-content\/uploads\/2018\/01\/IMG_7184.JPG.a86570e793a1a74ef81201a73504143f.jpg?resize=940%2C705\" alt=\"\" width=\"940\" height=\"705\" srcset=\"https:\/\/i0.wp.com\/pequod.nesodd1.no\/wp-content\/uploads\/2018\/01\/IMG_7184.JPG.a86570e793a1a74ef81201a73504143f.jpg?w=1000&amp;ssl=1 1000w, https:\/\/i0.wp.com\/pequod.nesodd1.no\/wp-content\/uploads\/2018\/01\/IMG_7184.JPG.a86570e793a1a74ef81201a73504143f.jpg?resize=100%2C75&amp;ssl=1 100w, https:\/\/i0.wp.com\/pequod.nesodd1.no\/wp-content\/uploads\/2018\/01\/IMG_7184.JPG.a86570e793a1a74ef81201a73504143f.jpg?resize=300%2C225&amp;ssl=1 300w, https:\/\/i0.wp.com\/pequod.nesodd1.no\/wp-content\/uploads\/2018\/01\/IMG_7184.JPG.a86570e793a1a74ef81201a73504143f.jpg?resize=768%2C576&amp;ssl=1 768w\" sizes=\"auto, (max-width: 940px) 100vw, 940px\" \/><\/a><\/p>\n<p>For \u00e5 gj\u00f8re en lang historie kort ble jeg tatt imot p\u00e5 s\u00e5rpoliklinikken p\u00e5 Ahus der de unders\u00f8kte og renset s\u00e5ret og ga meg en ny antibiotikakur. Noe s\u00e6rlig mer var det ikke \u00e5 gj\u00f8re. Det var nok ikke s\u00e5 ille som det s\u00e5 ut som, men siden jeg ikke var innlagt p\u00e5 Bakke s\u00e5 turde jo ikke sykepleierne der \u00e5 begynne \u00e5 rense eller rote i s\u00e5ret. De skal uansett ha takk for at de fikk meg til grundig kontroll raskt!<\/p>\n<p>Dermed var det buss fra Ahus til Oslo og tog til Moss igjen, der b\u00e5ten l\u00e5 og ventet p\u00e5 meg. Jeg var litt&nbsp;sliten og la meg derfor nedp\u00e5 litt etter retur fra sykehuset.<\/p>\n<p><a href=\"https:\/\/pequod.nesodd1.no\/?attachment_id=13275\" rel=\"attachment wp-att-13275\"><img data-recalc-dims=\"1\" loading=\"lazy\" decoding=\"async\" data-attachment-id=\"13275\" data-permalink=\"https:\/\/pequod.nesodd1.no\/?attachment_id=13275\" data-orig-file=\"https:\/\/i0.wp.com\/pequod.nesodd1.no\/wp-content\/uploads\/2018\/01\/IMG_7191.JPG.6e833690378dcad88608fa8e5da0fd90.jpg?fit=1000%2C750&amp;ssl=1\" data-orig-size=\"1000,750\" data-comments-opened=\"1\" data-image-meta=\"{&quot;aperture&quot;:&quot;0&quot;,&quot;credit&quot;:&quot;&quot;,&quot;camera&quot;:&quot;&quot;,&quot;caption&quot;:&quot;&quot;,&quot;created_timestamp&quot;:&quot;0&quot;,&quot;copyright&quot;:&quot;&quot;,&quot;focal_length&quot;:&quot;0&quot;,&quot;iso&quot;:&quot;0&quot;,&quot;shutter_speed&quot;:&quot;0&quot;,&quot;title&quot;:&quot;&quot;,&quot;orientation&quot;:&quot;0&quot;}\" data-image-title=\"IMG_7191.JPG.6e833690378dcad88608fa8e5da0fd90\" data-image-description=\"\" data-image-caption=\"\" data-large-file=\"https:\/\/i0.wp.com\/pequod.nesodd1.no\/wp-content\/uploads\/2018\/01\/IMG_7191.JPG.6e833690378dcad88608fa8e5da0fd90.jpg?fit=940%2C705&amp;ssl=1\" class=\"aligncenter size-full wp-image-13275\" src=\"https:\/\/i0.wp.com\/pequod.nesodd1.no\/wp-content\/uploads\/2018\/01\/IMG_7191.JPG.6e833690378dcad88608fa8e5da0fd90.jpg?resize=940%2C705\" alt=\"\" width=\"940\" height=\"705\" srcset=\"https:\/\/i0.wp.com\/pequod.nesodd1.no\/wp-content\/uploads\/2018\/01\/IMG_7191.JPG.6e833690378dcad88608fa8e5da0fd90.jpg?w=1000&amp;ssl=1 1000w, https:\/\/i0.wp.com\/pequod.nesodd1.no\/wp-content\/uploads\/2018\/01\/IMG_7191.JPG.6e833690378dcad88608fa8e5da0fd90.jpg?resize=100%2C75&amp;ssl=1 100w, https:\/\/i0.wp.com\/pequod.nesodd1.no\/wp-content\/uploads\/2018\/01\/IMG_7191.JPG.6e833690378dcad88608fa8e5da0fd90.jpg?resize=300%2C225&amp;ssl=1 300w, https:\/\/i0.wp.com\/pequod.nesodd1.no\/wp-content\/uploads\/2018\/01\/IMG_7191.JPG.6e833690378dcad88608fa8e5da0fd90.jpg?resize=768%2C576&amp;ssl=1 768w\" sizes=\"auto, (max-width: 940px) 100vw, 940px\" \/><\/a>S\u00e5 begynte jeg med litt rydding og sm\u00e5fiksing p\u00e5 b\u00e5ten, kastet litt s\u00f8ppel.&nbsp;Gjorde noen innkj\u00f8p og tok meg en tur rundt i n\u00e6romr\u00e5det. fant fram til Kiwi-butikken og tok en kikk p\u00e5 b\u00e5thavna som ligger s\u00f8r for kanalen.<\/p>\n<p>I l\u00f8pet av dagen var det kommet en annen b\u00e5t som hadde lagt seg til foran meg, med et mannskap i godt hum\u00f8r. De skulle visst p\u00e5 en Elvis-forestilling senere p\u00e5 kvelden og varmet opp med en ankerdram eller to. H\u00f8ylytte og i godt hum\u00f8r og absolutt ikke til bry p\u00e5 noen m\u00e5te. H\u00e5per de hadde en hyggelig kveld.<\/p>\n<p>Mens jeg gjorde meg klar i b\u00e5ten og ryddet unna litt, s\u00e5 kom det plutselig en Marex kj\u00f8rende inn, med to venner om bord. De var p\u00e5 vei til Son og skulle overnatte der. De kjente igjen b\u00e5ten min da de kom kj\u00f8rende gjennom kanalen og tok en liten u-sving for \u00e5 hilse p\u00e5. Selv hadde jeg tenkt \u00e5 komme meg til H\u00e5\u00f8ya eller kanskje Borgen.<\/p>\n<p><a href=\"https:\/\/pequod.nesodd1.no\/?attachment_id=13276\" rel=\"attachment wp-att-13276\"><img data-recalc-dims=\"1\" loading=\"lazy\" decoding=\"async\" data-attachment-id=\"13276\" data-permalink=\"https:\/\/pequod.nesodd1.no\/?attachment_id=13276\" data-orig-file=\"https:\/\/i0.wp.com\/pequod.nesodd1.no\/wp-content\/uploads\/2018\/01\/IMG_7203.JPG.6c2ae41bc85c1a1f6717d771caa8c40b.jpg?fit=1000%2C750&amp;ssl=1\" data-orig-size=\"1000,750\" data-comments-opened=\"1\" data-image-meta=\"{&quot;aperture&quot;:&quot;0&quot;,&quot;credit&quot;:&quot;&quot;,&quot;camera&quot;:&quot;&quot;,&quot;caption&quot;:&quot;&quot;,&quot;created_timestamp&quot;:&quot;0&quot;,&quot;copyright&quot;:&quot;&quot;,&quot;focal_length&quot;:&quot;0&quot;,&quot;iso&quot;:&quot;0&quot;,&quot;shutter_speed&quot;:&quot;0&quot;,&quot;title&quot;:&quot;&quot;,&quot;orientation&quot;:&quot;0&quot;}\" data-image-title=\"IMG_7203.JPG.6c2ae41bc85c1a1f6717d771caa8c40b\" data-image-description=\"\" data-image-caption=\"\" data-large-file=\"https:\/\/i0.wp.com\/pequod.nesodd1.no\/wp-content\/uploads\/2018\/01\/IMG_7203.JPG.6c2ae41bc85c1a1f6717d771caa8c40b.jpg?fit=940%2C705&amp;ssl=1\" class=\"aligncenter size-full wp-image-13276\" src=\"https:\/\/i0.wp.com\/pequod.nesodd1.no\/wp-content\/uploads\/2018\/01\/IMG_7203.JPG.6c2ae41bc85c1a1f6717d771caa8c40b.jpg?resize=940%2C705\" alt=\"\" width=\"940\" height=\"705\" srcset=\"https:\/\/i0.wp.com\/pequod.nesodd1.no\/wp-content\/uploads\/2018\/01\/IMG_7203.JPG.6c2ae41bc85c1a1f6717d771caa8c40b.jpg?w=1000&amp;ssl=1 1000w, https:\/\/i0.wp.com\/pequod.nesodd1.no\/wp-content\/uploads\/2018\/01\/IMG_7203.JPG.6c2ae41bc85c1a1f6717d771caa8c40b.jpg?resize=100%2C75&amp;ssl=1 100w, https:\/\/i0.wp.com\/pequod.nesodd1.no\/wp-content\/uploads\/2018\/01\/IMG_7203.JPG.6c2ae41bc85c1a1f6717d771caa8c40b.jpg?resize=300%2C225&amp;ssl=1 300w, https:\/\/i0.wp.com\/pequod.nesodd1.no\/wp-content\/uploads\/2018\/01\/IMG_7203.JPG.6c2ae41bc85c1a1f6717d771caa8c40b.jpg?resize=768%2C576&amp;ssl=1 768w\" sizes=\"auto, (max-width: 940px) 100vw, 940px\" \/><\/a>Men siden jeg kom meg avg\u00e5rde s\u00e5 sent fristet det mer med en hyggelig prat med venner jeg ikke hadde sett siden Holmsbu i mai, enn \u00e5 fortsette, s\u00e5 jeg endte opp med \u00e5 dra til Son jeg ogs\u00e5. En kort etappe alts\u00e5!<\/p>\n<p>Mens jeg t\u00f8ffet mot Son avtalte vi via telefonen \u00e5 spise middag sammen og da jeg kom fram hadde de satt av plass til meg rett foran dem og fort\u00f8yde b\u00e5ten for meg f\u00f8r jeg rakk \u00e5 gj\u00f8re noe selv!<\/p>\n<p>P\u00e5 vei bort for \u00e5 betale havneavgiften ble jeg praiet av en kjenning fra b\u00e5tforumet, nemlig&nbsp; Bonus og kona.&nbsp; Har truffet og hilst p\u00e5 dem ved flere anledninger, veldig hyggelige folk ( og kona hans lager veldig gode boller med sylte\u00f8y inni!). Gikk rett forbi b\u00e5ten uten \u00e5 registrere hvem som l\u00e5 der!<\/p>\n<p>Deretter gikk jeg i land sammen med de to vennene. Vi m\u00f8ttes for f\u00f8rste gang i 2015 da jeg nylig var amputert og de tilb\u00f8d seg \u00e5 kj\u00f8re meg til rockefestivalen p\u00e5 Holmsbu. Etter det har vi holdt kontakten og de har fulgt mitt eksempel og har gjort det til en tradisjon \u00e5 ta b\u00e5ten sin til gjestehavna i Holmsbu til festivalen, akkurat som jeg.<\/p>\n<p>Vi endte opp p\u00e5 Solsiden der vi spiste krabbe til forrett og fish and chips til hovedrett. Smakte utmerket!<\/p>\n<p>P\u00e5 tilbaketuren fikk jeg en omvisning om bord i redningssk\u00f8yta Elias da Marex-kapteinen jobber som frivillig i RS. Kr\u00f8p til og med inn i maskinrommet. Imponerende skute! Glemte helt \u00e5 ta bilder!<\/p>\n<figure id=\"attachment_13277\" aria-describedby=\"caption-attachment-13277\" style=\"width: 1000px\" class=\"wp-caption aligncenter\"><a href=\"https:\/\/pequod.nesodd1.no\/?attachment_id=13277\" rel=\"attachment wp-att-13277\"><img data-recalc-dims=\"1\" loading=\"lazy\" decoding=\"async\" data-attachment-id=\"13277\" data-permalink=\"https:\/\/pequod.nesodd1.no\/?attachment_id=13277\" data-orig-file=\"https:\/\/i0.wp.com\/pequod.nesodd1.no\/wp-content\/uploads\/2018\/01\/IMG_7223.JPG.d030d8085fcd8d9c172052147325cd55.jpg?fit=1000%2C749&amp;ssl=1\" data-orig-size=\"1000,749\" data-comments-opened=\"1\" data-image-meta=\"{&quot;aperture&quot;:&quot;0&quot;,&quot;credit&quot;:&quot;&quot;,&quot;camera&quot;:&quot;&quot;,&quot;caption&quot;:&quot;&quot;,&quot;created_timestamp&quot;:&quot;0&quot;,&quot;copyright&quot;:&quot;&quot;,&quot;focal_length&quot;:&quot;0&quot;,&quot;iso&quot;:&quot;0&quot;,&quot;shutter_speed&quot;:&quot;0&quot;,&quot;title&quot;:&quot;&quot;,&quot;orientation&quot;:&quot;0&quot;}\" data-image-title=\"IMG_7223.JPG.d030d8085fcd8d9c172052147325cd55\" data-image-description=\"&lt;p&gt;Son&lt;\/p&gt;\n\" data-image-caption=\"&lt;p&gt;P\u00e5 plass i Son!&lt;\/p&gt;\n\" data-large-file=\"https:\/\/i0.wp.com\/pequod.nesodd1.no\/wp-content\/uploads\/2018\/01\/IMG_7223.JPG.d030d8085fcd8d9c172052147325cd55.jpg?fit=940%2C704&amp;ssl=1\" class=\"size-full wp-image-13277\" src=\"https:\/\/i0.wp.com\/pequod.nesodd1.no\/wp-content\/uploads\/2018\/01\/IMG_7223.JPG.d030d8085fcd8d9c172052147325cd55.jpg?resize=940%2C704\" alt=\"\" width=\"940\" height=\"704\" srcset=\"https:\/\/i0.wp.com\/pequod.nesodd1.no\/wp-content\/uploads\/2018\/01\/IMG_7223.JPG.d030d8085fcd8d9c172052147325cd55.jpg?w=1000&amp;ssl=1 1000w, https:\/\/i0.wp.com\/pequod.nesodd1.no\/wp-content\/uploads\/2018\/01\/IMG_7223.JPG.d030d8085fcd8d9c172052147325cd55.jpg?resize=100%2C75&amp;ssl=1 100w, https:\/\/i0.wp.com\/pequod.nesodd1.no\/wp-content\/uploads\/2018\/01\/IMG_7223.JPG.d030d8085fcd8d9c172052147325cd55.jpg?resize=300%2C225&amp;ssl=1 300w, https:\/\/i0.wp.com\/pequod.nesodd1.no\/wp-content\/uploads\/2018\/01\/IMG_7223.JPG.d030d8085fcd8d9c172052147325cd55.jpg?resize=768%2C575&amp;ssl=1 768w\" sizes=\"auto, (max-width: 940px) 100vw, 940px\" \/><\/a><figcaption id=\"caption-attachment-13277\" class=\"wp-caption-text\">P\u00e5 plass i Son!<\/figcaption><\/figure>\n<p>Deretter ble det en liten nightcap om bord i Marexen med progrock i h\u00f8ytalerne.<\/p>\n<p>Resten av turen tok jeg det med ro. Kom meg sent avg\u00e5rde fra Son dagen etter, kastet loss rett etter klokka 17 og t\u00f8ffet bort til dieselbrygga for \u00e5 toppe tanken. Kostet 9,61 &#8211; litt mer enn de 9,47 sist gang.<\/p>\n<p>Dagen begynte for\u00f8vrig med sen frokost i nabob\u00e5ten med mine musikervenner. Deretter ble det en tur p\u00e5 land f\u00f8r jeg ble traktert med kaffe om bord i Bonus V.<\/p>\n<p>Med s\u00e5 mange hyggelige b\u00e5tfolk rundt meg er det ikke rart det tar tid f\u00f8r man kommer seg av g\u00e5rde!<\/p>\n<p>Turen gikk i fint v\u00e6r til S\u00e6tre, der jeg overnattet f\u00f8r jeg tok siste etappe hjem p\u00e5 s\u00f8ndag. Siste dagen regnet det, s\u00e5 da ble det bare strake veien hjem uten flere stopp.&nbsp;F\u00f8rst da jeg rundet Nesoddtangen kom vinden, og det bl\u00e5ste kraftig opp i Bunnefjorden mens jeg fort\u00f8yde og ryddet ut av b\u00e5ten.<\/p>\n<p>Men da hadde jeg v\u00e6rt utp\u00e5 i hele friuka mi, sju fine dager &#8211; s\u00e5 jeg kan ikke klage! God utnyttelse av avspasering!&nbsp;<\/p>\n<p><a href=\"https:\/\/pequod.nesodd1.no\/?attachment_id=13278\" rel=\"attachment wp-att-13278\"><img data-recalc-dims=\"1\" loading=\"lazy\" decoding=\"async\" data-attachment-id=\"13278\" data-permalink=\"https:\/\/pequod.nesodd1.no\/?attachment_id=13278\" data-orig-file=\"https:\/\/i0.wp.com\/pequod.nesodd1.no\/wp-content\/uploads\/2018\/01\/IMG_7230.JPG.4b03334159de53e624af44a38840ba53.jpg?fit=1000%2C750&amp;ssl=1\" data-orig-size=\"1000,750\" data-comments-opened=\"1\" data-image-meta=\"{&quot;aperture&quot;:&quot;0&quot;,&quot;credit&quot;:&quot;&quot;,&quot;camera&quot;:&quot;&quot;,&quot;caption&quot;:&quot;&quot;,&quot;created_timestamp&quot;:&quot;0&quot;,&quot;copyright&quot;:&quot;&quot;,&quot;focal_length&quot;:&quot;0&quot;,&quot;iso&quot;:&quot;0&quot;,&quot;shutter_speed&quot;:&quot;0&quot;,&quot;title&quot;:&quot;&quot;,&quot;orientation&quot;:&quot;0&quot;}\" data-image-title=\"IMG_7230.JPG.4b03334159de53e624af44a38840ba53\" data-image-description=\"\" data-image-caption=\"\" data-large-file=\"https:\/\/i0.wp.com\/pequod.nesodd1.no\/wp-content\/uploads\/2018\/01\/IMG_7230.JPG.4b03334159de53e624af44a38840ba53.jpg?fit=940%2C705&amp;ssl=1\" class=\"aligncenter size-full wp-image-13278\" src=\"https:\/\/i0.wp.com\/pequod.nesodd1.no\/wp-content\/uploads\/2018\/01\/IMG_7230.JPG.4b03334159de53e624af44a38840ba53.jpg?resize=940%2C705\" alt=\"\" width=\"940\" height=\"705\" srcset=\"https:\/\/i0.wp.com\/pequod.nesodd1.no\/wp-content\/uploads\/2018\/01\/IMG_7230.JPG.4b03334159de53e624af44a38840ba53.jpg?w=1000&amp;ssl=1 1000w, https:\/\/i0.wp.com\/pequod.nesodd1.no\/wp-content\/uploads\/2018\/01\/IMG_7230.JPG.4b03334159de53e624af44a38840ba53.jpg?resize=100%2C75&amp;ssl=1 100w, https:\/\/i0.wp.com\/pequod.nesodd1.no\/wp-content\/uploads\/2018\/01\/IMG_7230.JPG.4b03334159de53e624af44a38840ba53.jpg?resize=300%2C225&amp;ssl=1 300w, https:\/\/i0.wp.com\/pequod.nesodd1.no\/wp-content\/uploads\/2018\/01\/IMG_7230.JPG.4b03334159de53e624af44a38840ba53.jpg?resize=768%2C576&amp;ssl=1 768w\" sizes=\"auto, (max-width: 940px) 100vw, 940px\" \/><\/a><\/p>\n<h3>Related Images:<\/h3>","protected":false},"excerpt":{"rendered":"<p>S\u00e5 har turen kommet til siste del av turrapporten fra september (ja, jeg ligger litt p\u00e5 etterskudd&#8230;). Det skulle blitt den siste turrapporten i 2017, men jeg klarte aldri \u00e5 bli ferdig med den i romjula slik jeg hadde planlagt&#8230; Og enda har jeg en liten turrapport til p\u00e5 lager&#8230; Related Images:<\/p>\n","protected":false},"author":1,"featured_media":13247,"comment_status":"open","ping_status":"open","sticky":false,"template":"","format":"standard","meta":{"_crdt_document":"","ngg_post_thumbnail":0,"jetpack_post_was_ever_published":false,"_jetpack_newsletter_access":"","_jetpack_dont_email_post_to_subs":false,"_jetpack_newsletter_tier_id":0,"_jetpack_memberships_contains_paywalled_content":false,"_jetpack_memberships_contains_paid_content":false,"footnotes":""},"categories":[3,147,2423,4],"tags":[1345,1283,2808,895,2807],"class_list":["post-13250","post","type-post","status-publish","format-standard","has-post-thumbnail","hentry","category-blogg","category-ferie","category-helse","category-tur","tag-ahus","tag-bakke","tag-ekspressnekke","tag-sar","tag-sarstell"],"jetpack_featured_media_url":"https:\/\/i0.wp.com\/pequod.nesodd1.no\/wp-content\/uploads\/2017\/12\/IMG_7131.jpg?fit=640%2C480&ssl=1","jetpack_shortlink":"https:\/\/wp.me\/p3Zd9b-3rI","jetpack_sharing_enabled":true,"jetpack_likes_enabled":true,"jetpack-related-posts":[],"_links":{"self":[{"href":"https:\/\/pequod.nesodd1.no\/index.php?rest_route=\/wp\/v2\/posts\/13250","targetHints":{"allow":["GET"]}}],"collection":[{"href":"https:\/\/pequod.nesodd1.no\/index.php?rest_route=\/wp\/v2\/posts"}],"about":[{"href":"https:\/\/pequod.nesodd1.no\/index.php?rest_route=\/wp\/v2\/types\/post"}],"author":[{"embeddable":true,"href":"https:\/\/pequod.nesodd1.no\/index.php?rest_route=\/wp\/v2\/users\/1"}],"replies":[{"embeddable":true,"href":"https:\/\/pequod.nesodd1.no\/index.php?rest_route=%2Fwp%2Fv2%2Fcomments&post=13250"}],"version-history":[{"count":12,"href":"https:\/\/pequod.nesodd1.no\/index.php?rest_route=\/wp\/v2\/posts\/13250\/revisions"}],"predecessor-version":[{"id":13352,"href":"https:\/\/pequod.nesodd1.no\/index.php?rest_route=\/wp\/v2\/posts\/13250\/revisions\/13352"}],"wp:featuredmedia":[{"embeddable":true,"href":"https:\/\/pequod.nesodd1.no\/index.php?rest_route=\/wp\/v2\/media\/13247"}],"wp:attachment":[{"href":"https:\/\/pequod.nesodd1.no\/index.php?rest_route=%2Fwp%2Fv2%2Fmedia&parent=13250"}],"wp:term":[{"taxonomy":"category","embeddable":true,"href":"https:\/\/pequod.nesodd1.no\/index.php?rest_route=%2Fwp%2Fv2%2Fcategories&post=13250"},{"taxonomy":"post_tag","embeddable":true,"href":"https:\/\/pequod.nesodd1.no\/index.php?rest_route=%2Fwp%2Fv2%2Ftags&post=13250"}],"curies":[{"name":"wp","href":"https:\/\/api.w.org\/{rel}","templated":true}]}}