{"id":13447,"date":"2018-01-23T09:45:50","date_gmt":"2018-01-23T08:45:50","guid":{"rendered":"https:\/\/pequod.nesodd1.no\/?p=13447"},"modified":"2018-01-23T03:24:56","modified_gmt":"2018-01-23T02:24:56","slug":"snart-runder-jeg-et-nytt-rundt-tall","status":"publish","type":"post","link":"https:\/\/pequod.nesodd1.no\/?p=13447","title":{"rendered":"Snart runder jeg et nytt rundt tall"},"content":{"rendered":"<p>Sist helg ble det endelig tur p\u00e5 skipperen igjen! Det var en fin avslutning p\u00e5 en litt frustrerende uke. Jeg har nemlig hatt en avspaseringsuke med sju fridager &#8211; og planen var \u00e5 f\u00e5 til en overnattingstur til Oscarsborg (der det er str\u00f8m p\u00e5 bryggene) &#8211; men p\u00e5 grunn av kombinasjonen d\u00e5rlig form\/sykdom og v\u00e6r ble det ingenting av. Men s\u00f8ndag var det b\u00e5de blikkstille sj\u00f8, bl\u00e5 himmel og sol!<!--more--><\/p>\n<p>Dermed fikk jeg nok en gang behandlet abstinensene min &#8211; b\u00e5tabistinensene &#8211; og kom meg endelig utp\u00e5 sj\u00f8en igjen. 6. januar var sist gang, s\u00e5 det var virkelig p\u00e5 tide!<\/p>\n<p>Om vinteren har jeg funnet ut at det farligste &#8211; b\u00e5de for enbeinte skippere og vanlige tobeinte &#8211; er \u00e5 komme seg inn og ut av b\u00e5ten. Slik var det ogs\u00e5 denne gangen. Masse sn\u00f8 p\u00e5 brygga, og is under sn\u00f8en, gjorde at det var en stor fordel \u00e5 g\u00e5 der med en krykke med ispigg! N\u00e5r jeg kom fram til b\u00e5ten s\u00e5 jeg at det egentlig bare var et relativt tynt lag med sn\u00f8 p\u00e5 b\u00e5ten, men under sn\u00f8en, s\u00e6rlig p\u00e5 dollbordene, hadde det frosset til is.<\/p>\n<p>Da ble krykka god \u00e5 ha til \u00e5 f\u00e5 brukket opp og fjernet isen. Jeg klarte vel \u00e5 f\u00e5 fjernet omtrent fire femdeler av den isen som l\u00e5 rundt p\u00e5 b\u00e5ten. Bare fremste del av dollbordet p\u00e5 babord side&nbsp; sto igjen, men der kommer jeg rett og slett ikke til. Da m\u00e5 jeg enten krype opp p\u00e5 kabintaket eller balansere p\u00e5 utriggeren p\u00e5 babord side, og siden jeg til sistnevnte trenger krykka for \u00e5 unng\u00e5 \u00e5 falle i sj\u00f8en, s\u00e5 er det en oppgave jeg dropper inntil videre&#8230;<\/p>\n<p>Da isen var fjernet og jeg kom meg om bord oppdaget jeg at det var endel vann i kj\u00f8len. Tror det skyldes is\/sn\u00f8 som har smeltet ettersom det er lenge siden jeg har hatt noe problemer med vann i kj\u00f8len. M\u00e5tte derfor ta en liten pumpejobb f\u00f8r jeg kom meg avg\u00e5rde. Jeg har enn\u00e5 ikke f\u00e5tt installert den automatiske lensepumpa jeg kj\u00f8pte i fjor &#8211; jeg f\u00e5r ta det n\u00e5r det blir litt varmere temperaturer&#8230;<\/p>\n<figure id=\"attachment_13457\" aria-describedby=\"caption-attachment-13457\" style=\"width: 640px\" class=\"wp-caption aligncenter\"><a href=\"https:\/\/pequod.nesodd1.no\/?attachment_id=13457\" rel=\"attachment wp-att-13457\"><img data-recalc-dims=\"1\" loading=\"lazy\" decoding=\"async\" data-attachment-id=\"13457\" data-permalink=\"https:\/\/pequod.nesodd1.no\/?attachment_id=13457\" data-orig-file=\"https:\/\/i0.wp.com\/pequod.nesodd1.no\/wp-content\/uploads\/2018\/01\/IMG_8282.jpg?fit=640%2C480&amp;ssl=1\" data-orig-size=\"640,480\" data-comments-opened=\"1\" data-image-meta=\"{&quot;aperture&quot;:&quot;1.8&quot;,&quot;credit&quot;:&quot;&quot;,&quot;camera&quot;:&quot;iPhone 7&quot;,&quot;caption&quot;:&quot;&quot;,&quot;created_timestamp&quot;:&quot;1516547907&quot;,&quot;copyright&quot;:&quot;&quot;,&quot;focal_length&quot;:&quot;3.99&quot;,&quot;iso&quot;:&quot;20&quot;,&quot;shutter_speed&quot;:&quot;0.00129533678756&quot;,&quot;title&quot;:&quot;&quot;,&quot;orientation&quot;:&quot;1&quot;}\" data-image-title=\"IMG_8282\" data-image-description=\"&lt;p&gt;Tangelaget, Nesoddtangen&lt;\/p&gt;\n\" data-image-caption=\"&lt;p&gt;Rett utenfor Tangelaget, m\u00e5ka letetr fra skj\u00e6ret.&lt;\/p&gt;\n\" data-large-file=\"https:\/\/i0.wp.com\/pequod.nesodd1.no\/wp-content\/uploads\/2018\/01\/IMG_8282.jpg?fit=640%2C480&amp;ssl=1\" class=\"size-full wp-image-13457\" src=\"https:\/\/i0.wp.com\/pequod.nesodd1.no\/wp-content\/uploads\/2018\/01\/IMG_8282.jpg?resize=640%2C480\" alt=\"\" width=\"640\" height=\"480\" srcset=\"https:\/\/i0.wp.com\/pequod.nesodd1.no\/wp-content\/uploads\/2018\/01\/IMG_8282.jpg?w=640&amp;ssl=1 640w, https:\/\/i0.wp.com\/pequod.nesodd1.no\/wp-content\/uploads\/2018\/01\/IMG_8282.jpg?resize=100%2C75&amp;ssl=1 100w, https:\/\/i0.wp.com\/pequod.nesodd1.no\/wp-content\/uploads\/2018\/01\/IMG_8282.jpg?resize=300%2C225&amp;ssl=1 300w\" sizes=\"auto, (max-width: 640px) 100vw, 640px\" \/><\/a><figcaption id=\"caption-attachment-13457\" class=\"wp-caption-text\">Rett utenfor Tangelaget, m\u00e5ka letter fra skj\u00e6ret. Nesoddtangen brygge oppe til babord.<\/figcaption><\/figure>\n<p>P\u00e5 grunn av all sn\u00f8en som har kommet den siste uka valgte jeg \u00e5 ta drosje ned til b\u00e5thavna. Jeg pr\u00f8vde \u00e5 kj\u00f8re en tur til butikken med &laquo;Bippe&raquo; tidligere i uka, men kom meg ikke engang opp den f\u00f8rste bakken f\u00f8r jeg begynte \u00e5 spinne fast. Dermed tok jeg ikke sjansen p\u00e5 \u00e5 pr\u00f8ve meg denne gangen. Det blir dyrt med drosje fram og tilbake (rundt 500 kroner), men jeg tok meg likevel r\u00e5d til det &#8211; ut p\u00e5 tur skulle jeg!<\/p>\n<p>N\u00e5r jeg var ferdig med sn\u00f8m\u00e5king, isfjerning og pumping var det bare \u00e5 starte motoren og kaste loss. Motoren var litt tregere \u00e5 starte denne gangen enn forrige gang, men da hadde det bare g\u00e5tt en uke siden sist, n\u00e5 hadde det g\u00e5tt nesten tre uker. Startet gjorde den likevel, helt p\u00e5 slutten av f\u00f8rste fors\u00f8k!<\/p>\n<p>Jeg hadde som vanlig tenkt \u00e5 v\u00e6re tidlig ute slik at jeg kunne v\u00e6re utp\u00e5 noen timer, men ogs\u00e5 som vanlig var jeg forsinket. Og siden det tok en halvtime f\u00f8r drosjen kom og i tillegg 20-25 minutter med ekstra klargj\u00f8ring til toktet, s\u00e5 ble jeg ekstra mye forsinket. Jeg t\u00f8ffet derfor ikke ut av havna f\u00f8r noen minutter over klokka 15 p\u00e5 ettermiddagen! M\u00e5let hadde v\u00e6rt \u00e5 komme meg utp\u00e5 f\u00f8r 12, men det r\u00f8yk jeg solid p\u00e5!<\/p>\n<figure id=\"attachment_13449\" aria-describedby=\"caption-attachment-13449\" style=\"width: 1000px\" class=\"wp-caption aligncenter\"><a href=\"https:\/\/pequod.nesodd1.no\/?attachment_id=13449\" rel=\"attachment wp-att-13449\"><img data-recalc-dims=\"1\" loading=\"lazy\" decoding=\"async\" data-attachment-id=\"13449\" data-permalink=\"https:\/\/pequod.nesodd1.no\/?attachment_id=13449\" data-orig-file=\"https:\/\/i0.wp.com\/pequod.nesodd1.no\/wp-content\/uploads\/2018\/01\/8FF85356-E095-4EE3-9568-F6A90EE44DFF.jpeg.1c5f8375a4f04c77adc59785d03ec185.jpeg?fit=1000%2C750&amp;ssl=1\" data-orig-size=\"1000,750\" data-comments-opened=\"1\" data-image-meta=\"{&quot;aperture&quot;:&quot;0&quot;,&quot;credit&quot;:&quot;&quot;,&quot;camera&quot;:&quot;&quot;,&quot;caption&quot;:&quot;&quot;,&quot;created_timestamp&quot;:&quot;0&quot;,&quot;copyright&quot;:&quot;&quot;,&quot;focal_length&quot;:&quot;0&quot;,&quot;iso&quot;:&quot;0&quot;,&quot;shutter_speed&quot;:&quot;0&quot;,&quot;title&quot;:&quot;&quot;,&quot;orientation&quot;:&quot;0&quot;}\" data-image-title=\"8FF85356-E095-4EE3-9568-F6A90EE44DFF.jpeg.1c5f8375a4f04c77adc59785d03ec185\" data-image-description=\"\" data-image-caption=\"\" data-large-file=\"https:\/\/i0.wp.com\/pequod.nesodd1.no\/wp-content\/uploads\/2018\/01\/8FF85356-E095-4EE3-9568-F6A90EE44DFF.jpeg.1c5f8375a4f04c77adc59785d03ec185.jpeg?fit=940%2C705&amp;ssl=1\" class=\"wp-image-13449 size-full\" src=\"https:\/\/i0.wp.com\/pequod.nesodd1.no\/wp-content\/uploads\/2018\/01\/8FF85356-E095-4EE3-9568-F6A90EE44DFF.jpeg.1c5f8375a4f04c77adc59785d03ec185.jpeg?resize=940%2C705\" alt=\"\" width=\"940\" height=\"705\" srcset=\"https:\/\/i0.wp.com\/pequod.nesodd1.no\/wp-content\/uploads\/2018\/01\/8FF85356-E095-4EE3-9568-F6A90EE44DFF.jpeg.1c5f8375a4f04c77adc59785d03ec185.jpeg?w=1000&amp;ssl=1 1000w, https:\/\/i0.wp.com\/pequod.nesodd1.no\/wp-content\/uploads\/2018\/01\/8FF85356-E095-4EE3-9568-F6A90EE44DFF.jpeg.1c5f8375a4f04c77adc59785d03ec185.jpeg?resize=100%2C75&amp;ssl=1 100w, https:\/\/i0.wp.com\/pequod.nesodd1.no\/wp-content\/uploads\/2018\/01\/8FF85356-E095-4EE3-9568-F6A90EE44DFF.jpeg.1c5f8375a4f04c77adc59785d03ec185.jpeg?resize=300%2C225&amp;ssl=1 300w, https:\/\/i0.wp.com\/pequod.nesodd1.no\/wp-content\/uploads\/2018\/01\/8FF85356-E095-4EE3-9568-F6A90EE44DFF.jpeg.1c5f8375a4f04c77adc59785d03ec185.jpeg?resize=768%2C576&amp;ssl=1 768w\" sizes=\"auto, (max-width: 940px) 100vw, 940px\" \/><\/a><figcaption id=\"caption-attachment-13449\" class=\"wp-caption-text\">Ildjernet sees til babord. Kostet unna litt sn\u00f8 p\u00e5 kabintaket.<\/figcaption><\/figure>\n<p>Men samtidig har dagen nesten blitt en halvtime lengre enn for tre uker siden slik at sola ikke gikk ned f\u00f8r litt over 16. Tar vi da med i tillegg at det tar rundt en ekstra time f\u00f8r m\u00f8rket siger p\u00e5 for alvor, s\u00e5 ville jeg ha nok lys til \u00e5 bli utp\u00e5 et par timer i alle fall. Det er greit om vinteren \u00e5 komme tilbake til trygg havn f\u00f8r det blir altfor m\u00f8rkt utp\u00e5!<\/p>\n<p>Jeg ville litt ut av Bunnefjordsomr\u00e5det ogs\u00e5 denne gangen, s\u00e5 m\u00e5let var i alle fall \u00e5 komme meg til Steilene, s\u00e5 kunne jeg vurdere om jeg skulle snu der og dra tilbake langs Nesoddenlandet, eller krysse fjorden og returnere p\u00e5 vestsiden.<\/p>\n<p>N\u00e5r jeg rundet Nesoddtangen ble jeg m\u00f8tt av gnistrende, varmt sollys. Med blikkstille hav i tillegg kom jeg nesten i p\u00e5skestemning, men manglet appelsin og Kvikk-Lunsj&#8230; Men kaffe, knekkebr\u00f8d med ost og en liten fruktsjokolade var en god erstatning! Etter at jeg ble amputert har jeg begynt \u00e5 bruke en kombinert varme- og flytedress om vinteren &#8211; for sikkerhets skyld &#8211; noe som ogs\u00e5 har den fordelen at jeg kan rulle opp kalesjetaket og st\u00e5 oppreist underveis, for \u00e5 f\u00e5 den friske sj\u00f8luften dypt ned i lungene og nyte utsikten og oversikten.<\/p>\n<p>F\u00f8r satt jeg for det meste under kalesjen med Webastoen p\u00e5, n\u00e5 sl\u00e5r jeg den p\u00e5 n\u00e5r sola har g\u00e5tt ned selv om jeg strengt tatt ikke trenger den. Men jeg har f\u00e5tt beskjed fra Webasto-import\u00f8rens servicefolk at den b\u00f8r settes p\u00e5 full guffe en gang i m\u00e5neden for \u00e5 unng\u00e5 at tennstiften blir sotet &#8211; beh\u00f8ver ikke v\u00e6re lang tid p\u00e5 full guffe &#8211; men det er en billig forsikring om at den kommer til \u00e5 vare en stund ekstra.<\/p>\n<figure id=\"attachment_13462\" aria-describedby=\"caption-attachment-13462\" style=\"width: 640px\" class=\"wp-caption aligncenter\"><a href=\"https:\/\/pequod.nesodd1.no\/?attachment_id=13462\" rel=\"attachment wp-att-13462\"><img data-recalc-dims=\"1\" loading=\"lazy\" decoding=\"async\" data-attachment-id=\"13462\" data-permalink=\"https:\/\/pequod.nesodd1.no\/?attachment_id=13462\" data-orig-file=\"https:\/\/i0.wp.com\/pequod.nesodd1.no\/wp-content\/uploads\/2018\/01\/IMG_8296.jpg?fit=640%2C480&amp;ssl=1\" data-orig-size=\"640,480\" data-comments-opened=\"1\" data-image-meta=\"{&quot;aperture&quot;:&quot;1.8&quot;,&quot;credit&quot;:&quot;&quot;,&quot;camera&quot;:&quot;iPhone 7&quot;,&quot;caption&quot;:&quot;&quot;,&quot;created_timestamp&quot;:&quot;1516549588&quot;,&quot;copyright&quot;:&quot;&quot;,&quot;focal_length&quot;:&quot;3.99&quot;,&quot;iso&quot;:&quot;20&quot;,&quot;shutter_speed&quot;:&quot;0.00387596899225&quot;,&quot;title&quot;:&quot;&quot;,&quot;orientation&quot;:&quot;1&quot;}\" data-image-title=\"IMG_8296\" data-image-description=\"&lt;p&gt;Ildjernet&lt;\/p&gt;\n\" data-image-caption=\"&lt;p&gt;Ildjernet&lt;\/p&gt;\n\" data-large-file=\"https:\/\/i0.wp.com\/pequod.nesodd1.no\/wp-content\/uploads\/2018\/01\/IMG_8296.jpg?fit=640%2C480&amp;ssl=1\" class=\"size-full wp-image-13462\" src=\"https:\/\/i0.wp.com\/pequod.nesodd1.no\/wp-content\/uploads\/2018\/01\/IMG_8296.jpg?resize=640%2C480\" alt=\"\" width=\"640\" height=\"480\" srcset=\"https:\/\/i0.wp.com\/pequod.nesodd1.no\/wp-content\/uploads\/2018\/01\/IMG_8296.jpg?w=640&amp;ssl=1 640w, https:\/\/i0.wp.com\/pequod.nesodd1.no\/wp-content\/uploads\/2018\/01\/IMG_8296.jpg?resize=100%2C75&amp;ssl=1 100w, https:\/\/i0.wp.com\/pequod.nesodd1.no\/wp-content\/uploads\/2018\/01\/IMG_8296.jpg?resize=300%2C225&amp;ssl=1 300w\" sizes=\"auto, (max-width: 640px) 100vw, 640px\" \/><\/a><figcaption id=\"caption-attachment-13462\" class=\"wp-caption-text\">Ildjernet<\/figcaption><\/figure>\n<p>Jeg kunne se en mindre b\u00e5t p\u00e5 vestsiden av fjorden, ikke langt fra Ytre Vassholmen, ellers var jeg en enslig svale p\u00e5 fjorden denne ettermiddagen. Jeg satte kursen p\u00e5 utsiden av Ildjernet denne gangen. Sammen med Bleik\u00f8ya, Lang\u00f8yene, Nakholmen, Fyrsteilene og Storsteilene er det en \u00f8y jeg enn\u00e5 ikke har v\u00e6rt i land p\u00e5. Men som jeg tidligere skrev &#8211; om vinteren er det inn i og ut av b\u00e5ten det er mest risikabelt &#8211; s\u00e5 jeg tar ikke sjansen p\u00e5 s\u00e5 mange un\u00f8dvendige ilandstigninger n\u00e5r jeg er alene i b\u00e5ten vinterstid. Tidlig v\u00e5r imidlertid, n\u00e5r sn\u00f8 og is er borte, er en helt annen sak. Da er det p\u00e5 tide med flere bes\u00f8k p\u00e5 land!<\/p>\n<p>S\u00e5 denne gangen ble det alts\u00e5 ingen landkjenninger. Jeg passerte Ildjernet og p\u00e5 vei over mot Steilene bestemte jeg meg for \u00e5 snu der og kj\u00f8re tilbake p\u00e5 samme side av fjorden. Sola gikk ned i horisonten mens jeg krysset over i retningen Fyrsteilene (du har ikke sett en ordentlig solnedgang f\u00f8r du har sett en fra b\u00e5t!), og da beregnet jeg at jeg fint ville komme meg tilbake f\u00f8r tusm\u00f8rket gikk over til svart natt, for \u00e5 si det slik. En tur over fjorden mot vestsiden, for eksempel til G\u00e5s\u00f8ya, tar fort 30-40 minutter med <strong>Bergtatt.<\/strong><\/p>\n<figure id=\"attachment_13459\" aria-describedby=\"caption-attachment-13459\" style=\"width: 640px\" class=\"wp-caption aligncenter\"><a href=\"https:\/\/pequod.nesodd1.no\/?attachment_id=13459\" rel=\"attachment wp-att-13459\"><img data-recalc-dims=\"1\" loading=\"lazy\" decoding=\"async\" data-attachment-id=\"13459\" data-permalink=\"https:\/\/pequod.nesodd1.no\/?attachment_id=13459\" data-orig-file=\"https:\/\/i0.wp.com\/pequod.nesodd1.no\/wp-content\/uploads\/2018\/01\/IMG_8295.jpg?fit=640%2C480&amp;ssl=1\" data-orig-size=\"640,480\" data-comments-opened=\"1\" data-image-meta=\"{&quot;aperture&quot;:&quot;1.8&quot;,&quot;credit&quot;:&quot;&quot;,&quot;camera&quot;:&quot;iPhone 7&quot;,&quot;caption&quot;:&quot;&quot;,&quot;created_timestamp&quot;:&quot;1516549583&quot;,&quot;copyright&quot;:&quot;&quot;,&quot;focal_length&quot;:&quot;3.99&quot;,&quot;iso&quot;:&quot;20&quot;,&quot;shutter_speed&quot;:&quot;0.000719942404608&quot;,&quot;title&quot;:&quot;&quot;,&quot;orientation&quot;:&quot;1&quot;}\" data-image-title=\"IMG_8295\" data-image-description=\"\" data-image-caption=\"&lt;p&gt;Solnedgang p\u00e5 vei mot Steilene.&lt;\/p&gt;\n\" data-large-file=\"https:\/\/i0.wp.com\/pequod.nesodd1.no\/wp-content\/uploads\/2018\/01\/IMG_8295.jpg?fit=640%2C480&amp;ssl=1\" class=\"size-full wp-image-13459\" src=\"https:\/\/i0.wp.com\/pequod.nesodd1.no\/wp-content\/uploads\/2018\/01\/IMG_8295.jpg?resize=640%2C480\" alt=\"\" width=\"640\" height=\"480\" srcset=\"https:\/\/i0.wp.com\/pequod.nesodd1.no\/wp-content\/uploads\/2018\/01\/IMG_8295.jpg?w=640&amp;ssl=1 640w, https:\/\/i0.wp.com\/pequod.nesodd1.no\/wp-content\/uploads\/2018\/01\/IMG_8295.jpg?resize=100%2C75&amp;ssl=1 100w, https:\/\/i0.wp.com\/pequod.nesodd1.no\/wp-content\/uploads\/2018\/01\/IMG_8295.jpg?resize=300%2C225&amp;ssl=1 300w\" sizes=\"auto, (max-width: 640px) 100vw, 640px\" \/><\/a><figcaption id=\"caption-attachment-13459\" class=\"wp-caption-text\">Solnedgang p\u00e5 vei mot Steilene.<\/figcaption><\/figure>\n<p>Derfor gikk ruta mot innsiden av Fyrsteilene der jeg snudde inn mot land for \u00e5 s\u00e5 snu baugen mot Oslo igjen og kj\u00f8re p\u00e5 innsiden av Landsteilene. Noe av det flotteste med \u00e5 v\u00e6re ute i b\u00e5t om vinteren er de helt spesielle lysforholdene som du ikke opplever om sommeren, og n\u00e5r jeg snudde og hadde baugen mot Oslo igjen, kunne jeg nyte det vakre lysfenomenet som oppst\u00e5r i &laquo;bl\u00e5timen&raquo; &#8211; tiden etter at sola har g\u00e5tt ned og f\u00f8r m\u00f8rket kommer. Rosa og lysebl\u00e5 pastellfarget himmel som jeg har tatt mange bilder av fra f\u00f8r og kommer til \u00e5 fortsette \u00e5 ta mange bilder fra!<\/p>\n<figure id=\"attachment_13463\" aria-describedby=\"caption-attachment-13463\" style=\"width: 640px\" class=\"wp-caption aligncenter\"><a href=\"https:\/\/pequod.nesodd1.no\/?attachment_id=13463\" rel=\"attachment wp-att-13463\"><img data-recalc-dims=\"1\" loading=\"lazy\" decoding=\"async\" data-attachment-id=\"13463\" data-permalink=\"https:\/\/pequod.nesodd1.no\/?attachment_id=13463\" data-orig-file=\"https:\/\/i0.wp.com\/pequod.nesodd1.no\/wp-content\/uploads\/2018\/01\/IMG_8306.jpg?fit=640%2C480&amp;ssl=1\" data-orig-size=\"640,480\" data-comments-opened=\"1\" data-image-meta=\"{&quot;aperture&quot;:&quot;1.8&quot;,&quot;credit&quot;:&quot;&quot;,&quot;camera&quot;:&quot;iPhone 7&quot;,&quot;caption&quot;:&quot;&quot;,&quot;created_timestamp&quot;:&quot;1516550132&quot;,&quot;copyright&quot;:&quot;&quot;,&quot;focal_length&quot;:&quot;3.99&quot;,&quot;iso&quot;:&quot;20&quot;,&quot;shutter_speed&quot;:&quot;0.00452488687783&quot;,&quot;title&quot;:&quot;&quot;,&quot;orientation&quot;:&quot;1&quot;}\" data-image-title=\"IMG_8306\" data-image-description=\"\" data-image-caption=\"&lt;p&gt;Bl\u00e5timen&lt;\/p&gt;\n\" data-large-file=\"https:\/\/i0.wp.com\/pequod.nesodd1.no\/wp-content\/uploads\/2018\/01\/IMG_8306.jpg?fit=640%2C480&amp;ssl=1\" class=\"size-full wp-image-13463\" src=\"https:\/\/i0.wp.com\/pequod.nesodd1.no\/wp-content\/uploads\/2018\/01\/IMG_8306.jpg?resize=640%2C480\" alt=\"\" width=\"640\" height=\"480\" srcset=\"https:\/\/i0.wp.com\/pequod.nesodd1.no\/wp-content\/uploads\/2018\/01\/IMG_8306.jpg?w=640&amp;ssl=1 640w, https:\/\/i0.wp.com\/pequod.nesodd1.no\/wp-content\/uploads\/2018\/01\/IMG_8306.jpg?resize=100%2C75&amp;ssl=1 100w, https:\/\/i0.wp.com\/pequod.nesodd1.no\/wp-content\/uploads\/2018\/01\/IMG_8306.jpg?resize=300%2C225&amp;ssl=1 300w\" sizes=\"auto, (max-width: 640px) 100vw, 640px\" \/><\/a><figcaption id=\"caption-attachment-13463\" class=\"wp-caption-text\">Bl\u00e5timen<\/figcaption><\/figure>\n<p>\u00c5 kj\u00f8re langs Nesoddenlandet p\u00e5 denne tiden av \u00e5ret og under disse lysforholdene er ogs\u00e5 en spesiell opplevelse der fjellsiden gjerne kneiser bratt ned i sj\u00f8en. Bildet under er et eksempel p\u00e5 hva jeg mener: \u00d8verst knall bl\u00e5 himmel, deretter den sn\u00f8dekte fjellsiden med knaus og tr\u00e6r &#8211; ser nesten ut som den er i sort-hvitt &#8211; og nederst mer bl\u00e5tt, en anelse m\u00f8rkere bl\u00e5 sj\u00f8. For et syn!<\/p>\n<figure id=\"attachment_13461\" aria-describedby=\"caption-attachment-13461\" style=\"width: 640px\" class=\"wp-caption aligncenter\"><a href=\"https:\/\/pequod.nesodd1.no\/?attachment_id=13461\" rel=\"attachment wp-att-13461\"><img data-recalc-dims=\"1\" loading=\"lazy\" decoding=\"async\" data-attachment-id=\"13461\" data-permalink=\"https:\/\/pequod.nesodd1.no\/?attachment_id=13461\" data-orig-file=\"https:\/\/i0.wp.com\/pequod.nesodd1.no\/wp-content\/uploads\/2018\/01\/IMG_8311.jpg?fit=640%2C480&amp;ssl=1\" data-orig-size=\"640,480\" data-comments-opened=\"1\" data-image-meta=\"{&quot;aperture&quot;:&quot;1.8&quot;,&quot;credit&quot;:&quot;&quot;,&quot;camera&quot;:&quot;iPhone 7&quot;,&quot;caption&quot;:&quot;&quot;,&quot;created_timestamp&quot;:&quot;1516551405&quot;,&quot;copyright&quot;:&quot;&quot;,&quot;focal_length&quot;:&quot;3.99&quot;,&quot;iso&quot;:&quot;32&quot;,&quot;shutter_speed&quot;:&quot;0.030303030303&quot;,&quot;title&quot;:&quot;&quot;,&quot;orientation&quot;:&quot;1&quot;}\" data-image-title=\"IMG_8311\" data-image-description=\"\" data-image-caption=\"\" data-large-file=\"https:\/\/i0.wp.com\/pequod.nesodd1.no\/wp-content\/uploads\/2018\/01\/IMG_8311.jpg?fit=640%2C480&amp;ssl=1\" class=\"wp-image-13461 size-full\" src=\"https:\/\/i0.wp.com\/pequod.nesodd1.no\/wp-content\/uploads\/2018\/01\/IMG_8311.jpg?resize=640%2C480\" alt=\"\" width=\"640\" height=\"480\" srcset=\"https:\/\/i0.wp.com\/pequod.nesodd1.no\/wp-content\/uploads\/2018\/01\/IMG_8311.jpg?w=640&amp;ssl=1 640w, https:\/\/i0.wp.com\/pequod.nesodd1.no\/wp-content\/uploads\/2018\/01\/IMG_8311.jpg?resize=100%2C75&amp;ssl=1 100w, https:\/\/i0.wp.com\/pequod.nesodd1.no\/wp-content\/uploads\/2018\/01\/IMG_8311.jpg?resize=300%2C225&amp;ssl=1 300w\" sizes=\"auto, (max-width: 640px) 100vw, 640px\" \/><\/a><figcaption id=\"caption-attachment-13461\" class=\"wp-caption-text\">Ved Steilene etter at jeg er i ferd med \u00e5 snu b\u00e5ten. Steilene er utenfor bildet p\u00e5 babord side.<\/figcaption><\/figure>\n<p>Deretter gikk turen inn mot Kavringen &#8211; tok den ytterste leia og ikke helt innerst p\u00e5 innsiden av Suturen i tilfelle det var antydning til is der &#8211; og etter \u00e5 ha passert Kavringen s\u00e5 jeg K\u00f8benhavnb\u00e5ten sige ut mot fjorden ved Nesoddtangen. Deretter passerte jeg Flaskebekk med strandpromenaden og alle badehusene f\u00f8r jeg, noe motvillig, rundet Nesoddtangen igjen. Det vil si, jeg kj\u00f8rte ikke rett inn denne gangen, men fortsatte nesten helt til fyrlykta p\u00e5 \u00d8stre Tangeflu f\u00f8r jeg la over til styrbord og b\u00e5thavna p\u00e5 Oksval.<\/p>\n<p>Etter at jeg passerte Ildjernet oppdaget jeg &#8211; n\u00e5 som det begynte \u00e5 m\u00f8rkne &#8211; at babord lanterne var sloknet. Det er egentlig fy p\u00e5 lanken \u00e5 ikke sjekke at lanternene funker f\u00f8r man drar ut &#8211; men hvor mange er det med h\u00e5nden p\u00e5 hjertet som kan si at de gj\u00f8r det hver eneste gang? S\u00e5vidt jeg kan huske er det f\u00f8rste gang siden jeg kj\u00f8pte b\u00e5ten i oktober 2014 at lanterna slokner. Jeg har byttet p\u00e6re p\u00e5 styrbord lanterne to ganger &#8211; og p\u00e5 topplanterna \u00e9n gang &#8211; men babord lanterne og akterlanterna har trofast lyst opp hele tiden.<\/p>\n<p>Dette skal selvsagt rettes opp til neste tur. Reservep\u00e6rer ligger i b\u00e5ten &#8211; jeg har en egen reservekasse med ekstra p\u00e6rer, sikringer, impeller, pakninger, sinkanoder, reimer, skruer, slangeklemmer, batteriklemmer, oljefilter, dieselfilter osv. Det begynner \u00e5 bli trangt oppi der etterhvert!<\/p>\n<figure id=\"attachment_13460\" aria-describedby=\"caption-attachment-13460\" style=\"width: 640px\" class=\"wp-caption aligncenter\"><a href=\"https:\/\/pequod.nesodd1.no\/?attachment_id=13460\" rel=\"attachment wp-att-13460\"><img data-recalc-dims=\"1\" loading=\"lazy\" decoding=\"async\" data-attachment-id=\"13460\" data-permalink=\"https:\/\/pequod.nesodd1.no\/?attachment_id=13460\" data-orig-file=\"https:\/\/i0.wp.com\/pequod.nesodd1.no\/wp-content\/uploads\/2018\/01\/IMG_8323.jpg?fit=640%2C480&amp;ssl=1\" data-orig-size=\"640,480\" data-comments-opened=\"1\" data-image-meta=\"{&quot;aperture&quot;:&quot;1.8&quot;,&quot;credit&quot;:&quot;&quot;,&quot;camera&quot;:&quot;iPhone 7&quot;,&quot;caption&quot;:&quot;&quot;,&quot;created_timestamp&quot;:&quot;1516552198&quot;,&quot;copyright&quot;:&quot;&quot;,&quot;focal_length&quot;:&quot;3.99&quot;,&quot;iso&quot;:&quot;80&quot;,&quot;shutter_speed&quot;:&quot;0.0588235294118&quot;,&quot;title&quot;:&quot;&quot;,&quot;orientation&quot;:&quot;1&quot;}\" data-image-title=\"IMG_8323\" data-image-description=\"&lt;p&gt;Alv\u00e6rn, Steilene&lt;\/p&gt;\n\" data-image-caption=\"&lt;p&gt;Ved Alv\u00e6rn brygge (styrbord), Landsteilene ligger til babord.&lt;\/p&gt;\n\" data-large-file=\"https:\/\/i0.wp.com\/pequod.nesodd1.no\/wp-content\/uploads\/2018\/01\/IMG_8323.jpg?fit=640%2C480&amp;ssl=1\" class=\"size-full wp-image-13460\" src=\"https:\/\/i0.wp.com\/pequod.nesodd1.no\/wp-content\/uploads\/2018\/01\/IMG_8323.jpg?resize=640%2C480\" alt=\"\" width=\"640\" height=\"480\" srcset=\"https:\/\/i0.wp.com\/pequod.nesodd1.no\/wp-content\/uploads\/2018\/01\/IMG_8323.jpg?w=640&amp;ssl=1 640w, https:\/\/i0.wp.com\/pequod.nesodd1.no\/wp-content\/uploads\/2018\/01\/IMG_8323.jpg?resize=100%2C75&amp;ssl=1 100w, https:\/\/i0.wp.com\/pequod.nesodd1.no\/wp-content\/uploads\/2018\/01\/IMG_8323.jpg?resize=300%2C225&amp;ssl=1 300w\" sizes=\"auto, (max-width: 640px) 100vw, 640px\" \/><\/a><figcaption id=\"caption-attachment-13460\" class=\"wp-caption-text\">Har passert Alv\u00e6rn brygge og har Kavringen i sikte.<\/figcaption><\/figure>\n<p>Men det gir meg en liten praktisk utfordring: Babord side av b\u00e5ten er den som ligger ut mot utriggeren &#8211; som jeg med protese og krykke har problemer med \u00e5 bevege meg p\u00e5. Jeg skal derfor pr\u00f8ve \u00e5 f\u00e5 byttet fra innsiden ved \u00e5 st\u00e5 og b\u00f8ye meg framover og nedover. G\u00e5r ikke det f\u00e5r jeg utkommandere en av ungene til \u00e5 gj\u00f8re der for meg, eller, i verste fall, bakke b\u00e5ten ut av b\u00e5sen og deretter bakke den inn med akterenden f\u00f8rst, slik at babord lanterne kommer mot bryggekanten. Fikse det m\u00e5 jeg uansett, ikke er det trygt for meg eller andre hvis jeg skulle havne oppe i en situasjon der jeg blir liggende utp\u00e5 i m\u00f8rket, og ikke minst vanker det en saftig bot fra &laquo;\u00f8vrigheta&raquo; hvis jeg skulle bli tatt p\u00e5 fersken&#8230;<\/p>\n<p>Resten av turen gikk ogs\u00e5 prikkfritt, jeg kom meg lett inn i b\u00e5sen og fort\u00f8yde. Tok imidlertid en annen variant enn den vanlige da jeg skulle feste akterfort\u00f8yningene. En annen konsekvens av vintertemperaturer og frost er at fort\u00f8yningene blir stive og ugreie \u00e5 ha med \u00e5 gj\u00f8re n\u00e5r de skal l\u00f8snes. Det er ikke bestandig at det er mulig \u00e5 helle lunkent vann over tauene for \u00e5 myke de opp heller. S\u00e5 jeg tok en lettere variant slik at jeg ikke beh\u00f8ver \u00e5 jobbe og slite i mange minutter for \u00e5 f\u00e5 dem l\u00f8s.<\/p>\n<p>Jeg nevnte helt i begynnelsen at jeg n\u00e6rmer meg en ny rekord, og det er helt riktig. Selv om s\u00f8ndagens tur bare var min andre tur i \u00e5r, s\u00e5 var den min tur nummer 399 totalt. Neste tur blir alts\u00e5 nummer 400! Da m\u00e5 jeg vel ha med meg ei kake om bord?<\/p>\n<figure id=\"attachment_13464\" aria-describedby=\"caption-attachment-13464\" style=\"width: 640px\" class=\"wp-caption aligncenter\"><a href=\"https:\/\/pequod.nesodd1.no\/?attachment_id=13464\" rel=\"attachment wp-att-13464\"><img data-recalc-dims=\"1\" loading=\"lazy\" decoding=\"async\" data-attachment-id=\"13464\" data-permalink=\"https:\/\/pequod.nesodd1.no\/?attachment_id=13464\" data-orig-file=\"https:\/\/i0.wp.com\/pequod.nesodd1.no\/wp-content\/uploads\/2018\/01\/IMG_8349.jpg?fit=640%2C480&amp;ssl=1\" data-orig-size=\"640,480\" data-comments-opened=\"1\" data-image-meta=\"{&quot;aperture&quot;:&quot;1.8&quot;,&quot;credit&quot;:&quot;&quot;,&quot;camera&quot;:&quot;iPhone 7&quot;,&quot;caption&quot;:&quot;&quot;,&quot;created_timestamp&quot;:&quot;1516557715&quot;,&quot;copyright&quot;:&quot;&quot;,&quot;focal_length&quot;:&quot;3.99&quot;,&quot;iso&quot;:&quot;1600&quot;,&quot;shutter_speed&quot;:&quot;0.25&quot;,&quot;title&quot;:&quot;&quot;,&quot;orientation&quot;:&quot;1&quot;}\" data-image-title=\"IMG_8349\" data-image-description=\"\" data-image-caption=\"&lt;p&gt;Oksval b\u00e5thavn by bight.&lt;\/p&gt;\n\" data-large-file=\"https:\/\/i0.wp.com\/pequod.nesodd1.no\/wp-content\/uploads\/2018\/01\/IMG_8349.jpg?fit=640%2C480&amp;ssl=1\" class=\"size-full wp-image-13464\" src=\"https:\/\/i0.wp.com\/pequod.nesodd1.no\/wp-content\/uploads\/2018\/01\/IMG_8349.jpg?resize=640%2C480\" alt=\"\" width=\"640\" height=\"480\" srcset=\"https:\/\/i0.wp.com\/pequod.nesodd1.no\/wp-content\/uploads\/2018\/01\/IMG_8349.jpg?w=640&amp;ssl=1 640w, https:\/\/i0.wp.com\/pequod.nesodd1.no\/wp-content\/uploads\/2018\/01\/IMG_8349.jpg?resize=100%2C75&amp;ssl=1 100w, https:\/\/i0.wp.com\/pequod.nesodd1.no\/wp-content\/uploads\/2018\/01\/IMG_8349.jpg?resize=300%2C225&amp;ssl=1 300w\" sizes=\"auto, (max-width: 640px) 100vw, 640px\" \/><\/a><figcaption id=\"caption-attachment-13464\" class=\"wp-caption-text\">Oksval b\u00e5thavn by night. Eller, rettere sagt, rundt 18.00.<\/figcaption><\/figure>\n<p>&nbsp;<\/p>\n<p>&nbsp;<\/p>\n<h3>Related Images:<\/h3>","protected":false},"excerpt":{"rendered":"<p>Sist helg ble det endelig tur p\u00e5 skipperen igjen! Det var en fin avslutning p\u00e5 en litt frustrerende uke. Jeg har nemlig hatt en avspaseringsuke med sju fridager &#8211; og planen var \u00e5 f\u00e5 til en overnattingstur til Oscarsborg (der det er str\u00f8m p\u00e5 bryggene) &#8211; men p\u00e5 grunn av kombinasjonen d\u00e5rlig form\/sykdom og v\u00e6r &hellip;<br \/><a href=\"https:\/\/pequod.nesodd1.no\/?p=13447\" class=\"more-link pen_element_default pen_icon_arrow_double\">Les<\/a><\/p>\n","protected":false},"author":1,"featured_media":13449,"comment_status":"open","ping_status":"open","sticky":false,"template":"","format":"standard","meta":{"_crdt_document":"","ngg_post_thumbnail":0,"jetpack_post_was_ever_published":false,"_jetpack_newsletter_access":"","_jetpack_dont_email_post_to_subs":false,"_jetpack_newsletter_tier_id":0,"_jetpack_memberships_contains_paywalled_content":false,"_jetpack_memberships_contains_paid_content":false,"footnotes":""},"categories":[3,4],"tags":[710,2823,116,2822,15,2824],"class_list":["post-13447","post","type-post","status-publish","format-standard","has-post-thumbnail","hentry","category-blogg","category-tur","tag-fyrsteilene","tag-snart-rundt-tall","tag-steilene","tag-to","tag-tur-2","tag-tur-399"],"jetpack_featured_media_url":"https:\/\/i0.wp.com\/pequod.nesodd1.no\/wp-content\/uploads\/2018\/01\/8FF85356-E095-4EE3-9568-F6A90EE44DFF.jpeg.1c5f8375a4f04c77adc59785d03ec185.jpeg?fit=1000%2C750&ssl=1","jetpack_shortlink":"https:\/\/wp.me\/p3Zd9b-3uT","jetpack_sharing_enabled":true,"jetpack_likes_enabled":true,"jetpack-related-posts":[],"_links":{"self":[{"href":"https:\/\/pequod.nesodd1.no\/index.php?rest_route=\/wp\/v2\/posts\/13447","targetHints":{"allow":["GET"]}}],"collection":[{"href":"https:\/\/pequod.nesodd1.no\/index.php?rest_route=\/wp\/v2\/posts"}],"about":[{"href":"https:\/\/pequod.nesodd1.no\/index.php?rest_route=\/wp\/v2\/types\/post"}],"author":[{"embeddable":true,"href":"https:\/\/pequod.nesodd1.no\/index.php?rest_route=\/wp\/v2\/users\/1"}],"replies":[{"embeddable":true,"href":"https:\/\/pequod.nesodd1.no\/index.php?rest_route=%2Fwp%2Fv2%2Fcomments&post=13447"}],"version-history":[{"count":6,"href":"https:\/\/pequod.nesodd1.no\/index.php?rest_route=\/wp\/v2\/posts\/13447\/revisions"}],"predecessor-version":[{"id":13466,"href":"https:\/\/pequod.nesodd1.no\/index.php?rest_route=\/wp\/v2\/posts\/13447\/revisions\/13466"}],"wp:featuredmedia":[{"embeddable":true,"href":"https:\/\/pequod.nesodd1.no\/index.php?rest_route=\/wp\/v2\/media\/13449"}],"wp:attachment":[{"href":"https:\/\/pequod.nesodd1.no\/index.php?rest_route=%2Fwp%2Fv2%2Fmedia&parent=13447"}],"wp:term":[{"taxonomy":"category","embeddable":true,"href":"https:\/\/pequod.nesodd1.no\/index.php?rest_route=%2Fwp%2Fv2%2Fcategories&post=13447"},{"taxonomy":"post_tag","embeddable":true,"href":"https:\/\/pequod.nesodd1.no\/index.php?rest_route=%2Fwp%2Fv2%2Ftags&post=13447"}],"curies":[{"name":"wp","href":"https:\/\/api.w.org\/{rel}","templated":true}]}}