{"id":15429,"date":"2019-03-18T09:45:12","date_gmt":"2019-03-18T08:45:12","guid":{"rendered":"https:\/\/pequod.nesodd1.no\/?p=15429"},"modified":"2019-03-18T10:43:56","modified_gmt":"2019-03-18T09:43:56","slug":"det-blir-vel-batmesse-igjen","status":"publish","type":"post","link":"https:\/\/pequod.nesodd1.no\/?p=15429","title":{"rendered":"Det blir vel b\u00e5tmesse igjen&#8230;"},"content":{"rendered":"<p>Denne uka er det igjen klart for \u00e5rets store b\u00e5tmesse i messehallene p\u00e5 Lillestr\u00f8m. Selv om jeg hvert \u00e5r surmulende konstaterer at det ikke er mye av interesse p\u00e5 en slik messe for meg som ihuga snekkeeier, s\u00e5 kommer jeg dit igjen og igjen. Og drar derfra med en pose eller to&#8230;<!--more--><\/p>\n<p><img data-recalc-dims=\"1\" loading=\"lazy\" decoding=\"async\" data-attachment-id=\"15432\" data-permalink=\"https:\/\/pequod.nesodd1.no\/?attachment_id=15432\" data-orig-file=\"https:\/\/i0.wp.com\/pequod.nesodd1.no\/wp-content\/uploads\/2019\/03\/IMG-8184.jpg?fit=300%2C400&amp;ssl=1\" data-orig-size=\"300,400\" data-comments-opened=\"1\" data-image-meta=\"{&quot;aperture&quot;:&quot;1.8&quot;,&quot;credit&quot;:&quot;&quot;,&quot;camera&quot;:&quot;iPhone 8 Plus&quot;,&quot;caption&quot;:&quot;&quot;,&quot;created_timestamp&quot;:&quot;1552731697&quot;,&quot;copyright&quot;:&quot;&quot;,&quot;focal_length&quot;:&quot;3.99&quot;,&quot;iso&quot;:&quot;100&quot;,&quot;shutter_speed&quot;:&quot;0.066666666666667&quot;,&quot;title&quot;:&quot;&quot;,&quot;orientation&quot;:&quot;1&quot;}\" data-image-title=\"IMG-8184\" data-image-description=\"&lt;p&gt;Sj\u00f8en for Alle, 2019, program&lt;\/p&gt;\n\" data-image-caption=\"\" data-large-file=\"https:\/\/i0.wp.com\/pequod.nesodd1.no\/wp-content\/uploads\/2019\/03\/IMG-8184.jpg?fit=300%2C400&amp;ssl=1\" class=\"alignleft size-medium wp-image-15432\" src=\"https:\/\/i0.wp.com\/pequod.nesodd1.no\/wp-content\/uploads\/2019\/03\/IMG-8184.jpg?resize=225%2C300&#038;ssl=1\" alt=\"\" width=\"225\" height=\"300\" srcset=\"https:\/\/i0.wp.com\/pequod.nesodd1.no\/wp-content\/uploads\/2019\/03\/IMG-8184.jpg?resize=225%2C300&amp;ssl=1 225w, https:\/\/i0.wp.com\/pequod.nesodd1.no\/wp-content\/uploads\/2019\/03\/IMG-8184.jpg?resize=60%2C80&amp;ssl=1 60w, https:\/\/i0.wp.com\/pequod.nesodd1.no\/wp-content\/uploads\/2019\/03\/IMG-8184.jpg?w=300&amp;ssl=1 300w\" sizes=\"auto, (max-width: 225px) 100vw, 225px\" \/>Som vanlig regner jeg med at det mest interessante for meg befinner seg i messehall A &#8211; der retroutstillingen befinner seg. Alts\u00e5 gamle b\u00e5ter fra 60- og 70-tallet. I \u00e5r skal det blant annet vises b\u00e5ter fra Ancas, Fjord, Selco, Skibsplast, KMV og Herwa. Hvis jeg noen gang blir ferdig med \u00e5 pusse opp <strong>Bergtatt<\/strong> kan det jo hende den kan stilles ut der en gang! \ud83d\ude42<\/p>\n<p>Det eneste jeg stusser litt over er at Sj\u00f8en for Alle tydeligvis konsekvent samarbeider med Vest-Agder-museet om disse b\u00e5tene (samt private). Jeg stusser fordi vi har et utmerket museum p\u00e5 Vollen &#8211; Oslofjordmuseet &#8211; som ogs\u00e5 har mange nydelige b\u00e5ter utstilt. Vet ikke hvorfor de ikke samarbeider med dem?<\/p>\n<p>Oslofjordmuseet hadde for\u00f8vrig i forrige uke sin \u00e5rlige modellb\u00e5tutstilling, som jeg godt kunne tenkt meg \u00e5 ta en titt p\u00e5. Men i \u00e5r som i fjor skar det seg for meg. Det er jo bare en to timers tur dit med <strong>Bergtatt<\/strong>, men utstillingen holdes konsekvent p\u00e5 en tid av \u00e5ret hvor jeg ikke kan legge til i museets gjestehavn p\u00e5 grunn av is&#8230; Og rent praktisk passet det heller ikke \u00e5 dra dit langs landeveien.<\/p>\n<p>Men neste \u00e5r, kanskje&#8230;<\/p>\n<p>Bortsett fra retrohallen er det vel b\u00e5tutstyrsbutikkene som er der jeg drar og titter litt. Men jeg har oppdaget at de mange messetilbudene de tilbyr ikke alltid er det. I fjor hadde for eksempel Seatronic messetilbud p\u00e5 en h\u00e5ndholdt VHF &#8211; av samme type som jeg har. Men det var samme pris p\u00e5 den som jeg kj\u00f8pte den for i nettbutikken deres halvannet \u00e5r tidligere&#8230; Men for eksempel Best Marin hadde ifjor et reelt messetilbud som jeg benyttet meg av.<\/p>\n<p>Nye b\u00e5ter og modeller &#8211; som det jo er mest av p\u00e5 en messe &#8211; interesserer meg ikke noe s\u00e6rlig. Jeg kan ikke se at jeg noen gang kommer til \u00e5 kj\u00f8pe meg en helt ny b\u00e5t. B\u00e5de fordi jeg \u00f8nsker \u00e5 ha et enkelt og \u00f8konomisk b\u00e5tliv, men ogs\u00e5 fordi jeg har en aversjon mot \u00e5 sette meg i gjeld.<\/p>\n<figure id=\"attachment_15435\" aria-describedby=\"caption-attachment-15435\" style=\"width: 800px\" class=\"wp-caption aligncenter\"><img data-recalc-dims=\"1\" loading=\"lazy\" decoding=\"async\" data-attachment-id=\"15435\" data-permalink=\"https:\/\/pequod.nesodd1.no\/?attachment_id=15435\" data-orig-file=\"https:\/\/i0.wp.com\/pequod.nesodd1.no\/wp-content\/uploads\/2019\/03\/IMG-9523.jpg?fit=800%2C600&amp;ssl=1\" data-orig-size=\"800,600\" data-comments-opened=\"1\" data-image-meta=\"{&quot;aperture&quot;:&quot;1.8&quot;,&quot;credit&quot;:&quot;&quot;,&quot;camera&quot;:&quot;iPhone 7&quot;,&quot;caption&quot;:&quot;&quot;,&quot;created_timestamp&quot;:&quot;1521139952&quot;,&quot;copyright&quot;:&quot;&quot;,&quot;focal_length&quot;:&quot;3.99&quot;,&quot;iso&quot;:&quot;25&quot;,&quot;shutter_speed&quot;:&quot;0.03030303030303&quot;,&quot;title&quot;:&quot;&quot;,&quot;orientation&quot;:&quot;1&quot;}\" data-image-title=\"IMG-9523\" data-image-description=\"&lt;p&gt;Sj\u00f8en for Alle, 2018&lt;\/p&gt;\n\" data-image-caption=\"&lt;p&gt;Fra retroutstillingen i fjor. Fra den tiden en b\u00e5t s\u00e5 ut som en b\u00e5t.&lt;\/p&gt;\n\" data-large-file=\"https:\/\/i0.wp.com\/pequod.nesodd1.no\/wp-content\/uploads\/2019\/03\/IMG-9523.jpg?fit=800%2C600&amp;ssl=1\" class=\"wp-image-15435 size-full\" src=\"https:\/\/i0.wp.com\/pequod.nesodd1.no\/wp-content\/uploads\/2019\/03\/IMG-9523.jpg?resize=800%2C600&#038;ssl=1\" alt=\"\" width=\"800\" height=\"600\" srcset=\"https:\/\/i0.wp.com\/pequod.nesodd1.no\/wp-content\/uploads\/2019\/03\/IMG-9523.jpg?w=800&amp;ssl=1 800w, https:\/\/i0.wp.com\/pequod.nesodd1.no\/wp-content\/uploads\/2019\/03\/IMG-9523.jpg?resize=100%2C75&amp;ssl=1 100w, https:\/\/i0.wp.com\/pequod.nesodd1.no\/wp-content\/uploads\/2019\/03\/IMG-9523.jpg?resize=300%2C225&amp;ssl=1 300w, https:\/\/i0.wp.com\/pequod.nesodd1.no\/wp-content\/uploads\/2019\/03\/IMG-9523.jpg?resize=768%2C576&amp;ssl=1 768w\" sizes=\"auto, (max-width: 800px) 100vw, 800px\" \/><figcaption id=\"caption-attachment-15435\" class=\"wp-caption-text\">Fra retroutstillingen i fjor. Fra den tiden en b\u00e5t s\u00e5 ut som en b\u00e5t.<\/figcaption><\/figure>\n<p>Dette skyldes nok blant annet at jeg m\u00e5tte gjennom en t\u00f8ff gjeldsordning for noen \u00e5r siden (<strong>Bergtatt<\/strong> ble innkj\u00f8pt for \u00e5 feire at jeg var ferdig med den) og at jeg ikke \u00f8nsker et b\u00e5tliv der jeg m\u00e5 betale flere tusen kroner i m\u00e5neden i l\u00e5n p\u00e5 en b\u00e5t&#8230;<\/p>\n<p>Jeg vil ha b\u00e5tlivet enkelt og ukomplisert &#8211; og n\u00e5r jeg f\u00e5r fylt tanken for under 500 kroner og det holder til \u00e5 ta meg fra Nesodden til Koster\u00f8yene, s\u00e5 snakker vi om et rimelig og relativt bekymringsl\u00f8st b\u00e5thold! I den grad ordet bekymringsl\u00f8st kan benyttes med tanke p\u00e5 at man har en b\u00e5t som er 45 \u00e5r gammel og en motor som er 35 \u00e5r&#8230;<\/p>\n<p>Og jeg er nok s\u00e5 gammel at jeg foretrekker klassiske linjer p\u00e5 b\u00e5tene, derfor har jeg mer glede av \u00e5 titte p\u00e5 gamle b\u00e5ter eller fine yachter og trawlere &#8211; som stort sett er holdt i klassisk stil. Selvsagt finnes det ogs\u00e5 endel nyere b\u00e5ter som ser flotte ut, men jeg er rett og slett ikke s\u00e5 opptatt av det.<\/p>\n<figure id=\"attachment_8150\" aria-describedby=\"caption-attachment-8150\" style=\"width: 320px\" class=\"wp-caption alignleft\"><img data-recalc-dims=\"1\" loading=\"lazy\" decoding=\"async\" data-attachment-id=\"8150\" data-permalink=\"https:\/\/pequod.nesodd1.no\/?attachment_id=8150\" data-orig-file=\"https:\/\/i0.wp.com\/pequod.nesodd1.no\/wp-content\/uploads\/2016\/03\/IMG_6691.jpg?fit=320%2C240&amp;ssl=1\" data-orig-size=\"320,240\" data-comments-opened=\"1\" data-image-meta=\"{&quot;aperture&quot;:&quot;2.2&quot;,&quot;credit&quot;:&quot;&quot;,&quot;camera&quot;:&quot;iPhone 6&quot;,&quot;caption&quot;:&quot;&quot;,&quot;created_timestamp&quot;:&quot;1457635570&quot;,&quot;copyright&quot;:&quot;&quot;,&quot;focal_length&quot;:&quot;4.15&quot;,&quot;iso&quot;:&quot;160&quot;,&quot;shutter_speed&quot;:&quot;0.0333333333333&quot;,&quot;title&quot;:&quot;&quot;,&quot;orientation&quot;:&quot;1&quot;}\" data-image-title=\"IMG_6691\" data-image-description=\"&lt;p&gt;Sj\u00f8en for Alle, Herwa&lt;\/p&gt;\n\" data-image-caption=\"&lt;p&gt;Replika av en utstillingsstand fra den aller f\u00f8rste Sj\u00f8en for Alle-messen. Fra messa i 2016.&lt;\/p&gt;\n\" data-large-file=\"https:\/\/i0.wp.com\/pequod.nesodd1.no\/wp-content\/uploads\/2016\/03\/IMG_6691.jpg?fit=320%2C240&amp;ssl=1\" class=\"wp-image-8150 size-full\" src=\"https:\/\/i0.wp.com\/pequod.nesodd1.no\/wp-content\/uploads\/2016\/03\/IMG_6691.jpg?resize=320%2C240&#038;ssl=1\" alt=\"\" width=\"320\" height=\"240\" srcset=\"https:\/\/i0.wp.com\/pequod.nesodd1.no\/wp-content\/uploads\/2016\/03\/IMG_6691.jpg?w=320&amp;ssl=1 320w, https:\/\/i0.wp.com\/pequod.nesodd1.no\/wp-content\/uploads\/2016\/03\/IMG_6691.jpg?resize=300%2C225&amp;ssl=1 300w\" sizes=\"auto, (max-width: 320px) 100vw, 320px\" \/><figcaption id=\"caption-attachment-8150\" class=\"wp-caption-text\">Replika av en utstillingsstand fra den aller f\u00f8rste Sj\u00f8en for Alle-messen. Fra messa i 2016.<\/figcaption><\/figure>\n<p>Duppeditter og ting man kan fylle opp b\u00e5ten med selv om man har liten plass, er et annet marked som er aktuelt for meg. Og jeg funderer fortsatt p\u00e5 \u00e5 kj\u00f8pe meg en ny flyte\/varme-drakt som jeg kan benytte om vinteren og h\u00f8sten. Den gamle er spj\u00e6ret opp innvendig og fungerer kun som varmedrakt n\u00e5, s\u00e5 p\u00e5 b\u00e5tturene jeg har hatt denne vinteren har det bare v\u00e6rt vanlig oppbl\u00e5sbar vest som har blitt brukt.<\/p>\n<p>Dermed har det heller ikke blitt noen landgangsfors\u00f8k blant Oslo\u00f8yene i \u00e5r. Jeg har enn\u00e5 til gode \u00e5 g\u00e5 i land p\u00e5 Nakkholmen og Bleik\u00f8ya, men med vinter, d\u00e5rlig f\u00f8re, og ikke minst d\u00e5rlig balanse hos meg p\u00e5 grunn av protese p\u00e5 h\u00f8yrefoten og manglende stort\u00e5 p\u00e5 venstre, s\u00e5 tar jeg ikke sjansen p\u00e5 ilandstigning alene p\u00e5 glatte brygger uten at jeg er skikkelig beskyttet.<\/p>\n<p>Men nok om det, p\u00e5 b\u00e5tmessa treffer jeg ogs\u00e5 hvert \u00e5r hyggelige b\u00e5tfolk som jeg gjerne har hilst p\u00e5 i l\u00f8pet av sommersesongen, og det er jo ogs\u00e5 koselig!<\/p>\n<p>S\u00e5 derfor blir det nok et bes\u00f8k p\u00e5 messa ogs\u00e5 i \u00e5r.<\/p>\n<p>&nbsp;<\/p>\n<p>&nbsp;<\/p>\n<h3>Related Images:<\/h3>","protected":false},"excerpt":{"rendered":"<p>Denne uka er det igjen klart for \u00e5rets store b\u00e5tmesse i messehallene p\u00e5 Lillestr\u00f8m. Selv om jeg hvert \u00e5r surmulende konstaterer at det ikke er mye av interesse p\u00e5 en slik messe for meg som ihuga snekkeeier, s\u00e5 kommer jeg dit igjen og igjen. Og drar derfra med en pose eller to&#8230; Related Images:<\/p>\n","protected":false},"author":1,"featured_media":13625,"comment_status":"open","ping_status":"open","sticky":false,"template":"","format":"standard","meta":{"_crdt_document":"","ngg_post_thumbnail":0,"jetpack_post_was_ever_published":false,"_jetpack_newsletter_access":"","_jetpack_dont_email_post_to_subs":false,"_jetpack_newsletter_tier_id":0,"_jetpack_memberships_contains_paywalled_content":false,"_jetpack_memberships_contains_paid_content":false,"footnotes":""},"categories":[3,2411],"tags":[1010,1583,1030,169,1581],"class_list":["post-15429","post","type-post","status-publish","format-standard","has-post-thumbnail","hentry","category-blogg","category-nyheter-for-batfolk","tag-batmesse","tag-lillestrom","tag-messe","tag-retro","tag-sjoen-for-alle"],"jetpack_featured_media_url":"https:\/\/i0.wp.com\/pequod.nesodd1.no\/wp-content\/uploads\/2018\/02\/57258-d77f030209c40926d5816320be05975c.jpg?fit=940%2C529&ssl=1","jetpack_shortlink":"https:\/\/wp.me\/p3Zd9b-40R","jetpack_sharing_enabled":true,"jetpack_likes_enabled":true,"jetpack-related-posts":[],"_links":{"self":[{"href":"https:\/\/pequod.nesodd1.no\/index.php?rest_route=\/wp\/v2\/posts\/15429","targetHints":{"allow":["GET"]}}],"collection":[{"href":"https:\/\/pequod.nesodd1.no\/index.php?rest_route=\/wp\/v2\/posts"}],"about":[{"href":"https:\/\/pequod.nesodd1.no\/index.php?rest_route=\/wp\/v2\/types\/post"}],"author":[{"embeddable":true,"href":"https:\/\/pequod.nesodd1.no\/index.php?rest_route=\/wp\/v2\/users\/1"}],"replies":[{"embeddable":true,"href":"https:\/\/pequod.nesodd1.no\/index.php?rest_route=%2Fwp%2Fv2%2Fcomments&post=15429"}],"version-history":[{"count":7,"href":"https:\/\/pequod.nesodd1.no\/index.php?rest_route=\/wp\/v2\/posts\/15429\/revisions"}],"predecessor-version":[{"id":15447,"href":"https:\/\/pequod.nesodd1.no\/index.php?rest_route=\/wp\/v2\/posts\/15429\/revisions\/15447"}],"wp:featuredmedia":[{"embeddable":true,"href":"https:\/\/pequod.nesodd1.no\/index.php?rest_route=\/wp\/v2\/media\/13625"}],"wp:attachment":[{"href":"https:\/\/pequod.nesodd1.no\/index.php?rest_route=%2Fwp%2Fv2%2Fmedia&parent=15429"}],"wp:term":[{"taxonomy":"category","embeddable":true,"href":"https:\/\/pequod.nesodd1.no\/index.php?rest_route=%2Fwp%2Fv2%2Fcategories&post=15429"},{"taxonomy":"post_tag","embeddable":true,"href":"https:\/\/pequod.nesodd1.no\/index.php?rest_route=%2Fwp%2Fv2%2Ftags&post=15429"}],"curies":[{"name":"wp","href":"https:\/\/api.w.org\/{rel}","templated":true}]}}