{"id":15469,"date":"2019-03-29T11:35:25","date_gmt":"2019-03-29T10:35:25","guid":{"rendered":"https:\/\/pequod.nesodd1.no\/?p=15469"},"modified":"2019-03-29T11:35:25","modified_gmt":"2019-03-29T10:35:25","slug":"mulig-paskeferie-med-baten-i-ar","status":"publish","type":"post","link":"https:\/\/pequod.nesodd1.no\/?p=15469","title":{"rendered":"Mulig p\u00e5skeferie med b\u00e5ten i \u00e5r"},"content":{"rendered":"<p>Ferieplanene for sommeren har jeg jo allerede skrevet om tidligere, men n\u00e5 ser det ut til at det kan bli en liten tur i p\u00e5sken ogs\u00e5. <!--more--><\/p>\n<p>Egentlig skulle jeg, if\u00f8lge turnusen, ha jobbet hele p\u00e5sken. Noe som ville betydd endel ekstra kroner i b\u00e5tkassa, men dessverre var jeg litt uheldig.<\/p>\n<p>I p\u00e5sken er det nemlig ikke full bemanning p\u00e5 jobben, og endel vakter blir kuttet. Slik er det ogs\u00e5 p\u00e5 andre h\u00f8ytidsdager- og perioder. S\u00e5 noen av vaktene blir kuttet slik at vi bare har grunnbemanning.<\/p>\n<p>I \u00e5r var jeg uheldig &#8211; alle mine vakter ble sl\u00f8yfet! Litt surt ettersom slike dager jo er ganske godt betalt&#8230; Men vi har da muligheten til \u00e5 skrive oss opp som interesserte p\u00e5 vaktene &#8211; fordi det jo alltid er noen som ikke \u00f8nsker \u00e5 jobbe.<\/p>\n<p>Her fikk jeg ikke full uttelling ettersom jeg bare fikk to vakter, men samtidig betyr dette at jeg f\u00e5r mulighet til \u00e5 ta mesteparten av \u00e5rets p\u00e5skeferie til sj\u00f8s!<\/p>\n<p>Jeg har nemlig tidligvakt skj\u00e6rtorsdag fram til kl.15.00, og da skal jeg ikke p\u00e5 jobb f\u00f8r sent andre p\u00e5skedag, ogs\u00e5 det fra kl.15.00. Jeg f\u00e5r dermed tre hele fridager, pluss noen timer ekstra b\u00e5de &laquo;foran og bak&raquo; de tre dagene.<\/p>\n<p>Planen m\u00e5 jo da v\u00e6re \u00e5 ta b\u00e5ten til byen p\u00e5 skj\u00e6rtorsdag, slik at jeg kan spasere rett fra jobb og til b\u00e5ten for \u00e5 starte ferien da, og kanskje det samme p\u00e5 andre p\u00e5skedag, da jeg kan v\u00e6re til sj\u00f8s til langt utp\u00e5 dagen.<\/p>\n<p>Hvor jeg havner er vanskelig \u00e5 si. P\u00e5 grunn av farten min kommer jeg jo ikke s\u00e5 langt!<\/p>\n<p>Sverige &#8211; ved Str\u00f6mstad eller Koster &#8211; ville jo v\u00e6rt perfekt &#8211; men det blir litt stress. I fjor kom jeg meg for f\u00f8rste gang ikke til Sverige i l\u00f8pet av sesongen (hvis vi ser bort fra de under tre m\u00e5nedene jeg hadde b\u00e5ten i 2013), s\u00e5 det ville v\u00e6rt deilig \u00e5 kunne heise det svenske gjesteflagget igjen!<\/p>\n<figure id=\"attachment_14938\" aria-describedby=\"caption-attachment-14938\" style=\"width: 800px\" class=\"wp-caption aligncenter\"><img data-recalc-dims=\"1\" loading=\"lazy\" decoding=\"async\" data-attachment-id=\"14938\" data-permalink=\"https:\/\/pequod.nesodd1.no\/?attachment_id=14938\" data-orig-file=\"https:\/\/i0.wp.com\/pequod.nesodd1.no\/wp-content\/uploads\/2018\/10\/10615547_1471732896414192_8921467269467322952_n.jpg?fit=800%2C534&amp;ssl=1\" data-orig-size=\"800,534\" data-comments-opened=\"1\" data-image-meta=\"{&quot;aperture&quot;:&quot;0&quot;,&quot;credit&quot;:&quot;Picasa&quot;,&quot;camera&quot;:&quot;&quot;,&quot;caption&quot;:&quot;&quot;,&quot;created_timestamp&quot;:&quot;0&quot;,&quot;copyright&quot;:&quot;&quot;,&quot;focal_length&quot;:&quot;0&quot;,&quot;iso&quot;:&quot;0&quot;,&quot;shutter_speed&quot;:&quot;0&quot;,&quot;title&quot;:&quot;&quot;,&quot;orientation&quot;:&quot;0&quot;}\" data-image-title=\"10615547_1471732896414192_8921467269467322952_n\" data-image-description=\"&lt;p&gt;Vettnet, Nord-Koster, Koster, Sverige&lt;\/p&gt;\n\" data-image-caption=\"\" data-large-file=\"https:\/\/i0.wp.com\/pequod.nesodd1.no\/wp-content\/uploads\/2018\/10\/10615547_1471732896414192_8921467269467322952_n.jpg?fit=800%2C534&amp;ssl=1\" class=\"size-full wp-image-14938\" src=\"https:\/\/i0.wp.com\/pequod.nesodd1.no\/wp-content\/uploads\/2018\/10\/10615547_1471732896414192_8921467269467322952_n.jpg?resize=800%2C534&#038;ssl=1\" alt=\"\" width=\"800\" height=\"534\" srcset=\"https:\/\/i0.wp.com\/pequod.nesodd1.no\/wp-content\/uploads\/2018\/10\/10615547_1471732896414192_8921467269467322952_n.jpg?w=800&amp;ssl=1 800w, https:\/\/i0.wp.com\/pequod.nesodd1.no\/wp-content\/uploads\/2018\/10\/10615547_1471732896414192_8921467269467322952_n.jpg?resize=100%2C67&amp;ssl=1 100w, https:\/\/i0.wp.com\/pequod.nesodd1.no\/wp-content\/uploads\/2018\/10\/10615547_1471732896414192_8921467269467322952_n.jpg?resize=300%2C200&amp;ssl=1 300w, https:\/\/i0.wp.com\/pequod.nesodd1.no\/wp-content\/uploads\/2018\/10\/10615547_1471732896414192_8921467269467322952_n.jpg?resize=768%2C513&amp;ssl=1 768w\" sizes=\"auto, (max-width: 800px) 100vw, 800px\" \/><figcaption id=\"caption-attachment-14938\" class=\"wp-caption-text\">F\u00f8rste landkjenning i Sverige i august 2014. Bergtatt ligger i bakgrunnen foran seilb\u00e5ten. Vettnet p\u00e5 Nord-Koster. Om det blir noen p\u00e5sketur dit i \u00e5r er vel tvilsomt, men ikkr umulig.<\/figcaption><\/figure>\n<p>\u00c5 bare dra til Oscarsborg blir for kort, selv om det kanskje blir f\u00f8rste stopp. Jeg vil gjerne litt ut av Oslofjorden, s\u00e5 da f\u00e5r jeg velge p\u00e5 hvilken side av fjorden jeg vil t\u00f8ffe, og deretter se det an!<\/p>\n<p>V\u00e6ravhengig er det ogs\u00e5. Men sannsynligheten for b\u00e5tp\u00e5skeferie i \u00e5r er i alle fall rundt 100 prosent!<\/p>\n<p>I fjor var jeg syk i p\u00e5sken og m\u00e5tte ta det med ro, i 2017 var jeg p\u00e5 p\u00e5skeferie i Frankrike og Monaco, mens jeg i 2016 s\u00e5vidt fikk meg noen dager, men den ble avkortet p\u00e5 grunn av v\u00e6ret. I 2015 l\u00e5 jeg p\u00e5 sykehus og i 2014 hadde jeg jobbep\u00e5ske.<\/p>\n<h3>Related Images:<\/h3>","protected":false},"excerpt":{"rendered":"<p>Ferieplanene for sommeren har jeg jo allerede skrevet om tidligere, men n\u00e5 ser det ut til at det kan bli en liten tur i p\u00e5sken ogs\u00e5. Related Images:<\/p>\n","protected":false},"author":1,"featured_media":7990,"comment_status":"open","ping_status":"open","sticky":false,"template":"","format":"standard","meta":{"_crdt_document":"","ngg_post_thumbnail":0,"jetpack_post_was_ever_published":false,"_jetpack_newsletter_access":"","_jetpack_dont_email_post_to_subs":false,"_jetpack_newsletter_tier_id":0,"_jetpack_memberships_contains_paywalled_content":false,"_jetpack_memberships_contains_paid_content":false,"footnotes":""},"categories":[3,147],"tags":[1600,635,627],"class_list":["post-15469","post","type-post","status-publish","format-standard","has-post-thumbnail","hentry","category-blogg","category-ferie","tag-batpaske","tag-paske","tag-paskeferie"],"jetpack_featured_media_url":"https:\/\/i0.wp.com\/pequod.nesodd1.no\/wp-content\/uploads\/2016\/02\/Paaskeoeya.jpg?fit=640%2C288&ssl=1","jetpack_shortlink":"https:\/\/wp.me\/p3Zd9b-41v","jetpack_sharing_enabled":true,"jetpack_likes_enabled":true,"jetpack-related-posts":[],"_links":{"self":[{"href":"https:\/\/pequod.nesodd1.no\/index.php?rest_route=\/wp\/v2\/posts\/15469","targetHints":{"allow":["GET"]}}],"collection":[{"href":"https:\/\/pequod.nesodd1.no\/index.php?rest_route=\/wp\/v2\/posts"}],"about":[{"href":"https:\/\/pequod.nesodd1.no\/index.php?rest_route=\/wp\/v2\/types\/post"}],"author":[{"embeddable":true,"href":"https:\/\/pequod.nesodd1.no\/index.php?rest_route=\/wp\/v2\/users\/1"}],"replies":[{"embeddable":true,"href":"https:\/\/pequod.nesodd1.no\/index.php?rest_route=%2Fwp%2Fv2%2Fcomments&post=15469"}],"version-history":[{"count":7,"href":"https:\/\/pequod.nesodd1.no\/index.php?rest_route=\/wp\/v2\/posts\/15469\/revisions"}],"predecessor-version":[{"id":15520,"href":"https:\/\/pequod.nesodd1.no\/index.php?rest_route=\/wp\/v2\/posts\/15469\/revisions\/15520"}],"wp:featuredmedia":[{"embeddable":true,"href":"https:\/\/pequod.nesodd1.no\/index.php?rest_route=\/wp\/v2\/media\/7990"}],"wp:attachment":[{"href":"https:\/\/pequod.nesodd1.no\/index.php?rest_route=%2Fwp%2Fv2%2Fmedia&parent=15469"}],"wp:term":[{"taxonomy":"category","embeddable":true,"href":"https:\/\/pequod.nesodd1.no\/index.php?rest_route=%2Fwp%2Fv2%2Fcategories&post=15469"},{"taxonomy":"post_tag","embeddable":true,"href":"https:\/\/pequod.nesodd1.no\/index.php?rest_route=%2Fwp%2Fv2%2Ftags&post=15469"}],"curies":[{"name":"wp","href":"https:\/\/api.w.org\/{rel}","templated":true}]}}