{"id":1562,"date":"2013-12-26T09:00:22","date_gmt":"2013-12-26T08:00:22","guid":{"rendered":"https:\/\/pequod.nesodd1.no\/?p=1562"},"modified":"2013-12-26T08:26:10","modified_gmt":"2013-12-26T07:26:10","slug":"mitt-fristed","status":"publish","type":"post","link":"https:\/\/pequod.nesodd1.no\/?p=1562","title":{"rendered":"Mitt fristed"},"content":{"rendered":"<p><a href=\"https:\/\/i0.wp.com\/pequod.nesodd1.no\/wp-content\/uploads\/2013\/12\/yacht-of-santa-claus_00061752.jpg\"><img data-recalc-dims=\"1\" loading=\"lazy\" decoding=\"async\" data-attachment-id=\"1280\" data-permalink=\"https:\/\/pequod.nesodd1.no\/?attachment_id=1280\" data-orig-file=\"https:\/\/i0.wp.com\/pequod.nesodd1.no\/wp-content\/uploads\/2013\/12\/yacht-of-santa-claus_00061752.jpg?fit=240%2C320&amp;ssl=1\" data-orig-size=\"240,320\" data-comments-opened=\"1\" data-image-meta=\"{&quot;aperture&quot;:&quot;0&quot;,&quot;credit&quot;:&quot;&quot;,&quot;camera&quot;:&quot;&quot;,&quot;caption&quot;:&quot;&quot;,&quot;created_timestamp&quot;:&quot;0&quot;,&quot;copyright&quot;:&quot;&quot;,&quot;focal_length&quot;:&quot;0&quot;,&quot;iso&quot;:&quot;0&quot;,&quot;shutter_speed&quot;:&quot;0&quot;,&quot;title&quot;:&quot;&quot;}\" data-image-title=\"yacht-of-santa-claus_00061752\" data-image-description=\"\" data-image-caption=\"\" data-large-file=\"https:\/\/i0.wp.com\/pequod.nesodd1.no\/wp-content\/uploads\/2013\/12\/yacht-of-santa-claus_00061752.jpg?fit=240%2C320&amp;ssl=1\" class=\" wp-image-1280 alignright\" alt=\"yacht-of-santa-claus_00061752\" src=\"https:\/\/i0.wp.com\/pequod.nesodd1.no\/wp-content\/uploads\/2013\/12\/yacht-of-santa-claus_00061752-150x150.jpg?resize=105%2C105\" width=\"105\" height=\"105\" srcset=\"https:\/\/i0.wp.com\/pequod.nesodd1.no\/wp-content\/uploads\/2013\/12\/yacht-of-santa-claus_00061752.jpg?resize=150%2C150&amp;ssl=1 150w, https:\/\/i0.wp.com\/pequod.nesodd1.no\/wp-content\/uploads\/2013\/12\/yacht-of-santa-claus_00061752.jpg?zoom=2&amp;resize=105%2C105&amp;ssl=1 210w\" sizes=\"auto, (max-width: 105px) 100vw, 105px\" \/><\/a>Jeg tror plutselig at jeg har funnet ut en av \u00e5rsakene til at jeg trives s\u00e5 godt om bord i b\u00e5ten. Ikke bare fordi b\u00e5tlivet tiltrekker meg i mye st\u00f8rre grad enn jeg hadde trodd, men ogs\u00e5 fordi jeg, n\u00e5r jeg er alene i b\u00e5ten, endelig har funnet meg mitt eget lille fristed.<!--more--><\/p>\n<p>Jeg har full forst\u00e5else for at ungene kanskje ikke alltid har lyst \u00e5 bli med p\u00e5 b\u00e5tturer i desember, og kjerring har jeg jo ikke, s\u00e5 jeg t\u00f8ffer rundt p\u00e5 fjorden med varierende hell helt alene de aller fleste gangene.<\/p>\n<p>Og noen ganger er det helt \u00e5lreit, for \u00e5 sitere en annen og dessverre d\u00f8d, b\u00e5tentusiast.<\/p>\n<p>For selv om jeg forventer \u00e5 f\u00e5 selskap i b\u00e5ten n\u00e5r isen forsvinner til v\u00e5ren (for jeg regner med at det kommer litt is etterhvert&#8230;), s\u00e5 opplever jeg ogs\u00e5 at jeg trives veldig godt alene i b\u00e5ten og at jeg senker skuldrene n\u00e5r jeg er om bord, i fart eller ikke.<\/p>\n<p>Jeg har jo tidligere v\u00e6rt inne p\u00e5 at jeg trives veldig godt til sj\u00f8s, med naturopplevelsene jeg f\u00e5r og det \u00e5 v\u00e6re om bord i b\u00e5t og farte i fjorden i sakte fart, men det er ogs\u00e5 en annen dimensjon over denne begeistringen:<\/p>\n<p><a href=\"https:\/\/i0.wp.com\/pequod.nesodd1.no\/wp-content\/uploads\/2013\/10\/IMG_7368.jpg\"><img data-recalc-dims=\"1\" loading=\"lazy\" decoding=\"async\" data-attachment-id=\"471\" data-permalink=\"https:\/\/pequod.nesodd1.no\/?attachment_id=471\" data-orig-file=\"https:\/\/i0.wp.com\/pequod.nesodd1.no\/wp-content\/uploads\/2013\/10\/IMG_7368-e1413709220157.jpg?fit=800%2C533&amp;ssl=1\" data-orig-size=\"800,533\" data-comments-opened=\"1\" data-image-meta=\"{&quot;aperture&quot;:&quot;9&quot;,&quot;credit&quot;:&quot;Picasa&quot;,&quot;camera&quot;:&quot;Canon EOS 450D&quot;,&quot;caption&quot;:&quot;&quot;,&quot;created_timestamp&quot;:&quot;1381402253&quot;,&quot;copyright&quot;:&quot;&quot;,&quot;focal_length&quot;:&quot;21&quot;,&quot;iso&quot;:&quot;200&quot;,&quot;shutter_speed&quot;:&quot;0.005&quot;,&quot;title&quot;:&quot;&quot;}\" data-image-title=\"IMG_7368\" data-image-description=\"\" data-image-caption=\"&lt;p&gt;B\u00e5ten p\u00e5 plass p\u00e5 Oksval for f\u00f8rste gang.&lt;\/p&gt;\n\" data-large-file=\"https:\/\/i0.wp.com\/pequod.nesodd1.no\/wp-content\/uploads\/2013\/10\/IMG_7368-e1413709220157.jpg?fit=940%2C625&amp;ssl=1\" class=\"alignleft size-medium wp-image-471\" alt=\"IMG_7368\" src=\"https:\/\/i0.wp.com\/pequod.nesodd1.no\/wp-content\/uploads\/2013\/10\/IMG_7368-300x199.jpg?resize=300%2C199\" width=\"300\" height=\"199\" \/><\/a>B\u00e5ten har blitt mitt fristed. Her kan jeg slappe av totalt, og snakke med meg selv om jeg \u00f8nsker! Her er ingen andre, bare stillhet (n\u00e5r motoren er av), litt knirking i treverk og klukking av sj\u00f8 mot plast.<\/p>\n<p>Jeg har aldri satt p\u00e5 iPoden eller iPhonen med musikk n\u00e5r jeg er ombord, jeg bruker dem kun til navigering og til \u00e5 ringe etter hjelp n\u00e5r jeg trenger det (&#8230;), og til oppdatering p\u00e5 sosiale medier&#8230;men ikke hele tiden!<\/p>\n<p>Jeg har ogs\u00e5 sett nyheter p\u00e5 iPaden noen ganger.<\/p>\n<p>Men bortsett fra det er det stillheten og friheten av \u00e5 v\u00e6re utenfor rekkevidde av noen andre som kanskje er noen andre grunner til at jeg har det s\u00e5 godt her.<\/p>\n<p>Til og med p\u00e5 julaften var jeg om bord i b\u00e5ten! Etter \u00e5 ha feiret med mat og gaver sammen med ungene og mora deres, skulle jeg g\u00e5 hjem til meg selv f\u00f8r jeg skulle p\u00e5 nattvakt. Jeg g\u00e5r forbi b\u00e5thavna p\u00e5 denne turen, og bestemte meg derfor for \u00e5 stikke innom og sjekke fort\u00f8yningene (ettersom det jo bl\u00e5ste en god del p\u00e5 julaften) og legge noen av gavene jeg hadde med meg igjen i b\u00e5ten ettersom de jo var til b\u00e5tbruk.<\/p>\n<p>N\u00e5r jeg s\u00e5 satt der i b\u00e5ten og hadde konstatert at alt s\u00e5 bra ut, s\u00e5 begynte det \u00e5 regne s\u00e5pass at jeg fant ut at det var like godt \u00e5 v\u00e6re der&#8230;Gikk ut f\u00f8rst n\u00e5r det n\u00e6rmet seg avgangstid for bussen ned til brygga og til jobb, s\u00e5 jeg kom meg aldri hjem med julegavene&#8230; De ble igjen i b\u00e5ten.<\/p>\n<figure id=\"attachment_1568\" aria-describedby=\"caption-attachment-1568\" style=\"width: 300px\" class=\"wp-caption alignright\"><a href=\"https:\/\/i0.wp.com\/pequod.nesodd1.no\/wp-content\/uploads\/2013\/12\/IMG_2839.jpg\"><img data-recalc-dims=\"1\" loading=\"lazy\" decoding=\"async\" data-attachment-id=\"1568\" data-permalink=\"https:\/\/pequod.nesodd1.no\/?attachment_id=1568\" data-orig-file=\"https:\/\/i0.wp.com\/pequod.nesodd1.no\/wp-content\/uploads\/2013\/12\/IMG_2839.jpg?fit=800%2C534&amp;ssl=1\" data-orig-size=\"800,534\" data-comments-opened=\"1\" data-image-meta=\"{&quot;aperture&quot;:&quot;3.5&quot;,&quot;credit&quot;:&quot;Picasa&quot;,&quot;camera&quot;:&quot;Canon EOS 700D&quot;,&quot;caption&quot;:&quot;&quot;,&quot;created_timestamp&quot;:&quot;1387992843&quot;,&quot;copyright&quot;:&quot;&quot;,&quot;focal_length&quot;:&quot;18&quot;,&quot;iso&quot;:&quot;1600&quot;,&quot;shutter_speed&quot;:&quot;0.0166666666667&quot;,&quot;title&quot;:&quot;&quot;}\" data-image-title=\"IMG_2839\" data-image-description=\"\" data-image-caption=\"&lt;p&gt;Ser Dagsrevyen p\u00e5 iPaden, nyhetsfreak som jeg er&amp;#8230;&lt;\/p&gt;\n\" data-large-file=\"https:\/\/i0.wp.com\/pequod.nesodd1.no\/wp-content\/uploads\/2013\/12\/IMG_2839.jpg?fit=800%2C534&amp;ssl=1\" class=\"size-medium wp-image-1568\" alt=\"Ser Dagsrevyen p\u00e5 iPaden, nyhetsfreak som jeg er...\" src=\"https:\/\/i0.wp.com\/pequod.nesodd1.no\/wp-content\/uploads\/2013\/12\/IMG_2839-300x200.jpg?resize=300%2C200\" width=\"300\" height=\"200\" srcset=\"https:\/\/i0.wp.com\/pequod.nesodd1.no\/wp-content\/uploads\/2013\/12\/IMG_2839.jpg?resize=300%2C200&amp;ssl=1 300w, https:\/\/i0.wp.com\/pequod.nesodd1.no\/wp-content\/uploads\/2013\/12\/IMG_2839.jpg?w=800&amp;ssl=1 800w\" sizes=\"auto, (max-width: 300px) 100vw, 300px\" \/><\/a><figcaption id=\"caption-attachment-1568\" class=\"wp-caption-text\">Ser Dagsrevyen p\u00e5 iPaden, nyhetsfreak som jeg er&#8230;<\/figcaption><\/figure>\n<p>Og n\u00e5r jeg var ferdig med nattvakten og skulle hjemover tidlig f\u00f8rste juledag, s\u00e5 stakk jeg selvsagt nedenom b\u00e5ten for \u00e5 hente de to posene med julegaver som jeg aldri kom hjem med p\u00e5 julaften&#8230; Og da endte det like godt med at jeg la meg til \u00e5 sove der. Pute og dyne l\u00e5 der fra f\u00f8r, s\u00e5 det var en grei avgj\u00f8relse. Siden det fortsatt bl\u00e5ste litt f\u00f8rste juledags morgen, s\u00e5 vugget b\u00e5ten en del p\u00e5 seg og det sammen med de koselige lydene fra b\u00e5ten og sj\u00f8en, gjorde at jeg raskt ble vugget i s\u00f8vn&#8230;<\/p>\n<p>Kom meg s\u00e5vidt hjem med julegavene p\u00e5 kveldstid, og rakk \u00e5 skifte f\u00f8r jeg m\u00e5tte dra p\u00e5 ny nattvakt!<\/p>\n<p>Det var denne dagen jeg kom fram til at det nettopp m\u00e5 v\u00e6re det at b\u00e5ten fungerer som et lite fristed for meg, som er enda en av grunnene til at jeg koser meg s\u00e5 mye der!<\/p>\n<p>Men helt normalt er det vel kanskje ikke \u00e5 dra ned i b\u00e5ten for \u00e5 sove&#8230;.:-D<\/p>\n<h3>Related Images:<\/h3>","protected":false},"excerpt":{"rendered":"<p>Jeg tror plutselig at jeg har funnet ut en av \u00e5rsakene til at jeg trives s\u00e5 godt om bord i b\u00e5ten. Ikke bare fordi b\u00e5tlivet tiltrekker meg i mye st\u00f8rre grad enn jeg hadde trodd, men ogs\u00e5 fordi jeg, n\u00e5r jeg er alene i b\u00e5ten, endelig har funnet meg mitt eget lille fristed. Related Images:<\/p>\n","protected":false},"author":1,"featured_media":0,"comment_status":"open","ping_status":"open","sticky":false,"template":"","format":"standard","meta":{"_crdt_document":"","ngg_post_thumbnail":0,"jetpack_post_was_ever_published":false,"_jetpack_newsletter_access":"","_jetpack_dont_email_post_to_subs":false,"_jetpack_newsletter_tier_id":0,"_jetpack_memberships_contains_paywalled_content":false,"_jetpack_memberships_contains_paid_content":false,"footnotes":""},"categories":[3],"tags":[457,458,460,461,368,293,386,459],"class_list":["post-1562","post","type-post","status-publish","format-standard","hentry","category-blogg","tag-fristed","tag-julaften","tag-lave-skuldre","tag-nattvakt","tag-overnatting","tag-regn","tag-sove","tag-vugging"],"jetpack_featured_media_url":"","jetpack_shortlink":"https:\/\/wp.me\/p3Zd9b-pc","jetpack_sharing_enabled":true,"jetpack_likes_enabled":true,"jetpack-related-posts":[],"_links":{"self":[{"href":"https:\/\/pequod.nesodd1.no\/index.php?rest_route=\/wp\/v2\/posts\/1562","targetHints":{"allow":["GET"]}}],"collection":[{"href":"https:\/\/pequod.nesodd1.no\/index.php?rest_route=\/wp\/v2\/posts"}],"about":[{"href":"https:\/\/pequod.nesodd1.no\/index.php?rest_route=\/wp\/v2\/types\/post"}],"author":[{"embeddable":true,"href":"https:\/\/pequod.nesodd1.no\/index.php?rest_route=\/wp\/v2\/users\/1"}],"replies":[{"embeddable":true,"href":"https:\/\/pequod.nesodd1.no\/index.php?rest_route=%2Fwp%2Fv2%2Fcomments&post=1562"}],"version-history":[{"count":4,"href":"https:\/\/pequod.nesodd1.no\/index.php?rest_route=\/wp\/v2\/posts\/1562\/revisions"}],"predecessor-version":[{"id":1571,"href":"https:\/\/pequod.nesodd1.no\/index.php?rest_route=\/wp\/v2\/posts\/1562\/revisions\/1571"}],"wp:attachment":[{"href":"https:\/\/pequod.nesodd1.no\/index.php?rest_route=%2Fwp%2Fv2%2Fmedia&parent=1562"}],"wp:term":[{"taxonomy":"category","embeddable":true,"href":"https:\/\/pequod.nesodd1.no\/index.php?rest_route=%2Fwp%2Fv2%2Fcategories&post=1562"},{"taxonomy":"post_tag","embeddable":true,"href":"https:\/\/pequod.nesodd1.no\/index.php?rest_route=%2Fwp%2Fv2%2Ftags&post=1562"}],"curies":[{"name":"wp","href":"https:\/\/api.w.org\/{rel}","templated":true}]}}