{"id":15746,"date":"2019-06-20T10:00:09","date_gmt":"2019-06-20T08:00:09","guid":{"rendered":"https:\/\/pequod.nesodd1.no\/?p=15746"},"modified":"2019-06-20T10:21:20","modified_gmt":"2019-06-20T08:21:20","slug":"pa-tokt-til-sorlandet-2019-del-4","status":"publish","type":"post","link":"https:\/\/pequod.nesodd1.no\/?p=15746","title":{"rendered":"P\u00e5 tokt til S\u00f8rlandet 2019 &#8211; Del 4"},"content":{"rendered":"<p>S\u00f8ndag formiddag opprant med noe bedre v\u00e6r enn det hadde v\u00e6rt p\u00e5 b\u00e5tturen hittil. Jeg tok det med ro og bevilget meg en kaffe f\u00f8r jeg tok med meg et par poser med kl\u00e6r for \u00e5 vaske inne p\u00e5 serviceanlegget. Og mens vasken gikk skulle jeg f\u00e5 bes\u00f8k om bord.<!--more--><\/p>\n<p>Ved den brygga jeg l\u00e5 p\u00e5 kom jeg i prat med en eldre kar som fortalte at han hadde bodd i b\u00e5t i 35 \u00e5r (hvis jeg husker riktig). Han l\u00e5 ved brygga med en b\u00e5t som var like stor som min &#8211; 29 fot &#8211; men jeg husker ikke hva slags merke det var. Navnet p\u00e5 b\u00e5ten var &laquo;Bilitis&raquo;. Han og kona skulle ned til Hellas med b\u00e5ten om bare noen f\u00e5 uker. Han hadde v\u00e6rt der flere ganger tidligere med samme b\u00e5t. Skulle visst v\u00e6re der nede i et noen \u00e5r f\u00f8r retur. Selv om han hadde like stor b\u00e5t som meg s\u00e5 var hans motor p\u00e5 45 hester, dobbelt s\u00e5 mye som jeg hadde p\u00e5 gamleb\u00e5ten (og omtrent to og en halv gang mindre enn det jeg har n\u00e5!). S\u00e5 han regnet med noen m\u00e5neder p\u00e5 turen ned til Hellas.<\/p>\n<p>Han tok selvsagt kanalveien nedover, og det var bare noen f\u00e5 \u00e5pne strekker etter at man var ute i Middelhavet der han fulgte ekstra n\u00f8ye med p\u00e5 v\u00e6ret.&nbsp;Mulig jeg tar en slik tur en gang ogs\u00e5! H\u00f8rtes veldig fristende ut, men da m\u00e5 jeg nok vente til jeg blir pensjonist!<\/p>\n<figure id=\"attachment_15955\" aria-describedby=\"caption-attachment-15955\" style=\"width: 300px\" class=\"wp-caption alignleft\"><a href=\"https:\/\/i0.wp.com\/pequod.nesodd1.no\/wp-content\/uploads\/2019\/06\/A63F7CA4-D428-4804-B8B7-82600D221710.jpeg.2852738f7551b6d63c19c9a47bd3b856.jpeg?ssl=1\"><img data-recalc-dims=\"1\" loading=\"lazy\" decoding=\"async\" data-attachment-id=\"15955\" data-permalink=\"https:\/\/pequod.nesodd1.no\/?attachment_id=15955\" data-orig-file=\"https:\/\/i0.wp.com\/pequod.nesodd1.no\/wp-content\/uploads\/2019\/06\/A63F7CA4-D428-4804-B8B7-82600D221710.jpeg.2852738f7551b6d63c19c9a47bd3b856.jpeg?fit=1000%2C750&amp;ssl=1\" data-orig-size=\"1000,750\" data-comments-opened=\"1\" data-image-meta=\"{&quot;aperture&quot;:&quot;0&quot;,&quot;credit&quot;:&quot;&quot;,&quot;camera&quot;:&quot;&quot;,&quot;caption&quot;:&quot;&quot;,&quot;created_timestamp&quot;:&quot;0&quot;,&quot;copyright&quot;:&quot;&quot;,&quot;focal_length&quot;:&quot;0&quot;,&quot;iso&quot;:&quot;0&quot;,&quot;shutter_speed&quot;:&quot;0&quot;,&quot;title&quot;:&quot;&quot;,&quot;orientation&quot;:&quot;0&quot;}\" data-image-title=\"A63F7CA4-D428-4804-B8B7-82600D221710.jpeg.2852738f7551b6d63c19c9a47bd3b856\" data-image-description=\"\" data-image-caption=\"\" data-large-file=\"https:\/\/i0.wp.com\/pequod.nesodd1.no\/wp-content\/uploads\/2019\/06\/A63F7CA4-D428-4804-B8B7-82600D221710.jpeg.2852738f7551b6d63c19c9a47bd3b856.jpeg?fit=940%2C705&amp;ssl=1\" class=\"wp-image-15955 size-medium\" src=\"https:\/\/i0.wp.com\/pequod.nesodd1.no\/wp-content\/uploads\/2019\/06\/A63F7CA4-D428-4804-B8B7-82600D221710.jpeg.2852738f7551b6d63c19c9a47bd3b856.jpeg?resize=300%2C225&#038;ssl=1\" alt=\"\" width=\"300\" height=\"225\" srcset=\"https:\/\/i0.wp.com\/pequod.nesodd1.no\/wp-content\/uploads\/2019\/06\/A63F7CA4-D428-4804-B8B7-82600D221710.jpeg.2852738f7551b6d63c19c9a47bd3b856.jpeg?resize=300%2C225&amp;ssl=1 300w, https:\/\/i0.wp.com\/pequod.nesodd1.no\/wp-content\/uploads\/2019\/06\/A63F7CA4-D428-4804-B8B7-82600D221710.jpeg.2852738f7551b6d63c19c9a47bd3b856.jpeg?resize=100%2C75&amp;ssl=1 100w, https:\/\/i0.wp.com\/pequod.nesodd1.no\/wp-content\/uploads\/2019\/06\/A63F7CA4-D428-4804-B8B7-82600D221710.jpeg.2852738f7551b6d63c19c9a47bd3b856.jpeg?resize=768%2C576&amp;ssl=1 768w, https:\/\/i0.wp.com\/pequod.nesodd1.no\/wp-content\/uploads\/2019\/06\/A63F7CA4-D428-4804-B8B7-82600D221710.jpeg.2852738f7551b6d63c19c9a47bd3b856.jpeg?w=1000&amp;ssl=1 1000w\" sizes=\"auto, (max-width: 300px) 100vw, 300px\" \/><\/a><figcaption id=\"caption-attachment-15955\" class=\"wp-caption-text\">Bj\u00f8rn er alltid like blid og positiv &#8211; her p\u00e5 brygga i Arendal<\/figcaption><\/figure>\n<p>Mens klesvasken l\u00e5 i t\u00f8rketrommelen fikk jeg bes\u00f8k av en kjenning fra b\u00e5tforumet p\u00e5 baatplassen.no &#8211; jeg hilste p\u00e5 ham for f\u00f8rste gang under \u00d8stfoldtreffet p\u00e5 Sand i 2017, og han kom innom for en kaffekopp da jeg var p\u00e5 S\u00f8rlandet for f\u00f8rste gang i fjor.<\/p>\n<p>N\u00e5r jeg n\u00e5 l\u00e5 i Arendal igjen, der han har b\u00e5ten sin, s\u00e5 kom han selvsagt innom en tur denne gangen ogs\u00e5. Han hadde nok lyst til \u00e5 ta nyb\u00e5ten n\u00e6rmere i \u00f8yensyn, og han virket s\u00e5 absolutt forn\u00f8yd med det han s\u00e5!<\/p>\n<p>Det ble nok en koselig b\u00e5tprat med Bj\u00f8rn, og etter \u00e5 ha vinket ham avg\u00e5rde hentet jeg klesvasken og gjorde meg klar til avgang. Fikk hjelp av en hyggelig seilb\u00e5tskipper som ga meg en skikkelig dytt ut fra brygga. Vinden presset meg nemlig innover og siden kontrollboksen til baugpropellen jo var p\u00e5 reparasjon, s\u00e5 da var det godt med en dytt! Jeg l\u00e5 litt trangt til og grudde meg nesten litt til avgangen, men da jeg kom tilbake etter \u00e5 ha hentet klesvasken s\u00e5 var b\u00e5ten foran meg borte og jeg hadde klar bane. S\u00e5 da gikk det som en lek.<\/p>\n<figure id=\"attachment_15953\" aria-describedby=\"caption-attachment-15953\" style=\"width: 1000px\" class=\"wp-caption aligncenter\"><a href=\"https:\/\/i0.wp.com\/pequod.nesodd1.no\/wp-content\/uploads\/2019\/06\/303190AB-F8BE-405A-A7BE-35BD33763450.jpeg.dbce0ae3b7d4ef92fbdf552473761de5.jpeg?ssl=1\"><img data-recalc-dims=\"1\" loading=\"lazy\" decoding=\"async\" data-attachment-id=\"15953\" data-permalink=\"https:\/\/pequod.nesodd1.no\/?attachment_id=15953\" data-orig-file=\"https:\/\/i0.wp.com\/pequod.nesodd1.no\/wp-content\/uploads\/2019\/06\/303190AB-F8BE-405A-A7BE-35BD33763450.jpeg.dbce0ae3b7d4ef92fbdf552473761de5.jpeg?fit=1000%2C750&amp;ssl=1\" data-orig-size=\"1000,750\" data-comments-opened=\"1\" data-image-meta=\"{&quot;aperture&quot;:&quot;0&quot;,&quot;credit&quot;:&quot;&quot;,&quot;camera&quot;:&quot;&quot;,&quot;caption&quot;:&quot;&quot;,&quot;created_timestamp&quot;:&quot;0&quot;,&quot;copyright&quot;:&quot;&quot;,&quot;focal_length&quot;:&quot;0&quot;,&quot;iso&quot;:&quot;0&quot;,&quot;shutter_speed&quot;:&quot;0&quot;,&quot;title&quot;:&quot;&quot;,&quot;orientation&quot;:&quot;0&quot;}\" data-image-title=\"303190AB-F8BE-405A-A7BE-35BD33763450.jpeg.dbce0ae3b7d4ef92fbdf552473761de5\" data-image-description=\"&lt;p&gt;Utsikt fra gjestehavna. Nydelig v\u00e6r!&lt;\/p&gt;\n\" data-image-caption=\"\" data-large-file=\"https:\/\/i0.wp.com\/pequod.nesodd1.no\/wp-content\/uploads\/2019\/06\/303190AB-F8BE-405A-A7BE-35BD33763450.jpeg.dbce0ae3b7d4ef92fbdf552473761de5.jpeg?fit=940%2C705&amp;ssl=1\" class=\"wp-image-15953 size-full\" src=\"https:\/\/i0.wp.com\/pequod.nesodd1.no\/wp-content\/uploads\/2019\/06\/303190AB-F8BE-405A-A7BE-35BD33763450.jpeg.dbce0ae3b7d4ef92fbdf552473761de5.jpeg?resize=940%2C705&#038;ssl=1\" alt=\"\" width=\"940\" height=\"705\" srcset=\"https:\/\/i0.wp.com\/pequod.nesodd1.no\/wp-content\/uploads\/2019\/06\/303190AB-F8BE-405A-A7BE-35BD33763450.jpeg.dbce0ae3b7d4ef92fbdf552473761de5.jpeg?w=1000&amp;ssl=1 1000w, https:\/\/i0.wp.com\/pequod.nesodd1.no\/wp-content\/uploads\/2019\/06\/303190AB-F8BE-405A-A7BE-35BD33763450.jpeg.dbce0ae3b7d4ef92fbdf552473761de5.jpeg?resize=100%2C75&amp;ssl=1 100w, https:\/\/i0.wp.com\/pequod.nesodd1.no\/wp-content\/uploads\/2019\/06\/303190AB-F8BE-405A-A7BE-35BD33763450.jpeg.dbce0ae3b7d4ef92fbdf552473761de5.jpeg?resize=300%2C225&amp;ssl=1 300w, https:\/\/i0.wp.com\/pequod.nesodd1.no\/wp-content\/uploads\/2019\/06\/303190AB-F8BE-405A-A7BE-35BD33763450.jpeg.dbce0ae3b7d4ef92fbdf552473761de5.jpeg?resize=768%2C576&amp;ssl=1 768w\" sizes=\"auto, (max-width: 940px) 100vw, 940px\" \/><\/a><figcaption id=\"caption-attachment-15953\" class=\"wp-caption-text\">Utsikt fra gjestehavna i Arendal.<\/figcaption><\/figure>\n<p>M\u00e5let med dagens etappe var \u00e5 komme meg ned til Kristiansand. Der skulle jeg laste om bord bagasjen til yngstejenta og deretter snu baugen og dra hjemover. Men jeg startet s\u00e5pass sent (h\u00f8rt den f\u00f8r?), at jeg justerte m\u00e5let til \u00e5 ankomme Skottevik istedenfor. Derfra og til Kristiansand var uansett en kort etappe som jeg kunne gj\u00f8re unna dagen etter, og v\u00e6re p\u00e5 vei nordover igjen samme dag.<\/p>\n<p>Skottevik ligger like f\u00f8r Ulv\u00f8ysund f\u00f8r man krysser over Kv\u00e5sefjorden. I Skottevik ligger det en liten restaurant p\u00e5 brygga ved Skottevik feriesenter, og der var dit jeg skulle. Dette var for\u00f8vrig planlagt allerede i april, da jeg fikk vite at storebroren min og kona hans skulle overta restaurantdriften til Brygga restaurant. Den ligger jo ved en liten brygge, i en liten bukt som p\u00e5 sj\u00f8karte har f\u00e5tt det noe spesielle navnet Slurkehola. Det er plass til noen f\u00e5 b\u00e5ter der, og med min erfaring fra Monikas matlaging s\u00e5 var en stopp der s\u00e5 absolutt en n\u00f8dvendighet! Jeg har ikke sett broren min s\u00e5 ofte de siste \u00e5rene. Han og kona drev D\u00f8len hotell p\u00e5 Evje utenfor Kristiansand i mange \u00e5r, og etter at de solgte det for vel et par \u00e5r siden, s\u00e5 har de tilbragt vinteren i Thailand og dykket og kj\u00f8rt motorsykkel der. For s\u00e5 \u00e5 v\u00e6re hjemme og jobbe under den norske sommerferien.<\/p>\n<figure id=\"attachment_15948\" aria-describedby=\"caption-attachment-15948\" style=\"width: 1000px\" class=\"wp-caption aligncenter\"><a href=\"https:\/\/i0.wp.com\/pequod.nesodd1.no\/wp-content\/uploads\/2019\/06\/83F69D16-F2AD-4B4F-A361-E947850CC9B4.jpeg.dc4a5ea12395ee4746e11736b4be5a46.jpeg?ssl=1\"><img data-recalc-dims=\"1\" loading=\"lazy\" decoding=\"async\" data-attachment-id=\"15948\" data-permalink=\"https:\/\/pequod.nesodd1.no\/?attachment_id=15948\" data-orig-file=\"https:\/\/i0.wp.com\/pequod.nesodd1.no\/wp-content\/uploads\/2019\/06\/83F69D16-F2AD-4B4F-A361-E947850CC9B4.jpeg.dc4a5ea12395ee4746e11736b4be5a46.jpeg?fit=1000%2C667&amp;ssl=1\" data-orig-size=\"1000,667\" data-comments-opened=\"1\" data-image-meta=\"{&quot;aperture&quot;:&quot;0&quot;,&quot;credit&quot;:&quot;&quot;,&quot;camera&quot;:&quot;&quot;,&quot;caption&quot;:&quot;&quot;,&quot;created_timestamp&quot;:&quot;0&quot;,&quot;copyright&quot;:&quot;&quot;,&quot;focal_length&quot;:&quot;0&quot;,&quot;iso&quot;:&quot;0&quot;,&quot;shutter_speed&quot;:&quot;0&quot;,&quot;title&quot;:&quot;&quot;,&quot;orientation&quot;:&quot;0&quot;}\" data-image-title=\"83F69D16-F2AD-4B4F-A361-E947850CC9B4.jpeg.dc4a5ea12395ee4746e11736b4be5a46\" data-image-description=\"\" data-image-caption=\"\" data-large-file=\"https:\/\/i0.wp.com\/pequod.nesodd1.no\/wp-content\/uploads\/2019\/06\/83F69D16-F2AD-4B4F-A361-E947850CC9B4.jpeg.dc4a5ea12395ee4746e11736b4be5a46.jpeg?fit=940%2C627&amp;ssl=1\" class=\"wp-image-15948 size-full\" src=\"https:\/\/i0.wp.com\/pequod.nesodd1.no\/wp-content\/uploads\/2019\/06\/83F69D16-F2AD-4B4F-A361-E947850CC9B4.jpeg.dc4a5ea12395ee4746e11736b4be5a46.jpeg?resize=940%2C627&#038;ssl=1\" alt=\"\" width=\"940\" height=\"627\" srcset=\"https:\/\/i0.wp.com\/pequod.nesodd1.no\/wp-content\/uploads\/2019\/06\/83F69D16-F2AD-4B4F-A361-E947850CC9B4.jpeg.dc4a5ea12395ee4746e11736b4be5a46.jpeg?w=1000&amp;ssl=1 1000w, https:\/\/i0.wp.com\/pequod.nesodd1.no\/wp-content\/uploads\/2019\/06\/83F69D16-F2AD-4B4F-A361-E947850CC9B4.jpeg.dc4a5ea12395ee4746e11736b4be5a46.jpeg?resize=100%2C67&amp;ssl=1 100w, https:\/\/i0.wp.com\/pequod.nesodd1.no\/wp-content\/uploads\/2019\/06\/83F69D16-F2AD-4B4F-A361-E947850CC9B4.jpeg.dc4a5ea12395ee4746e11736b4be5a46.jpeg?resize=300%2C200&amp;ssl=1 300w, https:\/\/i0.wp.com\/pequod.nesodd1.no\/wp-content\/uploads\/2019\/06\/83F69D16-F2AD-4B4F-A361-E947850CC9B4.jpeg.dc4a5ea12395ee4746e11736b4be5a46.jpeg?resize=768%2C512&amp;ssl=1 768w\" sizes=\"auto, (max-width: 940px) 100vw, 940px\" \/><\/a><figcaption id=\"caption-attachment-15948\" class=\"wp-caption-text\">Klar for \u00e5 snirkle meg gjennom indre lei fra Arendal<\/figcaption><\/figure>\n<p>Det er det de skal gj\u00f8re n\u00e5 ogs\u00e5 &#8211; drive Brygga restaurant s\u00e5nn fra omtrent april til september og dra til Thailand om vinteren. H\u00f8res ut som en grei ordning det!<\/p>\n<p>Turen gikk dermed gjennom Nidelva der jeg tr\u00e5klet meg i sakte fart gjennom det trange, grunne og idylliske omr\u00e5det som jeg hadde tatt turen gjennom i fjor med Nidelven. F\u00f8lte meg litt mer usikker med Tresfjorden og droppet \u00e5 g\u00e5 gjennom det trangeste stedet p\u00e5 innsiden av Rams\u00f8ya, men holdt meg til babord. Alt gikk greit og deretter var det bare \u00e5 tr\u00e5kle meg gjennom sm\u00e5\u00f8yene og komme ut i \u00e5pent farvann ved Hasseltangen.<\/p>\n<figure id=\"attachment_15960\" aria-describedby=\"caption-attachment-15960\" style=\"width: 1000px\" class=\"wp-caption aligncenter\"><a href=\"https:\/\/i0.wp.com\/pequod.nesodd1.no\/wp-content\/uploads\/2019\/06\/E6C47660-A857-4DA6-B832-32951CADF6CA.jpeg.213c8fb648e9179e492df30a529d811f.jpeg?ssl=1\"><img data-recalc-dims=\"1\" loading=\"lazy\" decoding=\"async\" data-attachment-id=\"15960\" data-permalink=\"https:\/\/pequod.nesodd1.no\/?attachment_id=15960\" data-orig-file=\"https:\/\/i0.wp.com\/pequod.nesodd1.no\/wp-content\/uploads\/2019\/06\/E6C47660-A857-4DA6-B832-32951CADF6CA.jpeg.213c8fb648e9179e492df30a529d811f.jpeg?fit=1000%2C667&amp;ssl=1\" data-orig-size=\"1000,667\" data-comments-opened=\"1\" data-image-meta=\"{&quot;aperture&quot;:&quot;0&quot;,&quot;credit&quot;:&quot;&quot;,&quot;camera&quot;:&quot;&quot;,&quot;caption&quot;:&quot;&quot;,&quot;created_timestamp&quot;:&quot;0&quot;,&quot;copyright&quot;:&quot;&quot;,&quot;focal_length&quot;:&quot;0&quot;,&quot;iso&quot;:&quot;0&quot;,&quot;shutter_speed&quot;:&quot;0&quot;,&quot;title&quot;:&quot;&quot;,&quot;orientation&quot;:&quot;0&quot;}\" data-image-title=\"E6C47660-A857-4DA6-B832-32951CADF6CA.jpeg.213c8fb648e9179e492df30a529d811f\" data-image-description=\"\" data-image-caption=\"\" data-large-file=\"https:\/\/i0.wp.com\/pequod.nesodd1.no\/wp-content\/uploads\/2019\/06\/E6C47660-A857-4DA6-B832-32951CADF6CA.jpeg.213c8fb648e9179e492df30a529d811f.jpeg?fit=940%2C627&amp;ssl=1\" class=\"wp-image-15960 size-full\" src=\"https:\/\/i0.wp.com\/pequod.nesodd1.no\/wp-content\/uploads\/2019\/06\/E6C47660-A857-4DA6-B832-32951CADF6CA.jpeg.213c8fb648e9179e492df30a529d811f.jpeg?resize=940%2C627&#038;ssl=1\" alt=\"\" width=\"940\" height=\"627\" srcset=\"https:\/\/i0.wp.com\/pequod.nesodd1.no\/wp-content\/uploads\/2019\/06\/E6C47660-A857-4DA6-B832-32951CADF6CA.jpeg.213c8fb648e9179e492df30a529d811f.jpeg?w=1000&amp;ssl=1 1000w, https:\/\/i0.wp.com\/pequod.nesodd1.no\/wp-content\/uploads\/2019\/06\/E6C47660-A857-4DA6-B832-32951CADF6CA.jpeg.213c8fb648e9179e492df30a529d811f.jpeg?resize=100%2C67&amp;ssl=1 100w, https:\/\/i0.wp.com\/pequod.nesodd1.no\/wp-content\/uploads\/2019\/06\/E6C47660-A857-4DA6-B832-32951CADF6CA.jpeg.213c8fb648e9179e492df30a529d811f.jpeg?resize=300%2C200&amp;ssl=1 300w, https:\/\/i0.wp.com\/pequod.nesodd1.no\/wp-content\/uploads\/2019\/06\/E6C47660-A857-4DA6-B832-32951CADF6CA.jpeg.213c8fb648e9179e492df30a529d811f.jpeg?resize=768%2C512&amp;ssl=1 768w\" sizes=\"auto, (max-width: 940px) 100vw, 940px\" \/><\/a><figcaption id=\"caption-attachment-15960\" class=\"wp-caption-text\">Nidelva<\/figcaption><\/figure>\n<p>Deretter tok jeg ogs\u00e5 denne gangen turen gjennom Grunnesund mot Lillesand &#8211; med litt h\u00f8yere puls enn n\u00e5r jeg gjorde det samme med gamleb\u00e5ten &#8211; det gikk bra denne gangen ogs\u00e5, selv om det var noe vind og litt mer ust\u00f8dig manovrering. Var faktisk ganske sterk str\u00f8m. Men fortsatt like idyllisk selv om det bl\u00e5ste endel. Droppet \u00e5 stikke innom Lillesand denne gangen &#8211; det var en liten skuffelse i fjor &#8211; og jeg ville gjerne komme s\u00e5 langt som mulig uansett.<\/p>\n<p>Derfor passerte jeg Lillesand og gikk deretter gjennom Blindleia. Jeg var ganske s\u00e5 heldig med v\u00e6ret denne dagen, n\u00e5r jeg kom inn i Blindleia var jeg godt i le og bortsett fra vinden var det sol og bl\u00e5 himmel, s\u00e5 det s\u00e5 nesten ut som om alt drittv\u00e6ret kom i f\u00f8rste del av disse to ukene!<\/p>\n<figure id=\"attachment_15949\" aria-describedby=\"caption-attachment-15949\" style=\"width: 300px\" class=\"wp-caption alignright\"><a href=\"https:\/\/i0.wp.com\/pequod.nesodd1.no\/wp-content\/uploads\/2019\/06\/439F75A8-801B-4B3C-A32F-74A38F48B03C.jpeg.fede65cd0c725950a8234999b462513c.jpeg?ssl=1\"><img data-recalc-dims=\"1\" loading=\"lazy\" decoding=\"async\" data-attachment-id=\"15949\" data-permalink=\"https:\/\/pequod.nesodd1.no\/?attachment_id=15949\" data-orig-file=\"https:\/\/i0.wp.com\/pequod.nesodd1.no\/wp-content\/uploads\/2019\/06\/439F75A8-801B-4B3C-A32F-74A38F48B03C.jpeg.fede65cd0c725950a8234999b462513c.jpeg?fit=1000%2C667&amp;ssl=1\" data-orig-size=\"1000,667\" data-comments-opened=\"1\" data-image-meta=\"{&quot;aperture&quot;:&quot;0&quot;,&quot;credit&quot;:&quot;&quot;,&quot;camera&quot;:&quot;&quot;,&quot;caption&quot;:&quot;&quot;,&quot;created_timestamp&quot;:&quot;0&quot;,&quot;copyright&quot;:&quot;&quot;,&quot;focal_length&quot;:&quot;0&quot;,&quot;iso&quot;:&quot;0&quot;,&quot;shutter_speed&quot;:&quot;0&quot;,&quot;title&quot;:&quot;&quot;,&quot;orientation&quot;:&quot;0&quot;}\" data-image-title=\"439F75A8-801B-4B3C-A32F-74A38F48B03C.jpeg.fede65cd0c725950a8234999b462513c\" data-image-description=\"\" data-image-caption=\"\" data-large-file=\"https:\/\/i0.wp.com\/pequod.nesodd1.no\/wp-content\/uploads\/2019\/06\/439F75A8-801B-4B3C-A32F-74A38F48B03C.jpeg.fede65cd0c725950a8234999b462513c.jpeg?fit=940%2C627&amp;ssl=1\" class=\"wp-image-15949 size-medium\" src=\"https:\/\/i0.wp.com\/pequod.nesodd1.no\/wp-content\/uploads\/2019\/06\/439F75A8-801B-4B3C-A32F-74A38F48B03C.jpeg.fede65cd0c725950a8234999b462513c.jpeg?resize=300%2C200&#038;ssl=1\" alt=\"\" width=\"300\" height=\"200\" srcset=\"https:\/\/i0.wp.com\/pequod.nesodd1.no\/wp-content\/uploads\/2019\/06\/439F75A8-801B-4B3C-A32F-74A38F48B03C.jpeg.fede65cd0c725950a8234999b462513c.jpeg?resize=300%2C200&amp;ssl=1 300w, https:\/\/i0.wp.com\/pequod.nesodd1.no\/wp-content\/uploads\/2019\/06\/439F75A8-801B-4B3C-A32F-74A38F48B03C.jpeg.fede65cd0c725950a8234999b462513c.jpeg?resize=100%2C67&amp;ssl=1 100w, https:\/\/i0.wp.com\/pequod.nesodd1.no\/wp-content\/uploads\/2019\/06\/439F75A8-801B-4B3C-A32F-74A38F48B03C.jpeg.fede65cd0c725950a8234999b462513c.jpeg?resize=768%2C512&amp;ssl=1 768w, https:\/\/i0.wp.com\/pequod.nesodd1.no\/wp-content\/uploads\/2019\/06\/439F75A8-801B-4B3C-A32F-74A38F48B03C.jpeg.fede65cd0c725950a8234999b462513c.jpeg?w=1000&amp;ssl=1 1000w\" sizes=\"auto, (max-width: 300px) 100vw, 300px\" \/><\/a><figcaption id=\"caption-attachment-15949\" class=\"wp-caption-text\">Kassentassen<\/figcaption><\/figure>\n<p>Da jeg var p\u00e5 min f\u00f8rste tur til S\u00f8rlandet i august i fjor, klarte jeg \u00e5 passere gjennom Kassenkanalen UTEN \u00e5 f\u00e5 med meg skulpturen av Kassetassen. Derfor var jeg fullt ut bestemt p\u00e5 \u00e5 f\u00e5 med meg denne figuren p\u00e5 denne turen! Men jeg holdt p\u00e5 \u00e5 glemme det denne gangen ogs\u00e5, og passerte derfor Gros\u00f8ya og gjennom Bliksund uten \u00e5 tenke meg om. Jeg hadde nemlig egentlig tenkt \u00e5 dra inn den veien i \u00e5r ettersom jeg dro motsatt vei i fjor, men kom p\u00e5 det litt for sent slik at jeg gikk inn ved Jakteviga denne gangen ogs\u00e5. Jeg kom meg gjennom, og fikk endelig sett Kassetassen! Deretter gikk jeg gjennom Bliksund en gang til! \ud83d\ude42&nbsp;<\/p>\n<p>Kassetassen er jo en morsom figur som selveste Gabriel Scott har skrevet om, og en liten severdighet for b\u00e5tfolket, s\u00e5 det var helt greit \u00e5 f\u00e5 med meg synet denne gangen! I fjor var jeg ikke klar over at det var akkurat her jeg t\u00f8ffet rundt, da ville jeg v\u00e6rt mer obs, men i \u00e5r var det endelig min tur til \u00e5 forevige den ordentlig. Morsom sak, er vel if\u00f8lge sagnet et slags gjenferd.<\/p>\n<figure id=\"attachment_15930\" aria-describedby=\"caption-attachment-15930\" style=\"width: 300px\" class=\"wp-caption alignleft\"><a href=\"https:\/\/i0.wp.com\/pequod.nesodd1.no\/wp-content\/uploads\/2019\/06\/58978531_1138162969724357_7483332054822682624_o.jpg?ssl=1\"><img data-recalc-dims=\"1\" loading=\"lazy\" decoding=\"async\" data-attachment-id=\"15930\" data-permalink=\"https:\/\/pequod.nesodd1.no\/?attachment_id=15930\" data-orig-file=\"https:\/\/i0.wp.com\/pequod.nesodd1.no\/wp-content\/uploads\/2019\/06\/58978531_1138162969724357_7483332054822682624_o.jpg?fit=2048%2C1536&amp;ssl=1\" data-orig-size=\"2048,1536\" data-comments-opened=\"1\" data-image-meta=\"{&quot;aperture&quot;:&quot;0&quot;,&quot;credit&quot;:&quot;&quot;,&quot;camera&quot;:&quot;&quot;,&quot;caption&quot;:&quot;&quot;,&quot;created_timestamp&quot;:&quot;0&quot;,&quot;copyright&quot;:&quot;&quot;,&quot;focal_length&quot;:&quot;0&quot;,&quot;iso&quot;:&quot;0&quot;,&quot;shutter_speed&quot;:&quot;0&quot;,&quot;title&quot;:&quot;&quot;,&quot;orientation&quot;:&quot;0&quot;}\" data-image-title=\"58978531_1138162969724357_7483332054822682624_o\" data-image-description=\"&lt;p&gt;Brygga restaurant, Skottevik&lt;\/p&gt;\n\" data-image-caption=\"&lt;p&gt;Luftfoto av Brygga Restaurant&lt;\/p&gt;\n\" data-large-file=\"https:\/\/i0.wp.com\/pequod.nesodd1.no\/wp-content\/uploads\/2019\/06\/58978531_1138162969724357_7483332054822682624_o.jpg?fit=940%2C705&amp;ssl=1\" class=\"wp-image-15930 size-medium\" src=\"https:\/\/i0.wp.com\/pequod.nesodd1.no\/wp-content\/uploads\/2019\/06\/58978531_1138162969724357_7483332054822682624_o.jpg?resize=300%2C225&#038;ssl=1\" alt=\"\" width=\"300\" height=\"225\" srcset=\"https:\/\/i0.wp.com\/pequod.nesodd1.no\/wp-content\/uploads\/2019\/06\/58978531_1138162969724357_7483332054822682624_o.jpg?resize=300%2C225&amp;ssl=1 300w, https:\/\/i0.wp.com\/pequod.nesodd1.no\/wp-content\/uploads\/2019\/06\/58978531_1138162969724357_7483332054822682624_o.jpg?resize=100%2C75&amp;ssl=1 100w, https:\/\/i0.wp.com\/pequod.nesodd1.no\/wp-content\/uploads\/2019\/06\/58978531_1138162969724357_7483332054822682624_o.jpg?resize=768%2C576&amp;ssl=1 768w, https:\/\/i0.wp.com\/pequod.nesodd1.no\/wp-content\/uploads\/2019\/06\/58978531_1138162969724357_7483332054822682624_o.jpg?resize=1024%2C768&amp;ssl=1 1024w, https:\/\/i0.wp.com\/pequod.nesodd1.no\/wp-content\/uploads\/2019\/06\/58978531_1138162969724357_7483332054822682624_o.jpg?w=2048&amp;ssl=1 2048w, https:\/\/i0.wp.com\/pequod.nesodd1.no\/wp-content\/uploads\/2019\/06\/58978531_1138162969724357_7483332054822682624_o.jpg?w=1880&amp;ssl=1 1880w\" sizes=\"auto, (max-width: 300px) 100vw, 300px\" \/><\/a><figcaption id=\"caption-attachment-15930\" class=\"wp-caption-text\">Dronefoto av Brygga Restaurant.<\/figcaption><\/figure>\n<p>Fulgte deretter strake vegen til Gamle Hellesund og deretter n\u00e6rmet jeg meg Skottevik. Hadde gitt beskjed til broren min om at jeg begynte \u00e5 n\u00e6rme meg, og da jeg fant den lille bukta restauranten ligger ved, s\u00e5 var det bare \u00e5&nbsp; man\u00f8vrere seg inn til brygga. Gikk ikke helt prikkfritt denne gangen heller, men b\u00e5de Roar og Monika sto klar p\u00e5 bryggekanten da jeg kom og tok imot tampen b\u00e5de foran og akter.<\/p>\n<p>Det ville v\u00e6rt perfekt \u00e5 hatt baugpropellen p\u00e5 dette stedet &#8211; jeg savnet den allerede f\u00f8r jeg hadde f\u00e5tt pr\u00f8vd den! &#8211; men vi fikk n\u00e5 fort\u00f8yd da. Det er ikke store brygga vi snakker om, s\u00e5 jeg tok vel opp mesteparten av plassen der jeg l\u00e5 longside (var nok plass til en til, men jeg breiet meg ut p\u00e5 midten&#8230;), Tre-fire b\u00e5ter av min st\u00f8rrelse kan vel f\u00e5 plass ved siden av hverandre hvis de fort\u00f8yer med baug mot brygge og anker ut akter.<\/p>\n<p>B\u00e5de broren min og kona hans er sj\u00f8vante, selv om det er noen \u00e5r siden n\u00e5, og er vant til b\u00e5de seilb\u00e5t og motorb\u00e5t &#8211; har blant annet leid slike og \u00f8yloffet i Hellas for noen \u00e5r siden. S\u00e5 det tok ikke lang tid f\u00f8r jeg var vel og godt fort\u00f8yd.<\/p>\n<p>Det ble jo et hyggelig gjensyn &#8211; sist jeg s\u00e5 broren min var i en ganske s\u00e5 redusert utgave i sykesenga p\u00e5 Rikshospitalet &#8211; og jeg fikk en liten omvisning p\u00e5 restauranten. God plass b\u00e5de ute og inne. Da jeg var innom hadde ikke sesongen begynt enn\u00e5, s\u00e5 de var litt spente p\u00e5 hvordan det ville g\u00e5. N\u00e5 hadde de vel bare \u00e5pent i helgene pluss at de serverte lunsj og middag til kursgjester p\u00e5 feriesenteret, men n\u00e5r hovedsesongen setter i gang &#8211; og den har vel begynt n\u00e5r dere leser dette &#8211; s\u00e5 har de \u00e5pent hver dag, s\u00e5vidt jeg har forst\u00e5tt.<\/p>\n<figure id=\"attachment_15942\" aria-describedby=\"caption-attachment-15942\" style=\"width: 1000px\" class=\"wp-caption aligncenter\"><a href=\"https:\/\/i0.wp.com\/pequod.nesodd1.no\/wp-content\/uploads\/2019\/06\/0BC871D3-69BE-4ED1-9803-2C3E521B4871.jpeg.606a603dce214102e8fa6f93c0887e66.jpeg?ssl=1\"><img data-recalc-dims=\"1\" loading=\"lazy\" decoding=\"async\" data-attachment-id=\"15942\" data-permalink=\"https:\/\/pequod.nesodd1.no\/?attachment_id=15942\" data-orig-file=\"https:\/\/i0.wp.com\/pequod.nesodd1.no\/wp-content\/uploads\/2019\/06\/0BC871D3-69BE-4ED1-9803-2C3E521B4871.jpeg.606a603dce214102e8fa6f93c0887e66.jpeg?fit=1000%2C750&amp;ssl=1\" data-orig-size=\"1000,750\" data-comments-opened=\"1\" data-image-meta=\"{&quot;aperture&quot;:&quot;0&quot;,&quot;credit&quot;:&quot;&quot;,&quot;camera&quot;:&quot;&quot;,&quot;caption&quot;:&quot;&quot;,&quot;created_timestamp&quot;:&quot;0&quot;,&quot;copyright&quot;:&quot;&quot;,&quot;focal_length&quot;:&quot;0&quot;,&quot;iso&quot;:&quot;0&quot;,&quot;shutter_speed&quot;:&quot;0&quot;,&quot;title&quot;:&quot;&quot;,&quot;orientation&quot;:&quot;0&quot;}\" data-image-title=\"0BC871D3-69BE-4ED1-9803-2C3E521B4871.jpeg.606a603dce214102e8fa6f93c0887e66\" data-image-description=\"&lt;p&gt;Skottevik, Brygga restaurant&lt;\/p&gt;\n\" data-image-caption=\"&lt;p&gt;Fort\u00f8yd ved Brygga restaurant&lt;\/p&gt;\n\" data-large-file=\"https:\/\/i0.wp.com\/pequod.nesodd1.no\/wp-content\/uploads\/2019\/06\/0BC871D3-69BE-4ED1-9803-2C3E521B4871.jpeg.606a603dce214102e8fa6f93c0887e66.jpeg?fit=940%2C705&amp;ssl=1\" class=\"wp-image-15942 size-full\" src=\"https:\/\/i0.wp.com\/pequod.nesodd1.no\/wp-content\/uploads\/2019\/06\/0BC871D3-69BE-4ED1-9803-2C3E521B4871.jpeg.606a603dce214102e8fa6f93c0887e66.jpeg?resize=940%2C705&#038;ssl=1\" alt=\"\" width=\"940\" height=\"705\" srcset=\"https:\/\/i0.wp.com\/pequod.nesodd1.no\/wp-content\/uploads\/2019\/06\/0BC871D3-69BE-4ED1-9803-2C3E521B4871.jpeg.606a603dce214102e8fa6f93c0887e66.jpeg?w=1000&amp;ssl=1 1000w, https:\/\/i0.wp.com\/pequod.nesodd1.no\/wp-content\/uploads\/2019\/06\/0BC871D3-69BE-4ED1-9803-2C3E521B4871.jpeg.606a603dce214102e8fa6f93c0887e66.jpeg?resize=100%2C75&amp;ssl=1 100w, https:\/\/i0.wp.com\/pequod.nesodd1.no\/wp-content\/uploads\/2019\/06\/0BC871D3-69BE-4ED1-9803-2C3E521B4871.jpeg.606a603dce214102e8fa6f93c0887e66.jpeg?resize=300%2C225&amp;ssl=1 300w, https:\/\/i0.wp.com\/pequod.nesodd1.no\/wp-content\/uploads\/2019\/06\/0BC871D3-69BE-4ED1-9803-2C3E521B4871.jpeg.606a603dce214102e8fa6f93c0887e66.jpeg?resize=768%2C576&amp;ssl=1 768w\" sizes=\"auto, (max-width: 940px) 100vw, 940px\" \/><\/a><figcaption id=\"caption-attachment-15942\" class=\"wp-caption-text\">Nye Bergtatt fort\u00f8yd ved Brygga Restaurant p\u00e5 Skottevik Feriesenter.<\/figcaption><\/figure>\n<p>Monika serverte meg en ytterst velsmakende middag &#8211; elgburger &#8211; og jeg vet jo fra f\u00f8r at hun kan sine ting &#8211; s\u00f8ndagsbuffeten de brukte \u00e5 ha p\u00e5 s\u00f8ndager p\u00e5 hotellet i Evje var jo viden ber\u00f8mt &#8211; s\u00e5 b\u00e5de jeg og magen var ytterst forn\u00f8yd etter m\u00e5ltidet! S\u00e5vidt jeg forst\u00e5r skal de ha s\u00f8ndagsbuffet ogs\u00e5 her. Jeg n\u00f8ler ikke med \u00e5 anbefale b\u00e5tfolket og andre som befinner seg i n\u00e6rheten av stedet om \u00e5 bes\u00f8ke restauranten. Det sier jeg ikke bare fordi jeg \u00f8nsker at det skal g\u00e5 bra med dem og fordi det er familie, men fordi de b\u00e5de er hyggelige og serverer godt mat! Sjekk dem ut p\u00e5 <a href=\"https:\/\/www.facebook.com\/bryggarestaurantskottevik\/\" target=\"_blank\" rel=\"noopener noreferrer\">Facebooksiden<\/a> deres og ta en tur! Og hils fra den enbeinte skipper!<\/p>\n<figure id=\"attachment_15950\" aria-describedby=\"caption-attachment-15950\" style=\"width: 300px\" class=\"wp-caption alignright\"><a href=\"https:\/\/i0.wp.com\/pequod.nesodd1.no\/wp-content\/uploads\/2019\/06\/717C6AC8-0253-4D3C-AEF8-16634C157D9A.jpeg.04fd71b4f325c746ca6633a2a9fb0fb8.jpeg?ssl=1\"><img data-recalc-dims=\"1\" loading=\"lazy\" decoding=\"async\" data-attachment-id=\"15950\" data-permalink=\"https:\/\/pequod.nesodd1.no\/?attachment_id=15950\" data-orig-file=\"https:\/\/i0.wp.com\/pequod.nesodd1.no\/wp-content\/uploads\/2019\/06\/717C6AC8-0253-4D3C-AEF8-16634C157D9A.jpeg.04fd71b4f325c746ca6633a2a9fb0fb8.jpeg?fit=1000%2C750&amp;ssl=1\" data-orig-size=\"1000,750\" data-comments-opened=\"1\" data-image-meta=\"{&quot;aperture&quot;:&quot;0&quot;,&quot;credit&quot;:&quot;&quot;,&quot;camera&quot;:&quot;&quot;,&quot;caption&quot;:&quot;&quot;,&quot;created_timestamp&quot;:&quot;0&quot;,&quot;copyright&quot;:&quot;&quot;,&quot;focal_length&quot;:&quot;0&quot;,&quot;iso&quot;:&quot;0&quot;,&quot;shutter_speed&quot;:&quot;0&quot;,&quot;title&quot;:&quot;&quot;,&quot;orientation&quot;:&quot;0&quot;}\" data-image-title=\"717C6AC8-0253-4D3C-AEF8-16634C157D9A.jpeg.04fd71b4f325c746ca6633a2a9fb0fb8\" data-image-description=\"\" data-image-caption=\"\" data-large-file=\"https:\/\/i0.wp.com\/pequod.nesodd1.no\/wp-content\/uploads\/2019\/06\/717C6AC8-0253-4D3C-AEF8-16634C157D9A.jpeg.04fd71b4f325c746ca6633a2a9fb0fb8.jpeg?fit=940%2C705&amp;ssl=1\" class=\"wp-image-15950 size-medium\" src=\"https:\/\/i0.wp.com\/pequod.nesodd1.no\/wp-content\/uploads\/2019\/06\/717C6AC8-0253-4D3C-AEF8-16634C157D9A.jpeg.04fd71b4f325c746ca6633a2a9fb0fb8.jpeg?resize=300%2C225&#038;ssl=1\" alt=\"\" width=\"300\" height=\"225\" srcset=\"https:\/\/i0.wp.com\/pequod.nesodd1.no\/wp-content\/uploads\/2019\/06\/717C6AC8-0253-4D3C-AEF8-16634C157D9A.jpeg.04fd71b4f325c746ca6633a2a9fb0fb8.jpeg?resize=300%2C225&amp;ssl=1 300w, https:\/\/i0.wp.com\/pequod.nesodd1.no\/wp-content\/uploads\/2019\/06\/717C6AC8-0253-4D3C-AEF8-16634C157D9A.jpeg.04fd71b4f325c746ca6633a2a9fb0fb8.jpeg?resize=100%2C75&amp;ssl=1 100w, https:\/\/i0.wp.com\/pequod.nesodd1.no\/wp-content\/uploads\/2019\/06\/717C6AC8-0253-4D3C-AEF8-16634C157D9A.jpeg.04fd71b4f325c746ca6633a2a9fb0fb8.jpeg?resize=768%2C576&amp;ssl=1 768w, https:\/\/i0.wp.com\/pequod.nesodd1.no\/wp-content\/uploads\/2019\/06\/717C6AC8-0253-4D3C-AEF8-16634C157D9A.jpeg.04fd71b4f325c746ca6633a2a9fb0fb8.jpeg?w=1000&amp;ssl=1 1000w\" sizes=\"auto, (max-width: 300px) 100vw, 300px\" \/><\/a><figcaption id=\"caption-attachment-15950\" class=\"wp-caption-text\">Elgburger som virkelig smakte!<\/figcaption><\/figure>\n<p>Broren min har jo tidligere v\u00e6rt profesjonell musiker, og planen var \u00e5 skaffe seg et lite PA-anlegg slik at han kan synge og spille litt for gjestene. Hvem vet &#8211; kanskje bandet mitt kan ta en tur innom der en gang? \ud83d\ude42<\/p>\n<p>Vi satt og snakket sammen ganske s\u00e5 lenge f\u00f8r vi tok en liten tur rundt p\u00e5 selve omr\u00e5det &#8211; som var mye st\u00f8rre enn jeg trodde. Det er b\u00e5de utleie av b\u00e5ter og mange hytter samt plass til campingvogner og bobiler p\u00e5 omr\u00e5det. Like ved restauranten var det mange sm\u00e5 leiligheter som var okkupert av endel tyske turister. Popul\u00e6rt \u00e5 b\u00e5de dykke og fiske her.<\/p>\n<p>Deretter gikk jeg tilbake til b\u00e5ten og fikk meg en god natts s\u00f8vn. Dagen etter fikk jeg frokost\/sen lunsj hos Roar og Monika f\u00f8r jeg etterhvert kastet loss og tr\u00e5klet meg ut fra den lille plassen. Gikk ikke helt knirkefritt det heller, men jeg kom meg n\u00e5 ut og avg\u00e5rde! Gikk gjennom koselige Ulv\u00f8ysund og krysset deretter over en ganske s\u00e5 rolig Kv\u00e5sefjord. Jeg var veldig usikker p\u00e5 om jeg skulle ta b\u00e5ten inn til selve Dvergsnestangen der folkeh\u00f8yskolen til yngstedattera ligger ettersom det er et par steder i bukta der som det er ganske grunt. Det gikk greit med Nidelven, men jeg f\u00f8lte meg fortsatt s\u00e5pass usikker p\u00e5 nyb\u00e5ten at jeg etter mye tankegang fant ut at det beste var \u00e5 dra rett over til gjestehavna i Kristiansand.<\/p>\n<figure id=\"attachment_15947\" aria-describedby=\"caption-attachment-15947\" style=\"width: 1000px\" class=\"wp-caption aligncenter\"><a href=\"https:\/\/i0.wp.com\/pequod.nesodd1.no\/wp-content\/uploads\/2019\/06\/71D32CA5-6973-4935-86A7-2F865FC83D97.jpeg.1bda4d90af357365507b99d761277da5.jpeg?ssl=1\"><img data-recalc-dims=\"1\" loading=\"lazy\" decoding=\"async\" data-attachment-id=\"15947\" data-permalink=\"https:\/\/pequod.nesodd1.no\/?attachment_id=15947\" data-orig-file=\"https:\/\/i0.wp.com\/pequod.nesodd1.no\/wp-content\/uploads\/2019\/06\/71D32CA5-6973-4935-86A7-2F865FC83D97.jpeg.1bda4d90af357365507b99d761277da5.jpeg?fit=1000%2C750&amp;ssl=1\" data-orig-size=\"1000,750\" data-comments-opened=\"1\" data-image-meta=\"{&quot;aperture&quot;:&quot;0&quot;,&quot;credit&quot;:&quot;&quot;,&quot;camera&quot;:&quot;&quot;,&quot;caption&quot;:&quot;&quot;,&quot;created_timestamp&quot;:&quot;0&quot;,&quot;copyright&quot;:&quot;&quot;,&quot;focal_length&quot;:&quot;0&quot;,&quot;iso&quot;:&quot;0&quot;,&quot;shutter_speed&quot;:&quot;0&quot;,&quot;title&quot;:&quot;&quot;,&quot;orientation&quot;:&quot;0&quot;}\" data-image-title=\"71D32CA5-6973-4935-86A7-2F865FC83D97.jpeg.1bda4d90af357365507b99d761277da5\" data-image-description=\"\" data-image-caption=\"\" data-large-file=\"https:\/\/i0.wp.com\/pequod.nesodd1.no\/wp-content\/uploads\/2019\/06\/71D32CA5-6973-4935-86A7-2F865FC83D97.jpeg.1bda4d90af357365507b99d761277da5.jpeg?fit=940%2C705&amp;ssl=1\" class=\"wp-image-15947 size-full\" src=\"https:\/\/i0.wp.com\/pequod.nesodd1.no\/wp-content\/uploads\/2019\/06\/71D32CA5-6973-4935-86A7-2F865FC83D97.jpeg.1bda4d90af357365507b99d761277da5.jpeg?resize=940%2C705&#038;ssl=1\" alt=\"\" width=\"940\" height=\"705\" srcset=\"https:\/\/i0.wp.com\/pequod.nesodd1.no\/wp-content\/uploads\/2019\/06\/71D32CA5-6973-4935-86A7-2F865FC83D97.jpeg.1bda4d90af357365507b99d761277da5.jpeg?w=1000&amp;ssl=1 1000w, https:\/\/i0.wp.com\/pequod.nesodd1.no\/wp-content\/uploads\/2019\/06\/71D32CA5-6973-4935-86A7-2F865FC83D97.jpeg.1bda4d90af357365507b99d761277da5.jpeg?resize=100%2C75&amp;ssl=1 100w, https:\/\/i0.wp.com\/pequod.nesodd1.no\/wp-content\/uploads\/2019\/06\/71D32CA5-6973-4935-86A7-2F865FC83D97.jpeg.1bda4d90af357365507b99d761277da5.jpeg?resize=300%2C225&amp;ssl=1 300w, https:\/\/i0.wp.com\/pequod.nesodd1.no\/wp-content\/uploads\/2019\/06\/71D32CA5-6973-4935-86A7-2F865FC83D97.jpeg.1bda4d90af357365507b99d761277da5.jpeg?resize=768%2C576&amp;ssl=1 768w\" sizes=\"auto, (max-width: 940px) 100vw, 940px\" \/><\/a><figcaption id=\"caption-attachment-15947\" class=\"wp-caption-text\">Brygga Restaurant p\u00e5 Skottevik &#8211; avlegg den gjerne et bes\u00f8k og hils fra den enbeinte skipper!<\/figcaption><\/figure>\n<p>Det hadde begynt \u00e5 bl\u00e5se opp litt n\u00e5, slik at det ikke gikk helt som planlagt da jeg skulle legge til. Jeg ga opp det f\u00f8rste fors\u00f8ket p\u00e5 \u00e5 ligge ytterst ettersom b\u00f8lgene som bl\u00e5ste rett mot gjestehavna og sj\u00f8en s\u00e5pass urolig at b\u00e5ten l\u00e5 og kastet seg mot brygga og ville sl\u00e5 mot den omtrent hele tiden. Bakket ut og la meg heller p\u00e5 siden med baugen mot b\u00f8lgene. Jeg slet med \u00e5 legge til og det holdt p\u00e5 \u00e5 g\u00e5 galt, men etter mye om og men klarte jeg det. Jeg sto midtskips og klarte \u00e5 b\u00f8ye meg s\u00e5pass langt ut at jeg fikk baugfort\u00f8yningen surret rundt en av bryggepullertene f\u00f8r jeg ved hjelp av b\u00e5tshaken klarte \u00e5 dra meg s\u00e5pass inntil brygga igjen (akterenden var p\u00e5 full fart utover fra brygga) at jeg klarte \u00e5 f\u00e5 akterfort\u00f8yningen rundt en annen pullert. S\u00e5 var det \u00e5 hoppe p\u00e5 land og justere slik at b\u00e5ten ble liggende ganske greit inntil.<\/p>\n<figure id=\"attachment_15943\" aria-describedby=\"caption-attachment-15943\" style=\"width: 1000px\" class=\"wp-caption aligncenter\"><a href=\"https:\/\/i0.wp.com\/pequod.nesodd1.no\/wp-content\/uploads\/2019\/06\/0DDFF030-061C-49CD-AE6D-B426A4914851.jpeg.4e406150b3fe886a961d76a3c60ff2cd.jpeg?ssl=1\"><img data-recalc-dims=\"1\" loading=\"lazy\" decoding=\"async\" data-attachment-id=\"15943\" data-permalink=\"https:\/\/pequod.nesodd1.no\/?attachment_id=15943\" data-orig-file=\"https:\/\/i0.wp.com\/pequod.nesodd1.no\/wp-content\/uploads\/2019\/06\/0DDFF030-061C-49CD-AE6D-B426A4914851.jpeg.4e406150b3fe886a961d76a3c60ff2cd.jpeg?fit=1000%2C667&amp;ssl=1\" data-orig-size=\"1000,667\" data-comments-opened=\"1\" data-image-meta=\"{&quot;aperture&quot;:&quot;0&quot;,&quot;credit&quot;:&quot;&quot;,&quot;camera&quot;:&quot;&quot;,&quot;caption&quot;:&quot;&quot;,&quot;created_timestamp&quot;:&quot;0&quot;,&quot;copyright&quot;:&quot;&quot;,&quot;focal_length&quot;:&quot;0&quot;,&quot;iso&quot;:&quot;0&quot;,&quot;shutter_speed&quot;:&quot;0&quot;,&quot;title&quot;:&quot;&quot;,&quot;orientation&quot;:&quot;0&quot;}\" data-image-title=\"0DDFF030-061C-49CD-AE6D-B426A4914851.jpeg.4e406150b3fe886a961d76a3c60ff2cd\" data-image-description=\"\" data-image-caption=\"\" data-large-file=\"https:\/\/i0.wp.com\/pequod.nesodd1.no\/wp-content\/uploads\/2019\/06\/0DDFF030-061C-49CD-AE6D-B426A4914851.jpeg.4e406150b3fe886a961d76a3c60ff2cd.jpeg?fit=940%2C627&amp;ssl=1\" class=\"wp-image-15943 size-full\" src=\"https:\/\/i0.wp.com\/pequod.nesodd1.no\/wp-content\/uploads\/2019\/06\/0DDFF030-061C-49CD-AE6D-B426A4914851.jpeg.4e406150b3fe886a961d76a3c60ff2cd.jpeg?resize=940%2C627&#038;ssl=1\" alt=\"\" width=\"940\" height=\"627\" srcset=\"https:\/\/i0.wp.com\/pequod.nesodd1.no\/wp-content\/uploads\/2019\/06\/0DDFF030-061C-49CD-AE6D-B426A4914851.jpeg.4e406150b3fe886a961d76a3c60ff2cd.jpeg?w=1000&amp;ssl=1 1000w, https:\/\/i0.wp.com\/pequod.nesodd1.no\/wp-content\/uploads\/2019\/06\/0DDFF030-061C-49CD-AE6D-B426A4914851.jpeg.4e406150b3fe886a961d76a3c60ff2cd.jpeg?resize=100%2C67&amp;ssl=1 100w, https:\/\/i0.wp.com\/pequod.nesodd1.no\/wp-content\/uploads\/2019\/06\/0DDFF030-061C-49CD-AE6D-B426A4914851.jpeg.4e406150b3fe886a961d76a3c60ff2cd.jpeg?resize=300%2C200&amp;ssl=1 300w, https:\/\/i0.wp.com\/pequod.nesodd1.no\/wp-content\/uploads\/2019\/06\/0DDFF030-061C-49CD-AE6D-B426A4914851.jpeg.4e406150b3fe886a961d76a3c60ff2cd.jpeg?resize=768%2C512&amp;ssl=1 768w\" sizes=\"auto, (max-width: 940px) 100vw, 940px\" \/><\/a><figcaption id=\"caption-attachment-15943\" class=\"wp-caption-text\">Etter mye om og men fort\u00f8yd ved gjestehavna i Kristiansand. Bildet tatt like f\u00f8r avgang, s\u00e5 n\u00e5 hadde det roet seg.<\/figcaption><\/figure>\n<p>Deretter ringte jeg yngstedattera og forklarte at jeg ikke hadde tatt sjansen p\u00e5 \u00e5 legge til ved skolen og at jeg heller skulle betale drosje for \u00e5 f\u00e5 fraktet bagasjen hennes til gjestehavna. Det ville bli ganske dyrt, men jeg f\u00f8lte meg som sagt ikke trygg nok p\u00e5 \u00e5 pr\u00f8ve \u00e5 man\u00f8vrere det lille &laquo;slagskipet&raquo; jeg n\u00e5 er skipper for; trygt inn til bryggene ved skolen. Hun h\u00f8rtes litt overrasket ut, men&nbsp; til slutt ordnet det seg ved at en annen p\u00e5 skolen kj\u00f8rte henne til gjestehavna, s\u00e5 jeg slapp unna med litt bensinpenger.<\/p>\n<p>Victoria hadde ikke sett b\u00e5ten f\u00f8r hun kom g\u00e5ende langs brygga med den f\u00f8rste ryggesekken, og gjorde store \u00f8yne n\u00e5r hun s\u00e5 den. Hun forstod plutselig hvorfor jeg ikke hadde tatt den inn i den grunne bukta! Hun fikk en liten omvisning om bord f\u00f8r vi begynte \u00e5 laste inn bagasjen og det var ikke lite hun hadde med seg: To svarte plastsekker, en stor koffert og en liten koffert, en sv\u00e6r bag, to stappfulle ganske store vesker og en stor ryggsekk &#8211; ogs\u00e5 den stappfull! Det var faktisk ganske s\u00e5 mye! Det var helt greit at jeg hadde en litt st\u00f8rre b\u00e5t n\u00e5, for gudene skal vite hvor jeg skulle ha stuet vekk alt dette i en Nidelv!&nbsp;Jeg lempet det meste inn i akterlugaren &#8211; noe som kanskje ikke var s\u00e5 lurt, for jeg f\u00f8lte at jeg kanskje ble vel baktung n\u00e5r jeg satte i gang etterp\u00e5.<\/p>\n<figure id=\"attachment_15957\" aria-describedby=\"caption-attachment-15957\" style=\"width: 1000px\" class=\"wp-caption aligncenter\"><a href=\"https:\/\/i0.wp.com\/pequod.nesodd1.no\/wp-content\/uploads\/2019\/06\/AB89EA1C-0576-4498-98E7-E7BA88BAAFE0.jpeg.a3e1cf34b24d6c8e6d223f2e95f82bd9.jpeg?ssl=1\"><img data-recalc-dims=\"1\" loading=\"lazy\" decoding=\"async\" data-attachment-id=\"15957\" data-permalink=\"https:\/\/pequod.nesodd1.no\/?attachment_id=15957\" data-orig-file=\"https:\/\/i0.wp.com\/pequod.nesodd1.no\/wp-content\/uploads\/2019\/06\/AB89EA1C-0576-4498-98E7-E7BA88BAAFE0.jpeg.a3e1cf34b24d6c8e6d223f2e95f82bd9.jpeg?fit=1000%2C667&amp;ssl=1\" data-orig-size=\"1000,667\" data-comments-opened=\"1\" data-image-meta=\"{&quot;aperture&quot;:&quot;0&quot;,&quot;credit&quot;:&quot;&quot;,&quot;camera&quot;:&quot;&quot;,&quot;caption&quot;:&quot;&quot;,&quot;created_timestamp&quot;:&quot;0&quot;,&quot;copyright&quot;:&quot;&quot;,&quot;focal_length&quot;:&quot;0&quot;,&quot;iso&quot;:&quot;0&quot;,&quot;shutter_speed&quot;:&quot;0&quot;,&quot;title&quot;:&quot;&quot;,&quot;orientation&quot;:&quot;0&quot;}\" data-image-title=\"AB89EA1C-0576-4498-98E7-E7BA88BAAFE0.jpeg.a3e1cf34b24d6c8e6d223f2e95f82bd9\" data-image-description=\"\" data-image-caption=\"\" data-large-file=\"https:\/\/i0.wp.com\/pequod.nesodd1.no\/wp-content\/uploads\/2019\/06\/AB89EA1C-0576-4498-98E7-E7BA88BAAFE0.jpeg.a3e1cf34b24d6c8e6d223f2e95f82bd9.jpeg?fit=940%2C627&amp;ssl=1\" class=\"wp-image-15957 size-full\" src=\"https:\/\/i0.wp.com\/pequod.nesodd1.no\/wp-content\/uploads\/2019\/06\/AB89EA1C-0576-4498-98E7-E7BA88BAAFE0.jpeg.a3e1cf34b24d6c8e6d223f2e95f82bd9.jpeg?resize=940%2C627&#038;ssl=1\" alt=\"\" width=\"940\" height=\"627\" srcset=\"https:\/\/i0.wp.com\/pequod.nesodd1.no\/wp-content\/uploads\/2019\/06\/AB89EA1C-0576-4498-98E7-E7BA88BAAFE0.jpeg.a3e1cf34b24d6c8e6d223f2e95f82bd9.jpeg?w=1000&amp;ssl=1 1000w, https:\/\/i0.wp.com\/pequod.nesodd1.no\/wp-content\/uploads\/2019\/06\/AB89EA1C-0576-4498-98E7-E7BA88BAAFE0.jpeg.a3e1cf34b24d6c8e6d223f2e95f82bd9.jpeg?resize=100%2C67&amp;ssl=1 100w, https:\/\/i0.wp.com\/pequod.nesodd1.no\/wp-content\/uploads\/2019\/06\/AB89EA1C-0576-4498-98E7-E7BA88BAAFE0.jpeg.a3e1cf34b24d6c8e6d223f2e95f82bd9.jpeg?resize=300%2C200&amp;ssl=1 300w, https:\/\/i0.wp.com\/pequod.nesodd1.no\/wp-content\/uploads\/2019\/06\/AB89EA1C-0576-4498-98E7-E7BA88BAAFE0.jpeg.a3e1cf34b24d6c8e6d223f2e95f82bd9.jpeg?resize=768%2C512&amp;ssl=1 768w\" sizes=\"auto, (max-width: 940px) 100vw, 940px\" \/><\/a><figcaption id=\"caption-attachment-15957\" class=\"wp-caption-text\">Fra gjestehavna i Kristiansand.<\/figcaption><\/figure>\n<p>Victoria skulle tilbake til skolen, hun dro ikke hjem f\u00f8r med buss onsdag, s\u00e5 da ble det utvekslet klemmer da hun dro og jeg kastet loss ganske s\u00e5 fort etterp\u00e5. Vinden hadde begynt \u00e5 avta noe, men det bl\u00e5ste nok (og rett p\u00e5) til at avgangen foregikk ganske s\u00e5 knirkefritt. Jeg hadde et tau festet midt p\u00e5 og tok f\u00f8rst av akter og deretter baugfort\u00f8yningen. Vel ombord trakk jeg inn fort\u00f8yningen p\u00e5 midten og vinden gjorde jobben som baugpropellen ville tatt seg av og dro baugen raskt sidelengs ut fra brygga. S\u00e5 avgangen gikk adskillig mer elegant for seg enn tilleggingen et par timer tidligere!<\/p>\n<figure id=\"attachment_15952\" aria-describedby=\"caption-attachment-15952\" style=\"width: 1000px\" class=\"wp-caption aligncenter\"><a href=\"https:\/\/i0.wp.com\/pequod.nesodd1.no\/wp-content\/uploads\/2019\/06\/25984DAC-DF7B-47C3-99B4-82F532EC555B.jpeg.edbc57853660b13fe39661839b498bdb.jpeg?ssl=1\"><img data-recalc-dims=\"1\" loading=\"lazy\" decoding=\"async\" data-attachment-id=\"15952\" data-permalink=\"https:\/\/pequod.nesodd1.no\/?attachment_id=15952\" data-orig-file=\"https:\/\/i0.wp.com\/pequod.nesodd1.no\/wp-content\/uploads\/2019\/06\/25984DAC-DF7B-47C3-99B4-82F532EC555B.jpeg.edbc57853660b13fe39661839b498bdb.jpeg?fit=1000%2C750&amp;ssl=1\" data-orig-size=\"1000,750\" data-comments-opened=\"1\" data-image-meta=\"{&quot;aperture&quot;:&quot;0&quot;,&quot;credit&quot;:&quot;&quot;,&quot;camera&quot;:&quot;&quot;,&quot;caption&quot;:&quot;&quot;,&quot;created_timestamp&quot;:&quot;0&quot;,&quot;copyright&quot;:&quot;&quot;,&quot;focal_length&quot;:&quot;0&quot;,&quot;iso&quot;:&quot;0&quot;,&quot;shutter_speed&quot;:&quot;0&quot;,&quot;title&quot;:&quot;&quot;,&quot;orientation&quot;:&quot;0&quot;}\" data-image-title=\"25984DAC-DF7B-47C3-99B4-82F532EC555B.jpeg.edbc57853660b13fe39661839b498bdb\" data-image-description=\"\" data-image-caption=\"\" data-large-file=\"https:\/\/i0.wp.com\/pequod.nesodd1.no\/wp-content\/uploads\/2019\/06\/25984DAC-DF7B-47C3-99B4-82F532EC555B.jpeg.edbc57853660b13fe39661839b498bdb.jpeg?fit=940%2C705&amp;ssl=1\" class=\"wp-image-15952 size-full\" src=\"https:\/\/i0.wp.com\/pequod.nesodd1.no\/wp-content\/uploads\/2019\/06\/25984DAC-DF7B-47C3-99B4-82F532EC555B.jpeg.edbc57853660b13fe39661839b498bdb.jpeg?resize=940%2C705&#038;ssl=1\" alt=\"\" width=\"940\" height=\"705\" srcset=\"https:\/\/i0.wp.com\/pequod.nesodd1.no\/wp-content\/uploads\/2019\/06\/25984DAC-DF7B-47C3-99B4-82F532EC555B.jpeg.edbc57853660b13fe39661839b498bdb.jpeg?w=1000&amp;ssl=1 1000w, https:\/\/i0.wp.com\/pequod.nesodd1.no\/wp-content\/uploads\/2019\/06\/25984DAC-DF7B-47C3-99B4-82F532EC555B.jpeg.edbc57853660b13fe39661839b498bdb.jpeg?resize=100%2C75&amp;ssl=1 100w, https:\/\/i0.wp.com\/pequod.nesodd1.no\/wp-content\/uploads\/2019\/06\/25984DAC-DF7B-47C3-99B4-82F532EC555B.jpeg.edbc57853660b13fe39661839b498bdb.jpeg?resize=300%2C225&amp;ssl=1 300w, https:\/\/i0.wp.com\/pequod.nesodd1.no\/wp-content\/uploads\/2019\/06\/25984DAC-DF7B-47C3-99B4-82F532EC555B.jpeg.edbc57853660b13fe39661839b498bdb.jpeg?resize=768%2C576&amp;ssl=1 768w\" sizes=\"auto, (max-width: 940px) 100vw, 940px\" \/><\/a><figcaption id=\"caption-attachment-15952\" class=\"wp-caption-text\">Ulv\u00f8ysund.<\/figcaption><\/figure>\n<p>Deretter fulgte jeg samme ruta som jeg hadde tatt nedover, inn gjennom Ulv\u00f8ysund og forbi Skottevik, deretter gjennom Gamle Hellesund. Jeg fulgte deretter Blindleia helt til jeg kom til Lillesand. Der gjorde jeg en liten vri og tok ikke Grunnesund denne gangen, men dro ut ved Skauer\u00f8ya og p\u00e5 utsiden av Homborsund. Deretter inn til Grimstad p\u00e5 innsiden av Ramsholmen. Grimstad ble dermed f\u00f8rste overnatting p\u00e5 returen. Jeg hadde jo ikke dratt fra Kristiansand f\u00f8r n\u00e6rmere halv tre p\u00e5 ettermiddagen s\u00e5 klokka hadde passert halv ti p\u00e5 kvelden da jeg la til. God plass i Grimstad en sen kveld i midten av mai, for \u00e5 si det slik.<\/p>\n<figure id=\"attachment_15956\" aria-describedby=\"caption-attachment-15956\" style=\"width: 1000px\" class=\"wp-caption aligncenter\"><a href=\"https:\/\/i0.wp.com\/pequod.nesodd1.no\/wp-content\/uploads\/2019\/06\/A51464ED-201D-4820-90B1-E13BF4438FD3.jpeg.293dbebeb7e708b7cc9bab43897430f2.jpeg?ssl=1\"><img data-recalc-dims=\"1\" loading=\"lazy\" decoding=\"async\" data-attachment-id=\"15956\" data-permalink=\"https:\/\/pequod.nesodd1.no\/?attachment_id=15956\" data-orig-file=\"https:\/\/i0.wp.com\/pequod.nesodd1.no\/wp-content\/uploads\/2019\/06\/A51464ED-201D-4820-90B1-E13BF4438FD3.jpeg.293dbebeb7e708b7cc9bab43897430f2.jpeg?fit=1000%2C750&amp;ssl=1\" data-orig-size=\"1000,750\" data-comments-opened=\"1\" data-image-meta=\"{&quot;aperture&quot;:&quot;0&quot;,&quot;credit&quot;:&quot;&quot;,&quot;camera&quot;:&quot;&quot;,&quot;caption&quot;:&quot;&quot;,&quot;created_timestamp&quot;:&quot;0&quot;,&quot;copyright&quot;:&quot;&quot;,&quot;focal_length&quot;:&quot;0&quot;,&quot;iso&quot;:&quot;0&quot;,&quot;shutter_speed&quot;:&quot;0&quot;,&quot;title&quot;:&quot;&quot;,&quot;orientation&quot;:&quot;0&quot;}\" data-image-title=\"A51464ED-201D-4820-90B1-E13BF4438FD3.jpeg.293dbebeb7e708b7cc9bab43897430f2\" data-image-description=\"\" data-image-caption=\"\" data-large-file=\"https:\/\/i0.wp.com\/pequod.nesodd1.no\/wp-content\/uploads\/2019\/06\/A51464ED-201D-4820-90B1-E13BF4438FD3.jpeg.293dbebeb7e708b7cc9bab43897430f2.jpeg?fit=940%2C705&amp;ssl=1\" class=\"wp-image-15956 size-full\" src=\"https:\/\/i0.wp.com\/pequod.nesodd1.no\/wp-content\/uploads\/2019\/06\/A51464ED-201D-4820-90B1-E13BF4438FD3.jpeg.293dbebeb7e708b7cc9bab43897430f2.jpeg?resize=940%2C705&#038;ssl=1\" alt=\"\" width=\"940\" height=\"705\" srcset=\"https:\/\/i0.wp.com\/pequod.nesodd1.no\/wp-content\/uploads\/2019\/06\/A51464ED-201D-4820-90B1-E13BF4438FD3.jpeg.293dbebeb7e708b7cc9bab43897430f2.jpeg?w=1000&amp;ssl=1 1000w, https:\/\/i0.wp.com\/pequod.nesodd1.no\/wp-content\/uploads\/2019\/06\/A51464ED-201D-4820-90B1-E13BF4438FD3.jpeg.293dbebeb7e708b7cc9bab43897430f2.jpeg?resize=100%2C75&amp;ssl=1 100w, https:\/\/i0.wp.com\/pequod.nesodd1.no\/wp-content\/uploads\/2019\/06\/A51464ED-201D-4820-90B1-E13BF4438FD3.jpeg.293dbebeb7e708b7cc9bab43897430f2.jpeg?resize=300%2C225&amp;ssl=1 300w, https:\/\/i0.wp.com\/pequod.nesodd1.no\/wp-content\/uploads\/2019\/06\/A51464ED-201D-4820-90B1-E13BF4438FD3.jpeg.293dbebeb7e708b7cc9bab43897430f2.jpeg?resize=768%2C576&amp;ssl=1 768w\" sizes=\"auto, (max-width: 940px) 100vw, 940px\" \/><\/a><figcaption id=\"caption-attachment-15956\" class=\"wp-caption-text\">P\u00e5 plass i Grimstad. Bildet av b\u00e5ten \u00f8verst i dette innlegget er ogs\u00e5 fra Grimstad.<\/figcaption><\/figure>\n<figure id=\"attachment_15961\" aria-describedby=\"caption-attachment-15961\" style=\"width: 300px\" class=\"wp-caption alignleft\"><a href=\"https:\/\/i0.wp.com\/pequod.nesodd1.no\/wp-content\/uploads\/2019\/06\/IMG-9116.jpg?ssl=1\"><img data-recalc-dims=\"1\" loading=\"lazy\" decoding=\"async\" data-attachment-id=\"15961\" data-permalink=\"https:\/\/pequod.nesodd1.no\/?attachment_id=15961\" data-orig-file=\"https:\/\/i0.wp.com\/pequod.nesodd1.no\/wp-content\/uploads\/2019\/06\/IMG-9116.jpg?fit=4032%2C3024&amp;ssl=1\" data-orig-size=\"4032,3024\" data-comments-opened=\"1\" data-image-meta=\"{&quot;aperture&quot;:&quot;1.8&quot;,&quot;credit&quot;:&quot;&quot;,&quot;camera&quot;:&quot;iPhone 8 Plus&quot;,&quot;caption&quot;:&quot;&quot;,&quot;created_timestamp&quot;:&quot;1557866270&quot;,&quot;copyright&quot;:&quot;&quot;,&quot;focal_length&quot;:&quot;3.99&quot;,&quot;iso&quot;:&quot;32&quot;,&quot;shutter_speed&quot;:&quot;0.033333333333333&quot;,&quot;title&quot;:&quot;&quot;,&quot;orientation&quot;:&quot;1&quot;}\" data-image-title=\"IMG-9116\" data-image-description=\"\" data-image-caption=\"&lt;p&gt;Denne teksten passer  vel ganske bra n\u00e5, omtrent hele verden g\u00e5r i &amp;laquo;dorjefart&amp;raquo; for tiden!&lt;\/p&gt;\n\" data-large-file=\"https:\/\/i0.wp.com\/pequod.nesodd1.no\/wp-content\/uploads\/2019\/06\/IMG-9116.jpg?fit=940%2C705&amp;ssl=1\" class=\"wp-image-15961 size-medium\" src=\"https:\/\/i0.wp.com\/pequod.nesodd1.no\/wp-content\/uploads\/2019\/06\/IMG-9116.jpg?resize=300%2C225&#038;ssl=1\" alt=\"\" width=\"300\" height=\"225\" srcset=\"https:\/\/i0.wp.com\/pequod.nesodd1.no\/wp-content\/uploads\/2019\/06\/IMG-9116.jpg?resize=300%2C225&amp;ssl=1 300w, https:\/\/i0.wp.com\/pequod.nesodd1.no\/wp-content\/uploads\/2019\/06\/IMG-9116.jpg?resize=100%2C75&amp;ssl=1 100w, https:\/\/i0.wp.com\/pequod.nesodd1.no\/wp-content\/uploads\/2019\/06\/IMG-9116.jpg?resize=768%2C576&amp;ssl=1 768w, https:\/\/i0.wp.com\/pequod.nesodd1.no\/wp-content\/uploads\/2019\/06\/IMG-9116.jpg?resize=1024%2C768&amp;ssl=1 1024w, https:\/\/i0.wp.com\/pequod.nesodd1.no\/wp-content\/uploads\/2019\/06\/IMG-9116.jpg?w=1880&amp;ssl=1 1880w, https:\/\/i0.wp.com\/pequod.nesodd1.no\/wp-content\/uploads\/2019\/06\/IMG-9116.jpg?w=2820&amp;ssl=1 2820w\" sizes=\"auto, (max-width: 300px) 100vw, 300px\" \/><\/a><figcaption id=\"caption-attachment-15961\" class=\"wp-caption-text\">Kosepute innkj\u00f8pt i Grimstad.<\/figcaption><\/figure>\n<p>Dagen etter gikk jeg i land og tok meg en liten tur rundt i Grimstad. Kj\u00f8pte noe godt bakverk p\u00e5 Bergshaven bakeri og havnet innom en butikk &#8211; Littanna &#8211; som solgte noen koseputer til b\u00e5ten med morsomme lokale gloser p\u00e5trykket. Jeg endte med \u00e5 kj\u00f8pe en pute, en genser og flere emaljekopper til b\u00e5ten.<\/p>\n<p>Det var ikke spesielt billig, men jeg falt litt for den lokale vrien. Var laget i Grimstad s\u00e5 vidt jeg forstod.&nbsp; Og selv om jeg ikke lenger har en snekke, s\u00e5 passer uttrykket &laquo;Noen ganger b\u00f8r livet g\u00e5 mer i dorjefart&raquo; perfekt til meg! Og kopper med p\u00e5skriften &laquo;Glassmaned ekkje fali&raquo;, &laquo;Dekkje s\u00e5 lurt \u00e5 g\u00e5 baglengs p\u00e5 brygga&raquo; og &laquo;E lever i dorjefart&raquo;, ble ogs\u00e5 innkj\u00f8pt. De skal hovedsaklig benyttes i b\u00e5ten, men det kan vel hende at en av dem finner veien hjem etterhvert.<\/p>\n<p>Deretter tok jeg en kombinert frokost\/lunsj om bord f\u00f8r jeg nok en gang kastet loss for neste etappe. Den f\u00e5r du lese om i et senere innlegg. Det kommer til uka!<\/p>\n<h3>Related Images:<\/h3>","protected":false},"excerpt":{"rendered":"<p>S\u00f8ndag formiddag opprant med noe bedre v\u00e6r enn det hadde v\u00e6rt p\u00e5 b\u00e5tturen hittil. Jeg tok det med ro og bevilget meg en kaffe f\u00f8r jeg tok med meg et par poser med kl\u00e6r for \u00e5 vaske inne p\u00e5 serviceanlegget. Og mens vasken gikk skulle jeg f\u00e5 bes\u00f8k om bord. Related Images:<\/p>\n","protected":false},"author":1,"featured_media":15941,"comment_status":"open","ping_status":"open","sticky":false,"template":"","format":"standard","meta":{"_crdt_document":"","ngg_post_thumbnail":0,"jetpack_post_was_ever_published":false,"_jetpack_newsletter_access":"","_jetpack_dont_email_post_to_subs":false,"_jetpack_newsletter_tier_id":0,"_jetpack_memberships_contains_paywalled_content":false,"_jetpack_memberships_contains_paid_content":false,"footnotes":""},"categories":[11,3,4],"tags":[2983,3138,2984,2990,3140,3139,3096,3051,3121],"class_list":["post-15746","post","type-post","status-publish","format-standard","has-post-thumbnail","hentry","category-pics","category-blogg","category-tur","tag-arendal","tag-brygga-restaurant","tag-grimstad","tag-kristiansand","tag-monika","tag-roar","tag-skottevik","tag-sorlandsferie","tag-sorlandstur"],"jetpack_featured_media_url":"https:\/\/i0.wp.com\/pequod.nesodd1.no\/wp-content\/uploads\/2019\/06\/IMG-9105.jpg?fit=800%2C600&ssl=1","jetpack_shortlink":"https:\/\/wp.me\/p3Zd9b-45Y","jetpack_sharing_enabled":true,"jetpack_likes_enabled":true,"jetpack-related-posts":[],"_links":{"self":[{"href":"https:\/\/pequod.nesodd1.no\/index.php?rest_route=\/wp\/v2\/posts\/15746","targetHints":{"allow":["GET"]}}],"collection":[{"href":"https:\/\/pequod.nesodd1.no\/index.php?rest_route=\/wp\/v2\/posts"}],"about":[{"href":"https:\/\/pequod.nesodd1.no\/index.php?rest_route=\/wp\/v2\/types\/post"}],"author":[{"embeddable":true,"href":"https:\/\/pequod.nesodd1.no\/index.php?rest_route=\/wp\/v2\/users\/1"}],"replies":[{"embeddable":true,"href":"https:\/\/pequod.nesodd1.no\/index.php?rest_route=%2Fwp%2Fv2%2Fcomments&post=15746"}],"version-history":[{"count":19,"href":"https:\/\/pequod.nesodd1.no\/index.php?rest_route=\/wp\/v2\/posts\/15746\/revisions"}],"predecessor-version":[{"id":15972,"href":"https:\/\/pequod.nesodd1.no\/index.php?rest_route=\/wp\/v2\/posts\/15746\/revisions\/15972"}],"wp:featuredmedia":[{"embeddable":true,"href":"https:\/\/pequod.nesodd1.no\/index.php?rest_route=\/wp\/v2\/media\/15941"}],"wp:attachment":[{"href":"https:\/\/pequod.nesodd1.no\/index.php?rest_route=%2Fwp%2Fv2%2Fmedia&parent=15746"}],"wp:term":[{"taxonomy":"category","embeddable":true,"href":"https:\/\/pequod.nesodd1.no\/index.php?rest_route=%2Fwp%2Fv2%2Fcategories&post=15746"},{"taxonomy":"post_tag","embeddable":true,"href":"https:\/\/pequod.nesodd1.no\/index.php?rest_route=%2Fwp%2Fv2%2Ftags&post=15746"}],"curies":[{"name":"wp","href":"https:\/\/api.w.org\/{rel}","templated":true}]}}