{"id":17297,"date":"2020-03-23T10:30:24","date_gmt":"2020-03-23T09:30:24","guid":{"rendered":"https:\/\/pequod.nesodd1.no\/?p=17297"},"modified":"2020-03-22T20:27:07","modified_gmt":"2020-03-22T19:27:07","slug":"mulige-forandringer-i-batferieplanene-og-batsesongen","status":"publish","type":"post","link":"https:\/\/pequod.nesodd1.no\/?p=17297","title":{"rendered":"Forandringer i b\u00e5tferieplanene. Og b\u00e5tsesongen!"},"content":{"rendered":"<p><strong>Koronaviruset og alle restriksjonene og tiltakene som n\u00e5 er i gang kan f\u00f8re til at mange b\u00e5tfolk m\u00e5 tenke grundig over hvordan de skal forholde seg til dette n\u00e5r de er i b\u00e5ten. Og jeg m\u00e5 nok legge om p\u00e5 b\u00e5tferieplanene mine.<\/strong><!--more--><\/p>\n<p>B\u00e5tferien min i \u00e5r var jo tenkt \u00e5 hovedsaklig finne sted i Sverige og Danmark. Det er alltid hyggelig \u00e5 bes\u00f8ke v\u00e5re naboland, og spesielt i egen b\u00e5t. Og i Danmark har jeg enn\u00e5 ikke v\u00e6rt med egen b\u00e5t, s\u00e5 det er et spennende land \u00e5 utforske for meg som skipper p\u00e5 egen skute. Planen var jo den samme i fjor, men skar seg p\u00e5 grunn av v\u00e6ret.<\/p>\n<p>I \u00e5r hadde jeg derfor tenkt \u00e5 ta b\u00e5tferien litt tidligere enn vanlig. Jeg unng\u00e5r jo alltid \u00e5 ta b\u00e5tferie i fellesferien &#8211; stappfulle og overbefolkede gjeste- og uthavner er jeg ikke glad i &#8211; s\u00e5 i \u00e5r skulle jeg snu p\u00e5 flisa og ta ferien min f\u00f8r fellesferien istedenfor etter, som jeg har gjort til n\u00e5. Var s\u00e5pass uheldig med v\u00e6ret i august i fjor at jeg bestemte meg for \u00e5 pr\u00f8ve noe annet i \u00e5r.<\/p>\n<p>Det inneb\u00e6rer at b\u00e5tferien skulle g\u00e5 fra mai og langt ut i juni. Jeg skulle begynne b\u00e5tferien med den tradisjonelle festivalen p\u00e5 Hurum og legge meg til i Holmsbu. For deretter kaste loss s\u00f8ndag og dra videre utover fjorden istedenfor tilbake til Nesodden. Planen var \u00e5 komme tilbake i slutten av juni. Men korona-pandemien&nbsp; ser ut til \u00e5 sette en stopper for de planene.<\/p>\n<p>Det er jo enda en stund til festivalen g\u00e5r av stabelen, men etter all sannsynlighet blir den nok avlyst.&nbsp;<\/p>\n<p>I skrivende stund har Danmark stengt grensene, Norge har gjort det samme, mens Sverige forel\u00f8pig ikke vurderer det- s\u00e5 langt. De har jo begynt \u00e5 stramme inn ogs\u00e5 der. Selv om man &laquo;ikke kan se noen grense under vann&raquo; (eller over) s\u00e5 vil jo det kunne medf\u00f8re endel praktiske problemer for b\u00e5tfolk, for \u00e5 si det slik.<\/p>\n<p>De respektive lands kystvaktfart\u00f8y kommer nok til \u00e5 v\u00e6re p\u00e5 alerten, og det vil bli mye st\u00f8rre sjanser for \u00e5 bli avvist i rom sj\u00f8 selv om de umulig kan rekke over alt. Og hvis man ikke skulle bli stoppet vil man nok bli ganske uglesett hvis man legger til i en svensk (hvis de bestemmer seg for det) eller dansk gjestehavn hvis grensene er stengt. Det vil jo rett og slett v\u00e6re uforsvarlig og tankel\u00f8st gjort.<\/p>\n<figure id=\"attachment_17323\" aria-describedby=\"caption-attachment-17323\" style=\"width: 800px\" class=\"wp-caption aligncenter\"><a href=\"https:\/\/i0.wp.com\/pequod.nesodd1.no\/wp-content\/uploads\/2020\/03\/939A7740-2.jpg?ssl=1\"><img data-recalc-dims=\"1\" loading=\"lazy\" decoding=\"async\" data-attachment-id=\"17323\" data-permalink=\"https:\/\/pequod.nesodd1.no\/?attachment_id=17323\" data-orig-file=\"https:\/\/i0.wp.com\/pequod.nesodd1.no\/wp-content\/uploads\/2020\/03\/939A7740-2.jpg?fit=800%2C492&amp;ssl=1\" data-orig-size=\"800,492\" data-comments-opened=\"1\" data-image-meta=\"{&quot;aperture&quot;:&quot;8&quot;,&quot;credit&quot;:&quot;&quot;,&quot;camera&quot;:&quot;Canon EOS 5D Mark IV&quot;,&quot;caption&quot;:&quot;&quot;,&quot;created_timestamp&quot;:&quot;1565971569&quot;,&quot;copyright&quot;:&quot;&quot;,&quot;focal_length&quot;:&quot;85&quot;,&quot;iso&quot;:&quot;200&quot;,&quot;shutter_speed&quot;:&quot;0.0015625&quot;,&quot;title&quot;:&quot;&quot;,&quot;orientation&quot;:&quot;1&quot;}\" data-image-title=\"939A7740 (2)\" data-image-description=\"&lt;p&gt;kystvakt, sverige, g\u00f6teborg&lt;\/p&gt;\n\" data-image-caption=\"&lt;p&gt;Kan nok risikere \u00e5 bli m\u00f8tt av denne i sommer&amp;#8230;&lt;\/p&gt;\n\" data-large-file=\"https:\/\/i0.wp.com\/pequod.nesodd1.no\/wp-content\/uploads\/2020\/03\/939A7740-2.jpg?fit=800%2C492&amp;ssl=1\" class=\"size-full wp-image-17323\" src=\"https:\/\/i0.wp.com\/pequod.nesodd1.no\/wp-content\/uploads\/2020\/03\/939A7740-2.jpg?resize=800%2C492&#038;ssl=1\" alt=\"\" width=\"800\" height=\"492\" srcset=\"https:\/\/i0.wp.com\/pequod.nesodd1.no\/wp-content\/uploads\/2020\/03\/939A7740-2.jpg?w=800&amp;ssl=1 800w, https:\/\/i0.wp.com\/pequod.nesodd1.no\/wp-content\/uploads\/2020\/03\/939A7740-2.jpg?resize=300%2C185&amp;ssl=1 300w, https:\/\/i0.wp.com\/pequod.nesodd1.no\/wp-content\/uploads\/2020\/03\/939A7740-2.jpg?resize=100%2C62&amp;ssl=1 100w, https:\/\/i0.wp.com\/pequod.nesodd1.no\/wp-content\/uploads\/2020\/03\/939A7740-2.jpg?resize=768%2C472&amp;ssl=1 768w\" sizes=\"auto, (max-width: 800px) 100vw, 800px\" \/><\/a><figcaption id=\"caption-attachment-17323\" class=\"wp-caption-text\">Kan nok risikere \u00e5 bli m\u00f8tt av denne i sommer&#8230;hvis svenskene f\u00f8lger etter Norge og Danmark.<\/figcaption><\/figure>\n<p>Og ikke minst ulovlig &#8211; man kan risikere fengselstraff ved alvorlige brudd p\u00e5 smittevernsloven, noe som ulovlig grensepassering utvilsomt er! Og uansett en sviende femsifret bot.<\/p>\n<p>Alt er jo avhengig av hvor lenge dette kommer til \u00e5 vare, men dessverre ser det ut til at det faktisk kan dreie seg om flere m\u00e5neder f\u00f8r det begynner \u00e5 ebbe ut. N\u00e5 er det jo ikke sikkert at grensestengninger og karantenetiltak kommer til \u00e5 vare s\u00e5 lenge, eller v\u00e6re s\u00e5 strenge, under hele dette forl\u00f8pet, men akkurat n\u00e5 er det veldig vanskelig \u00e5 vite, og dermed vanskelig \u00e5 planlegge ogs\u00e5.<\/p>\n<p>Jeg ser i diverse b\u00e5tfora p\u00e5 nettet og i sosiale medier at enkelte allerede har begynt \u00e5 tenke p\u00e5 \u00e5 vente med \u00e5 sette ut b\u00e5ten i \u00e5r. De vurderer situasjonen som s\u00e5 usikker at de ikke utelukker at hele b\u00e5tsesongen 2020 er \u00f8delagt. Redningsselskapet gikk i forrige uke da ogs\u00e5 ut og ba folk om \u00e5 vente med \u00e5 bruke b\u00e5ten framover. KNBF har bedt b\u00e5tfolk om \u00e5 kun ta korte turer innad i sin egen kommune.<\/p>\n<p>Scenarioet er jo at for eksempel gjestehavner ser seg n\u00f8dt til \u00e5 stenge og permittere ansatte. Flere havnesjefer har allerede begynt \u00e5 tenke i de baner at det kommer til \u00e5 bli en sv\u00e6rt d\u00e5rlig sesong &#8211; og at b\u00e5tfolket heller kommer til \u00e5 ty til uthavner av frykt for smitte i gjestehavner, selv om gjestehavnene innf\u00f8rer n\u00f8ye smittevernsrutiner og begrenser antall fart\u00f8yer, slik som Stavern gjestehavn har begynt \u00e5 forberede seg p\u00e5. <a href=\"https:\/\/pequod.nesodd1.no\/?p=17175\"><em>Les innlegget mitt om gjestehavnene som jeg skrev i forrige uke.<\/em><\/a><\/p>\n<p>Holmestrand har faktisk g\u00e5tt ut p\u00e5 sine sider og opplyst at gjestehavna ER stengt. Oscarsborg har sagt at de helst ikke vil ha gjestende b\u00e5ter akkurat n\u00e5 og Horten gjestehavn frar\u00e5der bes\u00f8k av gjestende b\u00e5ter i alle havnene i kommunen. Gjestehavna i T\u00f8nsberg \u00e5pner ikke i p\u00e5sken som normalt. Det blir mulighet til \u00e5 legge seg til bryggene, men ikke tilgang til toaletter, servicebygg eller kiosk. I Son gjestehavn avventer de forel\u00f8pig situasjonen, mens Dr\u00f8bak ikke har noe oppdatert info om situasjonen hverken p\u00e5 kommunens sider eller p\u00e5 Facebook. I Stavern har de allerede innf\u00f8rt strenge restriksjoner og er godt forberedt.<\/p>\n<p>Her er det ogs\u00e5 n\u00e6rliggende \u00e5 tro at hvis mange b\u00e5teiere begynner \u00e5 tenke i de baner at ferien g\u00e5r til uthavner, s\u00e5 kan det ogs\u00e5 fort oppst\u00e5 trengsel og \u00f8kt smittefare der, uten de forholdsreglene som gjestehavner tar p\u00e5 hygiene. Om det blir til at jeg t\u00f8ffer rundt i uthavner i sommer, s\u00e5 kommer jeg garantert til \u00e5 unng\u00e5 de det er mange b\u00e5ter i. Da tar jeg heller sjansen p\u00e5 en gjestehavn som tar smittevern p\u00e5 alvor. Som Stavern. Og hvis jeg p\u00e5 den tiden har lov til \u00e5 reise dit.<\/p>\n<figure id=\"attachment_13078\" aria-describedby=\"caption-attachment-13078\" style=\"width: 640px\" class=\"wp-caption aligncenter\"><a href=\"https:\/\/i0.wp.com\/pequod.nesodd1.no\/wp-content\/uploads\/2017\/11\/IMG_6335.jpg?ssl=1\"><img data-recalc-dims=\"1\" loading=\"lazy\" decoding=\"async\" data-attachment-id=\"13078\" data-permalink=\"https:\/\/pequod.nesodd1.no\/?attachment_id=13078\" data-orig-file=\"https:\/\/i0.wp.com\/pequod.nesodd1.no\/wp-content\/uploads\/2017\/11\/IMG_6335.jpg?fit=640%2C480&amp;ssl=1\" data-orig-size=\"640,480\" data-comments-opened=\"1\" data-image-meta=\"{&quot;aperture&quot;:&quot;1.8&quot;,&quot;credit&quot;:&quot;&quot;,&quot;camera&quot;:&quot;iPhone 7&quot;,&quot;caption&quot;:&quot;&quot;,&quot;created_timestamp&quot;:&quot;1504362807&quot;,&quot;copyright&quot;:&quot;&quot;,&quot;focal_length&quot;:&quot;3.99&quot;,&quot;iso&quot;:&quot;25&quot;,&quot;shutter_speed&quot;:&quot;0.000167000668003&quot;,&quot;title&quot;:&quot;&quot;,&quot;orientation&quot;:&quot;1&quot;}\" data-image-title=\"IMG_6335\" data-image-description=\"&lt;p&gt;Stavern&lt;\/p&gt;\n\" data-image-caption=\"&lt;p&gt;S&lt;\/p&gt;\n\" data-large-file=\"https:\/\/i0.wp.com\/pequod.nesodd1.no\/wp-content\/uploads\/2017\/11\/IMG_6335.jpg?fit=640%2C480&amp;ssl=1\" class=\"size-full wp-image-13078\" src=\"https:\/\/i0.wp.com\/pequod.nesodd1.no\/wp-content\/uploads\/2017\/11\/IMG_6335.jpg?resize=640%2C480&#038;ssl=1\" alt=\"\" width=\"640\" height=\"480\" srcset=\"https:\/\/i0.wp.com\/pequod.nesodd1.no\/wp-content\/uploads\/2017\/11\/IMG_6335.jpg?w=640&amp;ssl=1 640w, https:\/\/i0.wp.com\/pequod.nesodd1.no\/wp-content\/uploads\/2017\/11\/IMG_6335.jpg?resize=100%2C75&amp;ssl=1 100w, https:\/\/i0.wp.com\/pequod.nesodd1.no\/wp-content\/uploads\/2017\/11\/IMG_6335.jpg?resize=300%2C225&amp;ssl=1 300w\" sizes=\"auto, (max-width: 640px) 100vw, 640px\" \/><\/a><figcaption id=\"caption-attachment-13078\" class=\"wp-caption-text\">Stavern i september 2017, sp\u00f8rs om det er like mange b\u00e5ter der i \u00e5r&#8230;<\/figcaption><\/figure>\n<p>Rent konkret kan dette bety at jeg enten m\u00e5 glemme planene om \u00e5 komme meg til Sverige og Danmark i \u00e5r, og t\u00f8ffe rundt i hjemlige trakter (oppfordringene om \u00e5 ta ferien i Norge er allerede begynt \u00e5 komme og det skal jeg overveie n\u00f8ye), eller utsette ferieplanene til sensommeren. P\u00e5 jobben er imidlertid fristen for \u00e5 s\u00f8ke sommerferie satt til 27. mars &#8211; dagen etter at de t\u00f8ffeste tiltakene til regjeringen l\u00f8per ut. Forel\u00f8pig &#8211; det kan hende de blir forlenget, noe jeg h\u00e5per p\u00e5, etetrsom jeg snart m\u00e5 ta en avgj\u00f8relse.<\/p>\n<p>N\u00e5r man da i tillegg oppfordres til \u00e5 reise minst mulig &#8211; bare foreta de aller mest n\u00f8dvendige reisene &#8211; s\u00e5 er det nok mange ferieplaner som spoleres i \u00e5r, b\u00e5de til sj\u00f8s og p\u00e5 land. I skrivende stund er det jo full stopp i mange land. Alt er satt p\u00e5 pause.<\/p>\n<p>Jeg trodde jo at en tur ute p\u00e5 sj\u00f8en alene i b\u00e5t var noe av det sikreste man kan foreta seg med tanke p\u00e5 smitterisiko! I alle fall hvis man, som meg, b\u00e5de har kort vei til b\u00e5ten og en rute som ikke inkluderer lang reisevei, kollektivtransport eller n\u00e6rkontakt med andre mennesker. Men det ble jo avvist av helsemyndighetene i forrige uke. Og siden jeg i tillegg er i en risikogruppe og drar alene om bord pluss at ogs\u00e5 Redningsselskapet har redusert kapasitet. s\u00e5 skj\u00f8nner jeg jo at det ikke er s\u00e5 lurt.<\/p>\n<p>Men n\u00e5 som karantenen er over er det jo fristende \u00e5 ta en tur utp\u00e5 &#8211; innen kommunen &#8211; da bryter jeg ikke hytterestriksjonene som er innf\u00f8rt &#8211; hvis man skal regne b\u00e5tfolket inn under hyttefolkets restriksjoner (som per dags dato er det n\u00e6rmeste man kommer) &#8211; pluss at jeg ogs\u00e5 f\u00f8lger anbefalingene fra KNBF. Men s\u00e5 er jo Nesodden en litt spesiell kommune. For eksempel kan jeg dra til Huseberg\u00f8ya &#8211; siden den faktisk h\u00f8rer til Nesodden &#8211; men jeg bryter anbefalingene hvis jeg legger til p\u00e5 Lang\u00f8yene, Gressholmen eller Lind\u00f8ya, de tilh\u00f8rer nemlig Oslo.<\/p>\n<p>Det jeg i alle fall kommer til \u00e5 gj\u00f8re i dag, er \u00e5 dra ned til b\u00e5ten. Jeg har hjemmekontor ogs\u00e5 denne uka, og etter at jeg er ferdig i dag drar jeg ned til b\u00e5ten med b\u00e6rbar PC, litt mat og verkt\u00f8y. Litt b\u00e5trelatert sm\u00e5utstyr er p\u00e5 vei i posten, og jeg akter \u00e5 oppholde meg i b\u00e5ten i dagene framover. Da skal jeg drive med litt forefallende arbeide og vedlikehold, montere landstr\u00f8msanlegget og inverter og noen kontakter til lading, vaske b\u00e5ten grundig p\u00e5 innsiden, tette noen vinduslekkasjer og i det hele tatt klargj\u00f8re den til en ny hovedsesong, for \u00e5 si det slik. Da f\u00e5r jeg i alle fall gjort noe med den, om jeg ikke akkurat drar ut p\u00e5 tur. Og jeg holder korrekt avstand til andre!<\/p>\n<p>S\u00e5 f\u00e5r man heller pr\u00f8ve \u00e5 ta ting som det kommer.<\/p>\n<figure id=\"attachment_7537\" aria-describedby=\"caption-attachment-7537\" style=\"width: 1024px\" class=\"wp-caption aligncenter\"><a href=\"https:\/\/i0.wp.com\/pequod.nesodd1.no\/wp-content\/uploads\/2015\/11\/image33.jpg?ssl=1\"><img data-recalc-dims=\"1\" loading=\"lazy\" decoding=\"async\" data-attachment-id=\"7537\" data-permalink=\"https:\/\/pequod.nesodd1.no\/?attachment_id=7537\" data-orig-file=\"https:\/\/i0.wp.com\/pequod.nesodd1.no\/wp-content\/uploads\/2015\/11\/image33.jpg?fit=3264%2C2448&amp;ssl=1\" data-orig-size=\"3264,2448\" data-comments-opened=\"1\" data-image-meta=\"{&quot;aperture&quot;:&quot;0&quot;,&quot;credit&quot;:&quot;&quot;,&quot;camera&quot;:&quot;&quot;,&quot;caption&quot;:&quot;&quot;,&quot;created_timestamp&quot;:&quot;0&quot;,&quot;copyright&quot;:&quot;&quot;,&quot;focal_length&quot;:&quot;0&quot;,&quot;iso&quot;:&quot;0&quot;,&quot;shutter_speed&quot;:&quot;0&quot;,&quot;title&quot;:&quot;&quot;,&quot;orientation&quot;:&quot;1&quot;}\" data-image-title=\"image\" data-image-description=\"&lt;p&gt;Dragsund&lt;\/p&gt;\n\" data-image-caption=\"\" data-large-file=\"https:\/\/i0.wp.com\/pequod.nesodd1.no\/wp-content\/uploads\/2015\/11\/image33.jpg?fit=940%2C705&amp;ssl=1\" class=\"wp-image-7537 size-large\" src=\"https:\/\/i0.wp.com\/pequod.nesodd1.no\/wp-content\/uploads\/2015\/11\/image33.jpg?resize=940%2C705&#038;ssl=1\" alt=\"\" width=\"940\" height=\"705\" srcset=\"https:\/\/i0.wp.com\/pequod.nesodd1.no\/wp-content\/uploads\/2015\/11\/image33.jpg?resize=1024%2C768&amp;ssl=1 1024w, https:\/\/i0.wp.com\/pequod.nesodd1.no\/wp-content\/uploads\/2015\/11\/image33.jpg?resize=300%2C225&amp;ssl=1 300w, https:\/\/i0.wp.com\/pequod.nesodd1.no\/wp-content\/uploads\/2015\/11\/image33.jpg?w=1880&amp;ssl=1 1880w, https:\/\/i0.wp.com\/pequod.nesodd1.no\/wp-content\/uploads\/2015\/11\/image33.jpg?w=2820&amp;ssl=1 2820w\" sizes=\"auto, (max-width: 940px) 100vw, 940px\" \/><\/a><figcaption id=\"caption-attachment-7537\" class=\"wp-caption-text\">Dragsund er en popul\u00e6r uthavn p\u00e5 H\u00e5\u00f8ya. Men s\u00e5 god plass som i november 2015 f\u00e5r man nok ikke sommeren 2020 &#8211; selv med koronapandemi p\u00e5 sitt h\u00f8yeste. Eller?<\/figcaption><\/figure>\n<h3>Related Images:<\/h3>","protected":false},"excerpt":{"rendered":"<p>Koronaviruset og alle restriksjonene og tiltakene som n\u00e5 er i gang kan f\u00f8re til at mange b\u00e5tfolk m\u00e5 tenke grundig over hvordan de skal forholde seg til dette n\u00e5r de er i b\u00e5ten. Og jeg m\u00e5 nok legge om p\u00e5 b\u00e5tferieplanene mine. Related Images:<\/p>\n","protected":false},"author":1,"featured_media":14938,"comment_status":"open","ping_status":"open","sticky":false,"template":"","format":"standard","meta":{"_crdt_document":"","ngg_post_thumbnail":0,"jetpack_post_was_ever_published":false,"_jetpack_newsletter_access":"","_jetpack_dont_email_post_to_subs":false,"_jetpack_newsletter_tier_id":0,"_jetpack_memberships_contains_paywalled_content":false,"_jetpack_memberships_contains_paid_content":false,"footnotes":""},"categories":[3,1043,147,148,2376,1564,3263,4],"tags":[914,431,1299,3260,3269,3277,934,1814],"class_list":["post-17297","post","type-post","status-publish","format-standard","has-post-thumbnail","hentry","category-blogg","category-diverse","category-ferie","category-planlegging","category-politikk","category-sikkerhet","category-sykdom-og-helse","category-tur","tag-batferie","tag-danmark","tag-gjestehavn","tag-korona","tag-koronasmitte","tag-pandemi","tag-sverige","tag-uthavn"],"jetpack_featured_media_url":"https:\/\/i0.wp.com\/pequod.nesodd1.no\/wp-content\/uploads\/2018\/10\/10615547_1471732896414192_8921467269467322952_n.jpg?fit=800%2C534&ssl=1","jetpack_shortlink":"https:\/\/wp.me\/p3Zd9b-4uZ","jetpack_sharing_enabled":true,"jetpack_likes_enabled":true,"jetpack-related-posts":[],"_links":{"self":[{"href":"https:\/\/pequod.nesodd1.no\/index.php?rest_route=\/wp\/v2\/posts\/17297","targetHints":{"allow":["GET"]}}],"collection":[{"href":"https:\/\/pequod.nesodd1.no\/index.php?rest_route=\/wp\/v2\/posts"}],"about":[{"href":"https:\/\/pequod.nesodd1.no\/index.php?rest_route=\/wp\/v2\/types\/post"}],"author":[{"embeddable":true,"href":"https:\/\/pequod.nesodd1.no\/index.php?rest_route=\/wp\/v2\/users\/1"}],"replies":[{"embeddable":true,"href":"https:\/\/pequod.nesodd1.no\/index.php?rest_route=%2Fwp%2Fv2%2Fcomments&post=17297"}],"version-history":[{"count":17,"href":"https:\/\/pequod.nesodd1.no\/index.php?rest_route=\/wp\/v2\/posts\/17297\/revisions"}],"predecessor-version":[{"id":17526,"href":"https:\/\/pequod.nesodd1.no\/index.php?rest_route=\/wp\/v2\/posts\/17297\/revisions\/17526"}],"wp:featuredmedia":[{"embeddable":true,"href":"https:\/\/pequod.nesodd1.no\/index.php?rest_route=\/wp\/v2\/media\/14938"}],"wp:attachment":[{"href":"https:\/\/pequod.nesodd1.no\/index.php?rest_route=%2Fwp%2Fv2%2Fmedia&parent=17297"}],"wp:term":[{"taxonomy":"category","embeddable":true,"href":"https:\/\/pequod.nesodd1.no\/index.php?rest_route=%2Fwp%2Fv2%2Fcategories&post=17297"},{"taxonomy":"post_tag","embeddable":true,"href":"https:\/\/pequod.nesodd1.no\/index.php?rest_route=%2Fwp%2Fv2%2Ftags&post=17297"}],"curies":[{"name":"wp","href":"https:\/\/api.w.org\/{rel}","templated":true}]}}