{"id":1751,"date":"2014-01-12T07:45:25","date_gmt":"2014-01-12T06:45:25","guid":{"rendered":"https:\/\/pequod.nesodd1.no\/?p=1751"},"modified":"2014-01-12T07:36:23","modified_gmt":"2014-01-12T06:36:23","slug":"pimp-my-boat","status":"publish","type":"post","link":"https:\/\/pequod.nesodd1.no\/?p=1751","title":{"rendered":"Pimp my boat!"},"content":{"rendered":"<p><a href=\"https:\/\/i0.wp.com\/pequod.nesodd1.no\/wp-content\/uploads\/2013\/11\/IMG_0997.jpg\"><img data-recalc-dims=\"1\" loading=\"lazy\" decoding=\"async\" data-attachment-id=\"1006\" data-permalink=\"https:\/\/pequod.nesodd1.no\/?attachment_id=1006\" data-orig-file=\"https:\/\/i0.wp.com\/pequod.nesodd1.no\/wp-content\/uploads\/2013\/11\/IMG_0997.jpg?fit=800%2C534&amp;ssl=1\" data-orig-size=\"800,534\" data-comments-opened=\"1\" data-image-meta=\"{&quot;aperture&quot;:&quot;6.3&quot;,&quot;credit&quot;:&quot;Picasa&quot;,&quot;camera&quot;:&quot;Canon EOS 700D&quot;,&quot;caption&quot;:&quot;&quot;,&quot;created_timestamp&quot;:&quot;1384600942&quot;,&quot;copyright&quot;:&quot;&quot;,&quot;focal_length&quot;:&quot;55&quot;,&quot;iso&quot;:&quot;100&quot;,&quot;shutter_speed&quot;:&quot;0.008&quot;,&quot;title&quot;:&quot;&quot;}\" data-image-title=\"IMG_0997\" data-image-description=\"\" data-image-caption=\"\" data-large-file=\"https:\/\/i0.wp.com\/pequod.nesodd1.no\/wp-content\/uploads\/2013\/11\/IMG_0997.jpg?fit=800%2C534&amp;ssl=1\" class=\"wp-image-1006 alignleft\" alt=\"IMG_0997\" src=\"https:\/\/i0.wp.com\/pequod.nesodd1.no\/wp-content\/uploads\/2013\/11\/IMG_0997-150x150.jpg?resize=90%2C90\" width=\"90\" height=\"90\" srcset=\"https:\/\/i0.wp.com\/pequod.nesodd1.no\/wp-content\/uploads\/2013\/11\/IMG_0997.jpg?resize=150%2C150&amp;ssl=1 150w, https:\/\/i0.wp.com\/pequod.nesodd1.no\/wp-content\/uploads\/2013\/11\/IMG_0997.jpg?zoom=3&amp;resize=90%2C90&amp;ssl=1 270w\" sizes=\"auto, (max-width: 90px) 100vw, 90px\" \/><\/a>I g\u00e5r var jeg innom en hyggelig m\u00f8beltapetserer her p\u00e5 Nesodden. Jeg har nemlig bestemt meg for \u00e5 gj\u00f8re noe ekstra med b\u00e5ten til v\u00e5ren som jeg egentlig ikke hadde tenkt \u00e5 gj\u00f8re f\u00f8r om et par \u00e5r. Men s\u00e5 har jeg f\u00e5tt en id\u00e9, og har lyst til \u00e5 f\u00e5 gjennomf\u00f8rt dette likevel! Dette skal bli en skikkelig &laquo;Pimp my boat&raquo;-opplevelse!<!--more--><\/p>\n<p>Det er egentlig ganske mye jeg ikke f\u00f8ler meg kompetent til n\u00e5r det gjelder b\u00e5t og oppussing. Noe av det er jeg bare n\u00f8dt til \u00e5 l\u00e6re meg, andre ting innser jeg er totalt utenfor det jeg f\u00f8ler meg komfortabel med, og derfor overlater jeg dette til folk som er mer kompetente til \u00e5 utf\u00f8re jobben enn meg. S\u00e5 f\u00e5r jeg heller betale noen kroner for \u00e5 f\u00e5 det gjort.<\/p>\n<p>Og egentlig er det ikke mange slike ting jeg f\u00f8ler at jeg ikke kan eller vil pr\u00f8ve meg p\u00e5 selv, men et av de f\u00e5 tingene er omtrekking av m\u00f8bler! Dette var et punkt som har st\u00e5tt p\u00e5 min liste over ting som skal gj\u00f8res med b\u00e5ten fra dag \u00e9n, men det har ikke v\u00e6rt prioritert. Men n\u00e5r f\u00f8rst tankene begynner \u00e5 spinne&#8230;<\/p>\n<figure id=\"attachment_1161\" aria-describedby=\"caption-attachment-1161\" style=\"width: 300px\" class=\"wp-caption alignright\"><a href=\"https:\/\/i0.wp.com\/pequod.nesodd1.no\/wp-content\/uploads\/2013\/11\/IMG_1898.jpg\"><img data-recalc-dims=\"1\" loading=\"lazy\" decoding=\"async\" data-attachment-id=\"1161\" data-permalink=\"https:\/\/pequod.nesodd1.no\/?attachment_id=1161\" data-orig-file=\"https:\/\/i0.wp.com\/pequod.nesodd1.no\/wp-content\/uploads\/2013\/11\/IMG_1898.jpg?fit=800%2C534&amp;ssl=1\" data-orig-size=\"800,534\" data-comments-opened=\"1\" data-image-meta=\"{&quot;aperture&quot;:&quot;3.5&quot;,&quot;credit&quot;:&quot;Picasa&quot;,&quot;camera&quot;:&quot;Canon EOS 700D&quot;,&quot;caption&quot;:&quot;&quot;,&quot;created_timestamp&quot;:&quot;1385740605&quot;,&quot;copyright&quot;:&quot;&quot;,&quot;focal_length&quot;:&quot;18&quot;,&quot;iso&quot;:&quot;6400&quot;,&quot;shutter_speed&quot;:&quot;0.166666666667&quot;,&quot;title&quot;:&quot;&quot;}\" data-image-title=\"IMG_1898\" data-image-description=\"\" data-image-caption=\"&lt;p&gt;Rotete,men koselig&amp;#8230;&lt;\/p&gt;\n\" data-large-file=\"https:\/\/i0.wp.com\/pequod.nesodd1.no\/wp-content\/uploads\/2013\/11\/IMG_1898.jpg?fit=800%2C534&amp;ssl=1\" class=\"size-medium wp-image-1161\" alt=\"Rotete,men koselig...\" src=\"https:\/\/i0.wp.com\/pequod.nesodd1.no\/wp-content\/uploads\/2013\/11\/IMG_1898-300x200.jpg?resize=300%2C200\" width=\"300\" height=\"200\" srcset=\"https:\/\/i0.wp.com\/pequod.nesodd1.no\/wp-content\/uploads\/2013\/11\/IMG_1898.jpg?resize=300%2C200&amp;ssl=1 300w, https:\/\/i0.wp.com\/pequod.nesodd1.no\/wp-content\/uploads\/2013\/11\/IMG_1898.jpg?w=800&amp;ssl=1 800w\" sizes=\"auto, (max-width: 300px) 100vw, 300px\" \/><\/a><figcaption id=\"caption-attachment-1161\" class=\"wp-caption-text\">Rotete,men koselig&#8230;<\/figcaption><\/figure>\n<p>Foranledningen til dette er lekkasjen jeg oppdaget i forrige uke. Senere i dag skal jeg ned i b\u00e5ten (med h\u00e5p om en tur!) for \u00e5 pr\u00f8ve \u00e5 f\u00e5 tettet lekkasjen. Jeg h\u00e5per at jeg lykkes og at jeg dermed kan f\u00e5 varmet opp en tett b\u00e5t og forh\u00e5pentligvis slipper den voldsomme oppussingen som jeg s\u00e5 for meg i forrige uke &#8211; \u00e5 rive ned all skrogbekledning og legge p\u00e5 nytt &#8211; for hvis jeg f\u00e5r tettet lekkasjen raskt og f\u00e5r vekk fukten s\u00e5 kan det hende at jeg slipper det. Jeg vil uansett gj\u00f8re det ved en senere anledning, fordi jeg blant annet \u00f8nsker \u00e5 isolere b\u00e5ten &#8211; men mye av det som da skal gj\u00f8res er det mest hensiktsmessig \u00e5 gj\u00f8re mens b\u00e5ten er p\u00e5 land &#8211; ikke mens den ligger p\u00e5 vannet.<\/p>\n<p>Men etter at jeg hadde begynt \u00e5 tenke p\u00e5 dette med ny skrogbekledning og oppussing i den forbindelse, begynte jeg ogs\u00e5 \u00e5 tenke litt p\u00e5 hvordan sofaer og puter og stoler skal se ut. Jeg har jo tidligere sl\u00e5tt fast at jeg vil ha endringer p\u00e5 disse, i kabinen fordi jeg hater ruter og rutem\u00f8nstre, og ute i cockpiten (f\u00f8rerstoler) og akter (sofa) fordi jeg ikke liker fargen p\u00e5 trekkene i det hele tatt. Men alt er i veldig bra stand, s\u00e5 det har derfor ikke v\u00e6rt prioritert \u00e5 gj\u00f8re noe med.<\/p>\n<p><a href=\"https:\/\/i0.wp.com\/pequod.nesodd1.no\/wp-content\/uploads\/2014\/01\/IMG_22641.jpg\"><img data-recalc-dims=\"1\" loading=\"lazy\" decoding=\"async\" data-attachment-id=\"1752\" data-permalink=\"https:\/\/pequod.nesodd1.no\/?attachment_id=1752\" data-orig-file=\"https:\/\/i0.wp.com\/pequod.nesodd1.no\/wp-content\/uploads\/2014\/01\/IMG_22641-e1413708006415.jpg?fit=800%2C598&amp;ssl=1\" data-orig-size=\"800,598\" data-comments-opened=\"1\" data-image-meta=\"{&quot;aperture&quot;:&quot;2.8&quot;,&quot;credit&quot;:&quot;&quot;,&quot;camera&quot;:&quot;iPhone 4&quot;,&quot;caption&quot;:&quot;&quot;,&quot;created_timestamp&quot;:&quot;1389461470&quot;,&quot;copyright&quot;:&quot;&quot;,&quot;focal_length&quot;:&quot;3.85&quot;,&quot;iso&quot;:&quot;400&quot;,&quot;shutter_speed&quot;:&quot;0.0666666666667&quot;,&quot;title&quot;:&quot;&quot;}\" data-image-title=\"IMG_2264[1]\" data-image-description=\"\" data-image-caption=\"\" data-large-file=\"https:\/\/i0.wp.com\/pequod.nesodd1.no\/wp-content\/uploads\/2014\/01\/IMG_22641-e1413708006415.jpg?fit=940%2C701&amp;ssl=1\" class=\"alignright size-medium wp-image-1752\" alt=\"IMG_2264[1]\" src=\"https:\/\/i0.wp.com\/pequod.nesodd1.no\/wp-content\/uploads\/2014\/01\/IMG_22641-300x224.jpg?resize=300%2C224\" width=\"300\" height=\"224\" \/><\/a>Men s\u00e5 har alts\u00e5 tankene begynt \u00e5 spinne rundt dette, og jeg har begynt \u00e5 tenke mer p\u00e5 farger, m\u00f8nstre og kombinasjoner, og jeg har begynt \u00e5 n\u00e6rme meg det jeg \u00f8nsker. N\u00e5r det gjelder trekket p\u00e5 utem\u00f8blene har jeg bestemt meg for hovedfargen. Jeg har ogs\u00e5 en klar id\u00e9 om hvordan trekket skal syes og har et konkret forslag om m\u00f8nster. Dette vil jeg ikke r\u00f8pe for dere, det skal v\u00e6re en overraskelse, men jeg kan si s\u00e5 mye at dette vil bli 100% originalt og skreddersydd! Det er en tanke om gjenbruk involvert her ogs\u00e5, men det er ikke sikkert at det er \u00e5 anbefale p\u00e5 grunn av alderen p\u00e5 det eksisterende stoffet.<\/p>\n<p>Nettopp derfor har jeg tatt kontakt med en anbefalt m\u00f8beltapetserer her p\u00e5 Nesodden &#8211; som attp\u00e5til er b\u00e5telsker selv &#8211; og var innom henne i g\u00e5r l\u00f8rdag for \u00e5 diskutere ideen min og se p\u00e5 pr\u00f8ver p\u00e5 stoff og trekk. Ideen min falt i god jord og vi skal drodle og tenke videre og finne ut av hvordan det skal gj\u00f8res. Og OM det kan gj\u00f8res!<\/p>\n<p>N\u00e5r det gjelder trekkene inne i kabinen er jeg mer \u00e5pen for forslag, og fikk derfor med hjem et par hefter med stoffpr\u00f8ver. Jeg skal la ungene se p\u00e5 disse sammen med meg, s\u00e5 skal de <a href=\"https:\/\/i0.wp.com\/pequod.nesodd1.no\/wp-content\/uploads\/2013\/10\/IMG_1329.jpg\"><img data-recalc-dims=\"1\" loading=\"lazy\" decoding=\"async\" data-attachment-id=\"340\" data-permalink=\"https:\/\/pequod.nesodd1.no\/?attachment_id=340\" data-orig-file=\"https:\/\/i0.wp.com\/pequod.nesodd1.no\/wp-content\/uploads\/2013\/10\/IMG_1329-e1413709751855.jpg?fit=800%2C598&amp;ssl=1\" data-orig-size=\"800,598\" data-comments-opened=\"1\" data-image-meta=\"{&quot;aperture&quot;:&quot;2.8&quot;,&quot;credit&quot;:&quot;&quot;,&quot;camera&quot;:&quot;iPhone 4&quot;,&quot;caption&quot;:&quot;&quot;,&quot;created_timestamp&quot;:&quot;1380895214&quot;,&quot;copyright&quot;:&quot;&quot;,&quot;focal_length&quot;:&quot;3.85&quot;,&quot;iso&quot;:&quot;250&quot;,&quot;shutter_speed&quot;:&quot;0.0666666666667&quot;,&quot;title&quot;:&quot;&quot;}\" data-image-title=\"IMG_1329\" data-image-description=\"\" data-image-caption=\"&lt;p&gt;Det blir helt ny sofa i en HELT annen farge. Og nei, det blir ikke hvitt eller bl\u00e5tt&amp;#8230;&lt;\/p&gt;\n\" data-large-file=\"https:\/\/i0.wp.com\/pequod.nesodd1.no\/wp-content\/uploads\/2013\/10\/IMG_1329-e1413709751855.jpg?fit=940%2C701&amp;ssl=1\" class=\"size-medium wp-image-340 alignleft\" alt=\"IMG_1329\" src=\"https:\/\/i0.wp.com\/pequod.nesodd1.no\/wp-content\/uploads\/2013\/10\/IMG_1329-300x224.jpg?resize=300%2C224\" width=\"300\" height=\"224\" \/><\/a>f\u00e5 v\u00e6re med p\u00e5 \u00e5 bestemme. Her blir det ikke noe fancy egendesignet m\u00f8nster, men garantert ikke ruter!<\/p>\n<p>Samtidig med omtrekkingen vil all skumgummi ble skiftet ut. Den er tross alt 40 \u00e5r gammel og gudene vet hvordan tilstanden er med hensyn til blant annet mugg og muggsporer, fuktighet osv. S\u00e5 det blir ny skumgummi ogs\u00e5, spesielt vil dette merkes i kabinen der det helt klart vil bli bedre ligge- og sittekomfort med ny skumgummi i madrassene.<\/p>\n<p>Alt dette skal v\u00e6re klart til senest slutten av april, da vil b\u00e5ten framst\u00e5 som nesten ny &#8211; utrolig hvor mye setetrekk og stoff kan friske opp en b\u00e5t! Da skal ogs\u00e5 oppussingen og lakkingen av treverket p\u00e5 uteplassen v\u00e6re gjennomf\u00f8rt. Gleder meg til \u00e5 se resultatet!<\/p>\n<p>Om et par timer etter at jeg har skrevet dette skal jeg ned i b\u00e5ten, ta noen m\u00e5l av madrasser og puter, og ikke minst pr\u00f8ve \u00e5 finne lekkasjen og stoppe den. N\u00e5r det er gjort vurderer jeg ogs\u00e5 en liten tur med b\u00e5ten&#8230;.<\/p>\n<p>Ha en god s\u00f8ndag!<\/p>\n<p>&nbsp;<\/p>\n<h3>Related Images:<\/h3>","protected":false},"excerpt":{"rendered":"<p>I g\u00e5r var jeg innom en hyggelig m\u00f8beltapetserer her p\u00e5 Nesodden. Jeg har nemlig bestemt meg for \u00e5 gj\u00f8re noe ekstra med b\u00e5ten til v\u00e5ren som jeg egentlig ikke hadde tenkt \u00e5 gj\u00f8re f\u00f8r om et par \u00e5r. Men s\u00e5 har jeg f\u00e5tt en id\u00e9, og har lyst til \u00e5 f\u00e5 gjennomf\u00f8rt dette likevel! Dette &hellip;<br \/><a href=\"https:\/\/pequod.nesodd1.no\/?p=1751\" class=\"more-link pen_element_default pen_icon_arrow_double\">Les<\/a><\/p>\n","protected":false},"author":1,"featured_media":0,"comment_status":"open","ping_status":"open","sticky":false,"template":"","format":"standard","meta":{"_crdt_document":"","ngg_post_thumbnail":0,"jetpack_post_was_ever_published":false,"_jetpack_newsletter_access":"","_jetpack_dont_email_post_to_subs":false,"_jetpack_newsletter_tier_id":0,"_jetpack_memberships_contains_paywalled_content":false,"_jetpack_memberships_contains_paid_content":false,"footnotes":""},"categories":[3,41,42,469,47],"tags":[518,519,520,522,521],"class_list":["post-1751","post","type-post","status-publish","format-standard","hentry","category-blogg","category-innredning","category-oppussing-2","category-reparasjon-2","category-vedlikehold","tag-mobeltapetserer","tag-omtrekking","tag-pimp-my-boat","tag-stoffer","tag-trekk"],"jetpack_featured_media_url":"","jetpack_shortlink":"https:\/\/wp.me\/p3Zd9b-sf","jetpack_sharing_enabled":true,"jetpack_likes_enabled":true,"jetpack-related-posts":[],"_links":{"self":[{"href":"https:\/\/pequod.nesodd1.no\/index.php?rest_route=\/wp\/v2\/posts\/1751","targetHints":{"allow":["GET"]}}],"collection":[{"href":"https:\/\/pequod.nesodd1.no\/index.php?rest_route=\/wp\/v2\/posts"}],"about":[{"href":"https:\/\/pequod.nesodd1.no\/index.php?rest_route=\/wp\/v2\/types\/post"}],"author":[{"embeddable":true,"href":"https:\/\/pequod.nesodd1.no\/index.php?rest_route=\/wp\/v2\/users\/1"}],"replies":[{"embeddable":true,"href":"https:\/\/pequod.nesodd1.no\/index.php?rest_route=%2Fwp%2Fv2%2Fcomments&post=1751"}],"version-history":[{"count":6,"href":"https:\/\/pequod.nesodd1.no\/index.php?rest_route=\/wp\/v2\/posts\/1751\/revisions"}],"predecessor-version":[{"id":1758,"href":"https:\/\/pequod.nesodd1.no\/index.php?rest_route=\/wp\/v2\/posts\/1751\/revisions\/1758"}],"wp:attachment":[{"href":"https:\/\/pequod.nesodd1.no\/index.php?rest_route=%2Fwp%2Fv2%2Fmedia&parent=1751"}],"wp:term":[{"taxonomy":"category","embeddable":true,"href":"https:\/\/pequod.nesodd1.no\/index.php?rest_route=%2Fwp%2Fv2%2Fcategories&post=1751"},{"taxonomy":"post_tag","embeddable":true,"href":"https:\/\/pequod.nesodd1.no\/index.php?rest_route=%2Fwp%2Fv2%2Ftags&post=1751"}],"curies":[{"name":"wp","href":"https:\/\/api.w.org\/{rel}","templated":true}]}}