{"id":19332,"date":"2020-08-07T09:37:37","date_gmt":"2020-08-07T07:37:37","guid":{"rendered":"https:\/\/pequod.nesodd1.no\/?p=19332"},"modified":"2020-08-06T22:52:09","modified_gmt":"2020-08-06T20:52:09","slug":"da-er-batferien-2020-i-gang","status":"publish","type":"post","link":"https:\/\/pequod.nesodd1.no\/?p=19332","title":{"rendered":"Da er b\u00e5tferien 2020 i gang!"},"content":{"rendered":"<p><strong>Tirsdag starter jeg \u00e5rets b\u00e5tferie! De to f\u00f8rste etappene ble noe kortere enn vanlig Tirsdag fordi jeg kom meg avg\u00e5rde over fire timer senere enn beregnet&#8230; S\u00e5 istedenfor \u00e5 havne i \u00c5sg\u00e5rdstrand ble det S\u00e6tre p\u00e5 meg. Onsdag p\u00e5 grunn av v\u00e6ret. Men jeg er i alle fall i gang!<\/strong><!--more--><\/p>\n<p>Jeg hadde opprinnelig tenkt \u00e5 dra avg\u00e5rde i 16-tiden, like etter at jeg var ferdig med dagens arbeids\u00f8kt, men jeg startet ikke f\u00f8r kl. 20.10 &#8211; ikke noen annen grunn enn at jeg er en stor somlekopp &#8211; og da orket jeg ikke tanken p\u00e5 \u00e5 dra s\u00e6rlig lenger enn til S\u00e6tre, som jeg ankom litt f\u00f8r klokka 22 etter \u00e5 ha tatt det ganske med ro i litt rufsete sj\u00f8.<\/p>\n<p>I S\u00e6tre la jeg meg til i en ledig b\u00e5splass hos S\u00e6tre b\u00e5tforening. En av \u00e5rsakene var kulingvarselet som var meldt dagen etter. Jeg ville nemlig heller ligge i en b\u00e5s p\u00e5 det mest skjermede stedet enn \u00e5 ligge langsides ute p\u00e5 den kommunale gjestehavna. Jeg tenkte at jeg ville ligge roligere i en b\u00e5s, selv om S\u00e6tre i utgangspunktet er en ganske s\u00e5 godt beskyttet havn.<\/p>\n<p>Jeg ble da ogs\u00e5 tipset om at en ledig b\u00e5splass der av en b\u00e5tkollega som hadde dratt fra S\u00e6tre til Holmsbu tidligere p\u00e5 dagen. Og ganske riktig, b\u00e5sen var merket med gr\u00f8nt skilt og ledig. Etter min positive erfaring ved mitt forrige bes\u00f8k her for tre uker siden, s\u00e5 er det ikke umulig at jeg leter etter ledige b\u00e5splasser her ogs\u00e5 ved neste bes\u00f8k, selv om det strengt tatt koster meg en 50-lapp mer enn \u00e5 ligge i den kommunale gjestehavna&#8230;Selve marinaen har vel ogs\u00e5 noen f\u00e5 gjesteplasser, men de har jeg aldri brukt, s\u00e5 aner ikke hva de ligger p\u00e5.<\/p>\n<figure id=\"attachment_19363\" aria-describedby=\"caption-attachment-19363\" style=\"width: 640px\" class=\"wp-caption aligncenter\"><a href=\"https:\/\/i0.wp.com\/pequod.nesodd1.no\/wp-content\/uploads\/2020\/08\/FDEC668F-BD2C-418C-9BCB-59837FFE1C83.jpeg.5e94761a0fd8062f36eebbcebed4f0d5.jpeg?ssl=1\"><img data-recalc-dims=\"1\" loading=\"lazy\" decoding=\"async\" data-attachment-id=\"19363\" data-permalink=\"https:\/\/pequod.nesodd1.no\/?attachment_id=19363\" data-orig-file=\"https:\/\/i0.wp.com\/pequod.nesodd1.no\/wp-content\/uploads\/2020\/08\/FDEC668F-BD2C-418C-9BCB-59837FFE1C83.jpeg.5e94761a0fd8062f36eebbcebed4f0d5.jpeg?fit=640%2C480&amp;ssl=1\" data-orig-size=\"640,480\" data-comments-opened=\"1\" data-image-meta=\"{&quot;aperture&quot;:&quot;0&quot;,&quot;credit&quot;:&quot;&quot;,&quot;camera&quot;:&quot;&quot;,&quot;caption&quot;:&quot;&quot;,&quot;created_timestamp&quot;:&quot;0&quot;,&quot;copyright&quot;:&quot;&quot;,&quot;focal_length&quot;:&quot;0&quot;,&quot;iso&quot;:&quot;0&quot;,&quot;shutter_speed&quot;:&quot;0&quot;,&quot;title&quot;:&quot;&quot;,&quot;orientation&quot;:&quot;0&quot;}\" data-image-title=\"FDEC668F-BD2C-418C-9BCB-59837FFE1C83.jpeg.5e94761a0fd8062f36eebbcebed4f0d5\" data-image-description=\"&lt;p&gt;S\u00e6tre, S\u00e6tre b\u00e5tforening&lt;\/p&gt;\n\" data-image-caption=\"\" data-large-file=\"https:\/\/i0.wp.com\/pequod.nesodd1.no\/wp-content\/uploads\/2020\/08\/FDEC668F-BD2C-418C-9BCB-59837FFE1C83.jpeg.5e94761a0fd8062f36eebbcebed4f0d5.jpeg?fit=640%2C480&amp;ssl=1\" class=\"wp-image-19363 size-full\" src=\"https:\/\/i0.wp.com\/pequod.nesodd1.no\/wp-content\/uploads\/2020\/08\/FDEC668F-BD2C-418C-9BCB-59837FFE1C83.jpeg.5e94761a0fd8062f36eebbcebed4f0d5.jpeg?resize=640%2C480&#038;ssl=1\" alt=\"\" width=\"640\" height=\"480\" srcset=\"https:\/\/i0.wp.com\/pequod.nesodd1.no\/wp-content\/uploads\/2020\/08\/FDEC668F-BD2C-418C-9BCB-59837FFE1C83.jpeg.5e94761a0fd8062f36eebbcebed4f0d5.jpeg?w=640&amp;ssl=1 640w, https:\/\/i0.wp.com\/pequod.nesodd1.no\/wp-content\/uploads\/2020\/08\/FDEC668F-BD2C-418C-9BCB-59837FFE1C83.jpeg.5e94761a0fd8062f36eebbcebed4f0d5.jpeg?resize=300%2C225&amp;ssl=1 300w, https:\/\/i0.wp.com\/pequod.nesodd1.no\/wp-content\/uploads\/2020\/08\/FDEC668F-BD2C-418C-9BCB-59837FFE1C83.jpeg.5e94761a0fd8062f36eebbcebed4f0d5.jpeg?resize=100%2C75&amp;ssl=1 100w\" sizes=\"auto, (max-width: 640px) 100vw, 640px\" \/><\/a><figcaption id=\"caption-attachment-19363\" class=\"wp-caption-text\">P\u00e5 plass i S\u00e6tre.<\/figcaption><\/figure>\n<p>Jeg rakk innom Kiwi-butikken f\u00f8r den stengte og t\u00f8rnet inn rundt midnatt &#8211; den f\u00f8rste overnattingen i b\u00e5ten siden siste natt i Moss natt til 2. juli, da jeg avsluttet min fem og en halv uker lange kombinerte ferie &#8211; og jobbreise i b\u00e5ten.<\/p>\n<p>Onsdag morgen gjennomf\u00f8rte jeg siste jobbvakt p\u00e5 over to uker mens det b\u00e5de bl\u00e5ste og regnet mesteparten av dagen. Det vil si, jeg m\u00e5tte avslutte vakta et par timer tidligere enn jeg skulle da jeg ble d\u00e5rlig og m\u00e5tte kaste opp. Skalv endel og var ikke i form. Sjekket blodsukkeret ettersom jeg trodde skjelvingen kanskje kom av for lavt og at det n\u00e6rmet seg f\u00f8ling, men viste seg at det var helt OK.<\/p>\n<p>Det skulle bli noe roligere v\u00e6r utp\u00e5 sen ettermiddag, s\u00e5 planen var \u00e5 komme meg avg\u00e5rde da, og kanskje legge meg til&nbsp; i nettopp \u00c5sg\u00e5rdstrand &#8211; eller lengre s\u00f8rover &#8211; for natten. Etter at jeg ble d\u00e5rlig la jeg meg derfor ned noen timer, og det hjalp faktisk. Kanskje det var noe som jeg hadde spist?<\/p>\n<figure id=\"attachment_19377\" aria-describedby=\"caption-attachment-19377\" style=\"width: 800px\" class=\"wp-caption aligncenter\"><a href=\"https:\/\/i0.wp.com\/pequod.nesodd1.no\/wp-content\/uploads\/2020\/08\/IMG-7603.jpg?ssl=1\"><img data-recalc-dims=\"1\" loading=\"lazy\" decoding=\"async\" data-attachment-id=\"19377\" data-permalink=\"https:\/\/pequod.nesodd1.no\/?attachment_id=19377\" data-orig-file=\"https:\/\/i0.wp.com\/pequod.nesodd1.no\/wp-content\/uploads\/2020\/08\/IMG-7603.jpg?fit=800%2C600&amp;ssl=1\" data-orig-size=\"800,600\" data-comments-opened=\"1\" data-image-meta=\"{&quot;aperture&quot;:&quot;1.8&quot;,&quot;credit&quot;:&quot;&quot;,&quot;camera&quot;:&quot;iPhone 8 Plus&quot;,&quot;caption&quot;:&quot;&quot;,&quot;created_timestamp&quot;:&quot;1596653788&quot;,&quot;copyright&quot;:&quot;&quot;,&quot;focal_length&quot;:&quot;3.99&quot;,&quot;iso&quot;:&quot;20&quot;,&quot;shutter_speed&quot;:&quot;0.0019193857965451&quot;,&quot;title&quot;:&quot;&quot;,&quot;orientation&quot;:&quot;1&quot;}\" data-image-title=\"IMG-7603\" data-image-description=\"&lt;p&gt;S\u00e6tre&lt;\/p&gt;\n\" data-image-caption=\"&lt;p&gt;Gr\u00e5tt og overskyet, men det hadde sluttet \u00e5 regne da jeg dro fra S\u00e6tre.&lt;\/p&gt;\n\" data-large-file=\"https:\/\/i0.wp.com\/pequod.nesodd1.no\/wp-content\/uploads\/2020\/08\/IMG-7603.jpg?fit=800%2C600&amp;ssl=1\" class=\"size-full wp-image-19377\" src=\"https:\/\/i0.wp.com\/pequod.nesodd1.no\/wp-content\/uploads\/2020\/08\/IMG-7603.jpg?resize=800%2C600&#038;ssl=1\" alt=\"\" width=\"800\" height=\"600\" srcset=\"https:\/\/i0.wp.com\/pequod.nesodd1.no\/wp-content\/uploads\/2020\/08\/IMG-7603.jpg?w=800&amp;ssl=1 800w, https:\/\/i0.wp.com\/pequod.nesodd1.no\/wp-content\/uploads\/2020\/08\/IMG-7603.jpg?resize=300%2C225&amp;ssl=1 300w, https:\/\/i0.wp.com\/pequod.nesodd1.no\/wp-content\/uploads\/2020\/08\/IMG-7603.jpg?resize=100%2C75&amp;ssl=1 100w, https:\/\/i0.wp.com\/pequod.nesodd1.no\/wp-content\/uploads\/2020\/08\/IMG-7603.jpg?resize=768%2C576&amp;ssl=1 768w\" sizes=\"auto, (max-width: 800px) 100vw, 800px\" \/><\/a><figcaption id=\"caption-attachment-19377\" class=\"wp-caption-text\">Gr\u00e5tt og overskyet, men det hadde sluttet \u00e5 regne da jeg dro fra S\u00e6tre.<\/figcaption><\/figure>\n<p>Etter \u00e5 ha veid litt for og imot dro jeg videre litt f\u00f8r Dagsrevy-tid, og fullf\u00f8rte planen om \u00e5 komme meg til \u00c5sg\u00e5rdstrand. F\u00f8lte at jeg fremdeles ikke var i helt god form, s\u00e5 jeg tenkte at en slik relativ kort etappe var grei. Regnet med endel sj\u00f8, for selv om kulingen fra formiddagen var over, s\u00e5 ligger det gjerne igjen litt gammel sj\u00f8, men denne gangen gikk det helt greit. Og regnet ga seg jo etter hvert ogs\u00e5!<\/p>\n<p>Selve turen over fra S\u00e6tre gikk prikkfritt, det bl\u00e5ste noe i Dr\u00f8baksundet og n\u00e5r jeg dro over, men ikke veldig mye. Gasset dog litt p\u00e5 fra Tofte til Horten for \u00e5 ta b\u00f8lgene litt lettere.<\/p>\n<figure id=\"attachment_19378\" aria-describedby=\"caption-attachment-19378\" style=\"width: 800px\" class=\"wp-caption aligncenter\"><a href=\"https:\/\/i0.wp.com\/pequod.nesodd1.no\/wp-content\/uploads\/2020\/08\/IMG-7606.jpg?ssl=1\"><img data-recalc-dims=\"1\" loading=\"lazy\" decoding=\"async\" data-attachment-id=\"19378\" data-permalink=\"https:\/\/pequod.nesodd1.no\/?attachment_id=19378\" data-orig-file=\"https:\/\/i0.wp.com\/pequod.nesodd1.no\/wp-content\/uploads\/2020\/08\/IMG-7606.jpg?fit=800%2C600&amp;ssl=1\" data-orig-size=\"800,600\" data-comments-opened=\"1\" data-image-meta=\"{&quot;aperture&quot;:&quot;1.8&quot;,&quot;credit&quot;:&quot;&quot;,&quot;camera&quot;:&quot;iPhone 8 Plus&quot;,&quot;caption&quot;:&quot;&quot;,&quot;created_timestamp&quot;:&quot;1596657369&quot;,&quot;copyright&quot;:&quot;&quot;,&quot;focal_length&quot;:&quot;3.99&quot;,&quot;iso&quot;:&quot;50&quot;,&quot;shutter_speed&quot;:&quot;0.0083333333333333&quot;,&quot;title&quot;:&quot;&quot;,&quot;orientation&quot;:&quot;1&quot;}\" data-image-title=\"IMG-7606\" data-image-description=\"&lt;p&gt;Filvet, Villa Malle&lt;\/p&gt;\n\" data-image-caption=\"&lt;p&gt;Passerer Villa Malla&lt;\/p&gt;\n\" data-large-file=\"https:\/\/i0.wp.com\/pequod.nesodd1.no\/wp-content\/uploads\/2020\/08\/IMG-7606.jpg?fit=800%2C600&amp;ssl=1\" class=\"size-full wp-image-19378\" src=\"https:\/\/i0.wp.com\/pequod.nesodd1.no\/wp-content\/uploads\/2020\/08\/IMG-7606.jpg?resize=800%2C600&#038;ssl=1\" alt=\"\" width=\"800\" height=\"600\" srcset=\"https:\/\/i0.wp.com\/pequod.nesodd1.no\/wp-content\/uploads\/2020\/08\/IMG-7606.jpg?w=800&amp;ssl=1 800w, https:\/\/i0.wp.com\/pequod.nesodd1.no\/wp-content\/uploads\/2020\/08\/IMG-7606.jpg?resize=300%2C225&amp;ssl=1 300w, https:\/\/i0.wp.com\/pequod.nesodd1.no\/wp-content\/uploads\/2020\/08\/IMG-7606.jpg?resize=100%2C75&amp;ssl=1 100w, https:\/\/i0.wp.com\/pequod.nesodd1.no\/wp-content\/uploads\/2020\/08\/IMG-7606.jpg?resize=768%2C576&amp;ssl=1 768w\" sizes=\"auto, (max-width: 800px) 100vw, 800px\" \/><\/a><figcaption id=\"caption-attachment-19378\" class=\"wp-caption-text\">Passerer Villa Malla<\/figcaption><\/figure>\n<p>Denne gangen la jeg meg ikke til i den kommunale gjestehavna, men i havna til seilforeningen, som ligger rett nord for den kommunale. Da benyttet jeg for f\u00f8rste gang appen Mooringo, som er en app der du kan sjekke en rekke b\u00e5tforeninger og om de har ledig plass. De fleste b\u00e5tforeninger har jo noen plasser til gjestende b\u00e5ter og i tillegg er det mane som ogs\u00e5 har det systemet som b\u00e5tforeningen i S\u00e6tre har, med r\u00f8de og gr\u00f8nne skilt.<\/p>\n<p>Etter at jeg hadde lagt meg til i S\u00e6tre lastet jeg ned appen, og der fant jeg jo ut at S\u00e6tre b\u00e5tforening var registrert i appen, men ikke med oppdaterte opplysninger om hvor det var ledig plass. Det er det nemlig mulig \u00e5 gj\u00f8re i denne appen og det synes jeg er en veldig bra funksjon &#8211; men det fordreer ogs\u00e5 at de forskjellige b\u00e5tforeningene faktisk oppdaterer sin info i appen, noe jeg raskt s\u00e5 ikke er tilfelle &#8211; flere enn S\u00e6tre som ikke har oppdatert, for \u00e5 si det slik.<\/p>\n<figure id=\"attachment_19379\" aria-describedby=\"caption-attachment-19379\" style=\"width: 800px\" class=\"wp-caption aligncenter\"><a href=\"https:\/\/i0.wp.com\/pequod.nesodd1.no\/wp-content\/uploads\/2020\/08\/IMG-7610.jpg?ssl=1\"><img data-recalc-dims=\"1\" loading=\"lazy\" decoding=\"async\" data-attachment-id=\"19379\" data-permalink=\"https:\/\/pequod.nesodd1.no\/?attachment_id=19379\" data-orig-file=\"https:\/\/i0.wp.com\/pequod.nesodd1.no\/wp-content\/uploads\/2020\/08\/IMG-7610.jpg?fit=800%2C600&amp;ssl=1\" data-orig-size=\"800,600\" data-comments-opened=\"1\" data-image-meta=\"{&quot;aperture&quot;:&quot;1.8&quot;,&quot;credit&quot;:&quot;&quot;,&quot;camera&quot;:&quot;iPhone 8 Plus&quot;,&quot;caption&quot;:&quot;&quot;,&quot;created_timestamp&quot;:&quot;1596660136&quot;,&quot;copyright&quot;:&quot;&quot;,&quot;focal_length&quot;:&quot;3.99&quot;,&quot;iso&quot;:&quot;20&quot;,&quot;shutter_speed&quot;:&quot;0.0062111801242236&quot;,&quot;title&quot;:&quot;&quot;,&quot;orientation&quot;:&quot;1&quot;}\" data-image-title=\"IMG-7610\" data-image-description=\"&lt;p&gt;Breiangen&lt;\/p&gt;\n\" data-image-caption=\"&lt;p&gt;Sola viste seg over Sande da jeg var p\u00e5 vei over til Horten. Tatt fra innsioden, men syntes det ble en kul effekt&amp;#8230;&lt;\/p&gt;\n\" data-large-file=\"https:\/\/i0.wp.com\/pequod.nesodd1.no\/wp-content\/uploads\/2020\/08\/IMG-7610.jpg?fit=800%2C600&amp;ssl=1\" class=\"size-full wp-image-19379\" src=\"https:\/\/i0.wp.com\/pequod.nesodd1.no\/wp-content\/uploads\/2020\/08\/IMG-7610.jpg?resize=800%2C600&#038;ssl=1\" alt=\"\" width=\"800\" height=\"600\" srcset=\"https:\/\/i0.wp.com\/pequod.nesodd1.no\/wp-content\/uploads\/2020\/08\/IMG-7610.jpg?w=800&amp;ssl=1 800w, https:\/\/i0.wp.com\/pequod.nesodd1.no\/wp-content\/uploads\/2020\/08\/IMG-7610.jpg?resize=300%2C225&amp;ssl=1 300w, https:\/\/i0.wp.com\/pequod.nesodd1.no\/wp-content\/uploads\/2020\/08\/IMG-7610.jpg?resize=100%2C75&amp;ssl=1 100w, https:\/\/i0.wp.com\/pequod.nesodd1.no\/wp-content\/uploads\/2020\/08\/IMG-7610.jpg?resize=768%2C576&amp;ssl=1 768w\" sizes=\"auto, (max-width: 800px) 100vw, 800px\" \/><\/a><figcaption id=\"caption-attachment-19379\" class=\"wp-caption-text\">Sola viste seg over Sande da jeg var p\u00e5 vei over til Horten. Tatt fra innsioden, men syntes det ble en kul effekt&#8230;<\/figcaption><\/figure>\n<p>Jeg har jo h\u00f8rt om Mooringo f\u00f8r, men aldri sjekket appen. Det jeg fant ut er at man faktisk kan zoome inn p\u00e5 et kart for \u00e5 se havna og der vil man kunne seg hvilke gjesteplasser som er opptatt og hvilke som er ledige. Hvis dette fungerer slik det skal, s\u00e5 kommer jeg til \u00e5 bruke denne appen mye framover!<\/p>\n<figure id=\"attachment_19380\" aria-describedby=\"caption-attachment-19380\" style=\"width: 300px\" class=\"wp-caption alignright\"><a href=\"https:\/\/i0.wp.com\/pequod.nesodd1.no\/wp-content\/uploads\/2020\/08\/IMG-7612.jpg?ssl=1\"><img data-recalc-dims=\"1\" loading=\"lazy\" decoding=\"async\" data-attachment-id=\"19380\" data-permalink=\"https:\/\/pequod.nesodd1.no\/?attachment_id=19380\" data-orig-file=\"https:\/\/i0.wp.com\/pequod.nesodd1.no\/wp-content\/uploads\/2020\/08\/IMG-7612.jpg?fit=600%2C588&amp;ssl=1\" data-orig-size=\"600,588\" data-comments-opened=\"1\" data-image-meta=\"{&quot;aperture&quot;:&quot;0&quot;,&quot;credit&quot;:&quot;&quot;,&quot;camera&quot;:&quot;&quot;,&quot;caption&quot;:&quot;&quot;,&quot;created_timestamp&quot;:&quot;0&quot;,&quot;copyright&quot;:&quot;&quot;,&quot;focal_length&quot;:&quot;0&quot;,&quot;iso&quot;:&quot;0&quot;,&quot;shutter_speed&quot;:&quot;0&quot;,&quot;title&quot;:&quot;&quot;,&quot;orientation&quot;:&quot;1&quot;}\" data-image-title=\"IMG-7612\" data-image-description=\"&lt;p&gt;Mooringo, app, kart, \u00c5sg\u00e5rdstrand Seilforening&lt;\/p&gt;\n\" data-image-caption=\"&lt;p&gt;Slik ser det ut i Mooringo. Gr\u00f8nt er ledige b\u00e5ser. Den r\u00f8de med litt bl\u00e5tt rundt er der jeg l\u00e5.&lt;\/p&gt;\n\" data-large-file=\"https:\/\/i0.wp.com\/pequod.nesodd1.no\/wp-content\/uploads\/2020\/08\/IMG-7612.jpg?fit=600%2C588&amp;ssl=1\" class=\"size-medium wp-image-19380\" src=\"https:\/\/i0.wp.com\/pequod.nesodd1.no\/wp-content\/uploads\/2020\/08\/IMG-7612.jpg?resize=300%2C294&#038;ssl=1\" alt=\"\" width=\"300\" height=\"294\" srcset=\"https:\/\/i0.wp.com\/pequod.nesodd1.no\/wp-content\/uploads\/2020\/08\/IMG-7612.jpg?resize=300%2C294&amp;ssl=1 300w, https:\/\/i0.wp.com\/pequod.nesodd1.no\/wp-content\/uploads\/2020\/08\/IMG-7612.jpg?resize=82%2C80&amp;ssl=1 82w, https:\/\/i0.wp.com\/pequod.nesodd1.no\/wp-content\/uploads\/2020\/08\/IMG-7612.jpg?w=600&amp;ssl=1 600w\" sizes=\"auto, (max-width: 300px) 100vw, 300px\" \/><\/a><figcaption id=\"caption-attachment-19380\" class=\"wp-caption-text\">Slik ser det ut i Mooringo. Gr\u00f8nt er ledige b\u00e5ser. Den r\u00f8de med litt bl\u00e5tt rundt er der jeg l\u00e5.<\/figcaption><\/figure>\n<p>Det fungerte i alle fall for \u00c5sg\u00e5rdstrand seilforening, som hadde oppdatert informasjon i appen og som hadde 13 ledige plasser i tillegg til det som er en egen gjestebrygge (men der s\u00e5 det ganske fullt ut p\u00e5 webkameraet deres). Man kan ogs\u00e5 forh\u00e5ndsbetale og booke plassen i appen, men jeg vet ikke om det fungerer slik at plassen da faktisk blir markert opptatt eller om man risikerer \u00e5 komme dit og finne at noen andre har tatt den.<\/p>\n<p>S\u00e5 jeg betalte ikke plassen f\u00f8r jeg var framme, for \u00e5 v\u00e6re p\u00e5 den sikre siden. Og siden det var s\u00e5 mange plasser ledige tenkte jeg uansett at det ikke var n\u00f8dvendig. Samtidig hadde jeg jo en tanke i bakhodet der jeg ikke utelukket \u00e5 dra enda lengre hvis jeg orket. Men det ble alts\u00e5 stopp der.<\/p>\n<p>Mooringa viste seg \u00e5 fungere utmerket, de plassene som i appen var merket gr\u00f8nne, var ledife. Alt stemte p\u00e5 en prikk. Betalingen skjedde ogs\u00e5 via appen. En melding dukket opp i selv e appen med beskjed om hva som var koden til serviceanlegget og alt fungerte greit. Bortsett fra at da jeg skulle koble til str\u00f8m, s\u00e5 skar det seg, alle str\u00f8mstolpene var opptatt! B\u00e5de den n\u00e6rmeste og den neste (som jeg kanskje hadde klart \u00e5 n\u00e5 hvis jeg skj\u00f8tet p\u00e5 landstr\u00f8mkabelen (har to stykker) var opptatte.&nbsp;<\/p>\n<p>Dermed ble det ikke str\u00f8m p\u00e5 meg. Men det var ingen katastrofe, alt om bord var toppladet, ogs\u00e5 PC og mobil &#8211; s\u00e5 jeg hadde egentlig ikke noe stort eller prek\u00e6rt behov for \u00e5 lade. Men m\u00e5 nok koke kaffevann p\u00e5 gassbluss i morgen tidlig&#8230;<\/p>\n<p>Sett i lys av dette synes jeg at det var en litt stiv pris \u00e5 betale n\u00e5r jeg ikke fikk str\u00f8mtilgang. Prisen var i utgangspunktet 230 kroner, og s\u00e5 skulle tydeligvis Mooringo ha et gebyr p\u00e5 23 kroner, s\u00e5 jeg betalte 253 kroner totalt &#8211; tre kroner mer enn i den kommunale gjestehavna. Greit nok, men ingen str\u00f8m alts\u00e5. Jeg kommer sikkert til \u00e5 pr\u00f8ve meg igjen her &#8211; spesielt hvis den andre havna er full &#8211; men da skal batteriene v\u00e6re toppladet. Jeg l\u00e5 ganske rolig i den b\u00e5sen jeg fant, mye roligere enn da jeg sist gang l\u00e5 i gjestehavna ved siden av, den kan fort f\u00e5 en god del svell.<\/p>\n<p><a href=\"https:\/\/i0.wp.com\/pequod.nesodd1.no\/wp-content\/uploads\/2020\/08\/IMG-7613.jpg?ssl=1\"><img data-recalc-dims=\"1\" loading=\"lazy\" decoding=\"async\" data-attachment-id=\"19381\" data-permalink=\"https:\/\/pequod.nesodd1.no\/?attachment_id=19381\" data-orig-file=\"https:\/\/i0.wp.com\/pequod.nesodd1.no\/wp-content\/uploads\/2020\/08\/IMG-7613.jpg?fit=800%2C600&amp;ssl=1\" data-orig-size=\"800,600\" data-comments-opened=\"1\" data-image-meta=\"{&quot;aperture&quot;:&quot;1.8&quot;,&quot;credit&quot;:&quot;&quot;,&quot;camera&quot;:&quot;iPhone 8 Plus&quot;,&quot;caption&quot;:&quot;&quot;,&quot;created_timestamp&quot;:&quot;1596664565&quot;,&quot;copyright&quot;:&quot;&quot;,&quot;focal_length&quot;:&quot;3.99&quot;,&quot;iso&quot;:&quot;100&quot;,&quot;shutter_speed&quot;:&quot;0.076923076923077&quot;,&quot;title&quot;:&quot;&quot;,&quot;orientation&quot;:&quot;1&quot;}\" data-image-title=\"IMG-7613\" data-image-description=\"&lt;p&gt;\u00c5sg\u00e5rdstrand, \u00c5sg\u00e5rdstrand Seilforening&lt;\/p&gt;\n\" data-image-caption=\"\" data-large-file=\"https:\/\/i0.wp.com\/pequod.nesodd1.no\/wp-content\/uploads\/2020\/08\/IMG-7613.jpg?fit=800%2C600&amp;ssl=1\" class=\"aligncenter size-full wp-image-19381\" src=\"https:\/\/i0.wp.com\/pequod.nesodd1.no\/wp-content\/uploads\/2020\/08\/IMG-7613.jpg?resize=800%2C600&#038;ssl=1\" alt=\"\" width=\"800\" height=\"600\" srcset=\"https:\/\/i0.wp.com\/pequod.nesodd1.no\/wp-content\/uploads\/2020\/08\/IMG-7613.jpg?w=800&amp;ssl=1 800w, https:\/\/i0.wp.com\/pequod.nesodd1.no\/wp-content\/uploads\/2020\/08\/IMG-7613.jpg?resize=300%2C225&amp;ssl=1 300w, https:\/\/i0.wp.com\/pequod.nesodd1.no\/wp-content\/uploads\/2020\/08\/IMG-7613.jpg?resize=100%2C75&amp;ssl=1 100w, https:\/\/i0.wp.com\/pequod.nesodd1.no\/wp-content\/uploads\/2020\/08\/IMG-7613.jpg?resize=768%2C576&amp;ssl=1 768w\" sizes=\"auto, (max-width: 800px) 100vw, 800px\" \/><\/a><\/p>\n<p>Torsdag stakk jeg en tur p\u00e5 butikken og handlet inn litt proviant f\u00f8r jeg spiste frokost og dro avg\u00e5rde s\u00e5pass tidlig (til meg \u00e5 v\u00e6re) som klokka 10.35! Da jeg sjekket de forskjellig v\u00e6rappene ble jeg som vanlig ganske forvirret. Yr meldte at det skulle bl\u00e5se opp til 10 m\/s i det farvannet jeg skulle gjennom, mens andre meldte alt fra 4-5 til 6-7 m\/s.<\/p>\n<p><a href=\"https:\/\/i0.wp.com\/pequod.nesodd1.no\/wp-content\/uploads\/2020\/08\/IMG-7623.jpg?ssl=1\"><img data-recalc-dims=\"1\" loading=\"lazy\" decoding=\"async\" data-attachment-id=\"19398\" data-permalink=\"https:\/\/pequod.nesodd1.no\/?attachment_id=19398\" data-orig-file=\"https:\/\/i0.wp.com\/pequod.nesodd1.no\/wp-content\/uploads\/2020\/08\/IMG-7623.jpg?fit=800%2C600&amp;ssl=1\" data-orig-size=\"800,600\" data-comments-opened=\"1\" data-image-meta=\"{&quot;aperture&quot;:&quot;1.8&quot;,&quot;credit&quot;:&quot;&quot;,&quot;camera&quot;:&quot;iPhone 8 Plus&quot;,&quot;caption&quot;:&quot;&quot;,&quot;created_timestamp&quot;:&quot;1596705076&quot;,&quot;copyright&quot;:&quot;&quot;,&quot;focal_length&quot;:&quot;3.99&quot;,&quot;iso&quot;:&quot;20&quot;,&quot;shutter_speed&quot;:&quot;0.0014598540145985&quot;,&quot;title&quot;:&quot;&quot;,&quot;orientation&quot;:&quot;1&quot;}\" data-image-title=\"IMG-7623\" data-image-description=\"&lt;p&gt;\u00c5sg\u00e5rdstrand&lt;\/p&gt;\n\" data-image-caption=\"\" data-large-file=\"https:\/\/i0.wp.com\/pequod.nesodd1.no\/wp-content\/uploads\/2020\/08\/IMG-7623.jpg?fit=800%2C600&amp;ssl=1\" class=\"aligncenter size-full wp-image-19398\" src=\"https:\/\/i0.wp.com\/pequod.nesodd1.no\/wp-content\/uploads\/2020\/08\/IMG-7623.jpg?resize=800%2C600&#038;ssl=1\" alt=\"\" width=\"800\" height=\"600\" srcset=\"https:\/\/i0.wp.com\/pequod.nesodd1.no\/wp-content\/uploads\/2020\/08\/IMG-7623.jpg?w=800&amp;ssl=1 800w, https:\/\/i0.wp.com\/pequod.nesodd1.no\/wp-content\/uploads\/2020\/08\/IMG-7623.jpg?resize=300%2C225&amp;ssl=1 300w, https:\/\/i0.wp.com\/pequod.nesodd1.no\/wp-content\/uploads\/2020\/08\/IMG-7623.jpg?resize=100%2C75&amp;ssl=1 100w, https:\/\/i0.wp.com\/pequod.nesodd1.no\/wp-content\/uploads\/2020\/08\/IMG-7623.jpg?resize=768%2C576&amp;ssl=1 768w\" sizes=\"auto, (max-width: 800px) 100vw, 800px\" \/><\/a><\/p>\n<p>S\u00e5 jeg tenkte at det var like greit \u00e5 komme i gang f\u00f8r det skulle bl\u00e5se opp, finne meg en havn og enten overnatte der eller ligge der til det skulle begynne \u00e5 dabbe av igjen i 18-19-tiden. F\u00f8rst tenkte jeg at jeg bare skulle dra til \u00d8stre Bol\u00e6rne, eller pr\u00f8ve Krukehavn eller Havna Hotel p\u00e5 Tj\u00f8me.<\/p>\n<p><a href=\"https:\/\/i0.wp.com\/pequod.nesodd1.no\/wp-content\/uploads\/2020\/08\/IMG-7628.jpg?ssl=1\"><img data-recalc-dims=\"1\" loading=\"lazy\" decoding=\"async\" data-attachment-id=\"19397\" data-permalink=\"https:\/\/pequod.nesodd1.no\/?attachment_id=19397\" data-orig-file=\"https:\/\/i0.wp.com\/pequod.nesodd1.no\/wp-content\/uploads\/2020\/08\/IMG-7628.jpg?fit=800%2C600&amp;ssl=1\" data-orig-size=\"800,600\" data-comments-opened=\"1\" data-image-meta=\"{&quot;aperture&quot;:&quot;2.8&quot;,&quot;credit&quot;:&quot;&quot;,&quot;camera&quot;:&quot;iPhone 8 Plus&quot;,&quot;caption&quot;:&quot;&quot;,&quot;created_timestamp&quot;:&quot;1596705154&quot;,&quot;copyright&quot;:&quot;&quot;,&quot;focal_length&quot;:&quot;6.6&quot;,&quot;iso&quot;:&quot;20&quot;,&quot;shutter_speed&quot;:&quot;0.0040650406504065&quot;,&quot;title&quot;:&quot;&quot;,&quot;orientation&quot;:&quot;1&quot;}\" data-image-title=\"IMG-7628\" data-image-description=\"&lt;p&gt;\u00c5sg\u00e5rdstrand&lt;\/p&gt;\n\" data-image-caption=\"\" data-large-file=\"https:\/\/i0.wp.com\/pequod.nesodd1.no\/wp-content\/uploads\/2020\/08\/IMG-7628.jpg?fit=800%2C600&amp;ssl=1\" class=\"aligncenter size-full wp-image-19397\" src=\"https:\/\/i0.wp.com\/pequod.nesodd1.no\/wp-content\/uploads\/2020\/08\/IMG-7628.jpg?resize=800%2C600&#038;ssl=1\" alt=\"\" width=\"800\" height=\"600\" srcset=\"https:\/\/i0.wp.com\/pequod.nesodd1.no\/wp-content\/uploads\/2020\/08\/IMG-7628.jpg?w=800&amp;ssl=1 800w, https:\/\/i0.wp.com\/pequod.nesodd1.no\/wp-content\/uploads\/2020\/08\/IMG-7628.jpg?resize=300%2C225&amp;ssl=1 300w, https:\/\/i0.wp.com\/pequod.nesodd1.no\/wp-content\/uploads\/2020\/08\/IMG-7628.jpg?resize=100%2C75&amp;ssl=1 100w, https:\/\/i0.wp.com\/pequod.nesodd1.no\/wp-content\/uploads\/2020\/08\/IMG-7628.jpg?resize=768%2C576&amp;ssl=1 768w\" sizes=\"auto, (max-width: 800px) 100vw, 800px\" \/><\/a><\/p>\n<p>Men da jeg kom meg ut fra \u00c5sg\u00e5rdstrand visste det seg at det var mye mindre vind og b\u00f8lger enn det jeg hadde ventet, s\u00e5 jeg skrotet etterhvert alle de tre alternativene, og kj\u00f8rte inn i T\u00f8nsbergfjorden via Kj\u00f8pmannskj\u00e6r for \u00e5 komme i le hvis det skulle bl\u00e5se opp likevel. Men da jjeg kom til T\u00f8nsberg T\u00f8nne var det s\u00e5pass levelig v\u00e6r at jeg bestemte meg for \u00e5 fortsette. Jeg tr\u00f8kket litt p\u00e5 for \u00e5 komme raskt over fjordstykket utenfor Sandefjord og lurte p\u00e5 om jeg skulle dra inn til Ula for natten &#8211; har h\u00f8rt endel positive ting om det stedet, men jeg bestemte meg for \u00e5 fortsette.<\/p>\n<p><a href=\"https:\/\/i0.wp.com\/pequod.nesodd1.no\/wp-content\/uploads\/2020\/08\/IMG-7657.jpg?ssl=1\"><img data-recalc-dims=\"1\" loading=\"lazy\" decoding=\"async\" data-attachment-id=\"19396\" data-permalink=\"https:\/\/pequod.nesodd1.no\/?attachment_id=19396\" data-orig-file=\"https:\/\/i0.wp.com\/pequod.nesodd1.no\/wp-content\/uploads\/2020\/08\/IMG-7657.jpg?fit=800%2C450&amp;ssl=1\" data-orig-size=\"800,450\" data-comments-opened=\"1\" data-image-meta=\"{&quot;aperture&quot;:&quot;1.8&quot;,&quot;credit&quot;:&quot;&quot;,&quot;camera&quot;:&quot;iPhone 8 Plus&quot;,&quot;caption&quot;:&quot;&quot;,&quot;created_timestamp&quot;:&quot;1596719519&quot;,&quot;copyright&quot;:&quot;&quot;,&quot;focal_length&quot;:&quot;3.99&quot;,&quot;iso&quot;:&quot;25&quot;,&quot;shutter_speed&quot;:&quot;0.00014499057561259&quot;,&quot;title&quot;:&quot;&quot;,&quot;orientation&quot;:&quot;1&quot;}\" data-image-title=\"IMG-7657\" data-image-description=\"&lt;p&gt;T\u00f8nsbergfjorden, T\u00f8nsberg T\u00f8nne&lt;\/p&gt;\n\" data-image-caption=\"\" data-large-file=\"https:\/\/i0.wp.com\/pequod.nesodd1.no\/wp-content\/uploads\/2020\/08\/IMG-7657.jpg?fit=800%2C450&amp;ssl=1\" class=\"aligncenter size-full wp-image-19396\" src=\"https:\/\/i0.wp.com\/pequod.nesodd1.no\/wp-content\/uploads\/2020\/08\/IMG-7657.jpg?resize=800%2C450&#038;ssl=1\" alt=\"\" width=\"800\" height=\"450\" srcset=\"https:\/\/i0.wp.com\/pequod.nesodd1.no\/wp-content\/uploads\/2020\/08\/IMG-7657.jpg?w=800&amp;ssl=1 800w, https:\/\/i0.wp.com\/pequod.nesodd1.no\/wp-content\/uploads\/2020\/08\/IMG-7657.jpg?resize=300%2C169&amp;ssl=1 300w, https:\/\/i0.wp.com\/pequod.nesodd1.no\/wp-content\/uploads\/2020\/08\/IMG-7657.jpg?resize=100%2C56&amp;ssl=1 100w, https:\/\/i0.wp.com\/pequod.nesodd1.no\/wp-content\/uploads\/2020\/08\/IMG-7657.jpg?resize=768%2C432&amp;ssl=1 768w\" sizes=\"auto, (max-width: 800px) 100vw, 800px\" \/><\/a><\/p>\n<p>Jeg hadde n\u00e5 begynt \u00e5 leke med tanken p\u00e5 \u00e5 komme meg fysisk til S\u00f8rlandet p\u00e5 denne etappen &#8211; det er jo det som er m\u00e5let &#8211; s\u00e5 hvorfor ikke bare kj\u00f8re p\u00e5 og komme meg avg\u00e5rde? Jeg bestemte meg derfor \u00e5 droppe \u00e5 kj\u00f8re innom Stavern, og dro derfor p\u00e5 utsiden. I Larviksfjorden var det d\u00f8nningene ganske store, og de fortsatte over Langesundbukta, s\u00e5 jeg tr\u00f8kket litt p\u00e5 der ogs\u00e5&#8230;<\/p>\n<p>Jeg lekte med tanken p\u00e5 \u00e5 kj\u00f8re til Ris\u00f8r p\u00e5 utsiden, kanskje stikke innom eller eventuelt legge meg til for natten p\u00e5 Jomfruland ogs\u00e5,&nbsp; men kom til at jeg skulle jo kose meg litt p\u00e5 denne turen ogs\u00e5, s\u00e5 jeg dro over fjorden og inn ved det vanlige punktet ved Indre Str\u00e5holmstein. Men det ble ikke tur gjennom Kreppa denne gangen!<\/p>\n<p><a href=\"https:\/\/i0.wp.com\/pequod.nesodd1.no\/wp-content\/uploads\/2020\/08\/IMG-7684.jpg?ssl=1\"><img data-recalc-dims=\"1\" loading=\"lazy\" decoding=\"async\" data-attachment-id=\"19395\" data-permalink=\"https:\/\/pequod.nesodd1.no\/?attachment_id=19395\" data-orig-file=\"https:\/\/i0.wp.com\/pequod.nesodd1.no\/wp-content\/uploads\/2020\/08\/IMG-7684.jpg?fit=800%2C450&amp;ssl=1\" data-orig-size=\"800,450\" data-comments-opened=\"1\" data-image-meta=\"{&quot;aperture&quot;:&quot;1.8&quot;,&quot;credit&quot;:&quot;&quot;,&quot;camera&quot;:&quot;iPhone 8 Plus&quot;,&quot;caption&quot;:&quot;&quot;,&quot;created_timestamp&quot;:&quot;1596730978&quot;,&quot;copyright&quot;:&quot;&quot;,&quot;focal_length&quot;:&quot;3.99&quot;,&quot;iso&quot;:&quot;25&quot;,&quot;shutter_speed&quot;:&quot;0.000125&quot;,&quot;title&quot;:&quot;&quot;,&quot;orientation&quot;:&quot;1&quot;}\" data-image-title=\"IMG-7684\" data-image-description=\"&lt;p&gt;Holmen, Krager\u00f8&lt;\/p&gt;\n\" data-image-caption=\"\" data-large-file=\"https:\/\/i0.wp.com\/pequod.nesodd1.no\/wp-content\/uploads\/2020\/08\/IMG-7684.jpg?fit=800%2C450&amp;ssl=1\" class=\"aligncenter size-full wp-image-19395\" src=\"https:\/\/i0.wp.com\/pequod.nesodd1.no\/wp-content\/uploads\/2020\/08\/IMG-7684.jpg?resize=800%2C450&#038;ssl=1\" alt=\"\" width=\"800\" height=\"450\" srcset=\"https:\/\/i0.wp.com\/pequod.nesodd1.no\/wp-content\/uploads\/2020\/08\/IMG-7684.jpg?w=800&amp;ssl=1 800w, https:\/\/i0.wp.com\/pequod.nesodd1.no\/wp-content\/uploads\/2020\/08\/IMG-7684.jpg?resize=300%2C169&amp;ssl=1 300w, https:\/\/i0.wp.com\/pequod.nesodd1.no\/wp-content\/uploads\/2020\/08\/IMG-7684.jpg?resize=100%2C56&amp;ssl=1 100w, https:\/\/i0.wp.com\/pequod.nesodd1.no\/wp-content\/uploads\/2020\/08\/IMG-7684.jpg?resize=768%2C432&amp;ssl=1 768w\" sizes=\"auto, (max-width: 800px) 100vw, 800px\" \/><\/a><\/p>\n<p>Istedenfor tok jeg turen litt lenger nordover, en tur jeg tolk med snekka motsatt vei en gang. og dro gjennom et sund som jeg egentlig ikke vet navnet p\u00e5, kanskje Bjelviksund er det korrrekte? Jeg kj\u00f8rte inn p\u00e5 nordsiden av Ris\u00f8y og inn i et trangt sund som ender ut i Kj\u00f8pmannsfjorden. Deretter forbi Krager\u00f8 og ut til Port\u00f8r.<\/p>\n<p>I Port\u00f8r var det endel b\u00e5ter, men fortsatt en ledig bryggeplass i Urene, men jeg dro rett ut i retning Ris\u00f8r.<\/p>\n<p><a href=\"https:\/\/i0.wp.com\/pequod.nesodd1.no\/wp-content\/uploads\/2020\/08\/IMG-7715.jpg?ssl=1\"><img data-recalc-dims=\"1\" loading=\"lazy\" decoding=\"async\" data-attachment-id=\"19393\" data-permalink=\"https:\/\/pequod.nesodd1.no\/?attachment_id=19393\" data-orig-file=\"https:\/\/i0.wp.com\/pequod.nesodd1.no\/wp-content\/uploads\/2020\/08\/IMG-7715.jpg?fit=800%2C600&amp;ssl=1\" data-orig-size=\"800,600\" data-comments-opened=\"1\" data-image-meta=\"{&quot;aperture&quot;:&quot;1.8&quot;,&quot;credit&quot;:&quot;&quot;,&quot;camera&quot;:&quot;iPhone 8 Plus&quot;,&quot;caption&quot;:&quot;&quot;,&quot;created_timestamp&quot;:&quot;1596735339&quot;,&quot;copyright&quot;:&quot;&quot;,&quot;focal_length&quot;:&quot;3.99&quot;,&quot;iso&quot;:&quot;20&quot;,&quot;shutter_speed&quot;:&quot;0.00025&quot;,&quot;title&quot;:&quot;&quot;,&quot;orientation&quot;:&quot;1&quot;}\" data-image-title=\"IMG-7715\" data-image-description=\"&lt;p&gt;Port\u00f8r&lt;\/p&gt;\n\" data-image-caption=\"\" data-large-file=\"https:\/\/i0.wp.com\/pequod.nesodd1.no\/wp-content\/uploads\/2020\/08\/IMG-7715.jpg?fit=800%2C600&amp;ssl=1\" class=\"aligncenter size-full wp-image-19393\" src=\"https:\/\/i0.wp.com\/pequod.nesodd1.no\/wp-content\/uploads\/2020\/08\/IMG-7715.jpg?resize=800%2C600&#038;ssl=1\" alt=\"\" width=\"800\" height=\"600\" srcset=\"https:\/\/i0.wp.com\/pequod.nesodd1.no\/wp-content\/uploads\/2020\/08\/IMG-7715.jpg?w=800&amp;ssl=1 800w, https:\/\/i0.wp.com\/pequod.nesodd1.no\/wp-content\/uploads\/2020\/08\/IMG-7715.jpg?resize=300%2C225&amp;ssl=1 300w, https:\/\/i0.wp.com\/pequod.nesodd1.no\/wp-content\/uploads\/2020\/08\/IMG-7715.jpg?resize=100%2C75&amp;ssl=1 100w, https:\/\/i0.wp.com\/pequod.nesodd1.no\/wp-content\/uploads\/2020\/08\/IMG-7715.jpg?resize=768%2C576&amp;ssl=1 768w\" sizes=\"auto, (max-width: 800px) 100vw, 800px\" \/><\/a><\/p>\n<p>Jeg var litt spent med tanke p\u00e5 om det var ledig plass i Ris\u00f8r en torsdagskveld. Det er vel fremdeles noen som er p\u00e5 vei hjem den siste ferieuka og i tillegg n\u00e6rmer det seg helg og det skal bli knallv\u00e6r,s\u00e5 jeg var litt usikker.<\/p>\n<p>Men jeg hadde flere alternativer hvis det skulle g\u00e5 galt. To av dem kj\u00f8rte jeg forbi etter at jeg hadde g\u00e5tt inn via Gr\u00f8nholmen, det ene kunne jeg ikke se fra b\u00e5ten, mens brygga til Ris\u00f8r Motorb\u00e5tforening s\u00e5 full ut. Jeg kj\u00f8rte ikke bort til seilforeningen, men dro rett til gjestehavna. Den viste seg \u00e5 v\u00e6re ganske full, det som var av ledig plass var p\u00e5 utsiden av flytebryggene helt ytterst, og det fristet ikke.<\/p>\n<p><a href=\"https:\/\/i0.wp.com\/pequod.nesodd1.no\/wp-content\/uploads\/2020\/08\/IMG-7740.jpg?ssl=1\"><img data-recalc-dims=\"1\" loading=\"lazy\" decoding=\"async\" data-attachment-id=\"19392\" data-permalink=\"https:\/\/pequod.nesodd1.no\/?attachment_id=19392\" data-orig-file=\"https:\/\/i0.wp.com\/pequod.nesodd1.no\/wp-content\/uploads\/2020\/08\/IMG-7740.jpg?fit=800%2C600&amp;ssl=1\" data-orig-size=\"800,600\" data-comments-opened=\"1\" data-image-meta=\"{&quot;aperture&quot;:&quot;1.8&quot;,&quot;credit&quot;:&quot;&quot;,&quot;camera&quot;:&quot;iPhone 8 Plus&quot;,&quot;caption&quot;:&quot;&quot;,&quot;created_timestamp&quot;:&quot;1596743372&quot;,&quot;copyright&quot;:&quot;&quot;,&quot;focal_length&quot;:&quot;3.99&quot;,&quot;iso&quot;:&quot;20&quot;,&quot;shutter_speed&quot;:&quot;0.00070821529745042&quot;,&quot;title&quot;:&quot;&quot;,&quot;orientation&quot;:&quot;1&quot;}\" data-image-title=\"IMG-7740\" data-image-description=\"&lt;p&gt;S\u00f8rlandet Feriesenter, Ris\u00f8r&lt;\/p&gt;\n\" data-image-caption=\"\" data-large-file=\"https:\/\/i0.wp.com\/pequod.nesodd1.no\/wp-content\/uploads\/2020\/08\/IMG-7740.jpg?fit=800%2C600&amp;ssl=1\" class=\"aligncenter size-full wp-image-19392\" src=\"https:\/\/i0.wp.com\/pequod.nesodd1.no\/wp-content\/uploads\/2020\/08\/IMG-7740.jpg?resize=800%2C600&#038;ssl=1\" alt=\"\" width=\"800\" height=\"600\" srcset=\"https:\/\/i0.wp.com\/pequod.nesodd1.no\/wp-content\/uploads\/2020\/08\/IMG-7740.jpg?w=800&amp;ssl=1 800w, https:\/\/i0.wp.com\/pequod.nesodd1.no\/wp-content\/uploads\/2020\/08\/IMG-7740.jpg?resize=300%2C225&amp;ssl=1 300w, https:\/\/i0.wp.com\/pequod.nesodd1.no\/wp-content\/uploads\/2020\/08\/IMG-7740.jpg?resize=100%2C75&amp;ssl=1 100w, https:\/\/i0.wp.com\/pequod.nesodd1.no\/wp-content\/uploads\/2020\/08\/IMG-7740.jpg?resize=768%2C576&amp;ssl=1 768w\" sizes=\"auto, (max-width: 800px) 100vw, 800px\" \/><\/a><\/p>\n<p>Jeg valgte deretter det fjerde alternativet, som jeg regnet med l\u00e5 s\u00e5pass bortgjemt at det sikkert var ledig. Og det viste seg \u00e5 stemme. S\u00e5 da endte jeg opp p\u00e5 gjestebrygga til S\u00f8rlandet Feriesenter p\u00e5 Sandnes, inn i Sandnesfjorden utenfor Ris\u00f8r. P\u00e5 den \u00f8stlige flytebrygga er det noen longsideplasser som kan benyttes. En seilb\u00e5t tok opp mesteparten av den ene siden, s\u00e5 da la jeg meg p\u00e5 \u00f8stsiden. B\u00e5de str\u00f8m og vann her.<\/p>\n<p>Men stedet er ikke spesielt rimelig &#8211; 230 kroner for plassen og 60 kroner for str\u00f8m. Men plass var det n\u00e5 i alle fall! Et lite stykke \u00e5 g\u00e5 i oppoverbakke for \u00e5 komme til resepsjonen for \u00e5 betale, men det var overkommelig. Det var det ogs\u00e5 en liten kiosk med dagligvarer, s\u00e5 jeg spanderte p\u00e5 meg en is p\u00e5 veien tilbake&#8230; For\u00f8vrig morsomt \u00e5 se at de faktisk hadde et hj\u00f8rne med en PC for gjester som skulle bruke internett&#8230;<\/p>\n<p>Stedet har et utvalg av hytter i forskjellige st\u00f8rrelser, samt plass til campingvogner og bobiler og de som vil telte. I tillegg har de en brygge med utleieb\u00e5ter og alts\u00e5 longside gjesteplasser helt ytterst.&nbsp;<\/p>\n<p><a href=\"https:\/\/i0.wp.com\/pequod.nesodd1.no\/wp-content\/uploads\/2020\/08\/IMG-7742.jpg?ssl=1\"><img data-recalc-dims=\"1\" loading=\"lazy\" decoding=\"async\" data-attachment-id=\"19391\" data-permalink=\"https:\/\/pequod.nesodd1.no\/?attachment_id=19391\" data-orig-file=\"https:\/\/i0.wp.com\/pequod.nesodd1.no\/wp-content\/uploads\/2020\/08\/IMG-7742.jpg?fit=800%2C600&amp;ssl=1\" data-orig-size=\"800,600\" data-comments-opened=\"1\" data-image-meta=\"{&quot;aperture&quot;:&quot;1.8&quot;,&quot;credit&quot;:&quot;&quot;,&quot;camera&quot;:&quot;iPhone 8 Plus&quot;,&quot;caption&quot;:&quot;&quot;,&quot;created_timestamp&quot;:&quot;1596743451&quot;,&quot;copyright&quot;:&quot;&quot;,&quot;focal_length&quot;:&quot;3.99&quot;,&quot;iso&quot;:&quot;20&quot;,&quot;shutter_speed&quot;:&quot;0.0010626992561105&quot;,&quot;title&quot;:&quot;&quot;,&quot;orientation&quot;:&quot;1&quot;}\" data-image-title=\"IMG-7742\" data-image-description=\"&lt;p&gt;https:\/\/www.sorlandet-feriesenter.no\/Gjestehavn\/&lt;\/p&gt;\n\" data-image-caption=\"\" data-large-file=\"https:\/\/i0.wp.com\/pequod.nesodd1.no\/wp-content\/uploads\/2020\/08\/IMG-7742.jpg?fit=800%2C600&amp;ssl=1\" class=\"aligncenter size-full wp-image-19391\" src=\"https:\/\/i0.wp.com\/pequod.nesodd1.no\/wp-content\/uploads\/2020\/08\/IMG-7742.jpg?resize=800%2C600&#038;ssl=1\" alt=\"\" width=\"800\" height=\"600\" srcset=\"https:\/\/i0.wp.com\/pequod.nesodd1.no\/wp-content\/uploads\/2020\/08\/IMG-7742.jpg?w=800&amp;ssl=1 800w, https:\/\/i0.wp.com\/pequod.nesodd1.no\/wp-content\/uploads\/2020\/08\/IMG-7742.jpg?resize=300%2C225&amp;ssl=1 300w, https:\/\/i0.wp.com\/pequod.nesodd1.no\/wp-content\/uploads\/2020\/08\/IMG-7742.jpg?resize=100%2C75&amp;ssl=1 100w, https:\/\/i0.wp.com\/pequod.nesodd1.no\/wp-content\/uploads\/2020\/08\/IMG-7742.jpg?resize=768%2C576&amp;ssl=1 768w\" sizes=\"auto, (max-width: 800px) 100vw, 800px\" \/><\/a><\/p>\n<p>Jeg var underveis i \u00e5tte timer og 50 minutter og har tilbakelagt 71,9 nautiske mil &#8211; s\u00e5 denne gangen har jeg tatt igjen for de to korte etappene jeg begynte b\u00e5tferien med!<\/p>\n<p>N\u00e5r du leser dette er jeg nok p\u00e5 vei videre igjen, men ikke p\u00e5 en like lang etappe. Jeg b\u00f8r finne meg et sted f\u00f8r det blir for sent p\u00e5 dagen, for det er fredag og pent v\u00e6r&#8230;noe som betyr ganske fulle gjestehavner. Tror neppe jeg f\u00e5r plass p\u00e5 Lyng\u00f8r, for \u00e5 si det slik&#8230;<\/p>\n<h3>Related Images:<\/h3>","protected":false},"excerpt":{"rendered":"<p>Tirsdag starter jeg \u00e5rets b\u00e5tferie! De to f\u00f8rste etappene ble noe kortere enn vanlig Tirsdag fordi jeg kom meg avg\u00e5rde over fire timer senere enn beregnet&#8230; S\u00e5 istedenfor \u00e5 havne i \u00c5sg\u00e5rdstrand ble det S\u00e6tre p\u00e5 meg. Onsdag p\u00e5 grunn av v\u00e6ret. Men jeg er i alle fall i gang! Related Images:<\/p>\n","protected":false},"author":1,"featured_media":19364,"comment_status":"open","ping_status":"open","sticky":false,"template":"","format":"standard","meta":{"_crdt_document":"","ngg_post_thumbnail":0,"jetpack_post_was_ever_published":false,"_jetpack_newsletter_access":"","_jetpack_dont_email_post_to_subs":false,"_jetpack_newsletter_tier_id":0,"_jetpack_memberships_contains_paywalled_content":false,"_jetpack_memberships_contains_paid_content":false,"footnotes":""},"categories":[11,3,147,4],"tags":[3396,3397,2979,2689,3398],"class_list":["post-19332","post","type-post","status-publish","format-standard","has-post-thumbnail","hentry","category-pics","category-blogg","category-ferie","category-tur","tag-batferien-2020","tag-etappe-3","tag-risor","tag-sorlandet","tag-sorlandet-feriesenter"],"jetpack_featured_media_url":"https:\/\/i0.wp.com\/pequod.nesodd1.no\/wp-content\/uploads\/2020\/08\/117116890_2644128735841263_1965153870940593217_n.jpg?fit=960%2C720&ssl=1","jetpack_shortlink":"https:\/\/wp.me\/p3Zd9b-51O","jetpack_sharing_enabled":true,"jetpack_likes_enabled":true,"jetpack-related-posts":[],"_links":{"self":[{"href":"https:\/\/pequod.nesodd1.no\/index.php?rest_route=\/wp\/v2\/posts\/19332","targetHints":{"allow":["GET"]}}],"collection":[{"href":"https:\/\/pequod.nesodd1.no\/index.php?rest_route=\/wp\/v2\/posts"}],"about":[{"href":"https:\/\/pequod.nesodd1.no\/index.php?rest_route=\/wp\/v2\/types\/post"}],"author":[{"embeddable":true,"href":"https:\/\/pequod.nesodd1.no\/index.php?rest_route=\/wp\/v2\/users\/1"}],"replies":[{"embeddable":true,"href":"https:\/\/pequod.nesodd1.no\/index.php?rest_route=%2Fwp%2Fv2%2Fcomments&post=19332"}],"version-history":[{"count":14,"href":"https:\/\/pequod.nesodd1.no\/index.php?rest_route=\/wp\/v2\/posts\/19332\/revisions"}],"predecessor-version":[{"id":19399,"href":"https:\/\/pequod.nesodd1.no\/index.php?rest_route=\/wp\/v2\/posts\/19332\/revisions\/19399"}],"wp:featuredmedia":[{"embeddable":true,"href":"https:\/\/pequod.nesodd1.no\/index.php?rest_route=\/wp\/v2\/media\/19364"}],"wp:attachment":[{"href":"https:\/\/pequod.nesodd1.no\/index.php?rest_route=%2Fwp%2Fv2%2Fmedia&parent=19332"}],"wp:term":[{"taxonomy":"category","embeddable":true,"href":"https:\/\/pequod.nesodd1.no\/index.php?rest_route=%2Fwp%2Fv2%2Fcategories&post=19332"},{"taxonomy":"post_tag","embeddable":true,"href":"https:\/\/pequod.nesodd1.no\/index.php?rest_route=%2Fwp%2Fv2%2Ftags&post=19332"}],"curies":[{"name":"wp","href":"https:\/\/api.w.org\/{rel}","templated":true}]}}