{"id":19736,"date":"2020-09-18T09:00:40","date_gmt":"2020-09-18T07:00:40","guid":{"rendered":"https:\/\/pequod.nesodd1.no\/?p=19736"},"modified":"2020-09-17T18:27:02","modified_gmt":"2020-09-17T16:27:02","slug":"snipp-snapp-snute-for-denne-gangen","status":"publish","type":"post","link":"https:\/\/pequod.nesodd1.no\/?p=19736","title":{"rendered":"Snipp, snapp snute for denne gangen"},"content":{"rendered":"<p><strong>Etter seks uker p\u00e5 tur ligger Bergtatt n\u00e5 fort\u00f8yd i hjemmehavna. med litt andre gj\u00f8rem\u00e5l p\u00e5 land skal den f\u00e5 seg noen dagers pause. Og deretter m\u00e5 det ryddes og vaskes litt om bord &#8211; seks uker p\u00e5 tur med en gammel gubbe alene om bord betyr litt rot her og der, for \u00e5 si det slik&#8230; Men f\u00f8rst m\u00e5 jeg jo skrive noen ord om de siste dagene om bord ogs\u00e5!<\/strong><!--more--><\/p>\n<p>I siste innlegg skrev jeg at det var p\u00e5 tide \u00e5 komme seg bort fra Vestre Bol\u00e6rne &#8211; jeg hadde behov for \u00e5 fylle opp byssa om bord med b\u00e5de v\u00e5tt og t\u00f8rt &#8211; og i Jensesund er det ingen butikker, for \u00e5 si det slik.<\/p>\n<p><a href=\"https:\/\/i0.wp.com\/pequod.nesodd1.no\/wp-content\/uploads\/2020\/09\/IMG-9840.jpg?ssl=1\"><img data-recalc-dims=\"1\" loading=\"lazy\" decoding=\"async\" data-attachment-id=\"19756\" data-permalink=\"https:\/\/pequod.nesodd1.no\/?attachment_id=19756\" data-orig-file=\"https:\/\/i0.wp.com\/pequod.nesodd1.no\/wp-content\/uploads\/2020\/09\/IMG-9840.jpg?fit=800%2C600&amp;ssl=1\" data-orig-size=\"800,600\" data-comments-opened=\"1\" data-image-meta=\"{&quot;aperture&quot;:&quot;1.8&quot;,&quot;credit&quot;:&quot;&quot;,&quot;camera&quot;:&quot;iPhone 8 Plus&quot;,&quot;caption&quot;:&quot;&quot;,&quot;created_timestamp&quot;:&quot;1599826033&quot;,&quot;copyright&quot;:&quot;&quot;,&quot;focal_length&quot;:&quot;3.99&quot;,&quot;iso&quot;:&quot;20&quot;,&quot;shutter_speed&quot;:&quot;0.00043706293706294&quot;,&quot;title&quot;:&quot;&quot;,&quot;orientation&quot;:&quot;1&quot;}\" data-image-title=\"IMG-9840\" data-image-description=\"&lt;p&gt;Jensesund, Vestre Bol\u00e6rne&lt;\/p&gt;\n\" data-image-caption=\"\" data-large-file=\"https:\/\/i0.wp.com\/pequod.nesodd1.no\/wp-content\/uploads\/2020\/09\/IMG-9840.jpg?fit=800%2C600&amp;ssl=1\" class=\"aligncenter size-full wp-image-19756\" src=\"https:\/\/i0.wp.com\/pequod.nesodd1.no\/wp-content\/uploads\/2020\/09\/IMG-9840.jpg?resize=800%2C600&#038;ssl=1\" alt=\"\" width=\"800\" height=\"600\" srcset=\"https:\/\/i0.wp.com\/pequod.nesodd1.no\/wp-content\/uploads\/2020\/09\/IMG-9840.jpg?w=800&amp;ssl=1 800w, https:\/\/i0.wp.com\/pequod.nesodd1.no\/wp-content\/uploads\/2020\/09\/IMG-9840.jpg?resize=300%2C225&amp;ssl=1 300w, https:\/\/i0.wp.com\/pequod.nesodd1.no\/wp-content\/uploads\/2020\/09\/IMG-9840.jpg?resize=100%2C75&amp;ssl=1 100w, https:\/\/i0.wp.com\/pequod.nesodd1.no\/wp-content\/uploads\/2020\/09\/IMG-9840.jpg?resize=768%2C576&amp;ssl=1 768w\" sizes=\"auto, (max-width: 800px) 100vw, 800px\" \/><\/a><\/p>\n<p>Siden det var meldt at det skulle bl\u00e5se opp ytterligere utover dagen, dro jeg fra Vestre Bol\u00e6rne ganske tidlig &#8211; for \u00e5 utnytte en litt stille periode, og var avg\u00e5rde f\u00f8r klokka ni p\u00e5 morgenen. Jeg var ikke helt sikker p\u00e5 hvor jeg skulle dra, jeg vurderte T\u00f8nsberg f\u00f8rst, men s\u00e5 kom jeg p\u00e5 at nyb\u00e5ten er litt for h\u00f8y for den innerste brua ved gjestehavna, slik at jeg m\u00e5tte ha dratt tilbake til der jeg l\u00e5 i b\u00f8ye og inn Vrengensundet for \u00e5 komme meg dit &#8211; eller eventuelt legge til ved Kj\u00f8pmannskj\u00e6r og handle der. Men tanken p\u00e5 \u00e5 dra tilbake var ikke noe fristende, s\u00e5 jeg tenkte at Holmestrand kunne v\u00e6re et alternativ.<\/p>\n<p>Riktignok ligger nok b\u00e5de \u00c5sg\u00e5rdstrand og Horten ogs\u00e5 p\u00e5 veien til Holmestrand, men jeg syntes det liksom var litt fort kort vei til \u00e5 stoppe der, og jeg hadde i tillegg en tanke om \u00e5 kanskje rekke en stopp eller en overnatting &#8211; etter provianteringen &#8211; p\u00e5 enten Kommers\u00f8ya eller M\u00f8len eller Ramvikholmen. Alle steder jeg enn\u00e5 ikke har v\u00e6rt.<\/p>\n<p>S\u00e5 da ble det alts\u00e5 Holmestrand!&nbsp;<\/p>\n<p>Det var noe b\u00f8lger, men de kom akterfra ettersom det fortsatt bl\u00e5ste fra s\u00f8r, s\u00e5 det var ikke noen problemer. Noen timer senere skulle det igjen begynne \u00e5 bl\u00e5se tosifret, men jeg s\u00e5 p\u00e5 Yr og Windy at det ville bl\u00e5se mindre jo lengre jeg kom inn i fjorden.<\/p>\n<p>Passeringen av Horten gikk smertefritt, som vanlig gasset jeg litt p\u00e5 for \u00e5 komme unna leden til Bast\u00f8fergene &#8211; det har jeg jo anledning til \u00e5 gj\u00f8re med nyb\u00e5ten &#8211; og det gikk smertefritt. Jeg har lagt inn rutetidene til Bast\u00f8-fergene som bokmerke i Chromeappen p\u00e5 mobilen, og jeg sjekker derfor alltid om det er lenge til avgang, uansett om jeg passerer p\u00e5 Hortensida eller forbi Moss. Helrt fra jeg hadde snekka &#8211; som ikke akkurat var en racer &#8211; har jeg sjekket rutetidene n\u00e5r jeg n\u00e6rmer meg disse stedene, for jeg vil helst ikke komme i veien for disse. Litt d\u00e5rlig sj\u00f8mannskap fra min side hvis de m\u00e5 tute p\u00e5 meg fordi jeg t\u00f8ffer bedagelig foran dem mens de er p\u00e5 vei ut eller inn&#8230;<\/p>\n<p>Med snekka hendte det ofte at jeg rett og slett stoppet og ventet til ferga hadde g\u00e5tt ut fra kai og passert meg, siden jeg var litt usikker p\u00e5 at jeg faktisk ville klart \u00e5 komme meg forbi dem hvis jeg fortsatte&#8230;<\/p>\n<p>Det er jo ikke det helt store problemet med nyb\u00e5ten, og da jeg s\u00e5 at det var fem minutter til avgang fra Horten, s\u00e5 stresset jeg ikke, men gikk noe opp i fart.<\/p>\n<p>I Holmestrand fikk jeg meg imidlertid en liten overraskelse. Vel var det l\u00f8rdag formiddag, men vi var jo kommet langt ut i september og det var i tillegg meldt mye vind gjennom hele helga, s\u00e5 jeg hadde ikke ventet meg at gjestehavna skulle v\u00e6re omtrent stappfull. Men det var den! Alle flytebryggene som stikker ut p\u00e5 styrbord side n\u00e5r du kommer inn var fulle, og ogs\u00e5 kaiplassene mellom disse var opptatte &#8211; av stor t ett ganske s\u00e5 store motor- og seilb\u00e5ter. Jeg snudde f\u00f8r jeg kom inn i den innerste delen av havna, for trange og fulle gjestehavner er det verste jeg vet&#8230;<\/p>\n<p>Dermed t\u00f8ffet jeg ut av gjestehavna og satte f\u00f8rst kursen mot Kommers\u00f8ya, men ombestemte meg &#8211; tanken p\u00e5 en helg uten Pepsi-Max var litt forstyrrende og det skulle jo bl\u00e5se opp utover dagen. I tillegg tenkte jeg at siden det var fullt i Holmestrand s\u00e5 kunne det vel hende at det var mer enn nok b\u00e5ter ogs\u00e5 b\u00e5de p\u00e5 Kommers\u00f8ya og M\u00f8len. Med tanke p\u00e5 innkj\u00f8p og proviantering tenkte jeg dermed p\u00e5 Holmsbu, og satte kursen dit.<\/p>\n<p>Mens jeg var p\u00e5 vei dit slo det meg jo at \u00e5 pr\u00f8ve Holmsbu p\u00e5 formiddagen p\u00e5 en l\u00f8rdag kanskje ikke er det lureste. Havna er liten og fylles fort opp, og erfaringen min etter hvert tilsier at helger i Holmsbu betyr fest og fyll. Beklager \u00e5 si det, men slik er det. Jeg har vel aldri ligget i Holmsbu en fredag eller l\u00f8rdag &#8211; i sol eller regnv\u00e6r &#8211; uten at det har v\u00e6rt flust opp med partyb\u00e5ter der. Skal du ligge rolig i Holmsbu b\u00f8r du velge midtuke &#8211; og ikke i sommersesongen &#8211; for \u00e5 si det slik.<\/p>\n<p>Men n\u00e5 hadde jeg ikke tenkt \u00e5 overnatte der, bare handle inn litt p\u00e5 den koselige butikken, som har f\u00e5tt en liten facelift etter at nye eiere overtok for et par \u00e5r siden, og deretter dra videre. Visit Holmsbu har et webkamera over havneomr\u00e5det som ogs\u00e5 viser deler av gjestehavna, men som ikke er helt \u00e5 stole p\u00e5. Jeg sjekket kameraet og kunne se at det var fullt opp p\u00e5 den lange vestlige b\u00f8lgebryteren, men det kunne se ut som om det var noen &laquo;hull&raquo; i den korte, nordvestlige. Men jeg har blitt lurt av det kameraet f\u00f8r&#8230;<\/p>\n<p>Og da jeg kom fram denne gangen viste det seg at webkameraet nok en gang hadde lurt meg, for der var det stappfullt og litt st\u00f8rre b\u00e5ter hadde allerede begynt \u00e5 legge seg til p\u00e5 utsiden av b\u00f8lgebryterne. Jeg kunne kanskje ha pr\u00f8vd \u00e5 legge til p\u00e5 utsiden siden jeg bare skulle handle, men vindretningen var ugunstig ettersom jeg ville bli bl\u00e5st ut fra begge b\u00f8lgebryterne, og med meg alene om bord f\u00f8lte jeg at sannsynligheten for at det ville g\u00e5 rett vest var ganske h\u00f8y. Og jeg hadde ikke lyst \u00e5 bli underholdning for flybridgefolket og de som satt i stolene sine p\u00e5 brygga, s\u00e5 jeg snudde nok en gang og dro ut av Drammensfjorden.<\/p>\n<p>Det var nok av plass ved bryggene p\u00e5 Holmsbu Spa (vet ikke om de har f\u00e5tt nye eiere enn\u00e5 etter fjor\u00e5rets konkurs?), men det ligger s\u00e5pass langt fra butikken i Holmsbu at jeg m\u00e5ttet ha tatt drosje fram og tilbake &#8211; for noen Pepsi-Max, et br\u00f8d og litt p\u00e5leggs skyld &#8211; og det var det rett og slett ikke verdt!<\/p>\n<p><a href=\"https:\/\/i0.wp.com\/pequod.nesodd1.no\/wp-content\/uploads\/2020\/09\/119448752_10157288385117032_776537972623144167_n.jpg?ssl=1\"><img data-recalc-dims=\"1\" loading=\"lazy\" decoding=\"async\" data-attachment-id=\"19758\" data-permalink=\"https:\/\/pequod.nesodd1.no\/?attachment_id=19758\" data-orig-file=\"https:\/\/i0.wp.com\/pequod.nesodd1.no\/wp-content\/uploads\/2020\/09\/119448752_10157288385117032_776537972623144167_n.jpg?fit=960%2C720&amp;ssl=1\" data-orig-size=\"960,720\" data-comments-opened=\"1\" data-image-meta=\"{&quot;aperture&quot;:&quot;0&quot;,&quot;credit&quot;:&quot;&quot;,&quot;camera&quot;:&quot;&quot;,&quot;caption&quot;:&quot;&quot;,&quot;created_timestamp&quot;:&quot;0&quot;,&quot;copyright&quot;:&quot;&quot;,&quot;focal_length&quot;:&quot;0&quot;,&quot;iso&quot;:&quot;0&quot;,&quot;shutter_speed&quot;:&quot;0&quot;,&quot;title&quot;:&quot;&quot;,&quot;orientation&quot;:&quot;0&quot;}\" data-image-title=\"119448752_10157288385117032_776537972623144167_n\" data-image-description=\"&lt;p&gt;Tofte&lt;\/p&gt;\n\" data-image-caption=\"\" data-large-file=\"https:\/\/i0.wp.com\/pequod.nesodd1.no\/wp-content\/uploads\/2020\/09\/119448752_10157288385117032_776537972623144167_n.jpg?fit=940%2C705&amp;ssl=1\" class=\"aligncenter size-full wp-image-19758\" src=\"https:\/\/i0.wp.com\/pequod.nesodd1.no\/wp-content\/uploads\/2020\/09\/119448752_10157288385117032_776537972623144167_n.jpg?resize=940%2C705&#038;ssl=1\" alt=\"\" width=\"940\" height=\"705\" srcset=\"https:\/\/i0.wp.com\/pequod.nesodd1.no\/wp-content\/uploads\/2020\/09\/119448752_10157288385117032_776537972623144167_n.jpg?w=960&amp;ssl=1 960w, https:\/\/i0.wp.com\/pequod.nesodd1.no\/wp-content\/uploads\/2020\/09\/119448752_10157288385117032_776537972623144167_n.jpg?resize=300%2C225&amp;ssl=1 300w, https:\/\/i0.wp.com\/pequod.nesodd1.no\/wp-content\/uploads\/2020\/09\/119448752_10157288385117032_776537972623144167_n.jpg?resize=100%2C75&amp;ssl=1 100w, https:\/\/i0.wp.com\/pequod.nesodd1.no\/wp-content\/uploads\/2020\/09\/119448752_10157288385117032_776537972623144167_n.jpg?resize=768%2C576&amp;ssl=1 768w\" sizes=\"auto, (max-width: 940px) 100vw, 940px\" \/><\/a>S\u00e5 da rundet jeg R\u00f8dtangen og dro over Breiangen for \u00e5 t\u00f8ffe inn Dr\u00f8baksundet. Alternativene mine n\u00e5 var jo egentlig Son, Dr\u00f8bak eller S\u00e6tre, tenkte jeg. Men s\u00e5 husket jeg p\u00e5 at Tofte b\u00e5tforening jo ligger p\u00e5 veien, og der var jeg tidligere i sommer p\u00e5 landsiden og sjekket ut gjestebrygga. Innseilingen ser p\u00e5 kartet noe kronglete ut, med flere grunner p\u00e5 0,8 og 0,3, men jeg bestemte meg for \u00e5 ta sjansen, ikke minst fordi det n\u00e5 begynte \u00e5 bl\u00e5se opp litt, som meldt.<\/p>\n<p>Over Breiangen hadde det g\u00e5tt rimelig greit selv om b\u00f8lgene kom inn fra siden &#8211; jeg bare gasset litt p\u00e5 for \u00e5 komme fort over &#8211; men allerede n\u00e5 kjente jeg at det hadde begynt \u00e5 bl\u00e5se opp mer.<\/p>\n<p>Det viste seg at innseilingen ikke var s\u00e5 ille som jeg hadde f\u00e5tt inntrykk av p\u00e5 kartet, og gjestebrygga var helt tom, s\u00e5 jeg fikk lagt meg til der uten problemer. Gjestebrygga tilh\u00f8rer b\u00e5tforeningen, og har b\u00e5de str\u00f8m og vann. Visstnok ogs\u00e5 adgang til toalett og dusj &#8211; men tror det var stengt n\u00e5. Uansett ligger havna veldig godt i le for s\u00f8rlige vinder, og gjestebrygga ligger innenfor en h\u00f8y molo, s\u00e5 mens det begynte \u00e5 bl\u00e5se kraftig opp utenfor, s\u00e5 kjente jeg nesten ikke til vinden i det hele tatt &#8211; jeg bare h\u00f8rte den!<\/p>\n<p>I tillegg ligger det b\u00e5de Kiwi og Extra rett ved siden av havna, s\u00e5 her hadde jeg det som plommen i egget!<\/p>\n<p><a href=\"https:\/\/i0.wp.com\/pequod.nesodd1.no\/wp-content\/uploads\/2020\/09\/9FDC7F37-2D82-4972-A430-58940C2D2C12.jpeg.0e9ab3344f397d91c6c9feb171dd405e.jpeg?ssl=1\"><img data-recalc-dims=\"1\" loading=\"lazy\" decoding=\"async\" data-attachment-id=\"19757\" data-permalink=\"https:\/\/pequod.nesodd1.no\/?attachment_id=19757\" data-orig-file=\"https:\/\/i0.wp.com\/pequod.nesodd1.no\/wp-content\/uploads\/2020\/09\/9FDC7F37-2D82-4972-A430-58940C2D2C12.jpeg.0e9ab3344f397d91c6c9feb171dd405e.jpeg?fit=640%2C480&amp;ssl=1\" data-orig-size=\"640,480\" data-comments-opened=\"1\" data-image-meta=\"{&quot;aperture&quot;:&quot;0&quot;,&quot;credit&quot;:&quot;&quot;,&quot;camera&quot;:&quot;&quot;,&quot;caption&quot;:&quot;&quot;,&quot;created_timestamp&quot;:&quot;0&quot;,&quot;copyright&quot;:&quot;&quot;,&quot;focal_length&quot;:&quot;0&quot;,&quot;iso&quot;:&quot;0&quot;,&quot;shutter_speed&quot;:&quot;0&quot;,&quot;title&quot;:&quot;&quot;,&quot;orientation&quot;:&quot;0&quot;}\" data-image-title=\"9FDC7F37-2D82-4972-A430-58940C2D2C12.jpeg.0e9ab3344f397d91c6c9feb171dd405e\" data-image-description=\"&lt;p&gt;Tofte&lt;\/p&gt;\n\" data-image-caption=\"\" data-large-file=\"https:\/\/i0.wp.com\/pequod.nesodd1.no\/wp-content\/uploads\/2020\/09\/9FDC7F37-2D82-4972-A430-58940C2D2C12.jpeg.0e9ab3344f397d91c6c9feb171dd405e.jpeg?fit=640%2C480&amp;ssl=1\" class=\"aligncenter size-full wp-image-19757\" src=\"https:\/\/i0.wp.com\/pequod.nesodd1.no\/wp-content\/uploads\/2020\/09\/9FDC7F37-2D82-4972-A430-58940C2D2C12.jpeg.0e9ab3344f397d91c6c9feb171dd405e.jpeg?resize=640%2C480&#038;ssl=1\" alt=\"\" width=\"640\" height=\"480\" srcset=\"https:\/\/i0.wp.com\/pequod.nesodd1.no\/wp-content\/uploads\/2020\/09\/9FDC7F37-2D82-4972-A430-58940C2D2C12.jpeg.0e9ab3344f397d91c6c9feb171dd405e.jpeg?w=640&amp;ssl=1 640w, https:\/\/i0.wp.com\/pequod.nesodd1.no\/wp-content\/uploads\/2020\/09\/9FDC7F37-2D82-4972-A430-58940C2D2C12.jpeg.0e9ab3344f397d91c6c9feb171dd405e.jpeg?resize=300%2C225&amp;ssl=1 300w, https:\/\/i0.wp.com\/pequod.nesodd1.no\/wp-content\/uploads\/2020\/09\/9FDC7F37-2D82-4972-A430-58940C2D2C12.jpeg.0e9ab3344f397d91c6c9feb171dd405e.jpeg?resize=100%2C75&amp;ssl=1 100w\" sizes=\"auto, (max-width: 640px) 100vw, 640px\" \/><\/a>Ble derfor liggende p\u00e5 Tofte fra l\u00f8rdag formiddag til mandag, da jeg t\u00f8ffet videre. Da var destinasjonen satt til S\u00e6tre, men jeg tok et lite stopp p\u00e5 Bergholmen p\u00e5 veien. Jeg la meg denne gangen p\u00e5 sydsiden &#8211; der jeg ikke har v\u00e6rt f\u00f8r &#8211; for \u00e5 sjekke hvordan det ser ut der. For noen \u00e5r siden l\u00e5 jeg p\u00e5 nordsiden med snekka, men har ikke v\u00e6rt innom her siden da.<\/p>\n<figure id=\"attachment_19759\" aria-describedby=\"caption-attachment-19759\" style=\"width: 640px\" class=\"wp-caption aligncenter\"><a href=\"https:\/\/i0.wp.com\/pequod.nesodd1.no\/wp-content\/uploads\/2020\/09\/10607A53-850F-499A-9BB8-BB2AF4F15DEE.jpeg.b178ea3bcaf60370f68c0dee718e9117.jpeg?ssl=1\"><img data-recalc-dims=\"1\" loading=\"lazy\" decoding=\"async\" data-attachment-id=\"19759\" data-permalink=\"https:\/\/pequod.nesodd1.no\/?attachment_id=19759\" data-orig-file=\"https:\/\/i0.wp.com\/pequod.nesodd1.no\/wp-content\/uploads\/2020\/09\/10607A53-850F-499A-9BB8-BB2AF4F15DEE.jpeg.b178ea3bcaf60370f68c0dee718e9117.jpeg?fit=640%2C480&amp;ssl=1\" data-orig-size=\"640,480\" data-comments-opened=\"1\" data-image-meta=\"{&quot;aperture&quot;:&quot;0&quot;,&quot;credit&quot;:&quot;&quot;,&quot;camera&quot;:&quot;&quot;,&quot;caption&quot;:&quot;&quot;,&quot;created_timestamp&quot;:&quot;0&quot;,&quot;copyright&quot;:&quot;&quot;,&quot;focal_length&quot;:&quot;0&quot;,&quot;iso&quot;:&quot;0&quot;,&quot;shutter_speed&quot;:&quot;0&quot;,&quot;title&quot;:&quot;&quot;,&quot;orientation&quot;:&quot;0&quot;}\" data-image-title=\"10607A53-850F-499A-9BB8-BB2AF4F15DEE.jpeg.b178ea3bcaf60370f68c0dee718e9117\" data-image-description=\"&lt;p&gt;Filtvet&lt;\/p&gt;\n\" data-image-caption=\"&lt;p&gt;Passerer Filtvet, like f\u00f8r Villa Malla&lt;\/p&gt;\n\" data-large-file=\"https:\/\/i0.wp.com\/pequod.nesodd1.no\/wp-content\/uploads\/2020\/09\/10607A53-850F-499A-9BB8-BB2AF4F15DEE.jpeg.b178ea3bcaf60370f68c0dee718e9117.jpeg?fit=640%2C480&amp;ssl=1\" class=\"size-full wp-image-19759\" src=\"https:\/\/i0.wp.com\/pequod.nesodd1.no\/wp-content\/uploads\/2020\/09\/10607A53-850F-499A-9BB8-BB2AF4F15DEE.jpeg.b178ea3bcaf60370f68c0dee718e9117.jpeg?resize=640%2C480&#038;ssl=1\" alt=\"\" width=\"640\" height=\"480\" srcset=\"https:\/\/i0.wp.com\/pequod.nesodd1.no\/wp-content\/uploads\/2020\/09\/10607A53-850F-499A-9BB8-BB2AF4F15DEE.jpeg.b178ea3bcaf60370f68c0dee718e9117.jpeg?w=640&amp;ssl=1 640w, https:\/\/i0.wp.com\/pequod.nesodd1.no\/wp-content\/uploads\/2020\/09\/10607A53-850F-499A-9BB8-BB2AF4F15DEE.jpeg.b178ea3bcaf60370f68c0dee718e9117.jpeg?resize=300%2C225&amp;ssl=1 300w, https:\/\/i0.wp.com\/pequod.nesodd1.no\/wp-content\/uploads\/2020\/09\/10607A53-850F-499A-9BB8-BB2AF4F15DEE.jpeg.b178ea3bcaf60370f68c0dee718e9117.jpeg?resize=100%2C75&amp;ssl=1 100w\" sizes=\"auto, (max-width: 640px) 100vw, 640px\" \/><\/a><figcaption id=\"caption-attachment-19759\" class=\"wp-caption-text\">Passerer Filtvet, like f\u00f8r Villa Malla<\/figcaption><\/figure>\n<p>Ruslet litt rundt og tok noen bilder og dro derfra etter under halvtimen. Bl\u00e5ste rett inn i bukta, s\u00e5 da jeg fort\u00f8yde m\u00e5tte jeg bruke baugpropellen veldig aktivt for \u00e5 kunne f\u00e5 fort\u00f8yd ordentlig. Er for\u00f8vrig flere hytter her som leies ut via Oslofjorden Friluftsr\u00e5d.<\/p>\n<p><a href=\"https:\/\/i0.wp.com\/pequod.nesodd1.no\/wp-content\/uploads\/2020\/09\/C2C1DAB9-73BC-40DC-AD4E-82F2A3367E9B.jpeg.a9303e52ac5e7235dd12d5b4d8202ccb.jpeg?ssl=1\"><img data-recalc-dims=\"1\" loading=\"lazy\" decoding=\"async\" data-attachment-id=\"19761\" data-permalink=\"https:\/\/pequod.nesodd1.no\/?attachment_id=19761\" data-orig-file=\"https:\/\/i0.wp.com\/pequod.nesodd1.no\/wp-content\/uploads\/2020\/09\/C2C1DAB9-73BC-40DC-AD4E-82F2A3367E9B.jpeg.a9303e52ac5e7235dd12d5b4d8202ccb.jpeg?fit=640%2C480&amp;ssl=1\" data-orig-size=\"640,480\" data-comments-opened=\"1\" data-image-meta=\"{&quot;aperture&quot;:&quot;0&quot;,&quot;credit&quot;:&quot;&quot;,&quot;camera&quot;:&quot;&quot;,&quot;caption&quot;:&quot;&quot;,&quot;created_timestamp&quot;:&quot;0&quot;,&quot;copyright&quot;:&quot;&quot;,&quot;focal_length&quot;:&quot;0&quot;,&quot;iso&quot;:&quot;0&quot;,&quot;shutter_speed&quot;:&quot;0&quot;,&quot;title&quot;:&quot;&quot;,&quot;orientation&quot;:&quot;0&quot;}\" data-image-title=\"C2C1DAB9-73BC-40DC-AD4E-82F2A3367E9B.jpeg.a9303e52ac5e7235dd12d5b4d8202ccb\" data-image-description=\"&lt;p&gt;Bergholmen, syd&lt;\/p&gt;\n\" data-image-caption=\"\" data-large-file=\"https:\/\/i0.wp.com\/pequod.nesodd1.no\/wp-content\/uploads\/2020\/09\/C2C1DAB9-73BC-40DC-AD4E-82F2A3367E9B.jpeg.a9303e52ac5e7235dd12d5b4d8202ccb.jpeg?fit=640%2C480&amp;ssl=1\" class=\"aligncenter size-full wp-image-19761\" src=\"https:\/\/i0.wp.com\/pequod.nesodd1.no\/wp-content\/uploads\/2020\/09\/C2C1DAB9-73BC-40DC-AD4E-82F2A3367E9B.jpeg.a9303e52ac5e7235dd12d5b4d8202ccb.jpeg?resize=640%2C480&#038;ssl=1\" alt=\"\" width=\"640\" height=\"480\" srcset=\"https:\/\/i0.wp.com\/pequod.nesodd1.no\/wp-content\/uploads\/2020\/09\/C2C1DAB9-73BC-40DC-AD4E-82F2A3367E9B.jpeg.a9303e52ac5e7235dd12d5b4d8202ccb.jpeg?w=640&amp;ssl=1 640w, https:\/\/i0.wp.com\/pequod.nesodd1.no\/wp-content\/uploads\/2020\/09\/C2C1DAB9-73BC-40DC-AD4E-82F2A3367E9B.jpeg.a9303e52ac5e7235dd12d5b4d8202ccb.jpeg?resize=300%2C225&amp;ssl=1 300w, https:\/\/i0.wp.com\/pequod.nesodd1.no\/wp-content\/uploads\/2020\/09\/C2C1DAB9-73BC-40DC-AD4E-82F2A3367E9B.jpeg.a9303e52ac5e7235dd12d5b4d8202ccb.jpeg?resize=100%2C75&amp;ssl=1 100w\" sizes=\"auto, (max-width: 640px) 100vw, 640px\" \/><\/a><\/p>\n<p>S\u00e5 at det stakk ut noen stener ved den faste kaia der jeg fort\u00f8yde, s\u00e5 jeg la b\u00e5ten ganske langt framme p\u00e5 kaia, mot s\u00f8r. Flytebryggene innerst s\u00e5 noe slitne og skr\u00f8pelige ut, og var merket med kun b\u00e5ter under 25 fot, s\u00e5 det begrenser uansett hvor jeg kan ligge der.<\/p>\n<p><a href=\"https:\/\/i0.wp.com\/pequod.nesodd1.no\/wp-content\/uploads\/2020\/09\/4829CA3B-89F7-4A76-97D0-771A76362C50.jpeg.b976585f8af804f5732b287858db5782.jpeg?ssl=1\"><img data-recalc-dims=\"1\" loading=\"lazy\" decoding=\"async\" data-attachment-id=\"19760\" data-permalink=\"https:\/\/pequod.nesodd1.no\/?attachment_id=19760\" data-orig-file=\"https:\/\/i0.wp.com\/pequod.nesodd1.no\/wp-content\/uploads\/2020\/09\/4829CA3B-89F7-4A76-97D0-771A76362C50.jpeg.b976585f8af804f5732b287858db5782.jpeg?fit=640%2C480&amp;ssl=1\" data-orig-size=\"640,480\" data-comments-opened=\"1\" data-image-meta=\"{&quot;aperture&quot;:&quot;0&quot;,&quot;credit&quot;:&quot;&quot;,&quot;camera&quot;:&quot;&quot;,&quot;caption&quot;:&quot;&quot;,&quot;created_timestamp&quot;:&quot;0&quot;,&quot;copyright&quot;:&quot;&quot;,&quot;focal_length&quot;:&quot;0&quot;,&quot;iso&quot;:&quot;0&quot;,&quot;shutter_speed&quot;:&quot;0&quot;,&quot;title&quot;:&quot;&quot;,&quot;orientation&quot;:&quot;0&quot;}\" data-image-title=\"4829CA3B-89F7-4A76-97D0-771A76362C50.jpeg.b976585f8af804f5732b287858db5782\" data-image-description=\"&lt;p&gt;Bergholmen, syd&lt;\/p&gt;\n\" data-image-caption=\"\" data-large-file=\"https:\/\/i0.wp.com\/pequod.nesodd1.no\/wp-content\/uploads\/2020\/09\/4829CA3B-89F7-4A76-97D0-771A76362C50.jpeg.b976585f8af804f5732b287858db5782.jpeg?fit=640%2C480&amp;ssl=1\" class=\"aligncenter size-full wp-image-19760\" src=\"https:\/\/i0.wp.com\/pequod.nesodd1.no\/wp-content\/uploads\/2020\/09\/4829CA3B-89F7-4A76-97D0-771A76362C50.jpeg.b976585f8af804f5732b287858db5782.jpeg?resize=640%2C480&#038;ssl=1\" alt=\"\" width=\"640\" height=\"480\" srcset=\"https:\/\/i0.wp.com\/pequod.nesodd1.no\/wp-content\/uploads\/2020\/09\/4829CA3B-89F7-4A76-97D0-771A76362C50.jpeg.b976585f8af804f5732b287858db5782.jpeg?w=640&amp;ssl=1 640w, https:\/\/i0.wp.com\/pequod.nesodd1.no\/wp-content\/uploads\/2020\/09\/4829CA3B-89F7-4A76-97D0-771A76362C50.jpeg.b976585f8af804f5732b287858db5782.jpeg?resize=300%2C225&amp;ssl=1 300w, https:\/\/i0.wp.com\/pequod.nesodd1.no\/wp-content\/uploads\/2020\/09\/4829CA3B-89F7-4A76-97D0-771A76362C50.jpeg.b976585f8af804f5732b287858db5782.jpeg?resize=100%2C75&amp;ssl=1 100w\" sizes=\"auto, (max-width: 640px) 100vw, 640px\" \/><\/a><\/p>\n<p>Vurderte \u00e5 dra inn til Sandspollen f\u00f8r jeg dro videre, men ombestemte meg og endte opp i gjestehavna p\u00e5 S\u00e6tre. Her har jeg jo v\u00e6rt flere ganger f\u00f8r, men i \u00e5r har jeg kun overnattet to ganger i ledige b\u00e5ser i b\u00e5tforeningen, ikke i selve gjestehavna. Jeg har h\u00f8rt fra andre b\u00e5tfolk at de har oppdatert str\u00f8manlegget p\u00e5 gjestebryggene i \u00e5r &#8211; og det er jo positivt. Den kommunale gjestehavna i S\u00e6tre har nemlig v\u00e6rt en av de f\u00e5 gjestehavnene jeg har bes\u00f8kt som har hatt vanlige to-polete &laquo;kj\u00f8kkenkontakter&raquo; og ikke de bl\u00e5 tre-polede som er vanlig.<\/p>\n<p>Men det har de alts\u00e5 f\u00e5tt i \u00e5r!&nbsp;<\/p>\n<p><a href=\"https:\/\/i0.wp.com\/pequod.nesodd1.no\/wp-content\/uploads\/2020\/09\/IMG-9919.jpg?ssl=1\"><img data-recalc-dims=\"1\" loading=\"lazy\" decoding=\"async\" data-attachment-id=\"19763\" data-permalink=\"https:\/\/pequod.nesodd1.no\/?attachment_id=19763\" data-orig-file=\"https:\/\/i0.wp.com\/pequod.nesodd1.no\/wp-content\/uploads\/2020\/09\/IMG-9919.jpg?fit=800%2C600&amp;ssl=1\" data-orig-size=\"800,600\" data-comments-opened=\"1\" data-image-meta=\"{&quot;aperture&quot;:&quot;1.8&quot;,&quot;credit&quot;:&quot;&quot;,&quot;camera&quot;:&quot;iPhone 8 Plus&quot;,&quot;caption&quot;:&quot;&quot;,&quot;created_timestamp&quot;:&quot;1600097222&quot;,&quot;copyright&quot;:&quot;&quot;,&quot;focal_length&quot;:&quot;3.99&quot;,&quot;iso&quot;:&quot;20&quot;,&quot;shutter_speed&quot;:&quot;0.00066711140760507&quot;,&quot;title&quot;:&quot;&quot;,&quot;orientation&quot;:&quot;1&quot;}\" data-image-title=\"IMG-9919\" data-image-description=\"&lt;p&gt;S\u00e6tre&lt;\/p&gt;\n\" data-image-caption=\"\" data-large-file=\"https:\/\/i0.wp.com\/pequod.nesodd1.no\/wp-content\/uploads\/2020\/09\/IMG-9919.jpg?fit=800%2C600&amp;ssl=1\" class=\"aligncenter size-full wp-image-19763\" src=\"https:\/\/i0.wp.com\/pequod.nesodd1.no\/wp-content\/uploads\/2020\/09\/IMG-9919.jpg?resize=800%2C600&#038;ssl=1\" alt=\"\" width=\"800\" height=\"600\" srcset=\"https:\/\/i0.wp.com\/pequod.nesodd1.no\/wp-content\/uploads\/2020\/09\/IMG-9919.jpg?w=800&amp;ssl=1 800w, https:\/\/i0.wp.com\/pequod.nesodd1.no\/wp-content\/uploads\/2020\/09\/IMG-9919.jpg?resize=300%2C225&amp;ssl=1 300w, https:\/\/i0.wp.com\/pequod.nesodd1.no\/wp-content\/uploads\/2020\/09\/IMG-9919.jpg?resize=100%2C75&amp;ssl=1 100w, https:\/\/i0.wp.com\/pequod.nesodd1.no\/wp-content\/uploads\/2020\/09\/IMG-9919.jpg?resize=768%2C576&amp;ssl=1 768w\" sizes=\"auto, (max-width: 800px) 100vw, 800px\" \/><\/a><\/p>\n<p>I tillegg er det n\u00e5 mulig \u00e5 betale havneavgiften via en app &#8211; noe som f\u00f8rte til at jeg m\u00e5tte laste ned nok en ny betalingsapp &#8211; hvorfor kan ikke det v\u00e6re en standard for disse? N\u00e5 har jeg vel seks forskjellige betalingsapper&#8230; I tillegg fant jeg litt forsent ut at str\u00f8m ikke var inkludert, n\u00e5 m\u00e5 man faktisk betale ekstra for \u00e5 f\u00e5 str\u00f8m. S\u00e5 da m\u00e5tte jeg foreta to transaksjoner i appen &#8211; som tok 10 kroner ekstra for hver transaksjon, s\u00e5 jeg betalte en tier mer enn jeg beh\u00f8vde. S\u00e5 fant jeg etterp\u00e5 ut at de hadde satt opp en automat p\u00e5 land &#8211; der jeg kunne ha betalt uten \u00e5 betale ekstra i appen&#8230;<\/p>\n<p>Str\u00f8msystemet er heller ikke s\u00e5 bra organisert. Jeg fikk riktignok en kvittering b\u00e5de i app og som SMS, men den viste for eksempel ikke nummeret p\u00e5 str\u00f8mstolpen jeg skulle benytte, men den viste hvilket uttak jeg skulle sette kontakten i. Heldigvis viste det seg (i motsetning til i Arendal) at jeg skulle benytte den n\u00e6rmeste stolpen. Men uttakene her er nummererte med 1,2,3 og 4, mens kvitteringen viste at jeg skulle koble til uttaket merket med &laquo;AV&raquo;&#8230; Vel, om det var tilfeldig eller ikke, jeg tenkte at A kunne v\u00e6re det samme som 1 og koblet til der og fikk str\u00f8m! For moro skyld pr\u00f8vde jeg de andre ledige uttakene ogs\u00e5, og der var det d\u00f8dt, s\u00e5 da ligger det vel en slags logikk bak her likevel&#8230;<\/p>\n<p>Stille og rolig var det i alle fall i S\u00e6tre p\u00e5 en mandag, vi var vel seks b\u00e5ter p\u00e5 det meste.<\/p>\n<p><a href=\"https:\/\/i0.wp.com\/pequod.nesodd1.no\/wp-content\/uploads\/2020\/09\/ED81B7DA-F60F-4A87-85B8-F28A65458157.jpeg.daec0a6e5ff5ef5e350525b7a842a9cb.jpeg?ssl=1\"><img data-recalc-dims=\"1\" loading=\"lazy\" decoding=\"async\" data-attachment-id=\"19764\" data-permalink=\"https:\/\/pequod.nesodd1.no\/?attachment_id=19764\" data-orig-file=\"https:\/\/i0.wp.com\/pequod.nesodd1.no\/wp-content\/uploads\/2020\/09\/ED81B7DA-F60F-4A87-85B8-F28A65458157.jpeg.daec0a6e5ff5ef5e350525b7a842a9cb.jpeg?fit=640%2C480&amp;ssl=1\" data-orig-size=\"640,480\" data-comments-opened=\"1\" data-image-meta=\"{&quot;aperture&quot;:&quot;0&quot;,&quot;credit&quot;:&quot;&quot;,&quot;camera&quot;:&quot;&quot;,&quot;caption&quot;:&quot;&quot;,&quot;created_timestamp&quot;:&quot;0&quot;,&quot;copyright&quot;:&quot;&quot;,&quot;focal_length&quot;:&quot;0&quot;,&quot;iso&quot;:&quot;0&quot;,&quot;shutter_speed&quot;:&quot;0&quot;,&quot;title&quot;:&quot;&quot;,&quot;orientation&quot;:&quot;0&quot;}\" data-image-title=\"ED81B7DA-F60F-4A87-85B8-F28A65458157.jpeg.daec0a6e5ff5ef5e350525b7a842a9cb\" data-image-description=\"\" data-image-caption=\"\" data-large-file=\"https:\/\/i0.wp.com\/pequod.nesodd1.no\/wp-content\/uploads\/2020\/09\/ED81B7DA-F60F-4A87-85B8-F28A65458157.jpeg.daec0a6e5ff5ef5e350525b7a842a9cb.jpeg?fit=640%2C480&amp;ssl=1\" class=\"aligncenter size-full wp-image-19764\" src=\"https:\/\/i0.wp.com\/pequod.nesodd1.no\/wp-content\/uploads\/2020\/09\/ED81B7DA-F60F-4A87-85B8-F28A65458157.jpeg.daec0a6e5ff5ef5e350525b7a842a9cb.jpeg?resize=640%2C480&#038;ssl=1\" alt=\"\" width=\"640\" height=\"480\" srcset=\"https:\/\/i0.wp.com\/pequod.nesodd1.no\/wp-content\/uploads\/2020\/09\/ED81B7DA-F60F-4A87-85B8-F28A65458157.jpeg.daec0a6e5ff5ef5e350525b7a842a9cb.jpeg?w=640&amp;ssl=1 640w, https:\/\/i0.wp.com\/pequod.nesodd1.no\/wp-content\/uploads\/2020\/09\/ED81B7DA-F60F-4A87-85B8-F28A65458157.jpeg.daec0a6e5ff5ef5e350525b7a842a9cb.jpeg?resize=300%2C225&amp;ssl=1 300w, https:\/\/i0.wp.com\/pequod.nesodd1.no\/wp-content\/uploads\/2020\/09\/ED81B7DA-F60F-4A87-85B8-F28A65458157.jpeg.daec0a6e5ff5ef5e350525b7a842a9cb.jpeg?resize=100%2C75&amp;ssl=1 100w\" sizes=\"auto, (max-width: 640px) 100vw, 640px\" \/><\/a><\/p>\n<p>Tirsdagen dro jeg avg\u00e5rde til neste og siste stoppested for denne gangen. Det ble ogs\u00e5 en kort etappe ettersom jeg dro til Slemmestad. Der la jeg meg f\u00f8rst p\u00e5 utsiden av b\u00f8lgebryteren og siden sj\u00f8en var s\u00e5 rolig, s\u00e5 ble jeg liggende der. Det skal v\u00e6re et system med ledige b\u00e5splasser merket med gr\u00f8nt, men de jeg s\u00e5 n\u00e5r jeg tok en tur p\u00e5 land som var merket gr\u00f8nt var for sm\u00e5 for meg.<\/p>\n<p><a href=\"https:\/\/i0.wp.com\/pequod.nesodd1.no\/wp-content\/uploads\/2020\/09\/BEC97679-4010-4812-B530-8B16C6BE003A.jpeg.1fa8b0703ec1162bb54ecc87dc6d574c.jpeg?ssl=1\"><img data-recalc-dims=\"1\" loading=\"lazy\" decoding=\"async\" data-attachment-id=\"19768\" data-permalink=\"https:\/\/pequod.nesodd1.no\/?attachment_id=19768\" data-orig-file=\"https:\/\/i0.wp.com\/pequod.nesodd1.no\/wp-content\/uploads\/2020\/09\/BEC97679-4010-4812-B530-8B16C6BE003A.jpeg.1fa8b0703ec1162bb54ecc87dc6d574c.jpeg?fit=640%2C480&amp;ssl=1\" data-orig-size=\"640,480\" data-comments-opened=\"1\" data-image-meta=\"{&quot;aperture&quot;:&quot;0&quot;,&quot;credit&quot;:&quot;&quot;,&quot;camera&quot;:&quot;&quot;,&quot;caption&quot;:&quot;&quot;,&quot;created_timestamp&quot;:&quot;0&quot;,&quot;copyright&quot;:&quot;&quot;,&quot;focal_length&quot;:&quot;0&quot;,&quot;iso&quot;:&quot;0&quot;,&quot;shutter_speed&quot;:&quot;0&quot;,&quot;title&quot;:&quot;&quot;,&quot;orientation&quot;:&quot;0&quot;}\" data-image-title=\"BEC97679-4010-4812-B530-8B16C6BE003A.jpeg.1fa8b0703ec1162bb54ecc87dc6d574c\" data-image-description=\"&lt;p&gt;Slemmestad&lt;\/p&gt;\n\" data-image-caption=\"&lt;p&gt;Slemmestad i mai? Vi f\u00e5r se.&lt;\/p&gt;\n\" data-large-file=\"https:\/\/i0.wp.com\/pequod.nesodd1.no\/wp-content\/uploads\/2020\/09\/BEC97679-4010-4812-B530-8B16C6BE003A.jpeg.1fa8b0703ec1162bb54ecc87dc6d574c.jpeg?fit=640%2C480&amp;ssl=1\" class=\"aligncenter size-full wp-image-19768\" src=\"https:\/\/i0.wp.com\/pequod.nesodd1.no\/wp-content\/uploads\/2020\/09\/BEC97679-4010-4812-B530-8B16C6BE003A.jpeg.1fa8b0703ec1162bb54ecc87dc6d574c.jpeg?resize=640%2C480&#038;ssl=1\" alt=\"\" width=\"640\" height=\"480\" srcset=\"https:\/\/i0.wp.com\/pequod.nesodd1.no\/wp-content\/uploads\/2020\/09\/BEC97679-4010-4812-B530-8B16C6BE003A.jpeg.1fa8b0703ec1162bb54ecc87dc6d574c.jpeg?w=640&amp;ssl=1 640w, https:\/\/i0.wp.com\/pequod.nesodd1.no\/wp-content\/uploads\/2020\/09\/BEC97679-4010-4812-B530-8B16C6BE003A.jpeg.1fa8b0703ec1162bb54ecc87dc6d574c.jpeg?resize=300%2C225&amp;ssl=1 300w, https:\/\/i0.wp.com\/pequod.nesodd1.no\/wp-content\/uploads\/2020\/09\/BEC97679-4010-4812-B530-8B16C6BE003A.jpeg.1fa8b0703ec1162bb54ecc87dc6d574c.jpeg?resize=100%2C75&amp;ssl=1 100w\" sizes=\"auto, (max-width: 640px) 100vw, 640px\" \/><\/a><\/p>\n<p>Slemmestad er kanskje ikke det mest opplagte sted \u00e5 bes\u00f8ke med b\u00e5t, men jeg dro dit fordi jeg i november i \u00e5r og i mai neste \u00e5r skal dit p\u00e5 en festival, og derfor ville sjekke forholdene ut n\u00e6rmere. B\u00e5de ved \u00e5 finne ut hvor Sekkefabrikken kulturhus ligger, og hvordan det er \u00e5 ligge der med b\u00e5t. Sekkefabrikken viste seg \u00e5 ligge omtrent rett ved siden av b\u00e5thavna og det var ogs\u00e5 helt greit \u00e5 ligge der jeg l\u00e5, om enn ikke hvis det hadde bl\u00e5st nordavind, for det vil g\u00e5 rett inn i havna, og da er nok en b\u00e5splass \u00e5 foretrekke.<\/p>\n<figure id=\"attachment_19766\" aria-describedby=\"caption-attachment-19766\" style=\"width: 640px\" class=\"wp-caption aligncenter\"><a href=\"https:\/\/i0.wp.com\/pequod.nesodd1.no\/wp-content\/uploads\/2020\/09\/48627FCF-6859-452C-9A54-98EB17B4A705.jpeg.a53ee4ee30fca8e5f8a7648a115d9888.jpeg?ssl=1\"><img data-recalc-dims=\"1\" loading=\"lazy\" decoding=\"async\" data-attachment-id=\"19766\" data-permalink=\"https:\/\/pequod.nesodd1.no\/?attachment_id=19766\" data-orig-file=\"https:\/\/i0.wp.com\/pequod.nesodd1.no\/wp-content\/uploads\/2020\/09\/48627FCF-6859-452C-9A54-98EB17B4A705.jpeg.a53ee4ee30fca8e5f8a7648a115d9888.jpeg?fit=640%2C480&amp;ssl=1\" data-orig-size=\"640,480\" data-comments-opened=\"1\" data-image-meta=\"{&quot;aperture&quot;:&quot;0&quot;,&quot;credit&quot;:&quot;&quot;,&quot;camera&quot;:&quot;&quot;,&quot;caption&quot;:&quot;&quot;,&quot;created_timestamp&quot;:&quot;0&quot;,&quot;copyright&quot;:&quot;&quot;,&quot;focal_length&quot;:&quot;0&quot;,&quot;iso&quot;:&quot;0&quot;,&quot;shutter_speed&quot;:&quot;0&quot;,&quot;title&quot;:&quot;&quot;,&quot;orientation&quot;:&quot;0&quot;}\" data-image-title=\"48627FCF-6859-452C-9A54-98EB17B4A705.jpeg.a53ee4ee30fca8e5f8a7648a115d9888\" data-image-description=\"&lt;p&gt;Slemmestad, Sekkefabrikken&lt;\/p&gt;\n\" data-image-caption=\"&lt;p&gt;Sekkefabrikken&lt;\/p&gt;\n\" data-large-file=\"https:\/\/i0.wp.com\/pequod.nesodd1.no\/wp-content\/uploads\/2020\/09\/48627FCF-6859-452C-9A54-98EB17B4A705.jpeg.a53ee4ee30fca8e5f8a7648a115d9888.jpeg?fit=640%2C480&amp;ssl=1\" class=\"size-full wp-image-19766\" src=\"https:\/\/i0.wp.com\/pequod.nesodd1.no\/wp-content\/uploads\/2020\/09\/48627FCF-6859-452C-9A54-98EB17B4A705.jpeg.a53ee4ee30fca8e5f8a7648a115d9888.jpeg?resize=640%2C480&#038;ssl=1\" alt=\"\" width=\"640\" height=\"480\" srcset=\"https:\/\/i0.wp.com\/pequod.nesodd1.no\/wp-content\/uploads\/2020\/09\/48627FCF-6859-452C-9A54-98EB17B4A705.jpeg.a53ee4ee30fca8e5f8a7648a115d9888.jpeg?w=640&amp;ssl=1 640w, https:\/\/i0.wp.com\/pequod.nesodd1.no\/wp-content\/uploads\/2020\/09\/48627FCF-6859-452C-9A54-98EB17B4A705.jpeg.a53ee4ee30fca8e5f8a7648a115d9888.jpeg?resize=300%2C225&amp;ssl=1 300w, https:\/\/i0.wp.com\/pequod.nesodd1.no\/wp-content\/uploads\/2020\/09\/48627FCF-6859-452C-9A54-98EB17B4A705.jpeg.a53ee4ee30fca8e5f8a7648a115d9888.jpeg?resize=100%2C75&amp;ssl=1 100w\" sizes=\"auto, (max-width: 640px) 100vw, 640px\" \/><\/a><figcaption id=\"caption-attachment-19766\" class=\"wp-caption-text\">Sekkefabrikken<\/figcaption><\/figure>\n<p>Men det var str\u00f8m og vann tilgjengelig og en hyggelig havneleie ogs\u00e5. Selve havneomr\u00e5det var ogs\u00e5 ganske koselig &#8211; om vi ser bort i fra anlegget til Norcem &#8211; og hvis havna er isfri i slutten av november, s\u00e5 har jeg lyst \u00e5 ta b\u00e5ten dit!<\/p>\n<p><a href=\"https:\/\/i0.wp.com\/pequod.nesodd1.no\/wp-content\/uploads\/2020\/09\/330F63F7-FCC5-4409-ADCC-F36A720FACE6.jpeg.c2262e46b1c3340b17b1b2f57784702c.jpeg?ssl=1\"><img data-recalc-dims=\"1\" loading=\"lazy\" decoding=\"async\" data-attachment-id=\"19769\" data-permalink=\"https:\/\/pequod.nesodd1.no\/?attachment_id=19769\" data-orig-file=\"https:\/\/i0.wp.com\/pequod.nesodd1.no\/wp-content\/uploads\/2020\/09\/330F63F7-FCC5-4409-ADCC-F36A720FACE6.jpeg.c2262e46b1c3340b17b1b2f57784702c.jpeg?fit=640%2C480&amp;ssl=1\" data-orig-size=\"640,480\" data-comments-opened=\"1\" data-image-meta=\"{&quot;aperture&quot;:&quot;0&quot;,&quot;credit&quot;:&quot;&quot;,&quot;camera&quot;:&quot;&quot;,&quot;caption&quot;:&quot;&quot;,&quot;created_timestamp&quot;:&quot;0&quot;,&quot;copyright&quot;:&quot;&quot;,&quot;focal_length&quot;:&quot;0&quot;,&quot;iso&quot;:&quot;0&quot;,&quot;shutter_speed&quot;:&quot;0&quot;,&quot;title&quot;:&quot;&quot;,&quot;orientation&quot;:&quot;0&quot;}\" data-image-title=\"330F63F7-FCC5-4409-ADCC-F36A720FACE6.jpeg.c2262e46b1c3340b17b1b2f57784702c\" data-image-description=\"&lt;p&gt;Slemmestad&lt;\/p&gt;\n\" data-image-caption=\"&lt;p&gt;Omtrent her skal jeg ligge fra 13-16. mai, hvis alt g\u00e5r etter planen.&lt;\/p&gt;\n\" data-large-file=\"https:\/\/i0.wp.com\/pequod.nesodd1.no\/wp-content\/uploads\/2020\/09\/330F63F7-FCC5-4409-ADCC-F36A720FACE6.jpeg.c2262e46b1c3340b17b1b2f57784702c.jpeg?fit=640%2C480&amp;ssl=1\" class=\"aligncenter size-full wp-image-19769\" src=\"https:\/\/i0.wp.com\/pequod.nesodd1.no\/wp-content\/uploads\/2020\/09\/330F63F7-FCC5-4409-ADCC-F36A720FACE6.jpeg.c2262e46b1c3340b17b1b2f57784702c.jpeg?resize=640%2C480&#038;ssl=1\" alt=\"\" width=\"640\" height=\"480\" srcset=\"https:\/\/i0.wp.com\/pequod.nesodd1.no\/wp-content\/uploads\/2020\/09\/330F63F7-FCC5-4409-ADCC-F36A720FACE6.jpeg.c2262e46b1c3340b17b1b2f57784702c.jpeg?w=640&amp;ssl=1 640w, https:\/\/i0.wp.com\/pequod.nesodd1.no\/wp-content\/uploads\/2020\/09\/330F63F7-FCC5-4409-ADCC-F36A720FACE6.jpeg.c2262e46b1c3340b17b1b2f57784702c.jpeg?resize=300%2C225&amp;ssl=1 300w, https:\/\/i0.wp.com\/pequod.nesodd1.no\/wp-content\/uploads\/2020\/09\/330F63F7-FCC5-4409-ADCC-F36A720FACE6.jpeg.c2262e46b1c3340b17b1b2f57784702c.jpeg?resize=100%2C75&amp;ssl=1 100w\" sizes=\"auto, (max-width: 640px) 100vw, 640px\" \/><\/a><\/p>\n<p>I ettertid har jeg n\u00e5 f\u00e5tt bekreftet b\u00e5de at havna bruker \u00e5 v\u00e6re isfri og at str\u00f8mmen ogs\u00e5 vil v\u00e6re p\u00e5 i slutten av november, s\u00e5 da er vel sannsynlig at jeg tar b\u00e5ten til festivalen senere i \u00e5r. Dette er for\u00f8vrig den festivalen som jeg i flere \u00e5r har dratt til i Holmsbu i mai, men som i fjor bele flyttet til Gr\u00f8nsand g\u00e5rd i S\u00e6tre. I \u00e5r ble den avlyst p\u00e5 grunn av koronasituasjonen, men g\u00e5r av stabelen i Slemmestad i november istedenfor, i en litt begrenset koronaversjon. I tillegg flytter den nok en gang p\u00e5 seg, og skal arrangeres i Slemmestad, s\u00e5 jeg m\u00e5tte jo benytte anledningen til \u00e5 sjekke de maritime forholdene&#8230;<\/p>\n<p><a href=\"https:\/\/i0.wp.com\/pequod.nesodd1.no\/wp-content\/uploads\/2020\/09\/IMG-9987.jpg?ssl=1\"><img data-recalc-dims=\"1\" loading=\"lazy\" decoding=\"async\" data-attachment-id=\"19770\" data-permalink=\"https:\/\/pequod.nesodd1.no\/?attachment_id=19770\" data-orig-file=\"https:\/\/i0.wp.com\/pequod.nesodd1.no\/wp-content\/uploads\/2020\/09\/IMG-9987.jpg?fit=800%2C600&amp;ssl=1\" data-orig-size=\"800,600\" data-comments-opened=\"1\" data-image-meta=\"{&quot;aperture&quot;:&quot;2.8&quot;,&quot;credit&quot;:&quot;&quot;,&quot;camera&quot;:&quot;iPhone 8 Plus&quot;,&quot;caption&quot;:&quot;&quot;,&quot;created_timestamp&quot;:&quot;1600192403&quot;,&quot;copyright&quot;:&quot;&quot;,&quot;focal_length&quot;:&quot;6.6&quot;,&quot;iso&quot;:&quot;20&quot;,&quot;shutter_speed&quot;:&quot;0.0082644628099174&quot;,&quot;title&quot;:&quot;&quot;,&quot;orientation&quot;:&quot;1&quot;}\" data-image-title=\"IMG-9987\" data-image-description=\"&lt;p&gt;Slemmestad&lt;\/p&gt;\n\" data-image-caption=\"&lt;p&gt;Det blir ikke noe nytt bes\u00f8k i Slemmestad i mai likevel.&lt;\/p&gt;\n\" data-large-file=\"https:\/\/i0.wp.com\/pequod.nesodd1.no\/wp-content\/uploads\/2020\/09\/IMG-9987.jpg?fit=800%2C600&amp;ssl=1\" class=\"aligncenter size-full wp-image-19770\" src=\"https:\/\/i0.wp.com\/pequod.nesodd1.no\/wp-content\/uploads\/2020\/09\/IMG-9987.jpg?resize=800%2C600&#038;ssl=1\" alt=\"\" width=\"800\" height=\"600\" srcset=\"https:\/\/i0.wp.com\/pequod.nesodd1.no\/wp-content\/uploads\/2020\/09\/IMG-9987.jpg?w=800&amp;ssl=1 800w, https:\/\/i0.wp.com\/pequod.nesodd1.no\/wp-content\/uploads\/2020\/09\/IMG-9987.jpg?resize=300%2C225&amp;ssl=1 300w, https:\/\/i0.wp.com\/pequod.nesodd1.no\/wp-content\/uploads\/2020\/09\/IMG-9987.jpg?resize=100%2C75&amp;ssl=1 100w, https:\/\/i0.wp.com\/pequod.nesodd1.no\/wp-content\/uploads\/2020\/09\/IMG-9987.jpg?resize=768%2C576&amp;ssl=1 768w\" sizes=\"auto, (max-width: 800px) 100vw, 800px\" \/><\/a><\/p>\n<p>Det endte med at det ble en overnatting ogs\u00e5 her &#8211; den siste p\u00e5 denne seks uker og \u00e9n dag lange turen. Siden det var meldt kraftig vind fra nord fra rundt klokka ni dagen etter, satte jeg p\u00e5 vekkerklokka p\u00e5 6.30 til onsdag morgen, og knappe halvtimen etterp\u00e5, etter \u00e5 ha st\u00e5tt opp og f\u00e5tt kokt litt kaffe, s\u00e5 dro jeg avg\u00e5rde p\u00e5 en ny kort sjarm\u00f8retappe hjem til Oksval.<\/p>\n<figure id=\"attachment_19773\" aria-describedby=\"caption-attachment-19773\" style=\"width: 640px\" class=\"wp-caption aligncenter\"><a href=\"https:\/\/i0.wp.com\/pequod.nesodd1.no\/wp-content\/uploads\/2020\/09\/63EDDF1B-040B-4F1C-A739-8193C68C2ED5.jpeg.7199dc9281a9f8422e21c91af4566fff.jpeg?ssl=1\"><img data-recalc-dims=\"1\" loading=\"lazy\" decoding=\"async\" data-attachment-id=\"19773\" data-permalink=\"https:\/\/pequod.nesodd1.no\/?attachment_id=19773\" data-orig-file=\"https:\/\/i0.wp.com\/pequod.nesodd1.no\/wp-content\/uploads\/2020\/09\/63EDDF1B-040B-4F1C-A739-8193C68C2ED5.jpeg.7199dc9281a9f8422e21c91af4566fff.jpeg?fit=640%2C480&amp;ssl=1\" data-orig-size=\"640,480\" data-comments-opened=\"1\" data-image-meta=\"{&quot;aperture&quot;:&quot;0&quot;,&quot;credit&quot;:&quot;&quot;,&quot;camera&quot;:&quot;&quot;,&quot;caption&quot;:&quot;&quot;,&quot;created_timestamp&quot;:&quot;0&quot;,&quot;copyright&quot;:&quot;&quot;,&quot;focal_length&quot;:&quot;0&quot;,&quot;iso&quot;:&quot;0&quot;,&quot;shutter_speed&quot;:&quot;0&quot;,&quot;title&quot;:&quot;&quot;,&quot;orientation&quot;:&quot;0&quot;}\" data-image-title=\"63EDDF1B-040B-4F1C-A739-8193C68C2ED5.jpeg.7199dc9281a9f8422e21c91af4566fff\" data-image-description=\"&lt;p&gt;Vollen&lt;\/p&gt;\n\" data-image-caption=\"&lt;p&gt;Ruterferga, som f\u00f8rst har v\u00e6rt innom Slemmestad, passerer meg p\u00e5 vei inn til Vollen.&lt;\/p&gt;\n\" data-large-file=\"https:\/\/i0.wp.com\/pequod.nesodd1.no\/wp-content\/uploads\/2020\/09\/63EDDF1B-040B-4F1C-A739-8193C68C2ED5.jpeg.7199dc9281a9f8422e21c91af4566fff.jpeg?fit=640%2C480&amp;ssl=1\" class=\"size-full wp-image-19773\" src=\"https:\/\/i0.wp.com\/pequod.nesodd1.no\/wp-content\/uploads\/2020\/09\/63EDDF1B-040B-4F1C-A739-8193C68C2ED5.jpeg.7199dc9281a9f8422e21c91af4566fff.jpeg?resize=640%2C480&#038;ssl=1\" alt=\"\" width=\"640\" height=\"480\" srcset=\"https:\/\/i0.wp.com\/pequod.nesodd1.no\/wp-content\/uploads\/2020\/09\/63EDDF1B-040B-4F1C-A739-8193C68C2ED5.jpeg.7199dc9281a9f8422e21c91af4566fff.jpeg?w=640&amp;ssl=1 640w, https:\/\/i0.wp.com\/pequod.nesodd1.no\/wp-content\/uploads\/2020\/09\/63EDDF1B-040B-4F1C-A739-8193C68C2ED5.jpeg.7199dc9281a9f8422e21c91af4566fff.jpeg?resize=300%2C225&amp;ssl=1 300w, https:\/\/i0.wp.com\/pequod.nesodd1.no\/wp-content\/uploads\/2020\/09\/63EDDF1B-040B-4F1C-A739-8193C68C2ED5.jpeg.7199dc9281a9f8422e21c91af4566fff.jpeg?resize=100%2C75&amp;ssl=1 100w\" sizes=\"auto, (max-width: 640px) 100vw, 640px\" \/><\/a><figcaption id=\"caption-attachment-19773\" class=\"wp-caption-text\">Ruterferga, som f\u00f8rst har v\u00e6rt innom Slemmestad, passerer meg p\u00e5 vei inn til Vollen.<\/figcaption><\/figure>\n<p>Jeg tillot meg \u00e5 en tur forbi Vollen og Kenglungen og deretter gjennom og forbi en komplett tom og \u00f8de Middagsbukt og over til Nesodden. Det var veldig rolig sj\u00f8 hele tiden, litt slikt stille f\u00f8r stormen ettersom det var meldt \u00e5 bl\u00e5se opp mot 11 m\/s fra nord fra ni-tiden.<\/p>\n<figure id=\"attachment_19772\" aria-describedby=\"caption-attachment-19772\" style=\"width: 640px\" class=\"wp-caption aligncenter\"><a href=\"https:\/\/i0.wp.com\/pequod.nesodd1.no\/wp-content\/uploads\/2020\/09\/E2B76651-48A3-4D98-A76C-510336E56FFE.jpeg.324d8d7f8b6f046faab2b1b5d44e83bb.jpeg?ssl=1\"><img data-recalc-dims=\"1\" loading=\"lazy\" decoding=\"async\" data-attachment-id=\"19772\" data-permalink=\"https:\/\/pequod.nesodd1.no\/?attachment_id=19772\" data-orig-file=\"https:\/\/i0.wp.com\/pequod.nesodd1.no\/wp-content\/uploads\/2020\/09\/E2B76651-48A3-4D98-A76C-510336E56FFE.jpeg.324d8d7f8b6f046faab2b1b5d44e83bb.jpeg?fit=640%2C480&amp;ssl=1\" data-orig-size=\"640,480\" data-comments-opened=\"1\" data-image-meta=\"{&quot;aperture&quot;:&quot;0&quot;,&quot;credit&quot;:&quot;&quot;,&quot;camera&quot;:&quot;&quot;,&quot;caption&quot;:&quot;&quot;,&quot;created_timestamp&quot;:&quot;0&quot;,&quot;copyright&quot;:&quot;&quot;,&quot;focal_length&quot;:&quot;0&quot;,&quot;iso&quot;:&quot;0&quot;,&quot;shutter_speed&quot;:&quot;0&quot;,&quot;title&quot;:&quot;&quot;,&quot;orientation&quot;:&quot;0&quot;}\" data-image-title=\"E2B76651-48A3-4D98-A76C-510336E56FFE.jpeg.324d8d7f8b6f046faab2b1b5d44e83bb\" data-image-description=\"&lt;p&gt;Asker, Br\u00f8nn\u00f8ya, Nordre Lang\u00e5ra, Middagsbukta&lt;\/p&gt;\n\" data-image-caption=\"&lt;p&gt;Helt tomt i Lang\u00e5rasundet ved Middagsbukta &amp;#8211; uvant syn!&lt;\/p&gt;\n\" data-large-file=\"https:\/\/i0.wp.com\/pequod.nesodd1.no\/wp-content\/uploads\/2020\/09\/E2B76651-48A3-4D98-A76C-510336E56FFE.jpeg.324d8d7f8b6f046faab2b1b5d44e83bb.jpeg?fit=640%2C480&amp;ssl=1\" class=\"size-full wp-image-19772\" src=\"https:\/\/i0.wp.com\/pequod.nesodd1.no\/wp-content\/uploads\/2020\/09\/E2B76651-48A3-4D98-A76C-510336E56FFE.jpeg.324d8d7f8b6f046faab2b1b5d44e83bb.jpeg?resize=640%2C480&#038;ssl=1\" alt=\"\" width=\"640\" height=\"480\" srcset=\"https:\/\/i0.wp.com\/pequod.nesodd1.no\/wp-content\/uploads\/2020\/09\/E2B76651-48A3-4D98-A76C-510336E56FFE.jpeg.324d8d7f8b6f046faab2b1b5d44e83bb.jpeg?w=640&amp;ssl=1 640w, https:\/\/i0.wp.com\/pequod.nesodd1.no\/wp-content\/uploads\/2020\/09\/E2B76651-48A3-4D98-A76C-510336E56FFE.jpeg.324d8d7f8b6f046faab2b1b5d44e83bb.jpeg?resize=300%2C225&amp;ssl=1 300w, https:\/\/i0.wp.com\/pequod.nesodd1.no\/wp-content\/uploads\/2020\/09\/E2B76651-48A3-4D98-A76C-510336E56FFE.jpeg.324d8d7f8b6f046faab2b1b5d44e83bb.jpeg?resize=100%2C75&amp;ssl=1 100w\" sizes=\"auto, (max-width: 640px) 100vw, 640px\" \/><\/a><figcaption id=\"caption-attachment-19772\" class=\"wp-caption-text\">Helt tomt i Lang\u00e5rasundet ved Middagsbukta &#8211; uvant syn!<\/figcaption><\/figure>\n<p>&nbsp;<\/p>\n<p>La til i b\u00e5sen hjemme ganske n\u00f8yaktig klokka 08.30, fort\u00f8yde og koblet til landstr\u00f8mmen og slappet av med en liten h\u00f8neblund f\u00f8r jeg lagde meg en kaffe og begynte \u00e5 pakke skitne kl\u00e6r, PC-utstyr, fotobag og tomflasker, som alt skulle p\u00e5 land. Men jeg ble noen timer ekstra i b\u00e5ten f\u00f8r jeg endel dro, for knappe 45 minutter etter at jeg hadde lagt til begynte uv\u00e6ret som meldt. De f\u00f8rste par timene gikk det helt fint med vind fra nord, men s\u00e5 endte vinden til \u00e5 komme mer nordvestlig fra, som ikke var meldt, og da kom den rett inn i havna sideveis, noe som f\u00f8rte til emn veldig urolig havn.<\/p>\n<figure id=\"attachment_19775\" aria-describedby=\"caption-attachment-19775\" style=\"width: 640px\" class=\"wp-caption aligncenter\"><a href=\"https:\/\/i0.wp.com\/pequod.nesodd1.no\/wp-content\/uploads\/2020\/09\/48971E6B-E933-4124-BA29-2F37585F2AC4.jpeg.573206a221ab3c2adf644e501622d04a.jpeg?ssl=1\"><img data-recalc-dims=\"1\" loading=\"lazy\" decoding=\"async\" data-attachment-id=\"19775\" data-permalink=\"https:\/\/pequod.nesodd1.no\/?attachment_id=19775\" data-orig-file=\"https:\/\/i0.wp.com\/pequod.nesodd1.no\/wp-content\/uploads\/2020\/09\/48971E6B-E933-4124-BA29-2F37585F2AC4.jpeg.573206a221ab3c2adf644e501622d04a.jpeg?fit=640%2C480&amp;ssl=1\" data-orig-size=\"640,480\" data-comments-opened=\"1\" data-image-meta=\"{&quot;aperture&quot;:&quot;0&quot;,&quot;credit&quot;:&quot;&quot;,&quot;camera&quot;:&quot;&quot;,&quot;caption&quot;:&quot;&quot;,&quot;created_timestamp&quot;:&quot;0&quot;,&quot;copyright&quot;:&quot;&quot;,&quot;focal_length&quot;:&quot;0&quot;,&quot;iso&quot;:&quot;0&quot;,&quot;shutter_speed&quot;:&quot;0&quot;,&quot;title&quot;:&quot;&quot;,&quot;orientation&quot;:&quot;0&quot;}\" data-image-title=\"48971E6B-E933-4124-BA29-2F37585F2AC4.jpeg.573206a221ab3c2adf644e501622d04a\" data-image-description=\"&lt;p&gt;Nesodden, Tangen, Tangelaget, Oksval&lt;\/p&gt;\n\" data-image-caption=\"&lt;p&gt;Hjemmehavna i sikte for f\u00f8rste gang siden 4. august.&lt;\/p&gt;\n\" data-large-file=\"https:\/\/i0.wp.com\/pequod.nesodd1.no\/wp-content\/uploads\/2020\/09\/48971E6B-E933-4124-BA29-2F37585F2AC4.jpeg.573206a221ab3c2adf644e501622d04a.jpeg?fit=640%2C480&amp;ssl=1\" class=\"size-full wp-image-19775\" src=\"https:\/\/i0.wp.com\/pequod.nesodd1.no\/wp-content\/uploads\/2020\/09\/48971E6B-E933-4124-BA29-2F37585F2AC4.jpeg.573206a221ab3c2adf644e501622d04a.jpeg?resize=640%2C480&#038;ssl=1\" alt=\"\" width=\"640\" height=\"480\" srcset=\"https:\/\/i0.wp.com\/pequod.nesodd1.no\/wp-content\/uploads\/2020\/09\/48971E6B-E933-4124-BA29-2F37585F2AC4.jpeg.573206a221ab3c2adf644e501622d04a.jpeg?w=640&amp;ssl=1 640w, https:\/\/i0.wp.com\/pequod.nesodd1.no\/wp-content\/uploads\/2020\/09\/48971E6B-E933-4124-BA29-2F37585F2AC4.jpeg.573206a221ab3c2adf644e501622d04a.jpeg?resize=300%2C225&amp;ssl=1 300w, https:\/\/i0.wp.com\/pequod.nesodd1.no\/wp-content\/uploads\/2020\/09\/48971E6B-E933-4124-BA29-2F37585F2AC4.jpeg.573206a221ab3c2adf644e501622d04a.jpeg?resize=100%2C75&amp;ssl=1 100w\" sizes=\"auto, (max-width: 640px) 100vw, 640px\" \/><\/a><figcaption id=\"caption-attachment-19775\" class=\"wp-caption-text\">Hjemmehavna i sikte for f\u00f8rste gang siden 4. august.<\/figcaption><\/figure>\n<p>B\u00e5ten var s\u00e5pass urolig at jeg ikke tok sjansen p\u00e5 \u00e5 klatre ut av den og ned p\u00e5 en enda mer urolig utrigger. Jeg har etter hvert f\u00e5tt en ganske bra balanse ogs\u00e5 p\u00e5 utriggere, men da b\u00f8r de helst ligge noenlunde i ro, s\u00e5 jeg tok rett og slett ikke sjansen! Det bl\u00e5ste i tillegg mye mer enn meldt, og b\u00e5thavna valgte \u00e5 sende ut SMS der de ba folk om \u00e5 komme ned for \u00e5 sjekke b\u00e5ter og fort\u00f8yninger da flere b\u00e5ter allerede hadde f\u00e5tt skader. Det er ikke alle som er s\u00e5 veldig gode til \u00e5 fort\u00f8ye og jeg kunne med selvsyn se b\u00e5ter som fikk skader mens jeg satt der. Noen hadde ikke engang fendere p\u00e5 plass!<\/p>\n<p>Jeg f\u00f8lte meg litt hjelpel\u00f8s, men tok som sagt ikke sjansen p\u00e5 \u00e5 g\u00e5 ut p\u00e5 utriggeren, og siden de b\u00e5tene jeg s\u00e5 helt tydelig fikk riper var s\u00e5 sm\u00e5 at jeg ikke ville hatt noe \u00e5 holde i hvis jeg skulle ha kommet meg ut p\u00e5 brygga for \u00e5 hjelpe til, s\u00e5 kunne jeg ikke ha gjort noe fornuftig.&nbsp;<\/p>\n<figure id=\"attachment_19774\" aria-describedby=\"caption-attachment-19774\" style=\"width: 640px\" class=\"wp-caption aligncenter\"><a href=\"https:\/\/i0.wp.com\/pequod.nesodd1.no\/wp-content\/uploads\/2020\/09\/1D2C1C3C-056F-44B7-9722-47B1CBAD4259.jpeg.67644a1d4b6a804640d42ff2df1ac1e9.jpeg?ssl=1\"><img data-recalc-dims=\"1\" loading=\"lazy\" decoding=\"async\" data-attachment-id=\"19774\" data-permalink=\"https:\/\/pequod.nesodd1.no\/?attachment_id=19774\" data-orig-file=\"https:\/\/i0.wp.com\/pequod.nesodd1.no\/wp-content\/uploads\/2020\/09\/1D2C1C3C-056F-44B7-9722-47B1CBAD4259.jpeg.67644a1d4b6a804640d42ff2df1ac1e9.jpeg?fit=640%2C480&amp;ssl=1\" data-orig-size=\"640,480\" data-comments-opened=\"1\" data-image-meta=\"{&quot;aperture&quot;:&quot;0&quot;,&quot;credit&quot;:&quot;&quot;,&quot;camera&quot;:&quot;&quot;,&quot;caption&quot;:&quot;&quot;,&quot;created_timestamp&quot;:&quot;0&quot;,&quot;copyright&quot;:&quot;&quot;,&quot;focal_length&quot;:&quot;0&quot;,&quot;iso&quot;:&quot;0&quot;,&quot;shutter_speed&quot;:&quot;0&quot;,&quot;title&quot;:&quot;&quot;,&quot;orientation&quot;:&quot;0&quot;}\" data-image-title=\"1D2C1C3C-056F-44B7-9722-47B1CBAD4259.jpeg.67644a1d4b6a804640d42ff2df1ac1e9\" data-image-description=\"&lt;p&gt;Oksval b\u00e5thavn&lt;\/p&gt;\n\" data-image-caption=\"&lt;p&gt;Fort\u00f8yd og forn\u00f8yd i hjemmehavna&lt;\/p&gt;\n\" data-large-file=\"https:\/\/i0.wp.com\/pequod.nesodd1.no\/wp-content\/uploads\/2020\/09\/1D2C1C3C-056F-44B7-9722-47B1CBAD4259.jpeg.67644a1d4b6a804640d42ff2df1ac1e9.jpeg?fit=640%2C480&amp;ssl=1\" class=\"size-full wp-image-19774\" src=\"https:\/\/i0.wp.com\/pequod.nesodd1.no\/wp-content\/uploads\/2020\/09\/1D2C1C3C-056F-44B7-9722-47B1CBAD4259.jpeg.67644a1d4b6a804640d42ff2df1ac1e9.jpeg?resize=640%2C480&#038;ssl=1\" alt=\"\" width=\"640\" height=\"480\" srcset=\"https:\/\/i0.wp.com\/pequod.nesodd1.no\/wp-content\/uploads\/2020\/09\/1D2C1C3C-056F-44B7-9722-47B1CBAD4259.jpeg.67644a1d4b6a804640d42ff2df1ac1e9.jpeg?w=640&amp;ssl=1 640w, https:\/\/i0.wp.com\/pequod.nesodd1.no\/wp-content\/uploads\/2020\/09\/1D2C1C3C-056F-44B7-9722-47B1CBAD4259.jpeg.67644a1d4b6a804640d42ff2df1ac1e9.jpeg?resize=300%2C225&amp;ssl=1 300w, https:\/\/i0.wp.com\/pequod.nesodd1.no\/wp-content\/uploads\/2020\/09\/1D2C1C3C-056F-44B7-9722-47B1CBAD4259.jpeg.67644a1d4b6a804640d42ff2df1ac1e9.jpeg?resize=100%2C75&amp;ssl=1 100w\" sizes=\"auto, (max-width: 640px) 100vw, 640px\" \/><\/a><figcaption id=\"caption-attachment-19774\" class=\"wp-caption-text\">Fort\u00f8yd og forn\u00f8yd i hjemmehavna<\/figcaption><\/figure>\n<p>Observerte at det etter hvert kom endel folk ned for \u00e5 sjekke b\u00e5tene sine, ogs\u00e5 noen av de jeg s\u00e5 hadde problemer.&nbsp;Bare gir en ekstra aktualitet til r\u00e5det om \u00e5 alltid fort\u00f8ye for storm!<\/p>\n<p>Selv kunne jeg konstatere at mine fort\u00f8yninger holdt stand, og jeg kokte meg mer kaffe og spiste resten av br\u00f8det mens jeg pakket opp PCen igjen og satt p\u00e5 nettet noen timer f\u00f8r jeg tok sjansen p\u00e5 \u00e5 komme meg ut av b\u00e5ten!<\/p>\n<p>En vindfull avslutning p\u00e5 et seks ukers langt b\u00e5teventyr! Takk for at du har lest helt hit, jeg skal snart utp\u00e5 igjen, s\u00e5 flere turrapporter kommer nok i l\u00f8pet av h\u00f8sten, og jeg skal ogs\u00e5 forfatte en liten oppsummering av disse ukene.<\/p>\n<p>Men det kommer nok til \u00e5 gynge litt hos meg i flere dager f\u00f8r jeg f\u00e5r tilbake &laquo;landf\u00f8lelsen&raquo;! \ud83d\ude00<\/p>\n<h3>Related Images:<\/h3>","protected":false},"excerpt":{"rendered":"<p>Etter seks uker p\u00e5 tur ligger Bergtatt n\u00e5 fort\u00f8yd i hjemmehavna. med litt andre gj\u00f8rem\u00e5l p\u00e5 land skal den f\u00e5 seg noen dagers pause. Og deretter m\u00e5 det ryddes og vaskes litt om bord &#8211; seks uker p\u00e5 tur med en gammel gubbe alene om bord betyr litt rot her og der, for \u00e5 si &hellip;<br \/><a href=\"https:\/\/pequod.nesodd1.no\/?p=19736\" class=\"more-link pen_element_default pen_icon_arrow_double\">Les<\/a><\/p>\n","protected":false},"author":1,"featured_media":19755,"comment_status":"open","ping_status":"open","sticky":false,"template":"","format":"standard","meta":{"_crdt_document":"","ngg_post_thumbnail":0,"jetpack_post_was_ever_published":false,"_jetpack_newsletter_access":"","_jetpack_dont_email_post_to_subs":false,"_jetpack_newsletter_tier_id":0,"_jetpack_memberships_contains_paywalled_content":false,"_jetpack_memberships_contains_paid_content":false,"footnotes":""},"categories":[11,3,1043,147,4,8],"tags":[914,3396,729,3195,1466,3444,3443,2877,752],"class_list":["post-19736","post","type-post","status-publish","format-standard","has-post-thumbnail","hentry","category-pics","category-blogg","category-diverse","category-ferie","category-tur","category-vaer","tag-batferie","tag-batferien-2020","tag-festival","tag-november","tag-saetre","tag-sekkefabrikken","tag-sjarmoretappe","tag-slemmestad","tag-tofte"],"jetpack_featured_media_url":"https:\/\/i0.wp.com\/pequod.nesodd1.no\/wp-content\/uploads\/2020\/09\/6306F586-EC9B-4AE9-95DD-576BF52ED232.jpeg.e54de1c5dc61e4495df8ba1d2cd3f445.jpeg?fit=640%2C480&ssl=1","jetpack_shortlink":"https:\/\/wp.me\/p3Zd9b-58k","jetpack_sharing_enabled":true,"jetpack_likes_enabled":true,"jetpack-related-posts":[],"_links":{"self":[{"href":"https:\/\/pequod.nesodd1.no\/index.php?rest_route=\/wp\/v2\/posts\/19736","targetHints":{"allow":["GET"]}}],"collection":[{"href":"https:\/\/pequod.nesodd1.no\/index.php?rest_route=\/wp\/v2\/posts"}],"about":[{"href":"https:\/\/pequod.nesodd1.no\/index.php?rest_route=\/wp\/v2\/types\/post"}],"author":[{"embeddable":true,"href":"https:\/\/pequod.nesodd1.no\/index.php?rest_route=\/wp\/v2\/users\/1"}],"replies":[{"embeddable":true,"href":"https:\/\/pequod.nesodd1.no\/index.php?rest_route=%2Fwp%2Fv2%2Fcomments&post=19736"}],"version-history":[{"count":5,"href":"https:\/\/pequod.nesodd1.no\/index.php?rest_route=\/wp\/v2\/posts\/19736\/revisions"}],"predecessor-version":[{"id":19776,"href":"https:\/\/pequod.nesodd1.no\/index.php?rest_route=\/wp\/v2\/posts\/19736\/revisions\/19776"}],"wp:featuredmedia":[{"embeddable":true,"href":"https:\/\/pequod.nesodd1.no\/index.php?rest_route=\/wp\/v2\/media\/19755"}],"wp:attachment":[{"href":"https:\/\/pequod.nesodd1.no\/index.php?rest_route=%2Fwp%2Fv2%2Fmedia&parent=19736"}],"wp:term":[{"taxonomy":"category","embeddable":true,"href":"https:\/\/pequod.nesodd1.no\/index.php?rest_route=%2Fwp%2Fv2%2Fcategories&post=19736"},{"taxonomy":"post_tag","embeddable":true,"href":"https:\/\/pequod.nesodd1.no\/index.php?rest_route=%2Fwp%2Fv2%2Ftags&post=19736"}],"curies":[{"name":"wp","href":"https:\/\/api.w.org\/{rel}","templated":true}]}}