{"id":20821,"date":"2020-11-27T09:45:47","date_gmt":"2020-11-27T08:45:47","guid":{"rendered":"https:\/\/pequod.nesodd1.no\/?p=20821"},"modified":"2020-11-26T19:50:31","modified_gmt":"2020-11-26T18:50:31","slug":"ekstra-feriedager-neste-ar","status":"publish","type":"post","link":"https:\/\/pequod.nesodd1.no\/?p=20821","title":{"rendered":"Ekstra feriedager neste \u00e5r"},"content":{"rendered":"<p><strong>I \u00e5r har jeg &#8211; antakelig for f\u00f8rste gang siden jeg fikk b\u00e5t &#8211; m\u00e5ttet overf\u00f8re feriedager jeg har til gode i \u00e5r til neste \u00e5r. Og det til tross for at jeg har hatt tidenes b\u00e5tsommer i \u00e5r.<\/strong><!--more--><\/p>\n<p>Siden jeg fikk sansen for b\u00e5tlivet har jeg ikke akkurat hatt problemer med \u00e5 bruke opp feriedagene mine, for \u00e5 si det slik. Og siden jeg ogs\u00e5 g\u00e5r turnus, s\u00e5 kommer det en del avspaseringsdager innimellom i tillegg.<\/p>\n<p>I \u00e5r har mitt b\u00e5tliv &#8211; spesielt i mai, juni, juli, august og september &#8211; v\u00e6rt et sammensurium av feriedager, avspaseringsdager, vanlige fridager og &laquo;gjemmekontor-dager&raquo;. Til tross for det, har jeg alts\u00e5 seks feriedager til gode!<\/p>\n<p>Vanligvis er alle feriedagene mine brukt opp f\u00f8r h\u00f8stferien, men alts\u00e5 ikke i \u00e5r! Og det alts\u00e5 i et \u00e5r hvor jeg n\u00e6rmest har satt rekord i b\u00e5tbruk, i alle fall i sommerukene. Med to lange turer til S\u00f8rlandet i mai\/juni og august\/september.<\/p>\n<figure id=\"attachment_17615\" aria-describedby=\"caption-attachment-17615\" style=\"width: 300px\" class=\"wp-caption alignleft\"><a href=\"https:\/\/i0.wp.com\/pequod.nesodd1.no\/wp-content\/uploads\/2020\/03\/IMG-2862.jpg?ssl=1\"><img data-recalc-dims=\"1\" loading=\"lazy\" decoding=\"async\" data-attachment-id=\"17615\" data-permalink=\"https:\/\/pequod.nesodd1.no\/?attachment_id=17615\" data-orig-file=\"https:\/\/i0.wp.com\/pequod.nesodd1.no\/wp-content\/uploads\/2020\/03\/IMG-2862.jpg?fit=800%2C600&amp;ssl=1\" data-orig-size=\"800,600\" data-comments-opened=\"1\" data-image-meta=\"{&quot;aperture&quot;:&quot;2.8&quot;,&quot;credit&quot;:&quot;&quot;,&quot;camera&quot;:&quot;iPhone 8 Plus&quot;,&quot;caption&quot;:&quot;&quot;,&quot;created_timestamp&quot;:&quot;1534948797&quot;,&quot;copyright&quot;:&quot;&quot;,&quot;focal_length&quot;:&quot;6.6&quot;,&quot;iso&quot;:&quot;20&quot;,&quot;shutter_speed&quot;:&quot;0.0017730496453901&quot;,&quot;title&quot;:&quot;&quot;,&quot;orientation&quot;:&quot;1&quot;}\" data-image-title=\"IMG-2862\" data-image-description=\"&lt;p&gt;Farsund&lt;\/p&gt;\n\" data-image-caption=\"&lt;p&gt;Seks ekstra feriedager \u00e5 bruke neste \u00e5r&amp;#8230;kanskje en ny tur til S\u00f8rlandet?&lt;\/p&gt;\n\" data-large-file=\"https:\/\/i0.wp.com\/pequod.nesodd1.no\/wp-content\/uploads\/2020\/03\/IMG-2862.jpg?fit=800%2C600&amp;ssl=1\" class=\"size-medium wp-image-17615\" src=\"https:\/\/i0.wp.com\/pequod.nesodd1.no\/wp-content\/uploads\/2020\/03\/IMG-2862.jpg?resize=300%2C225&#038;ssl=1\" alt=\"\" width=\"300\" height=\"225\" srcset=\"https:\/\/i0.wp.com\/pequod.nesodd1.no\/wp-content\/uploads\/2020\/03\/IMG-2862.jpg?resize=300%2C225&amp;ssl=1 300w, https:\/\/i0.wp.com\/pequod.nesodd1.no\/wp-content\/uploads\/2020\/03\/IMG-2862.jpg?resize=100%2C75&amp;ssl=1 100w, https:\/\/i0.wp.com\/pequod.nesodd1.no\/wp-content\/uploads\/2020\/03\/IMG-2862.jpg?resize=768%2C576&amp;ssl=1 768w, https:\/\/i0.wp.com\/pequod.nesodd1.no\/wp-content\/uploads\/2020\/03\/IMG-2862.jpg?w=800&amp;ssl=1 800w\" sizes=\"auto, (max-width: 300px) 100vw, 300px\" \/><\/a><figcaption id=\"caption-attachment-17615\" class=\"wp-caption-text\">Seks ekstra feriedager \u00e5 bruke neste \u00e5r&#8230;kanskje en ny tur til S\u00f8rlandet?<\/figcaption><\/figure>\n<p>Men nettopp siden jeg samtidig har jobbet en god del om bord i disse ukene, og dermed ikke tatt ut alt som ferie, s\u00e5 sitter jeg igjen med flere ubrukte feriedager n\u00e5 som det er dr\u00f8ye fem uker igjen av \u00e5ret. Det m\u00e5 vel v\u00e6re f\u00f8rste gang siden 2013!<\/p>\n<p>Siden jeg g\u00e5r turnus og automatisk f\u00e5r flere fridager i jula, s\u00e5 har jeg heller ikke behov for \u00e5 bruke noen av feriedagene i jula, jeg har nok fri som det er.<\/p>\n<p>S\u00e5 i utgangspunktet har jeg da seks ekstra dager til t\u00f8ffe rundt p\u00e5 sj\u00f8en neste \u00e5r, og det h\u00f8res ikke dumt ut!<\/p>\n<p>Jeg har forel\u00f8pig ikke lagt noen planer for neste \u00e5r, koronasituasjonen gj\u00f8r det litt vanskelig, men jeg har enn\u00e5 god tid til \u00e5 finne ut av hvordan jeg skal legge opp ferien, ettersom det enn\u00e5 er et par m\u00e5neder f\u00f8r jobben begynner \u00e5 mase om \u00e5 levere ferie\u00f8nskene&#8230;<\/p>\n<p>Jeg planlegger uansett aldri i detalj, det tar bort litt av sjarmen med b\u00e5tlivet, men jeg tror nok at det mest sannsynlig blir en ny tur til S\u00f8rlandet, i alle fall tidlig p\u00e5 sommeren.<\/p>\n<p>Sverigetur &#8211; med mulighet for \u00e5 stikke innom Danmark &#8211; tror jeg tidligst det blir p\u00e5 sensommeren. Hvis vi har flaks.&nbsp;<\/p>\n<p>Vi f\u00e5r bare se hvordan koronapandemien utvikler seg. Det er lite annet vi kan gj\u00f8re slik det ser ut n\u00e5.<\/p>\n<p>&nbsp;<\/p>\n<h3>Related Images:<\/h3>","protected":false},"excerpt":{"rendered":"<p>I \u00e5r har jeg &#8211; antakelig for f\u00f8rste gang siden jeg fikk b\u00e5t &#8211; m\u00e5ttet overf\u00f8re feriedager jeg har til gode i \u00e5r til neste \u00e5r. Og det til tross for at jeg har hatt tidenes b\u00e5tsommer i \u00e5r. Related Images:<\/p>\n","protected":false},"author":1,"featured_media":19607,"comment_status":"open","ping_status":"open","sticky":false,"template":"","format":"standard","meta":{"_crdt_document":"","ngg_post_thumbnail":0,"jetpack_post_was_ever_published":false,"_jetpack_newsletter_access":"","_jetpack_dont_email_post_to_subs":false,"_jetpack_newsletter_tier_id":0,"_jetpack_memberships_contains_paywalled_content":false,"_jetpack_memberships_contains_paid_content":false,"footnotes":""},"categories":[3,1043,147,4],"tags":[914,250,3495,3499,3497,3498,3496],"class_list":["post-20821","post","type-post","status-publish","format-standard","has-post-thumbnail","hentry","category-blogg","category-diverse","category-ferie","category-tur","tag-batferie","tag-ferie-2","tag-feriedager","tag-ferieloven","tag-ferieoverforing","tag-overforing","tag-ubrukt-ferie"],"jetpack_featured_media_url":"https:\/\/i0.wp.com\/pequod.nesodd1.no\/wp-content\/uploads\/2020\/09\/E9BA862B-7193-4354-9E4F-686931F794B2.jpeg.acbb94e67e4039c70a77b6024c570c0e.jpeg?fit=640%2C480&ssl=1","jetpack_shortlink":"https:\/\/wp.me\/p3Zd9b-5pP","jetpack_sharing_enabled":true,"jetpack_likes_enabled":true,"jetpack-related-posts":[],"_links":{"self":[{"href":"https:\/\/pequod.nesodd1.no\/index.php?rest_route=\/wp\/v2\/posts\/20821","targetHints":{"allow":["GET"]}}],"collection":[{"href":"https:\/\/pequod.nesodd1.no\/index.php?rest_route=\/wp\/v2\/posts"}],"about":[{"href":"https:\/\/pequod.nesodd1.no\/index.php?rest_route=\/wp\/v2\/types\/post"}],"author":[{"embeddable":true,"href":"https:\/\/pequod.nesodd1.no\/index.php?rest_route=\/wp\/v2\/users\/1"}],"replies":[{"embeddable":true,"href":"https:\/\/pequod.nesodd1.no\/index.php?rest_route=%2Fwp%2Fv2%2Fcomments&post=20821"}],"version-history":[{"count":7,"href":"https:\/\/pequod.nesodd1.no\/index.php?rest_route=\/wp\/v2\/posts\/20821\/revisions"}],"predecessor-version":[{"id":20828,"href":"https:\/\/pequod.nesodd1.no\/index.php?rest_route=\/wp\/v2\/posts\/20821\/revisions\/20828"}],"wp:featuredmedia":[{"embeddable":true,"href":"https:\/\/pequod.nesodd1.no\/index.php?rest_route=\/wp\/v2\/media\/19607"}],"wp:attachment":[{"href":"https:\/\/pequod.nesodd1.no\/index.php?rest_route=%2Fwp%2Fv2%2Fmedia&parent=20821"}],"wp:term":[{"taxonomy":"category","embeddable":true,"href":"https:\/\/pequod.nesodd1.no\/index.php?rest_route=%2Fwp%2Fv2%2Fcategories&post=20821"},{"taxonomy":"post_tag","embeddable":true,"href":"https:\/\/pequod.nesodd1.no\/index.php?rest_route=%2Fwp%2Fv2%2Ftags&post=20821"}],"curies":[{"name":"wp","href":"https:\/\/api.w.org\/{rel}","templated":true}]}}