{"id":22275,"date":"2021-07-29T10:01:15","date_gmt":"2021-07-29T08:01:15","guid":{"rendered":"https:\/\/pequod.nesodd1.no\/?p=22275"},"modified":"2021-07-22T14:18:25","modified_gmt":"2021-07-22T12:18:25","slug":"en-liten-omvei-til-sverige","status":"publish","type":"post","link":"https:\/\/pequod.nesodd1.no\/?p=22275","title":{"rendered":"En liten omvei til Sverige?"},"content":{"rendered":"<p><strong>Ting begynner \u00e5 se lysere ut, eller rettere sagt, gr\u00f8nnere ut. Og da tenker jeg p\u00e5 koronapandemien og ikke landskap&#8230; Da jeg planla \u00e5rets tokt hadde jeg ikke Sverige i tankene i det hele tatt, men som fullvaksinert og med den viktigste &laquo;b\u00e5tregionen&raquo; i Sverige koronagr\u00f8nn, s\u00e5 har tanken om \u00e5 ta en liten sveip innom Sverige p\u00e5 returen sneket seg inn.<\/strong><!--more--><\/p>\n<p>Har man b\u00e5t og bor i den innerste delen av Oslofjorden er man n\u00e6rmest programforpliktet til \u00e5 dra over til Sverige med b\u00e5ten &#8211; og det var da ogs\u00e5 min f\u00f8rste langtur med snekka da jeg hadde min f\u00f8rste ordentlige b\u00e5tferie sensommeren 2014.<\/p>\n<p>Da endte jeg opp p\u00e5 Vettnet p\u00e5 Nord-Koster &#8211; fortsatt min favoritthavn p\u00e5 Koster.<\/p>\n<p><a href=\"https:\/\/i0.wp.com\/pequod.nesodd1.no\/wp-content\/uploads\/2016\/08\/1-IMG_5528.jpg?ssl=1\"><img data-recalc-dims=\"1\" loading=\"lazy\" decoding=\"async\" data-attachment-id=\"9771\" data-permalink=\"https:\/\/pequod.nesodd1.no\/?attachment_id=9771\" data-orig-file=\"https:\/\/i0.wp.com\/pequod.nesodd1.no\/wp-content\/uploads\/2016\/08\/1-IMG_5528.jpg?fit=1024%2C683&amp;ssl=1\" data-orig-size=\"1024,683\" data-comments-opened=\"1\" data-image-meta=\"{&quot;aperture&quot;:&quot;10&quot;,&quot;credit&quot;:&quot;Picasa&quot;,&quot;camera&quot;:&quot;Canon EOS 700D&quot;,&quot;caption&quot;:&quot;&quot;,&quot;created_timestamp&quot;:&quot;1470392858&quot;,&quot;copyright&quot;:&quot;&quot;,&quot;focal_length&quot;:&quot;21&quot;,&quot;iso&quot;:&quot;100&quot;,&quot;shutter_speed&quot;:&quot;0.004&quot;,&quot;title&quot;:&quot;&quot;,&quot;orientation&quot;:&quot;0&quot;}\" data-image-title=\"1-IMG_5528\" data-image-description=\"&lt;p&gt;Vettnet, Koster, Sverige&lt;\/p&gt;\n\" data-image-caption=\"&lt;p&gt;Mulig jeg legger til et annet sted p\u00e5 Koster enn Vettnet i \u00e5r&amp;#8230;&lt;\/p&gt;\n\" data-large-file=\"https:\/\/i0.wp.com\/pequod.nesodd1.no\/wp-content\/uploads\/2016\/08\/1-IMG_5528.jpg?fit=940%2C627&amp;ssl=1\" class=\"aligncenter size-full wp-image-9771\" src=\"https:\/\/i0.wp.com\/pequod.nesodd1.no\/wp-content\/uploads\/2016\/08\/1-IMG_5528.jpg?resize=940%2C627&#038;ssl=1\" alt=\"\" width=\"940\" height=\"627\" srcset=\"https:\/\/i0.wp.com\/pequod.nesodd1.no\/wp-content\/uploads\/2016\/08\/1-IMG_5528.jpg?w=1024&amp;ssl=1 1024w, https:\/\/i0.wp.com\/pequod.nesodd1.no\/wp-content\/uploads\/2016\/08\/1-IMG_5528.jpg?resize=300%2C200&amp;ssl=1 300w, https:\/\/i0.wp.com\/pequod.nesodd1.no\/wp-content\/uploads\/2016\/08\/1-IMG_5528.jpg?resize=768%2C512&amp;ssl=1 768w\" sizes=\"auto, (max-width: 940px) 100vw, 940px\" \/><\/a>Siden da har jeg v\u00e6rt over grensen til Sverige omtrent hvert \u00e5r. I 2019 var jeg s\u00e5gar helet nede til G\u00f6teborg og i fjor &#8211; f\u00f8r pandemien slo til &#8211; hadde jeg planer om en tur b\u00e5de til Sverige og Danmark.<\/p>\n<p>Forut i b\u00e5ten har jeg en svart plastsekk med tomflasker kj\u00f8pt i Sverige som jeg kan pante med en gang jeg kommer i n\u00e6rheten av en svensk butikk med panteautomat&#8230; Og enda flere hjemme.<\/p>\n<p>S\u00e5 om ikke annet m\u00e5 jeg jo en tur innom Sverige for \u00e5 f\u00e5 mer stueplass i b\u00e5ten! \ud83d\ude42<\/p>\n<figure id=\"attachment_16249\" aria-describedby=\"caption-attachment-16249\" style=\"width: 800px\" class=\"wp-caption aligncenter\"><a href=\"https:\/\/i0.wp.com\/pequod.nesodd1.no\/wp-content\/uploads\/2019\/08\/IMG-1355.jpg?ssl=1\"><img data-recalc-dims=\"1\" loading=\"lazy\" decoding=\"async\" data-attachment-id=\"16249\" data-permalink=\"https:\/\/pequod.nesodd1.no\/?attachment_id=16249\" data-orig-file=\"https:\/\/i0.wp.com\/pequod.nesodd1.no\/wp-content\/uploads\/2019\/08\/IMG-1355.jpg?fit=800%2C600&amp;ssl=1\" data-orig-size=\"800,600\" data-comments-opened=\"1\" data-image-meta=\"{&quot;aperture&quot;:&quot;1.8&quot;,&quot;credit&quot;:&quot;&quot;,&quot;camera&quot;:&quot;iPhone 8 Plus&quot;,&quot;caption&quot;:&quot;&quot;,&quot;created_timestamp&quot;:&quot;1566125136&quot;,&quot;copyright&quot;:&quot;&quot;,&quot;focal_length&quot;:&quot;3.99&quot;,&quot;iso&quot;:&quot;20&quot;,&quot;shutter_speed&quot;:&quot;0.0003960396039604&quot;,&quot;title&quot;:&quot;&quot;,&quot;orientation&quot;:&quot;1&quot;}\" data-image-title=\"IMG-1355\" data-image-description=\"&lt;p&gt;G\u00f6teborg, Sverige&lt;\/p&gt;\n\" data-image-caption=\"&lt;p&gt;G\u00f6teborg i 2019 &amp;#8211; sist gang jeg var i Sverige med b\u00e5t.&lt;\/p&gt;\n\" data-large-file=\"https:\/\/i0.wp.com\/pequod.nesodd1.no\/wp-content\/uploads\/2019\/08\/IMG-1355.jpg?fit=800%2C600&amp;ssl=1\" class=\"size-full wp-image-16249\" src=\"https:\/\/i0.wp.com\/pequod.nesodd1.no\/wp-content\/uploads\/2019\/08\/IMG-1355.jpg?resize=800%2C600&#038;ssl=1\" alt=\"\" width=\"800\" height=\"600\" srcset=\"https:\/\/i0.wp.com\/pequod.nesodd1.no\/wp-content\/uploads\/2019\/08\/IMG-1355.jpg?w=800&amp;ssl=1 800w, https:\/\/i0.wp.com\/pequod.nesodd1.no\/wp-content\/uploads\/2019\/08\/IMG-1355.jpg?resize=100%2C75&amp;ssl=1 100w, https:\/\/i0.wp.com\/pequod.nesodd1.no\/wp-content\/uploads\/2019\/08\/IMG-1355.jpg?resize=300%2C225&amp;ssl=1 300w, https:\/\/i0.wp.com\/pequod.nesodd1.no\/wp-content\/uploads\/2019\/08\/IMG-1355.jpg?resize=768%2C576&amp;ssl=1 768w\" sizes=\"auto, (max-width: 800px) 100vw, 800px\" \/><\/a><figcaption id=\"caption-attachment-16249\" class=\"wp-caption-text\">G\u00f6teborg i 2019 &#8211; sist gang jeg var i Sverige med b\u00e5t.<\/figcaption><\/figure>\n<p>Vi f\u00e5r se n\u00e5r jeg er tilbake p\u00e5 S\u00f8rlandet i september, hvordan situasjonen er da, og ikke minst om tid og v\u00e6r tillater det. Men tanken frister meg jo mer og mer&#8230; P\u00e5 den tiden av \u00e5ret f\u00e5r jeg i tillegg plass absolutt over alt ettersom det er langt forbi h\u00f8ysesongen.<\/p>\n<p>Da tenker jeg i s\u00e5 fall mest p\u00e5 Koster samt en svingom til Str\u00f6mstad og kanskje en eller to havne til langs Kosterfjorden. Tilbake i Norge er jeg fristet til \u00e5 dra inn til Halden og til Iddefjorden &#8211; har ikke v\u00e6rt i det omr\u00e5det siden 2016 &#8211; alts\u00e5 ikke med Tresfjorden i det hele tatt.<\/p>\n<p>I skrivende stund m\u00e5 jeg uansett innom Sponvika i Ringdalsfjorden (fjorden under Svinesundsbroene) for \u00e5 registrere at jeg har v\u00e6rt med b\u00e5t i Sverige. Siden jeg er fullvaksinert slipper jeg testing og karantene, men er pliktig til \u00e5 registrere meg hos politiet der.&nbsp;<\/p>\n<p>Men det kan fort forandre seg i l\u00f8pet av de to n\u00e6rmeste m\u00e5nedene. Om noe, s\u00e5 har pandemien vist oss det, gang p\u00e5 gang.<\/p>\n<figure id=\"attachment_9368\" aria-describedby=\"caption-attachment-9368\" style=\"width: 3000px\" class=\"wp-caption aligncenter\"><a href=\"https:\/\/i0.wp.com\/pequod.nesodd1.no\/wp-content\/uploads\/2016\/06\/IMG_1210.jpg?ssl=1\"><img data-recalc-dims=\"1\" loading=\"lazy\" decoding=\"async\" data-attachment-id=\"9368\" data-permalink=\"https:\/\/pequod.nesodd1.no\/?attachment_id=9368\" data-orig-file=\"https:\/\/i0.wp.com\/pequod.nesodd1.no\/wp-content\/uploads\/2016\/06\/IMG_1210.jpg?fit=3000%2C2250&amp;ssl=1\" data-orig-size=\"3000,2250\" data-comments-opened=\"1\" data-image-meta=\"{&quot;aperture&quot;:&quot;2.2&quot;,&quot;credit&quot;:&quot;&quot;,&quot;camera&quot;:&quot;iPhone 6&quot;,&quot;caption&quot;:&quot;&quot;,&quot;created_timestamp&quot;:&quot;1466345140&quot;,&quot;copyright&quot;:&quot;&quot;,&quot;focal_length&quot;:&quot;4.15&quot;,&quot;iso&quot;:&quot;32&quot;,&quot;shutter_speed&quot;:&quot;0.000378931413414&quot;,&quot;title&quot;:&quot;&quot;,&quot;orientation&quot;:&quot;1&quot;}\" data-image-title=\"IMG_1210.JPG\" data-image-description=\"&lt;p&gt;Halden&lt;\/p&gt;\n\" data-image-caption=\"&lt;p&gt;Ville ikke hatt noe imot en retur til Halden&lt;\/p&gt;\n\" data-large-file=\"https:\/\/i0.wp.com\/pequod.nesodd1.no\/wp-content\/uploads\/2016\/06\/IMG_1210.jpg?fit=940%2C705&amp;ssl=1\" class=\"size-full wp-image-9368\" src=\"https:\/\/i0.wp.com\/pequod.nesodd1.no\/wp-content\/uploads\/2016\/06\/IMG_1210.jpg?resize=940%2C705&#038;ssl=1\" alt=\"\" width=\"940\" height=\"705\" srcset=\"https:\/\/i0.wp.com\/pequod.nesodd1.no\/wp-content\/uploads\/2016\/06\/IMG_1210.jpg?w=3000&amp;ssl=1 3000w, https:\/\/i0.wp.com\/pequod.nesodd1.no\/wp-content\/uploads\/2016\/06\/IMG_1210.jpg?resize=300%2C225&amp;ssl=1 300w, https:\/\/i0.wp.com\/pequod.nesodd1.no\/wp-content\/uploads\/2016\/06\/IMG_1210.jpg?resize=768%2C576&amp;ssl=1 768w, https:\/\/i0.wp.com\/pequod.nesodd1.no\/wp-content\/uploads\/2016\/06\/IMG_1210.jpg?resize=1024%2C768&amp;ssl=1 1024w, https:\/\/i0.wp.com\/pequod.nesodd1.no\/wp-content\/uploads\/2016\/06\/IMG_1210.jpg?w=1880&amp;ssl=1 1880w, https:\/\/i0.wp.com\/pequod.nesodd1.no\/wp-content\/uploads\/2016\/06\/IMG_1210.jpg?w=2820&amp;ssl=1 2820w\" sizes=\"auto, (max-width: 940px) 100vw, 940px\" \/><\/a><figcaption id=\"caption-attachment-9368\" class=\"wp-caption-text\">Ville ikke hatt noe imot en retur til Halden<\/figcaption><\/figure>\n<h3>Related Images:<\/h3>","protected":false},"excerpt":{"rendered":"<p>Ting begynner \u00e5 se lysere ut, eller rettere sagt, gr\u00f8nnere ut. Og da tenker jeg p\u00e5 koronapandemien og ikke landskap&#8230; Da jeg planla \u00e5rets tokt hadde jeg ikke Sverige i tankene i det hele tatt, men som fullvaksinert og med den viktigste &laquo;b\u00e5tregionen&raquo; i Sverige koronagr\u00f8nn, s\u00e5 har tanken om \u00e5 ta en liten sveip &hellip;<br \/><a href=\"https:\/\/pequod.nesodd1.no\/?p=22275\" class=\"more-link pen_element_default pen_icon_arrow_double\">Les<\/a><\/p>\n","protected":false},"author":1,"featured_media":15798,"comment_status":"open","ping_status":"open","sticky":false,"template":"","format":"standard","meta":{"_crdt_document":"","ngg_post_thumbnail":0,"jetpack_post_was_ever_published":false,"_jetpack_newsletter_access":"","_jetpack_dont_email_post_to_subs":false,"_jetpack_newsletter_tier_id":0,"_jetpack_memberships_contains_paywalled_content":false,"_jetpack_memberships_contains_paid_content":false,"footnotes":""},"categories":[11,3,1043,148,4],"tags":[3260,3675,2262,3674,3676,934,1076],"class_list":["post-22275","post","type-post","status-publish","format-standard","has-post-thumbnail","hentry","category-pics","category-blogg","category-diverse","category-planlegging","category-tur","tag-korona","tag-koronalettelser","tag-registrering","tag-september","tag-sponvika","tag-sverige","tag-sverigetur"],"jetpack_featured_media_url":"https:\/\/i0.wp.com\/pequod.nesodd1.no\/wp-content\/uploads\/2019\/05\/IMG-8914.jpg?fit=800%2C600&ssl=1","jetpack_shortlink":"https:\/\/wp.me\/p3Zd9b-5Nh","jetpack_sharing_enabled":true,"jetpack_likes_enabled":true,"jetpack-related-posts":[],"_links":{"self":[{"href":"https:\/\/pequod.nesodd1.no\/index.php?rest_route=\/wp\/v2\/posts\/22275","targetHints":{"allow":["GET"]}}],"collection":[{"href":"https:\/\/pequod.nesodd1.no\/index.php?rest_route=\/wp\/v2\/posts"}],"about":[{"href":"https:\/\/pequod.nesodd1.no\/index.php?rest_route=\/wp\/v2\/types\/post"}],"author":[{"embeddable":true,"href":"https:\/\/pequod.nesodd1.no\/index.php?rest_route=\/wp\/v2\/users\/1"}],"replies":[{"embeddable":true,"href":"https:\/\/pequod.nesodd1.no\/index.php?rest_route=%2Fwp%2Fv2%2Fcomments&post=22275"}],"version-history":[{"count":6,"href":"https:\/\/pequod.nesodd1.no\/index.php?rest_route=\/wp\/v2\/posts\/22275\/revisions"}],"predecessor-version":[{"id":22616,"href":"https:\/\/pequod.nesodd1.no\/index.php?rest_route=\/wp\/v2\/posts\/22275\/revisions\/22616"}],"wp:featuredmedia":[{"embeddable":true,"href":"https:\/\/pequod.nesodd1.no\/index.php?rest_route=\/wp\/v2\/media\/15798"}],"wp:attachment":[{"href":"https:\/\/pequod.nesodd1.no\/index.php?rest_route=%2Fwp%2Fv2%2Fmedia&parent=22275"}],"wp:term":[{"taxonomy":"category","embeddable":true,"href":"https:\/\/pequod.nesodd1.no\/index.php?rest_route=%2Fwp%2Fv2%2Fcategories&post=22275"},{"taxonomy":"post_tag","embeddable":true,"href":"https:\/\/pequod.nesodd1.no\/index.php?rest_route=%2Fwp%2Fv2%2Ftags&post=22275"}],"curies":[{"name":"wp","href":"https:\/\/api.w.org\/{rel}","templated":true}]}}