{"id":22794,"date":"2021-08-24T14:54:33","date_gmt":"2021-08-24T12:54:33","guid":{"rendered":"https:\/\/pequod.nesodd1.no\/?p=22794"},"modified":"2021-08-24T14:54:33","modified_gmt":"2021-08-24T12:54:33","slug":"bud-ble-nordligste-punkt-denne-gangen","status":"publish","type":"post","link":"https:\/\/pequod.nesodd1.no\/?p=22794","title":{"rendered":"Bud ble nordligste punkt denne gangen"},"content":{"rendered":"<p><strong>I forrige uke tok jeg beslutningen om \u00e5 snu baugen s\u00f8rover. Men jeg klarte et siste lite bes\u00f8k i fiskev\u00e6ret Bud f\u00f8r jeg ga meg. Dermed ble Bud det nordligste punktet p\u00e5 \u00e5rets tokt.<\/strong><!--more--><\/p>\n<p>Det er jo noen dager siden jeg proklamerte at n\u00e5 skulle jeg sette baugen s\u00f8rover igjen, uten at jeg egentlig har klart det&#8230; F\u00f8rst gikk jo turen \u00f8stover til \u00c5ndalsnes og deretter vestover til Vestnes &#8211; til b\u00e5tens f\u00f8dested.<\/p>\n<p>Planen var da egentlig \u00e5 dra s\u00f8rover til \u00c5lesund, men jeg falt for fristelsen til \u00e5 pr\u00f8ve en siste gang p\u00e5 \u00e5 komme meg til Bud, og etter overnattingen p\u00e5 Vestnes dro jeg derfor dit ettersom webkameraet viste at det var nok av ledig plass.<\/p>\n<p>Det var litt sj\u00f8 i begynnelsen da jeg krysset over fjorden til Julsundet &#8211; og det kom noen solide regnskurer, men deretter gikk det greit videre til Bud, der jeg fikk fort\u00f8yd uten problemer. Det l\u00e5 to st\u00f8rre b\u00e5ter lenger ut p\u00e5 brygga, men ellers var det masse plass.<\/p>\n<p><a href=\"https:\/\/i0.wp.com\/pequod.nesodd1.no\/wp-content\/uploads\/2021\/08\/234903944_10157991015547032_3803957045054447223_n.jpg?ssl=1\"><img data-recalc-dims=\"1\" loading=\"lazy\" decoding=\"async\" data-attachment-id=\"22801\" data-permalink=\"https:\/\/pequod.nesodd1.no\/?attachment_id=22801\" data-orig-file=\"https:\/\/i0.wp.com\/pequod.nesodd1.no\/wp-content\/uploads\/2021\/08\/234903944_10157991015547032_3803957045054447223_n.jpg?fit=960%2C720&amp;ssl=1\" data-orig-size=\"960,720\" data-comments-opened=\"1\" data-image-meta=\"{&quot;aperture&quot;:&quot;0&quot;,&quot;credit&quot;:&quot;&quot;,&quot;camera&quot;:&quot;&quot;,&quot;caption&quot;:&quot;&quot;,&quot;created_timestamp&quot;:&quot;0&quot;,&quot;copyright&quot;:&quot;&quot;,&quot;focal_length&quot;:&quot;0&quot;,&quot;iso&quot;:&quot;0&quot;,&quot;shutter_speed&quot;:&quot;0&quot;,&quot;title&quot;:&quot;&quot;,&quot;orientation&quot;:&quot;0&quot;}\" data-image-title=\"234903944_10157991015547032_3803957045054447223_n\" data-image-description=\"&lt;p&gt;Bud, M\u00f8re og Romsdal&lt;\/p&gt;\n\" data-image-caption=\"\" data-large-file=\"https:\/\/i0.wp.com\/pequod.nesodd1.no\/wp-content\/uploads\/2021\/08\/234903944_10157991015547032_3803957045054447223_n.jpg?fit=940%2C705&amp;ssl=1\" class=\"aligncenter size-full wp-image-22801\" src=\"https:\/\/i0.wp.com\/pequod.nesodd1.no\/wp-content\/uploads\/2021\/08\/234903944_10157991015547032_3803957045054447223_n.jpg?resize=940%2C705&#038;ssl=1\" alt=\"\" width=\"940\" height=\"705\" srcset=\"https:\/\/i0.wp.com\/pequod.nesodd1.no\/wp-content\/uploads\/2021\/08\/234903944_10157991015547032_3803957045054447223_n.jpg?w=960&amp;ssl=1 960w, https:\/\/i0.wp.com\/pequod.nesodd1.no\/wp-content\/uploads\/2021\/08\/234903944_10157991015547032_3803957045054447223_n.jpg?resize=300%2C225&amp;ssl=1 300w, https:\/\/i0.wp.com\/pequod.nesodd1.no\/wp-content\/uploads\/2021\/08\/234903944_10157991015547032_3803957045054447223_n.jpg?resize=100%2C75&amp;ssl=1 100w, https:\/\/i0.wp.com\/pequod.nesodd1.no\/wp-content\/uploads\/2021\/08\/234903944_10157991015547032_3803957045054447223_n.jpg?resize=768%2C576&amp;ssl=1 768w\" sizes=\"auto, (max-width: 940px) 100vw, 940px\" \/><\/a>Bud er et fiskev\u00e6r som vel er siste havn f\u00f8r man krysser Hustadvika p\u00e5 vei mot Kristiansund. Det er et vell av gamle bygninger og sj\u00f8boder, et kystfort med museum og en over 300 \u00e5r gammel trekirke. Stedet har rett under 800 fastboende, men har b\u00e5de Bunnpris og Prix og en restaurant like veg brygga som ogs\u00e5 leier ut rom. S\u00e5 p\u00e5 rundturen min at det ogs\u00e5 var en del rorbuer som ble leid ut, og jeg s\u00e5 ogs\u00e5 flere bobiler.<\/p>\n<p><a href=\"https:\/\/i0.wp.com\/pequod.nesodd1.no\/wp-content\/uploads\/2021\/08\/DD9E83CF-2022-42F0-A24A-B64185CAD99E.jpeg.4871ecef3618652436173a2978b3ce19.jpeg?ssl=1\"><img data-recalc-dims=\"1\" loading=\"lazy\" decoding=\"async\" data-attachment-id=\"22802\" data-permalink=\"https:\/\/pequod.nesodd1.no\/?attachment_id=22802\" data-orig-file=\"https:\/\/i0.wp.com\/pequod.nesodd1.no\/wp-content\/uploads\/2021\/08\/DD9E83CF-2022-42F0-A24A-B64185CAD99E.jpeg.4871ecef3618652436173a2978b3ce19.jpeg?fit=1000%2C750&amp;ssl=1\" data-orig-size=\"1000,750\" data-comments-opened=\"1\" data-image-meta=\"{&quot;aperture&quot;:&quot;0&quot;,&quot;credit&quot;:&quot;&quot;,&quot;camera&quot;:&quot;&quot;,&quot;caption&quot;:&quot;&quot;,&quot;created_timestamp&quot;:&quot;0&quot;,&quot;copyright&quot;:&quot;&quot;,&quot;focal_length&quot;:&quot;0&quot;,&quot;iso&quot;:&quot;0&quot;,&quot;shutter_speed&quot;:&quot;0&quot;,&quot;title&quot;:&quot;&quot;,&quot;orientation&quot;:&quot;0&quot;}\" data-image-title=\"DD9E83CF-2022-42F0-A24A-B64185CAD99E.jpeg.4871ecef3618652436173a2978b3ce19\" data-image-description=\"&lt;p&gt;Bud, M\u00f8re og Romsdal&lt;\/p&gt;\n\" data-image-caption=\"\" data-large-file=\"https:\/\/i0.wp.com\/pequod.nesodd1.no\/wp-content\/uploads\/2021\/08\/DD9E83CF-2022-42F0-A24A-B64185CAD99E.jpeg.4871ecef3618652436173a2978b3ce19.jpeg?fit=940%2C705&amp;ssl=1\" class=\"aligncenter size-full wp-image-22802\" src=\"https:\/\/i0.wp.com\/pequod.nesodd1.no\/wp-content\/uploads\/2021\/08\/DD9E83CF-2022-42F0-A24A-B64185CAD99E.jpeg.4871ecef3618652436173a2978b3ce19.jpeg?resize=940%2C705&#038;ssl=1\" alt=\"\" width=\"940\" height=\"705\" srcset=\"https:\/\/i0.wp.com\/pequod.nesodd1.no\/wp-content\/uploads\/2021\/08\/DD9E83CF-2022-42F0-A24A-B64185CAD99E.jpeg.4871ecef3618652436173a2978b3ce19.jpeg?w=1000&amp;ssl=1 1000w, https:\/\/i0.wp.com\/pequod.nesodd1.no\/wp-content\/uploads\/2021\/08\/DD9E83CF-2022-42F0-A24A-B64185CAD99E.jpeg.4871ecef3618652436173a2978b3ce19.jpeg?resize=300%2C225&amp;ssl=1 300w, https:\/\/i0.wp.com\/pequod.nesodd1.no\/wp-content\/uploads\/2021\/08\/DD9E83CF-2022-42F0-A24A-B64185CAD99E.jpeg.4871ecef3618652436173a2978b3ce19.jpeg?resize=100%2C75&amp;ssl=1 100w, https:\/\/i0.wp.com\/pequod.nesodd1.no\/wp-content\/uploads\/2021\/08\/DD9E83CF-2022-42F0-A24A-B64185CAD99E.jpeg.4871ecef3618652436173a2978b3ce19.jpeg?resize=768%2C576&amp;ssl=1 768w\" sizes=\"auto, (max-width: 940px) 100vw, 940px\" \/><\/a>Jeg tok meg en tur rundt samme dag som jeg kom, og fikk handlet inn b\u00e5de Pepsi-Max og Syltebrus samt litt mer proviant. Ikke lenge etter at jeg var tilbake i b\u00e5ten banket det p\u00e5 skrogsiden. Det viste seg \u00e5 v\u00e6re en som jeg snakket med mens jeg l\u00e5 i Elnesv\u00e5gen for over en uke siden! Begge de to store b\u00e5tene kom fra Elnesv\u00e5gen. Han sa ifra om at det kom til \u00e5 komme en god del b\u00e5ter dagen etter (torsdag) og p\u00e5 fredagen, ettersom det skulle v\u00e6re et lite treff for b\u00e5teiere i distriktet. En slags sesongavslutning, regner jeg med.<\/p>\n<p><a href=\"https:\/\/i0.wp.com\/pequod.nesodd1.no\/wp-content\/uploads\/2021\/08\/IMG-6369.jpg.debe86baa1bc9a20e6652309603588c5.jpg?ssl=1\"><img data-recalc-dims=\"1\" loading=\"lazy\" decoding=\"async\" data-attachment-id=\"22803\" data-permalink=\"https:\/\/pequod.nesodd1.no\/?attachment_id=22803\" data-orig-file=\"https:\/\/i0.wp.com\/pequod.nesodd1.no\/wp-content\/uploads\/2021\/08\/IMG-6369.jpg.debe86baa1bc9a20e6652309603588c5.jpg?fit=960%2C720&amp;ssl=1\" data-orig-size=\"960,720\" data-comments-opened=\"1\" data-image-meta=\"{&quot;aperture&quot;:&quot;0&quot;,&quot;credit&quot;:&quot;&quot;,&quot;camera&quot;:&quot;&quot;,&quot;caption&quot;:&quot;&quot;,&quot;created_timestamp&quot;:&quot;0&quot;,&quot;copyright&quot;:&quot;&quot;,&quot;focal_length&quot;:&quot;0&quot;,&quot;iso&quot;:&quot;0&quot;,&quot;shutter_speed&quot;:&quot;0&quot;,&quot;title&quot;:&quot;&quot;,&quot;orientation&quot;:&quot;0&quot;}\" data-image-title=\"IMG-6369.jpg.debe86baa1bc9a20e6652309603588c5\" data-image-description=\"&lt;p&gt;Bud, M\u00f8re og Romsdal&lt;\/p&gt;\n\" data-image-caption=\"\" data-large-file=\"https:\/\/i0.wp.com\/pequod.nesodd1.no\/wp-content\/uploads\/2021\/08\/IMG-6369.jpg.debe86baa1bc9a20e6652309603588c5.jpg?fit=940%2C705&amp;ssl=1\" class=\"aligncenter size-full wp-image-22803\" src=\"https:\/\/i0.wp.com\/pequod.nesodd1.no\/wp-content\/uploads\/2021\/08\/IMG-6369.jpg.debe86baa1bc9a20e6652309603588c5.jpg?resize=940%2C705&#038;ssl=1\" alt=\"\" width=\"940\" height=\"705\" srcset=\"https:\/\/i0.wp.com\/pequod.nesodd1.no\/wp-content\/uploads\/2021\/08\/IMG-6369.jpg.debe86baa1bc9a20e6652309603588c5.jpg?w=960&amp;ssl=1 960w, https:\/\/i0.wp.com\/pequod.nesodd1.no\/wp-content\/uploads\/2021\/08\/IMG-6369.jpg.debe86baa1bc9a20e6652309603588c5.jpg?resize=300%2C225&amp;ssl=1 300w, https:\/\/i0.wp.com\/pequod.nesodd1.no\/wp-content\/uploads\/2021\/08\/IMG-6369.jpg.debe86baa1bc9a20e6652309603588c5.jpg?resize=100%2C75&amp;ssl=1 100w, https:\/\/i0.wp.com\/pequod.nesodd1.no\/wp-content\/uploads\/2021\/08\/IMG-6369.jpg.debe86baa1bc9a20e6652309603588c5.jpg?resize=768%2C576&amp;ssl=1 768w\" sizes=\"auto, (max-width: 940px) 100vw, 940px\" \/><\/a><\/p>\n<p>Jeg skulle uansett ligge der fra onsdag til fredag morgen p\u00e5 grunn av v\u00e6ret, s\u00e5 det passet bra at jeg skulle dra da!<\/p>\n<figure id=\"attachment_22804\" aria-describedby=\"caption-attachment-22804\" style=\"width: 960px\" class=\"wp-caption aligncenter\"><a href=\"https:\/\/i0.wp.com\/pequod.nesodd1.no\/wp-content\/uploads\/2021\/08\/236376191_10157991016022032_2146107403232194259_n.jpg?ssl=1\"><img data-recalc-dims=\"1\" loading=\"lazy\" decoding=\"async\" data-attachment-id=\"22804\" data-permalink=\"https:\/\/pequod.nesodd1.no\/?attachment_id=22804\" data-orig-file=\"https:\/\/i0.wp.com\/pequod.nesodd1.no\/wp-content\/uploads\/2021\/08\/236376191_10157991016022032_2146107403232194259_n.jpg?fit=960%2C720&amp;ssl=1\" data-orig-size=\"960,720\" data-comments-opened=\"1\" data-image-meta=\"{&quot;aperture&quot;:&quot;0&quot;,&quot;credit&quot;:&quot;&quot;,&quot;camera&quot;:&quot;&quot;,&quot;caption&quot;:&quot;&quot;,&quot;created_timestamp&quot;:&quot;0&quot;,&quot;copyright&quot;:&quot;&quot;,&quot;focal_length&quot;:&quot;0&quot;,&quot;iso&quot;:&quot;0&quot;,&quot;shutter_speed&quot;:&quot;0&quot;,&quot;title&quot;:&quot;&quot;,&quot;orientation&quot;:&quot;0&quot;}\" data-image-title=\"236376191_10157991016022032_2146107403232194259_n\" data-image-description=\"&lt;p&gt;Bud, M\u00f8re og Romsdal&lt;\/p&gt;\n\" data-image-caption=\"&lt;p&gt;Fra Bud i 2021, det lengste jeg har v\u00e6rt i Norge med egen b\u00e5t,&lt;\/p&gt;\n\" data-large-file=\"https:\/\/i0.wp.com\/pequod.nesodd1.no\/wp-content\/uploads\/2021\/08\/236376191_10157991016022032_2146107403232194259_n.jpg?fit=940%2C705&amp;ssl=1\" class=\"size-full wp-image-22804\" src=\"https:\/\/i0.wp.com\/pequod.nesodd1.no\/wp-content\/uploads\/2021\/08\/236376191_10157991016022032_2146107403232194259_n.jpg?resize=940%2C705&#038;ssl=1\" alt=\"\" width=\"940\" height=\"705\" srcset=\"https:\/\/i0.wp.com\/pequod.nesodd1.no\/wp-content\/uploads\/2021\/08\/236376191_10157991016022032_2146107403232194259_n.jpg?w=960&amp;ssl=1 960w, https:\/\/i0.wp.com\/pequod.nesodd1.no\/wp-content\/uploads\/2021\/08\/236376191_10157991016022032_2146107403232194259_n.jpg?resize=300%2C225&amp;ssl=1 300w, https:\/\/i0.wp.com\/pequod.nesodd1.no\/wp-content\/uploads\/2021\/08\/236376191_10157991016022032_2146107403232194259_n.jpg?resize=100%2C75&amp;ssl=1 100w, https:\/\/i0.wp.com\/pequod.nesodd1.no\/wp-content\/uploads\/2021\/08\/236376191_10157991016022032_2146107403232194259_n.jpg?resize=768%2C576&amp;ssl=1 768w\" sizes=\"auto, (max-width: 940px) 100vw, 940px\" \/><\/a><figcaption id=\"caption-attachment-22804\" class=\"wp-caption-text\">God plass f\u00f8r innrykket&#8230;<\/figcaption><\/figure>\n<p>Dagen etter kom det flere store b\u00e5ter b\u00e5e p\u00e5 formiddagen og ettermiddagen, og jeg valgte \u00e5 forhale b\u00e5ten min noen meter fram for \u00e5 frigj\u00f8re litt plass. I verste fall kunne det hende at jeg m\u00e5tte dra fra gjestebrygga og legge meg i b\u00e5tforeningens havn, men jeg slapp heldigvis det. Siden det skulle komme s\u00e5 mange b\u00e5ter, s\u00e5 tok de to som l\u00e5 der og flyttet seg lenger inn p\u00e5&raquo;brygga, og la seg med baugen ut for at det skulle bli mer plass. Havnesjefen kom ogs\u00e5 p\u00e5 bes\u00f8k, og lovet meg plass i b\u00e5tforeningen hvis det ble n\u00f8dvendig. Han hadde ogs\u00e5 en Tresfjord 29, s\u00e5 da ble det nok en b\u00e5tprat!<\/p>\n<figure id=\"attachment_22805\" aria-describedby=\"caption-attachment-22805\" style=\"width: 960px\" class=\"wp-caption aligncenter\"><a href=\"https:\/\/i0.wp.com\/pequod.nesodd1.no\/wp-content\/uploads\/2021\/08\/IMG-6364.jpg?ssl=1\"><img data-recalc-dims=\"1\" loading=\"lazy\" decoding=\"async\" data-attachment-id=\"22805\" data-permalink=\"https:\/\/pequod.nesodd1.no\/?attachment_id=22805\" data-orig-file=\"https:\/\/i0.wp.com\/pequod.nesodd1.no\/wp-content\/uploads\/2021\/08\/IMG-6364.jpg?fit=960%2C720&amp;ssl=1\" data-orig-size=\"960,720\" data-comments-opened=\"1\" data-image-meta=\"{&quot;aperture&quot;:&quot;0&quot;,&quot;credit&quot;:&quot;&quot;,&quot;camera&quot;:&quot;&quot;,&quot;caption&quot;:&quot;&quot;,&quot;created_timestamp&quot;:&quot;0&quot;,&quot;copyright&quot;:&quot;&quot;,&quot;focal_length&quot;:&quot;0&quot;,&quot;iso&quot;:&quot;0&quot;,&quot;shutter_speed&quot;:&quot;0&quot;,&quot;title&quot;:&quot;&quot;,&quot;orientation&quot;:&quot;0&quot;}\" data-image-title=\"IMG-6364\" data-image-description=\"&lt;p&gt;Bud, M\u00f8re og Romsdal&lt;\/p&gt;\n\" data-image-caption=\"\" data-large-file=\"https:\/\/i0.wp.com\/pequod.nesodd1.no\/wp-content\/uploads\/2021\/08\/IMG-6364.jpg?fit=940%2C705&amp;ssl=1\" class=\"wp-image-22805 size-full\" src=\"https:\/\/i0.wp.com\/pequod.nesodd1.no\/wp-content\/uploads\/2021\/08\/IMG-6364.jpg?resize=940%2C705&#038;ssl=1\" alt=\"\" width=\"940\" height=\"705\" srcset=\"https:\/\/i0.wp.com\/pequod.nesodd1.no\/wp-content\/uploads\/2021\/08\/IMG-6364.jpg?w=960&amp;ssl=1 960w, https:\/\/i0.wp.com\/pequod.nesodd1.no\/wp-content\/uploads\/2021\/08\/IMG-6364.jpg?resize=300%2C225&amp;ssl=1 300w, https:\/\/i0.wp.com\/pequod.nesodd1.no\/wp-content\/uploads\/2021\/08\/IMG-6364.jpg?resize=100%2C75&amp;ssl=1 100w, https:\/\/i0.wp.com\/pequod.nesodd1.no\/wp-content\/uploads\/2021\/08\/IMG-6364.jpg?resize=768%2C576&amp;ssl=1 768w\" sizes=\"auto, (max-width: 940px) 100vw, 940px\" \/><\/a><figcaption id=\"caption-attachment-22805\" class=\"wp-caption-text\">Utsikt mot Hustadvika<\/figcaption><\/figure>\n<p>Etter det ble jeg invitert om bord p\u00e5 en liten ankerdram hos han som hadde banket p\u00e5 &#8211; husker i farten ikke hvilket b\u00e5tmerke det var, men den var p\u00e5 60 fot! Da traff jeg ogs\u00e5 paret fra den andre b\u00e5ten fra Elnesv\u00e5gen, og etter \u00e5 ha snakket litt sammen fant vi ut at de hadde sett meg mens jeg l\u00e5 i Flor\u00f8! Det endte med at vi dro til restauranten Bryggjen sammen for \u00e5 spise. Jeg hadde blitt anbefalt \u00e5 pr\u00f8ve r\u00f8dseien p\u00e5 restauranten, men det viste seg at torsdager var en &laquo;ballebuffet&raquo; &#8211; alts\u00e5 b\u00e5de potetball (raspeball\/komle) og fiskeball, samt masse tilbeh\u00f8r. S\u00e5 jeg f\u00e5r ha r\u00f8dseien til godetil neste gang!<\/p>\n<p><a href=\"https:\/\/i0.wp.com\/pequod.nesodd1.no\/wp-content\/uploads\/2021\/08\/IMG-6372.jpg?ssl=1\"><img data-recalc-dims=\"1\" loading=\"lazy\" decoding=\"async\" data-attachment-id=\"22806\" data-permalink=\"https:\/\/pequod.nesodd1.no\/?attachment_id=22806\" data-orig-file=\"https:\/\/i0.wp.com\/pequod.nesodd1.no\/wp-content\/uploads\/2021\/08\/IMG-6372.jpg?fit=960%2C892&amp;ssl=1\" data-orig-size=\"960,892\" data-comments-opened=\"1\" data-image-meta=\"{&quot;aperture&quot;:&quot;0&quot;,&quot;credit&quot;:&quot;&quot;,&quot;camera&quot;:&quot;&quot;,&quot;caption&quot;:&quot;&quot;,&quot;created_timestamp&quot;:&quot;0&quot;,&quot;copyright&quot;:&quot;&quot;,&quot;focal_length&quot;:&quot;0&quot;,&quot;iso&quot;:&quot;0&quot;,&quot;shutter_speed&quot;:&quot;0&quot;,&quot;title&quot;:&quot;&quot;,&quot;orientation&quot;:&quot;0&quot;}\" data-image-title=\"IMG-6372\" data-image-description=\"&lt;p&gt;Bud, M\u00f8re og Romsdal, Bryggjen, ballbuffet&lt;\/p&gt;\n\" data-image-caption=\"\" data-large-file=\"https:\/\/i0.wp.com\/pequod.nesodd1.no\/wp-content\/uploads\/2021\/08\/IMG-6372.jpg?fit=940%2C873&amp;ssl=1\" class=\"alignright size-medium wp-image-22806\" src=\"https:\/\/i0.wp.com\/pequod.nesodd1.no\/wp-content\/uploads\/2021\/08\/IMG-6372.jpg?resize=300%2C279&#038;ssl=1\" alt=\"\" width=\"300\" height=\"279\" srcset=\"https:\/\/i0.wp.com\/pequod.nesodd1.no\/wp-content\/uploads\/2021\/08\/IMG-6372.jpg?resize=300%2C279&amp;ssl=1 300w, https:\/\/i0.wp.com\/pequod.nesodd1.no\/wp-content\/uploads\/2021\/08\/IMG-6372.jpg?resize=86%2C80&amp;ssl=1 86w, https:\/\/i0.wp.com\/pequod.nesodd1.no\/wp-content\/uploads\/2021\/08\/IMG-6372.jpg?resize=768%2C714&amp;ssl=1 768w, https:\/\/i0.wp.com\/pequod.nesodd1.no\/wp-content\/uploads\/2021\/08\/IMG-6372.jpg?w=960&amp;ssl=1 960w\" sizes=\"auto, (max-width: 300px) 100vw, 300px\" \/><\/a><\/p>\n<p>Etter to runder p\u00e5 buffeten var jeg s\u00e5 mett at jeg nesten ikke hadde plass til dessert, s\u00e5 det ble kun to sm\u00e5 kakestykker og en liten bit karamellpudding i tillegg til kaffen. Det var en veldig hyggelig kveld med hyggelige b\u00e5tfolk!<\/p>\n<p><a href=\"https:\/\/i0.wp.com\/pequod.nesodd1.no\/wp-content\/uploads\/2021\/08\/IMG-6344.jpg?ssl=1\"><img data-recalc-dims=\"1\" loading=\"lazy\" decoding=\"async\" data-attachment-id=\"22807\" data-permalink=\"https:\/\/pequod.nesodd1.no\/?attachment_id=22807\" data-orig-file=\"https:\/\/i0.wp.com\/pequod.nesodd1.no\/wp-content\/uploads\/2021\/08\/IMG-6344.jpg?fit=960%2C720&amp;ssl=1\" data-orig-size=\"960,720\" data-comments-opened=\"1\" data-image-meta=\"{&quot;aperture&quot;:&quot;0&quot;,&quot;credit&quot;:&quot;&quot;,&quot;camera&quot;:&quot;&quot;,&quot;caption&quot;:&quot;&quot;,&quot;created_timestamp&quot;:&quot;0&quot;,&quot;copyright&quot;:&quot;&quot;,&quot;focal_length&quot;:&quot;0&quot;,&quot;iso&quot;:&quot;0&quot;,&quot;shutter_speed&quot;:&quot;0&quot;,&quot;title&quot;:&quot;&quot;,&quot;orientation&quot;:&quot;0&quot;}\" data-image-title=\"IMG-6344\" data-image-description=\"&lt;p&gt;Bud, M\u00f8re og Romsdal, kystfort&lt;\/p&gt;\n\" data-image-caption=\"\" data-large-file=\"https:\/\/i0.wp.com\/pequod.nesodd1.no\/wp-content\/uploads\/2021\/08\/IMG-6344.jpg?fit=940%2C705&amp;ssl=1\" class=\"alignleft size-medium wp-image-22807\" src=\"https:\/\/i0.wp.com\/pequod.nesodd1.no\/wp-content\/uploads\/2021\/08\/IMG-6344.jpg?resize=300%2C225&#038;ssl=1\" alt=\"\" width=\"300\" height=\"225\" srcset=\"https:\/\/i0.wp.com\/pequod.nesodd1.no\/wp-content\/uploads\/2021\/08\/IMG-6344.jpg?resize=300%2C225&amp;ssl=1 300w, https:\/\/i0.wp.com\/pequod.nesodd1.no\/wp-content\/uploads\/2021\/08\/IMG-6344.jpg?resize=100%2C75&amp;ssl=1 100w, https:\/\/i0.wp.com\/pequod.nesodd1.no\/wp-content\/uploads\/2021\/08\/IMG-6344.jpg?resize=768%2C576&amp;ssl=1 768w, https:\/\/i0.wp.com\/pequod.nesodd1.no\/wp-content\/uploads\/2021\/08\/IMG-6344.jpg?w=960&amp;ssl=1 960w\" sizes=\"auto, (max-width: 300px) 100vw, 300px\" \/><\/a>Jeg rakk ogs\u00e5 en tur opp p\u00e5 utsiktspunktet ved det gamle kystfortet, men dessverre stengte museet for sesongen bare tre dager tidligere, s\u00e5 jeg fikk ingen omvisning i bunkersene. Nok en ting som jeg m\u00e5 ha til gode til neste bes\u00f8k! Slik er det gjerne n\u00e5r man har b\u00e5tferie utenom kjernesommeren &#8211; jeg har enn\u00e5 til gode \u00e5 bes\u00f8ket museet i Lillesand og se innsiden av Minnehallen for krigsseilerne i Stavern &#8211; fordi jeg alltid kommer dit enten f\u00f8r eller etter at sesongen er over&#8230;<\/p>\n<p>Da jeg dro av g\u00e5rde fra Bud fredag formiddag, etter at det hadde b\u00f8ttet ned i flere timer, s\u00e5 var vinden og b\u00f8lgene p\u00e5 utsiden s\u00e5pass ubehagelige at jeg valgte \u00e5 dra innover fjorden og ikke utover for \u00e5 bes\u00f8ke Bj\u00f8rnesund og Ona. Istedenfor endte jeg nok en gang i N\u00e6rb\u00f8v\u00e5gen hos Nautneset b\u00e5tforening. Det var en passe kort tur hovedsaklig for \u00e5 komme til et mer roligere sted enn det Bud ville v\u00e6rt. Og siden jeg var g\u00e5tt tom for mynter om bord, og glemte \u00e5 sp\u00f8rre i butikken i Bud om de kunne veksle, s\u00e5 hadde jeg behov for \u00e5 f\u00e5 vasket en del kl\u00e6r. Og i Nautneset vippser man for b\u00e5de dusj og vaskemaskin, slipper myntautomat.&nbsp;I tillegg tenkte jeg \u00e5 fylle diesel mens jeg l\u00e5 der.<\/p>\n<p>Alt gikk imidlertid ikke helt som planlagt&#8230;<\/p>\n<p>Joda, jeg fikk vasket, men noe jeg ikke hadde tenkt p\u00e5, var at b\u00e5tforeningens serviceanlegg ikke hadde t\u00f8rketrommel, kun vaskemaskin. S\u00e5 da m\u00e5tte t\u00f8yet henges til t\u00f8rk i og utenfor b\u00e5ten! Jeg satte p\u00e5 varme om bord for at det skulle t\u00f8rke fortere og heldigvis kom ogs\u00e5 sola i helga, s\u00e5 jeg fikk jo t\u00f8rket litt&#8230;<\/p>\n<p><a href=\"https:\/\/i0.wp.com\/pequod.nesodd1.no\/wp-content\/uploads\/2021\/08\/239144353_10157995308322032_2315695192600771630_n.jpg?ssl=1\"><img data-recalc-dims=\"1\" loading=\"lazy\" decoding=\"async\" data-attachment-id=\"22808\" data-permalink=\"https:\/\/pequod.nesodd1.no\/?attachment_id=22808\" data-orig-file=\"https:\/\/i0.wp.com\/pequod.nesodd1.no\/wp-content\/uploads\/2021\/08\/239144353_10157995308322032_2315695192600771630_n.jpg?fit=707%2C704&amp;ssl=1\" data-orig-size=\"707,704\" data-comments-opened=\"1\" data-image-meta=\"{&quot;aperture&quot;:&quot;0&quot;,&quot;credit&quot;:&quot;&quot;,&quot;camera&quot;:&quot;&quot;,&quot;caption&quot;:&quot;&quot;,&quot;created_timestamp&quot;:&quot;0&quot;,&quot;copyright&quot;:&quot;&quot;,&quot;focal_length&quot;:&quot;0&quot;,&quot;iso&quot;:&quot;0&quot;,&quot;shutter_speed&quot;:&quot;0&quot;,&quot;title&quot;:&quot;&quot;,&quot;orientation&quot;:&quot;0&quot;}\" data-image-title=\"239144353_10157995308322032_2315695192600771630_n\" data-image-description=\"&lt;p&gt;Nautneset, N\u00e6rb\u00f8v\u00e5gen, M\u00f8re og Romsdal, Gossa, kl\u00e6r til t\u00f8rk&lt;\/p&gt;\n\" data-image-caption=\"\" data-large-file=\"https:\/\/i0.wp.com\/pequod.nesodd1.no\/wp-content\/uploads\/2021\/08\/239144353_10157995308322032_2315695192600771630_n.jpg?fit=707%2C704&amp;ssl=1\" class=\"aligncenter size-full wp-image-22808\" src=\"https:\/\/i0.wp.com\/pequod.nesodd1.no\/wp-content\/uploads\/2021\/08\/239144353_10157995308322032_2315695192600771630_n.jpg?resize=707%2C704&#038;ssl=1\" alt=\"\" width=\"707\" height=\"704\" srcset=\"https:\/\/i0.wp.com\/pequod.nesodd1.no\/wp-content\/uploads\/2021\/08\/239144353_10157995308322032_2315695192600771630_n.jpg?w=707&amp;ssl=1 707w, https:\/\/i0.wp.com\/pequod.nesodd1.no\/wp-content\/uploads\/2021\/08\/239144353_10157995308322032_2315695192600771630_n.jpg?resize=300%2C300&amp;ssl=1 300w, https:\/\/i0.wp.com\/pequod.nesodd1.no\/wp-content\/uploads\/2021\/08\/239144353_10157995308322032_2315695192600771630_n.jpg?resize=80%2C80&amp;ssl=1 80w, https:\/\/i0.wp.com\/pequod.nesodd1.no\/wp-content\/uploads\/2021\/08\/239144353_10157995308322032_2315695192600771630_n.jpg?resize=225%2C225&amp;ssl=1 225w\" sizes=\"auto, (max-width: 707px) 100vw, 707px\" \/><\/a>Da jeg skulle dra videre p\u00e5 mandag, s\u00e5 tenkte jeg \u00e5 fylle diesel og toppe tanken ettersom dieselprisen ikke var s\u00e5 avskrekkende i b\u00e5tforeningen &#8211; billigere enn der jeg tanket i Molde og i Vestnes.<\/p>\n<p>Jeg har jo skrevet om dieselpumpa i b\u00e5tforeningen i et tidligere innlegg &#8211; at pumpa er helmanuell og at man betaler ved \u00e5 vippse eller ta med seg en giro og betale innen sju dager. Veldig tillitsbasert, med andre ord. P\u00e5 s\u00f8ndag s\u00e5 jeg ogs\u00e5 en b\u00e5teier som la seg til og tanket i sin M\u00f8rejet.<\/p>\n<p>Men da jeg skulle pr\u00f8ve fikk jeg problemer. Det viste seg nemlig \u00e5 ikke v\u00e6re s\u00e5 enkelt som jeg trodde. For \u00e5 f\u00e5 startet pumpa m\u00e5 man nemlig ha en n\u00f8kkel til selve tanken, og en slik n\u00f8kkel kunne jeg ikke finne. S\u00e5 da er denne tanken tydeligvis kun for medlemmene i b\u00e5tforeningen, som sikkert har hver sin n\u00f8kkel. Det l\u00e5 to n\u00f8kler inne i et skap i &laquo;dieselboden&raquo;, men ingen av dem passet til hengel\u00e5sen. S\u00e5 dermed ble det ingen tanking p\u00e5 meg. Det m\u00e5 nok vente til \u00c5lesund!<\/p>\n<p><a href=\"https:\/\/i0.wp.com\/pequod.nesodd1.no\/wp-content\/uploads\/2021\/08\/IMG-6408.jpg?ssl=1\"><img data-recalc-dims=\"1\" loading=\"lazy\" decoding=\"async\" data-attachment-id=\"22809\" data-permalink=\"https:\/\/pequod.nesodd1.no\/?attachment_id=22809\" data-orig-file=\"https:\/\/i0.wp.com\/pequod.nesodd1.no\/wp-content\/uploads\/2021\/08\/IMG-6408.jpg?fit=960%2C720&amp;ssl=1\" data-orig-size=\"960,720\" data-comments-opened=\"1\" data-image-meta=\"{&quot;aperture&quot;:&quot;0&quot;,&quot;credit&quot;:&quot;&quot;,&quot;camera&quot;:&quot;&quot;,&quot;caption&quot;:&quot;&quot;,&quot;created_timestamp&quot;:&quot;0&quot;,&quot;copyright&quot;:&quot;&quot;,&quot;focal_length&quot;:&quot;0&quot;,&quot;iso&quot;:&quot;0&quot;,&quot;shutter_speed&quot;:&quot;0&quot;,&quot;title&quot;:&quot;&quot;,&quot;orientation&quot;:&quot;0&quot;}\" data-image-title=\"IMG-6408\" data-image-description=\"&lt;p&gt;M\u00f8re og Romsdal, Grunnefjorden&lt;\/p&gt;\n\" data-image-caption=\"\" data-large-file=\"https:\/\/i0.wp.com\/pequod.nesodd1.no\/wp-content\/uploads\/2021\/08\/IMG-6408.jpg?fit=940%2C705&amp;ssl=1\" class=\"aligncenter size-full wp-image-22809\" src=\"https:\/\/i0.wp.com\/pequod.nesodd1.no\/wp-content\/uploads\/2021\/08\/IMG-6408.jpg?resize=940%2C705&#038;ssl=1\" alt=\"\" width=\"940\" height=\"705\" srcset=\"https:\/\/i0.wp.com\/pequod.nesodd1.no\/wp-content\/uploads\/2021\/08\/IMG-6408.jpg?w=960&amp;ssl=1 960w, https:\/\/i0.wp.com\/pequod.nesodd1.no\/wp-content\/uploads\/2021\/08\/IMG-6408.jpg?resize=300%2C225&amp;ssl=1 300w, https:\/\/i0.wp.com\/pequod.nesodd1.no\/wp-content\/uploads\/2021\/08\/IMG-6408.jpg?resize=100%2C75&amp;ssl=1 100w, https:\/\/i0.wp.com\/pequod.nesodd1.no\/wp-content\/uploads\/2021\/08\/IMG-6408.jpg?resize=768%2C576&amp;ssl=1 768w\" sizes=\"auto, (max-width: 940px) 100vw, 940px\" \/><\/a>Fra Nautneset tok jeg turen ut til Finn\u00f8y, som ikke var noen stor omvei, og tok en liten stopp der. Innseilingen s\u00e5 litt kronglete ut p\u00e5 kartet, men viste seg \u00e5 v\u00e6re enkel og grei s\u00e5 lenge man vet hva det betyr hvilken retning stakene peker&#8230; \ud83d\ude42<\/p>\n<p>P\u00e5 Finn\u00f8y var det helt d\u00f8dt, og jeg var eneste b\u00e5t ved gjestebrygga. Jeg hadde uansett ikke tenkt \u00e5 overnatte der, men ta en liten stopp for \u00e5 se meg rundt.<\/p>\n<p><a href=\"https:\/\/i0.wp.com\/pequod.nesodd1.no\/wp-content\/uploads\/2021\/08\/IMG-6418.jpg?ssl=1\"><img data-recalc-dims=\"1\" loading=\"lazy\" decoding=\"async\" data-attachment-id=\"22810\" data-permalink=\"https:\/\/pequod.nesodd1.no\/?attachment_id=22810\" data-orig-file=\"https:\/\/i0.wp.com\/pequod.nesodd1.no\/wp-content\/uploads\/2021\/08\/IMG-6418.jpg?fit=960%2C720&amp;ssl=1\" data-orig-size=\"960,720\" data-comments-opened=\"1\" data-image-meta=\"{&quot;aperture&quot;:&quot;0&quot;,&quot;credit&quot;:&quot;&quot;,&quot;camera&quot;:&quot;&quot;,&quot;caption&quot;:&quot;&quot;,&quot;created_timestamp&quot;:&quot;0&quot;,&quot;copyright&quot;:&quot;&quot;,&quot;focal_length&quot;:&quot;0&quot;,&quot;iso&quot;:&quot;0&quot;,&quot;shutter_speed&quot;:&quot;0&quot;,&quot;title&quot;:&quot;&quot;,&quot;orientation&quot;:&quot;0&quot;}\" data-image-title=\"IMG-6418\" data-image-description=\"&lt;p&gt;Finn\u00f8y, M\u00f8re og Romsdal&lt;\/p&gt;\n\" data-image-caption=\"\" data-large-file=\"https:\/\/i0.wp.com\/pequod.nesodd1.no\/wp-content\/uploads\/2021\/08\/IMG-6418.jpg?fit=940%2C705&amp;ssl=1\" class=\"aligncenter size-full wp-image-22810\" src=\"https:\/\/i0.wp.com\/pequod.nesodd1.no\/wp-content\/uploads\/2021\/08\/IMG-6418.jpg?resize=940%2C705&#038;ssl=1\" alt=\"\" width=\"940\" height=\"705\" srcset=\"https:\/\/i0.wp.com\/pequod.nesodd1.no\/wp-content\/uploads\/2021\/08\/IMG-6418.jpg?w=960&amp;ssl=1 960w, https:\/\/i0.wp.com\/pequod.nesodd1.no\/wp-content\/uploads\/2021\/08\/IMG-6418.jpg?resize=300%2C225&amp;ssl=1 300w, https:\/\/i0.wp.com\/pequod.nesodd1.no\/wp-content\/uploads\/2021\/08\/IMG-6418.jpg?resize=100%2C75&amp;ssl=1 100w, https:\/\/i0.wp.com\/pequod.nesodd1.no\/wp-content\/uploads\/2021\/08\/IMG-6418.jpg?resize=768%2C576&amp;ssl=1 768w\" sizes=\"auto, (max-width: 940px) 100vw, 940px\" \/><\/a><\/p>\n<p>\u00d8yas &laquo;claim to fame&raquo; er Finn\u00f8y-motoren, en motor konstruert fot fiskeb\u00e5ter og som s\u00e5 dagens lys for f\u00f8rste gang i 1902. En sv\u00e6r rugg som ble brukt i ei fiskesk\u00f8yte s\u00e5 sent som p\u00e5 tidlig 70-tall st\u00e5r utstilt i det fine servicebygget p\u00e5 \u00f8ya. Den skal ha g\u00e5tt over 100.000 timer! I sommersesongen kan man se at den startes opp, men det fikk selvsagt ikke jeg.<\/p>\n<p><a href=\"https:\/\/i0.wp.com\/pequod.nesodd1.no\/wp-content\/uploads\/2021\/08\/IMG-6425.jpg?ssl=1\"><img data-recalc-dims=\"1\" loading=\"lazy\" decoding=\"async\" data-attachment-id=\"22811\" data-permalink=\"https:\/\/pequod.nesodd1.no\/?attachment_id=22811\" data-orig-file=\"https:\/\/i0.wp.com\/pequod.nesodd1.no\/wp-content\/uploads\/2021\/08\/IMG-6425.jpg?fit=960%2C720&amp;ssl=1\" data-orig-size=\"960,720\" data-comments-opened=\"1\" data-image-meta=\"{&quot;aperture&quot;:&quot;0&quot;,&quot;credit&quot;:&quot;&quot;,&quot;camera&quot;:&quot;&quot;,&quot;caption&quot;:&quot;&quot;,&quot;created_timestamp&quot;:&quot;0&quot;,&quot;copyright&quot;:&quot;&quot;,&quot;focal_length&quot;:&quot;0&quot;,&quot;iso&quot;:&quot;0&quot;,&quot;shutter_speed&quot;:&quot;0&quot;,&quot;title&quot;:&quot;&quot;,&quot;orientation&quot;:&quot;0&quot;}\" data-image-title=\"IMG-6425\" data-image-description=\"&lt;p&gt;Finn\u00f8y, M\u00f8re og Romsdal, motor&lt;\/p&gt;\n\" data-image-caption=\"&lt;p&gt;Finn\u00f8ymotoren i all sin prakt&lt;\/p&gt;\n\" data-large-file=\"https:\/\/i0.wp.com\/pequod.nesodd1.no\/wp-content\/uploads\/2021\/08\/IMG-6425.jpg?fit=940%2C705&amp;ssl=1\" class=\"aligncenter size-full wp-image-22811\" src=\"https:\/\/i0.wp.com\/pequod.nesodd1.no\/wp-content\/uploads\/2021\/08\/IMG-6425.jpg?resize=940%2C705&#038;ssl=1\" alt=\"\" width=\"940\" height=\"705\" srcset=\"https:\/\/i0.wp.com\/pequod.nesodd1.no\/wp-content\/uploads\/2021\/08\/IMG-6425.jpg?w=960&amp;ssl=1 960w, https:\/\/i0.wp.com\/pequod.nesodd1.no\/wp-content\/uploads\/2021\/08\/IMG-6425.jpg?resize=300%2C225&amp;ssl=1 300w, https:\/\/i0.wp.com\/pequod.nesodd1.no\/wp-content\/uploads\/2021\/08\/IMG-6425.jpg?resize=100%2C75&amp;ssl=1 100w, https:\/\/i0.wp.com\/pequod.nesodd1.no\/wp-content\/uploads\/2021\/08\/IMG-6425.jpg?resize=768%2C576&amp;ssl=1 768w\" sizes=\"auto, (max-width: 940px) 100vw, 940px\" \/><\/a><\/p>\n<p>Ellers er det et slags hotell og en restaurant der, samt et ganske stort innend\u00f8rs sv\u00f8mmebasseng. Men dette er nok et sted som hovedsaklig lever om sommeren, tenker jeg.<\/p>\n<p>Ble der et par timer f\u00f8r jeg fortsatte s\u00f8rover, og valgte da \u00e5 g\u00e5 til \u00c5lesund.<\/p>\n<p><a href=\"https:\/\/i0.wp.com\/pequod.nesodd1.no\/wp-content\/uploads\/2021\/08\/IMG-6420.jpg?ssl=1\"><img data-recalc-dims=\"1\" loading=\"lazy\" decoding=\"async\" data-attachment-id=\"22812\" data-permalink=\"https:\/\/pequod.nesodd1.no\/?attachment_id=22812\" data-orig-file=\"https:\/\/i0.wp.com\/pequod.nesodd1.no\/wp-content\/uploads\/2021\/08\/IMG-6420.jpg?fit=960%2C720&amp;ssl=1\" data-orig-size=\"960,720\" data-comments-opened=\"1\" data-image-meta=\"{&quot;aperture&quot;:&quot;0&quot;,&quot;credit&quot;:&quot;&quot;,&quot;camera&quot;:&quot;&quot;,&quot;caption&quot;:&quot;&quot;,&quot;created_timestamp&quot;:&quot;0&quot;,&quot;copyright&quot;:&quot;&quot;,&quot;focal_length&quot;:&quot;0&quot;,&quot;iso&quot;:&quot;0&quot;,&quot;shutter_speed&quot;:&quot;0&quot;,&quot;title&quot;:&quot;&quot;,&quot;orientation&quot;:&quot;0&quot;}\" data-image-title=\"IMG-6420\" data-image-description=\"&lt;p&gt;Finn\u00f8y, M\u00f8re og Romsdal&lt;\/p&gt;\n\" data-image-caption=\"\" data-large-file=\"https:\/\/i0.wp.com\/pequod.nesodd1.no\/wp-content\/uploads\/2021\/08\/IMG-6420.jpg?fit=940%2C705&amp;ssl=1\" class=\"aligncenter size-full wp-image-22812\" src=\"https:\/\/i0.wp.com\/pequod.nesodd1.no\/wp-content\/uploads\/2021\/08\/IMG-6420.jpg?resize=940%2C705&#038;ssl=1\" alt=\"\" width=\"940\" height=\"705\" srcset=\"https:\/\/i0.wp.com\/pequod.nesodd1.no\/wp-content\/uploads\/2021\/08\/IMG-6420.jpg?w=960&amp;ssl=1 960w, https:\/\/i0.wp.com\/pequod.nesodd1.no\/wp-content\/uploads\/2021\/08\/IMG-6420.jpg?resize=300%2C225&amp;ssl=1 300w, https:\/\/i0.wp.com\/pequod.nesodd1.no\/wp-content\/uploads\/2021\/08\/IMG-6420.jpg?resize=100%2C75&amp;ssl=1 100w, https:\/\/i0.wp.com\/pequod.nesodd1.no\/wp-content\/uploads\/2021\/08\/IMG-6420.jpg?resize=768%2C576&amp;ssl=1 768w\" sizes=\"auto, (max-width: 940px) 100vw, 940px\" \/><\/a><\/p>\n<p>Det skal b\u00e5de bl\u00e5se og regne skikkelig b\u00e5de i dag og i morgen, s\u00e5 det er greit \u00e5 finne seg en lun havn mens jeg venter p\u00e5 bedre v\u00e6r. Da jeg ankom i g\u00e5r la jeg meg p\u00e5 en av de ytterste bryggene i Brosundet, men i dag morges flyttet jeg meg til en ledig plass absolutt helt innerst, etter at en seilb\u00e5t forlot plassen. S\u00e5 her ligger jeg lunt og godt, men har fort\u00f8yd for storm med spring og det hele.&nbsp;<\/p>\n<p>Yr meldte opprinnelig at det skulle p\u00f8se ned fra morgenen av, og omtrent fortsette uavbrutt fram til torsdag, men forel\u00f8pig har det bare v\u00e6rt et par lette skurer, og n\u00e5r jeg skriver disse siste linjene s\u00e5 titter sola fram et \u00f8yeblikk. Men vinden har tatt seg opp.<\/p>\n<p><a href=\"https:\/\/i0.wp.com\/pequod.nesodd1.no\/wp-content\/uploads\/2021\/08\/IMG-6477.jpg?ssl=1\"><img data-recalc-dims=\"1\" loading=\"lazy\" decoding=\"async\" data-attachment-id=\"22813\" data-permalink=\"https:\/\/pequod.nesodd1.no\/?attachment_id=22813\" data-orig-file=\"https:\/\/i0.wp.com\/pequod.nesodd1.no\/wp-content\/uploads\/2021\/08\/IMG-6477.jpg?fit=960%2C720&amp;ssl=1\" data-orig-size=\"960,720\" data-comments-opened=\"1\" data-image-meta=\"{&quot;aperture&quot;:&quot;0&quot;,&quot;credit&quot;:&quot;&quot;,&quot;camera&quot;:&quot;&quot;,&quot;caption&quot;:&quot;&quot;,&quot;created_timestamp&quot;:&quot;0&quot;,&quot;copyright&quot;:&quot;&quot;,&quot;focal_length&quot;:&quot;0&quot;,&quot;iso&quot;:&quot;0&quot;,&quot;shutter_speed&quot;:&quot;0&quot;,&quot;title&quot;:&quot;&quot;,&quot;orientation&quot;:&quot;0&quot;}\" data-image-title=\"IMG-6477\" data-image-description=\"&lt;p&gt;\u00c5lesund, Brosundet, M\u00f8re og Romsdal&lt;\/p&gt;\n\" data-image-caption=\"\" data-large-file=\"https:\/\/i0.wp.com\/pequod.nesodd1.no\/wp-content\/uploads\/2021\/08\/IMG-6477.jpg?fit=940%2C705&amp;ssl=1\" class=\"aligncenter size-full wp-image-22813\" src=\"https:\/\/i0.wp.com\/pequod.nesodd1.no\/wp-content\/uploads\/2021\/08\/IMG-6477.jpg?resize=940%2C705&#038;ssl=1\" alt=\"\" width=\"940\" height=\"705\" srcset=\"https:\/\/i0.wp.com\/pequod.nesodd1.no\/wp-content\/uploads\/2021\/08\/IMG-6477.jpg?w=960&amp;ssl=1 960w, https:\/\/i0.wp.com\/pequod.nesodd1.no\/wp-content\/uploads\/2021\/08\/IMG-6477.jpg?resize=300%2C225&amp;ssl=1 300w, https:\/\/i0.wp.com\/pequod.nesodd1.no\/wp-content\/uploads\/2021\/08\/IMG-6477.jpg?resize=100%2C75&amp;ssl=1 100w, https:\/\/i0.wp.com\/pequod.nesodd1.no\/wp-content\/uploads\/2021\/08\/IMG-6477.jpg?resize=768%2C576&amp;ssl=1 768w\" sizes=\"auto, (max-width: 940px) 100vw, 940px\" \/><\/a><\/p>\n<h3>Related Images:<\/h3>","protected":false},"excerpt":{"rendered":"<p>I forrige uke tok jeg beslutningen om \u00e5 snu baugen s\u00f8rover. Men jeg klarte et siste lite bes\u00f8k i fiskev\u00e6ret Bud f\u00f8r jeg ga meg. Dermed ble Bud det nordligste punktet p\u00e5 \u00e5rets tokt. Related Images:<\/p>\n","protected":false},"author":1,"featured_media":22796,"comment_status":"open","ping_status":"open","sticky":false,"template":"","format":"standard","meta":{"_crdt_document":"","ngg_post_thumbnail":0,"jetpack_post_was_ever_published":false,"_jetpack_newsletter_access":"","_jetpack_dont_email_post_to_subs":false,"_jetpack_newsletter_tier_id":0,"_jetpack_memberships_contains_paywalled_content":false,"_jetpack_memberships_contains_paid_content":false,"footnotes":""},"categories":[11,3,147,1587,1905,4,8],"tags":[],"class_list":["post-22794","post","type-post","status-publish","format-standard","has-post-thumbnail","hentry","category-pics","category-blogg","category-ferie","category-kystkultur","category-mat-og-drikke","category-tur","category-vaer"],"jetpack_featured_media_url":"https:\/\/i0.wp.com\/pequod.nesodd1.no\/wp-content\/uploads\/2021\/08\/IMG-6354.jpg?fit=960%2C720&ssl=1","jetpack_shortlink":"https:\/\/wp.me\/p3Zd9b-5VE","jetpack_sharing_enabled":true,"jetpack_likes_enabled":true,"jetpack-related-posts":[],"_links":{"self":[{"href":"https:\/\/pequod.nesodd1.no\/index.php?rest_route=\/wp\/v2\/posts\/22794","targetHints":{"allow":["GET"]}}],"collection":[{"href":"https:\/\/pequod.nesodd1.no\/index.php?rest_route=\/wp\/v2\/posts"}],"about":[{"href":"https:\/\/pequod.nesodd1.no\/index.php?rest_route=\/wp\/v2\/types\/post"}],"author":[{"embeddable":true,"href":"https:\/\/pequod.nesodd1.no\/index.php?rest_route=\/wp\/v2\/users\/1"}],"replies":[{"embeddable":true,"href":"https:\/\/pequod.nesodd1.no\/index.php?rest_route=%2Fwp%2Fv2%2Fcomments&post=22794"}],"version-history":[{"count":6,"href":"https:\/\/pequod.nesodd1.no\/index.php?rest_route=\/wp\/v2\/posts\/22794\/revisions"}],"predecessor-version":[{"id":22815,"href":"https:\/\/pequod.nesodd1.no\/index.php?rest_route=\/wp\/v2\/posts\/22794\/revisions\/22815"}],"wp:featuredmedia":[{"embeddable":true,"href":"https:\/\/pequod.nesodd1.no\/index.php?rest_route=\/wp\/v2\/media\/22796"}],"wp:attachment":[{"href":"https:\/\/pequod.nesodd1.no\/index.php?rest_route=%2Fwp%2Fv2%2Fmedia&parent=22794"}],"wp:term":[{"taxonomy":"category","embeddable":true,"href":"https:\/\/pequod.nesodd1.no\/index.php?rest_route=%2Fwp%2Fv2%2Fcategories&post=22794"},{"taxonomy":"post_tag","embeddable":true,"href":"https:\/\/pequod.nesodd1.no\/index.php?rest_route=%2Fwp%2Fv2%2Ftags&post=22794"}],"curies":[{"name":"wp","href":"https:\/\/api.w.org\/{rel}","templated":true}]}}