{"id":24237,"date":"2022-05-17T09:00:46","date_gmt":"2022-05-17T07:00:46","guid":{"rendered":"https:\/\/pequod.nesodd1.no\/?p=24237"},"modified":"2022-05-17T07:15:14","modified_gmt":"2022-05-17T05:15:14","slug":"god-17-mai","status":"publish","type":"post","link":"https:\/\/pequod.nesodd1.no\/?p=24237","title":{"rendered":"God 17. mai!"},"content":{"rendered":"<p><strong>Gratulerer med grunnlovsdagen alle b\u00e5tkolleger!<\/strong><!--more--><\/p>\n<figure id=\"attachment_15749\" aria-describedby=\"caption-attachment-15749\" style=\"width: 214px\" class=\"wp-caption alignleft\"><a href=\"https:\/\/i0.wp.com\/pequod.nesodd1.no\/wp-content\/uploads\/2019\/05\/939A2614-2.jpg?ssl=1\"><img data-recalc-dims=\"1\" loading=\"lazy\" decoding=\"async\" data-attachment-id=\"15749\" data-permalink=\"https:\/\/pequod.nesodd1.no\/?attachment_id=15749\" data-orig-file=\"https:\/\/i0.wp.com\/pequod.nesodd1.no\/wp-content\/uploads\/2019\/05\/939A2614-2.jpg?fit=4148%2C4147&amp;ssl=1\" data-orig-size=\"4148,4147\" data-comments-opened=\"1\" data-image-meta=\"{&quot;aperture&quot;:&quot;6.3&quot;,&quot;credit&quot;:&quot;&quot;,&quot;camera&quot;:&quot;Canon EOS 5D Mark IV&quot;,&quot;caption&quot;:&quot;&quot;,&quot;created_timestamp&quot;:&quot;1558101733&quot;,&quot;copyright&quot;:&quot;&quot;,&quot;focal_length&quot;:&quot;28&quot;,&quot;iso&quot;:&quot;400&quot;,&quot;shutter_speed&quot;:&quot;0.004&quot;,&quot;title&quot;:&quot;&quot;,&quot;orientation&quot;:&quot;1&quot;}\" data-image-title=\"939A2614 (2)\" data-image-description=\"&lt;p&gt;kake, 17. mai&lt;\/p&gt;\n\" data-image-caption=\"\" data-large-file=\"https:\/\/i0.wp.com\/pequod.nesodd1.no\/wp-content\/uploads\/2019\/05\/939A2614-2.jpg?fit=940%2C940&amp;ssl=1\" class=\"wp-image-15749 \" src=\"https:\/\/i0.wp.com\/pequod.nesodd1.no\/wp-content\/uploads\/2019\/05\/939A2614-2.jpg?resize=214%2C214&#038;ssl=1\" alt=\"\" width=\"214\" height=\"214\" srcset=\"https:\/\/i0.wp.com\/pequod.nesodd1.no\/wp-content\/uploads\/2019\/05\/939A2614-2.jpg?resize=300%2C300&amp;ssl=1 300w, https:\/\/i0.wp.com\/pequod.nesodd1.no\/wp-content\/uploads\/2019\/05\/939A2614-2.jpg?resize=80%2C80&amp;ssl=1 80w, https:\/\/i0.wp.com\/pequod.nesodd1.no\/wp-content\/uploads\/2019\/05\/939A2614-2.jpg?resize=768%2C768&amp;ssl=1 768w, https:\/\/i0.wp.com\/pequod.nesodd1.no\/wp-content\/uploads\/2019\/05\/939A2614-2.jpg?resize=1024%2C1024&amp;ssl=1 1024w, https:\/\/i0.wp.com\/pequod.nesodd1.no\/wp-content\/uploads\/2019\/05\/939A2614-2.jpg?w=1880&amp;ssl=1 1880w, https:\/\/i0.wp.com\/pequod.nesodd1.no\/wp-content\/uploads\/2019\/05\/939A2614-2.jpg?w=2820&amp;ssl=1 2820w\" sizes=\"auto, (max-width: 214px) 100vw, 214px\" \/><\/a><figcaption id=\"caption-attachment-15749\" class=\"wp-caption-text\">Kake i 2019! Feiring av ny b\u00e5t OG 17. mai!<\/figcaption><\/figure>\n<p>B\u00e5ten er vasket (rakk ikke \u00e5 polere), utvendig og innvendig, og jeg har ryddet ganske s\u00e5 solid i cockpiten.&nbsp;<\/p>\n<p>Det er fjerde gang jeg feirer 17. mai om bord i b\u00e5ten &#8211; det er en tradisjon som begynte litt tilfeldig allerede f\u00f8rste sesongen om bord i 2019 &#8211; s\u00e5 dermed har jeg faktisk feiret grunnlovsdagen om bord s\u00e5 lenge jeg har hatt &laquo;Bergtatt II&raquo;. Ikke s\u00e5 verste det!<\/p>\n<p>Det begynte i 2019 da jeg og Anne la til p\u00e5 Lind\u00f8ya og koste oss med kake og brus, og s\u00e5 ble det gjennomf\u00f8rt de siste to \u00e5rene kombinert med koronakortesjene i Oslofjorden.<\/p>\n<figure id=\"attachment_21918\" aria-describedby=\"caption-attachment-21918\" style=\"width: 300px\" class=\"wp-caption alignright\"><a href=\"https:\/\/i0.wp.com\/pequod.nesodd1.no\/wp-content\/uploads\/2021\/05\/186861323_10157822895897032_5454331794461716632_n.jpg?ssl=1\"><img data-recalc-dims=\"1\" loading=\"lazy\" decoding=\"async\" data-attachment-id=\"21918\" data-permalink=\"https:\/\/pequod.nesodd1.no\/?attachment_id=21918\" data-orig-file=\"https:\/\/i0.wp.com\/pequod.nesodd1.no\/wp-content\/uploads\/2021\/05\/186861323_10157822895897032_5454331794461716632_n.jpg?fit=960%2C720&amp;ssl=1\" data-orig-size=\"960,720\" data-comments-opened=\"1\" data-image-meta=\"{&quot;aperture&quot;:&quot;0&quot;,&quot;credit&quot;:&quot;&quot;,&quot;camera&quot;:&quot;&quot;,&quot;caption&quot;:&quot;&quot;,&quot;created_timestamp&quot;:&quot;0&quot;,&quot;copyright&quot;:&quot;&quot;,&quot;focal_length&quot;:&quot;0&quot;,&quot;iso&quot;:&quot;0&quot;,&quot;shutter_speed&quot;:&quot;0&quot;,&quot;title&quot;:&quot;&quot;,&quot;orientation&quot;:&quot;0&quot;}\" data-image-title=\"186861323_10157822895897032_5454331794461716632_n\" data-image-description=\"&lt;p&gt;17. mai, frokosr, lunsj&lt;\/p&gt;\n\" data-image-caption=\"&lt;p&gt;Masse mat i 2021!&lt;\/p&gt;\n\" data-large-file=\"https:\/\/i0.wp.com\/pequod.nesodd1.no\/wp-content\/uploads\/2021\/05\/186861323_10157822895897032_5454331794461716632_n.jpg?fit=940%2C705&amp;ssl=1\" class=\"size-medium wp-image-21918\" src=\"https:\/\/i0.wp.com\/pequod.nesodd1.no\/wp-content\/uploads\/2021\/05\/186861323_10157822895897032_5454331794461716632_n.jpg?resize=300%2C225&#038;ssl=1\" alt=\"\" width=\"300\" height=\"225\" srcset=\"https:\/\/i0.wp.com\/pequod.nesodd1.no\/wp-content\/uploads\/2021\/05\/186861323_10157822895897032_5454331794461716632_n.jpg?resize=300%2C225&amp;ssl=1 300w, https:\/\/i0.wp.com\/pequod.nesodd1.no\/wp-content\/uploads\/2021\/05\/186861323_10157822895897032_5454331794461716632_n.jpg?resize=100%2C75&amp;ssl=1 100w, https:\/\/i0.wp.com\/pequod.nesodd1.no\/wp-content\/uploads\/2021\/05\/186861323_10157822895897032_5454331794461716632_n.jpg?resize=768%2C576&amp;ssl=1 768w, https:\/\/i0.wp.com\/pequod.nesodd1.no\/wp-content\/uploads\/2021\/05\/186861323_10157822895897032_5454331794461716632_n.jpg?w=960&amp;ssl=1 960w\" sizes=\"auto, (max-width: 300px) 100vw, 300px\" \/><\/a><figcaption id=\"caption-attachment-21918\" class=\"wp-caption-text\">Masse mat i 2021!<\/figcaption><\/figure>\n<p>I 2020 hadde jeg selskap av s\u00f8nnen min Robin og mora hans, og i fjor var Sunniva, dav\u00e6rende samboer Gard samt mora til Sunniva med, mens i \u00e5r er det litt usikkert, men Sunniva blir antakelig med (skal plukke henne opp i Oslo i s\u00e5 fall, samt kanskje Robin.<\/p>\n<p>Victoria feirer med venner ogs\u00e5 i \u00e5r, men kanskje jeg f\u00e5r henne med til neste \u00e5r?<\/p>\n<figure id=\"attachment_18640\" aria-describedby=\"caption-attachment-18640\" style=\"width: 300px\" class=\"wp-caption alignleft\"><a href=\"https:\/\/i0.wp.com\/pequod.nesodd1.no\/wp-content\/uploads\/2020\/05\/IMG-4794.jpg?ssl=1\"><img data-recalc-dims=\"1\" loading=\"lazy\" decoding=\"async\" data-attachment-id=\"18640\" data-permalink=\"https:\/\/pequod.nesodd1.no\/?attachment_id=18640\" data-orig-file=\"https:\/\/i0.wp.com\/pequod.nesodd1.no\/wp-content\/uploads\/2020\/05\/IMG-4794.jpg?fit=800%2C600&amp;ssl=1\" data-orig-size=\"800,600\" data-comments-opened=\"1\" data-image-meta=\"{&quot;aperture&quot;:&quot;1.8&quot;,&quot;credit&quot;:&quot;&quot;,&quot;camera&quot;:&quot;iPhone 8 Plus&quot;,&quot;caption&quot;:&quot;&quot;,&quot;created_timestamp&quot;:&quot;1589706485&quot;,&quot;copyright&quot;:&quot;&quot;,&quot;focal_length&quot;:&quot;3.99&quot;,&quot;iso&quot;:&quot;20&quot;,&quot;shutter_speed&quot;:&quot;0.00033300033300033&quot;,&quot;title&quot;:&quot;&quot;,&quot;orientation&quot;:&quot;1&quot;}\" data-image-title=\"IMG-4794\" data-image-description=\"&lt;p&gt;17. mai, b\u00e5tkortesje&lt;\/p&gt;\n\" data-image-caption=\"&lt;p&gt;B\u00e5ten pyntes f\u00f8r avgang. Robin hjelper mora si med pyntinga.&lt;\/p&gt;\n\" data-large-file=\"https:\/\/i0.wp.com\/pequod.nesodd1.no\/wp-content\/uploads\/2020\/05\/IMG-4794.jpg?fit=800%2C600&amp;ssl=1\" class=\"size-medium wp-image-18640\" src=\"https:\/\/i0.wp.com\/pequod.nesodd1.no\/wp-content\/uploads\/2020\/05\/IMG-4794.jpg?resize=300%2C225&#038;ssl=1\" alt=\"\" width=\"300\" height=\"225\" srcset=\"https:\/\/i0.wp.com\/pequod.nesodd1.no\/wp-content\/uploads\/2020\/05\/IMG-4794.jpg?resize=300%2C225&amp;ssl=1 300w, https:\/\/i0.wp.com\/pequod.nesodd1.no\/wp-content\/uploads\/2020\/05\/IMG-4794.jpg?resize=100%2C75&amp;ssl=1 100w, https:\/\/i0.wp.com\/pequod.nesodd1.no\/wp-content\/uploads\/2020\/05\/IMG-4794.jpg?resize=768%2C576&amp;ssl=1 768w, https:\/\/i0.wp.com\/pequod.nesodd1.no\/wp-content\/uploads\/2020\/05\/IMG-4794.jpg?w=800&amp;ssl=1 800w\" sizes=\"auto, (max-width: 300px) 100vw, 300px\" \/><\/a><figcaption id=\"caption-attachment-18640\" class=\"wp-caption-text\">B\u00e5ten pyntes f\u00f8r avgang i 2020. Robin hjelper mora si med pyntinga.<\/figcaption><\/figure>\n<p>Tradisjonen skal i alle fall f\u00f8lges, og b\u00e5ten er i alle fall ganske 17. mai-klar! Selve arbeidet med d\u00f8rkbelegg og slikt skal jeg skrive et annet innlegg om, som kommer i morgen eller torsdag, men i dag skal det i alle fall feires om bord!<\/p>\n<p>Vi f\u00e5r nok selskap p\u00e5 sj\u00f8en i \u00e5r ogs\u00e5, det er mange b\u00e5tfolk som velger \u00e5 feire dagen p\u00e5 sj\u00f8en, kortesje eller ikke. Slikt sett skulle jeg vel bodd p\u00e5 S\u00f8rlandet eller Vestlandet, for der er flere steder tradisjon med b\u00e5tkortesjer 17. mai.&nbsp; Uansett korona!<\/p>\n<p>Det er ogs\u00e5 tradisjon med \u00e5 pynte b\u00e5ten med litt bj\u00f8rkeris og 17. mai-flagg.<\/p>\n<p>Dette var ikke jeg klar over i 2019 da jeg feiret 17. mai i b\u00e5t for f\u00f8rste gang, s\u00e5 hverken jeg eller b\u00e5ten var spesielt pyntet. Men da jeg l\u00e5 i b\u00e5thavna og gjorde meg klar for \u00e5 hente Anne i Oslo, s\u00e5 jeg flere som kom, b\u00e5de i bunad og andre finkl\u00e6r og hadde meg seg ekstra flagg og bj\u00f8rkeris, s\u00e5 i 2020 var jeg mer forberedt!<\/p>\n<p>Riktignok ser jeg ingen grunn til \u00e5 stille i dress om bord, men det blir vel en 17. mai-sl\u00f8yfe p\u00e5 t-skjorta&#8230; Vaske meg bak \u00f8rene skal jeg ogs\u00e5 greie! \ud83d\ude42<\/p>\n<p>I \u00e5r blir det jo nydelig v\u00e6r her i Oslofjorden, s\u00e5 jeg regner med at jeg stiller med en nyvasket shorts ogs\u00e5 &#8211; hva mer kan man forlange? I fjor p\u00f8ste det ned, men vi satt heldigvis t\u00f8rt under en nyimpregnert kalesje &#8211; s\u00e5 vi koste oss uansett.<\/p>\n<p>I \u00e5r er det jo en ekstra god grunn til \u00e5 markere denne dagen &#8211; bursdagen&nbsp; til Norge som nasjon &#8211; i disse tider med invadering av uskyldige naboer, s\u00e5 sender man jo en tanke b\u00e5de hit og dit og setter ekstra pris p\u00e5 \u00e5 kunne bo i et fredelig og fritt land!<\/p>\n<p>God 17. mai!<\/p>\n<p><a href=\"https:\/\/i0.wp.com\/pequod.nesodd1.no\/wp-content\/uploads\/2020\/05\/98194003_10156980245367032_26619494336036864_n.jpg?ssl=1\"><img data-recalc-dims=\"1\" loading=\"lazy\" decoding=\"async\" data-attachment-id=\"18608\" data-permalink=\"https:\/\/pequod.nesodd1.no\/?attachment_id=18608\" data-orig-file=\"https:\/\/i0.wp.com\/pequod.nesodd1.no\/wp-content\/uploads\/2020\/05\/98194003_10156980245367032_26619494336036864_n.jpg?fit=960%2C720&amp;ssl=1\" data-orig-size=\"960,720\" data-comments-opened=\"1\" data-image-meta=\"{&quot;aperture&quot;:&quot;0&quot;,&quot;credit&quot;:&quot;&quot;,&quot;camera&quot;:&quot;&quot;,&quot;caption&quot;:&quot;&quot;,&quot;created_timestamp&quot;:&quot;0&quot;,&quot;copyright&quot;:&quot;&quot;,&quot;focal_length&quot;:&quot;0&quot;,&quot;iso&quot;:&quot;0&quot;,&quot;shutter_speed&quot;:&quot;0&quot;,&quot;title&quot;:&quot;&quot;,&quot;orientation&quot;:&quot;0&quot;}\" data-image-title=\"98194003_10156980245367032_26619494336036864_n\" data-image-description=\"&lt;p&gt;17. mai, 2020, b\u00e5tkortesje&lt;\/p&gt;\n\" data-image-caption=\"\" data-large-file=\"https:\/\/i0.wp.com\/pequod.nesodd1.no\/wp-content\/uploads\/2020\/05\/98194003_10156980245367032_26619494336036864_n.jpg?fit=940%2C705&amp;ssl=1\" class=\"aligncenter size-full wp-image-18608\" src=\"https:\/\/i0.wp.com\/pequod.nesodd1.no\/wp-content\/uploads\/2020\/05\/98194003_10156980245367032_26619494336036864_n.jpg?resize=940%2C705&#038;ssl=1\" alt=\"\" width=\"940\" height=\"705\" srcset=\"https:\/\/i0.wp.com\/pequod.nesodd1.no\/wp-content\/uploads\/2020\/05\/98194003_10156980245367032_26619494336036864_n.jpg?w=960&amp;ssl=1 960w, https:\/\/i0.wp.com\/pequod.nesodd1.no\/wp-content\/uploads\/2020\/05\/98194003_10156980245367032_26619494336036864_n.jpg?resize=300%2C225&amp;ssl=1 300w, https:\/\/i0.wp.com\/pequod.nesodd1.no\/wp-content\/uploads\/2020\/05\/98194003_10156980245367032_26619494336036864_n.jpg?resize=100%2C75&amp;ssl=1 100w, https:\/\/i0.wp.com\/pequod.nesodd1.no\/wp-content\/uploads\/2020\/05\/98194003_10156980245367032_26619494336036864_n.jpg?resize=768%2C576&amp;ssl=1 768w\" sizes=\"auto, (max-width: 940px) 100vw, 940px\" \/><\/a><\/p>\n<p>&nbsp;<\/p>\n<h3>Related Images:<\/h3>","protected":false},"excerpt":{"rendered":"<p>Gratulerer med grunnlovsdagen alle b\u00e5tkolleger! Related Images:<\/p>\n","protected":false},"author":1,"featured_media":18607,"comment_status":"open","ping_status":"open","sticky":false,"template":"","format":"standard","meta":{"_crdt_document":"","ngg_post_thumbnail":0,"jetpack_post_was_ever_published":false,"_jetpack_newsletter_access":"","_jetpack_dont_email_post_to_subs":false,"_jetpack_newsletter_tier_id":0,"_jetpack_memberships_contains_paywalled_content":false,"_jetpack_memberships_contains_paid_content":false,"footnotes":""},"categories":[3],"tags":[3601,687,25,3849,3850,3331],"class_list":["post-24237","post","type-post","status-publish","format-standard","has-post-thumbnail","hentry","category-blogg","tag-17-mai-lunsj","tag-17-mai","tag-bat","tag-batfeiring","tag-grunnlovsdag","tag-nasjonaldag"],"jetpack_featured_media_url":"https:\/\/i0.wp.com\/pequod.nesodd1.no\/wp-content\/uploads\/2020\/05\/17mai.png?fit=960%2C720&ssl=1","jetpack_shortlink":"https:\/\/wp.me\/p3Zd9b-6iV","jetpack_sharing_enabled":true,"jetpack_likes_enabled":true,"jetpack-related-posts":[],"_links":{"self":[{"href":"https:\/\/pequod.nesodd1.no\/index.php?rest_route=\/wp\/v2\/posts\/24237","targetHints":{"allow":["GET"]}}],"collection":[{"href":"https:\/\/pequod.nesodd1.no\/index.php?rest_route=\/wp\/v2\/posts"}],"about":[{"href":"https:\/\/pequod.nesodd1.no\/index.php?rest_route=\/wp\/v2\/types\/post"}],"author":[{"embeddable":true,"href":"https:\/\/pequod.nesodd1.no\/index.php?rest_route=\/wp\/v2\/users\/1"}],"replies":[{"embeddable":true,"href":"https:\/\/pequod.nesodd1.no\/index.php?rest_route=%2Fwp%2Fv2%2Fcomments&post=24237"}],"version-history":[{"count":6,"href":"https:\/\/pequod.nesodd1.no\/index.php?rest_route=\/wp\/v2\/posts\/24237\/revisions"}],"predecessor-version":[{"id":24243,"href":"https:\/\/pequod.nesodd1.no\/index.php?rest_route=\/wp\/v2\/posts\/24237\/revisions\/24243"}],"wp:featuredmedia":[{"embeddable":true,"href":"https:\/\/pequod.nesodd1.no\/index.php?rest_route=\/wp\/v2\/media\/18607"}],"wp:attachment":[{"href":"https:\/\/pequod.nesodd1.no\/index.php?rest_route=%2Fwp%2Fv2%2Fmedia&parent=24237"}],"wp:term":[{"taxonomy":"category","embeddable":true,"href":"https:\/\/pequod.nesodd1.no\/index.php?rest_route=%2Fwp%2Fv2%2Fcategories&post=24237"},{"taxonomy":"post_tag","embeddable":true,"href":"https:\/\/pequod.nesodd1.no\/index.php?rest_route=%2Fwp%2Fv2%2Ftags&post=24237"}],"curies":[{"name":"wp","href":"https:\/\/api.w.org\/{rel}","templated":true}]}}