{"id":24334,"date":"2022-06-06T10:01:01","date_gmt":"2022-06-06T08:01:01","guid":{"rendered":"https:\/\/pequod.nesodd1.no\/?p=24334"},"modified":"2022-06-05T23:03:07","modified_gmt":"2022-06-05T21:03:07","slug":"langsomt-sorover","status":"publish","type":"post","link":"https:\/\/pequod.nesodd1.no\/?p=24334","title":{"rendered":"Langsomt s\u00f8rover"},"content":{"rendered":"<p><strong>Bergtatt beveger seg jevnt og trutt s\u00f8rover langs vestkysten av Sverige. Jeg har fram til n\u00e5 overnattet lenger p\u00e5 hvert sted enn planlagt, men samtidig skal jeg jo kose meg, noe jeg da ogs\u00e5 gj\u00f8r! Og de siste dagene har sommerv\u00e6ret kommet ogs\u00e5.<\/strong><!--more--><\/p>\n<p>I skrivende stund ligger jeg i Kungshamn like ved Sm\u00f6gen. I dag er planen at jeg fortsetter til Malm\u00f6n der jeg tar en overnatting f\u00f8r jeg drar videre. Og fra da av har jeg i utgangspunktet bestemt meg for at jeg kun skal legge til i nye havner fram til jeg kommer til Kall\u00f6-Knippla utenfor G\u00f6teborg.&nbsp;<\/p>\n<p>For akkurat det stedet har jeg lyst til \u00e5 bes\u00f8ke p\u00e5 nytt.<\/p>\n<p>Og mens jeg ligger der m\u00e5 jeg bestemme meg for om jeg skal pr\u00f8ve meg p\u00e5 den danske \u00f8ya L\u00e6s\u00f8 eller ikke. Det avhenger av n\u00e5r jeg kommer fram dit, og ikke minst hvordan v\u00e6ret noen dager framover ser ut.<\/p>\n<p>I forrige innlegg skrev jeg at jeg etter to d\u00f8gn var p\u00e5 vei ut til Koster, der jeg etter planen skulle pr\u00f8ve meg p\u00e5 Eken\u00e4s. Vel, slik gikk det ikke.<\/p>\n<p>Som enbeint aleneskipper har jeg en del utfordringer n\u00e5r det gjelder \u00e5 legge til kai og brygger som andre ikke har. Og det setter noen begrensninger for hvor jeg faktisk kan legge til uten problemer.<\/p>\n<p>Veldig h\u00f8ye kaikanter f\u00e5r jeg problemer med. Kanskje jeg klarer det n\u00e5r det er flo, men f\u00e5r problemer med \u00e5 komme men b\u00e5de opp av og ned i b\u00e5ten n\u00e5r vannstanden g\u00e5r ned&#8230; Langsidesplassene p\u00e5 Eken\u00e4s var slike h\u00f8ye kaier som jeg ikke har en sjanse p\u00e5.<\/p>\n<figure id=\"attachment_24345\" aria-describedby=\"caption-attachment-24345\" style=\"width: 300px\" class=\"wp-caption alignleft\"><a href=\"https:\/\/i0.wp.com\/pequod.nesodd1.no\/wp-content\/uploads\/2022\/06\/IMG-2074.jpg?ssl=1\"><img data-recalc-dims=\"1\" loading=\"lazy\" decoding=\"async\" data-attachment-id=\"24345\" data-permalink=\"https:\/\/pequod.nesodd1.no\/?attachment_id=24345\" data-orig-file=\"https:\/\/i0.wp.com\/pequod.nesodd1.no\/wp-content\/uploads\/2022\/06\/IMG-2074.jpg?fit=960%2C720&amp;ssl=1\" data-orig-size=\"960,720\" data-comments-opened=\"1\" data-image-meta=\"{&quot;aperture&quot;:&quot;0&quot;,&quot;credit&quot;:&quot;&quot;,&quot;camera&quot;:&quot;&quot;,&quot;caption&quot;:&quot;&quot;,&quot;created_timestamp&quot;:&quot;0&quot;,&quot;copyright&quot;:&quot;&quot;,&quot;focal_length&quot;:&quot;0&quot;,&quot;iso&quot;:&quot;0&quot;,&quot;shutter_speed&quot;:&quot;0&quot;,&quot;title&quot;:&quot;&quot;,&quot;orientation&quot;:&quot;0&quot;}\" data-image-title=\"IMG-2074\" data-image-description=\"\" data-image-caption=\"&lt;p&gt;Eksempel p\u00e5 vanskelig tilgjengelig Y-bom&lt;\/p&gt;\n\" data-large-file=\"https:\/\/i0.wp.com\/pequod.nesodd1.no\/wp-content\/uploads\/2022\/06\/IMG-2074.jpg?fit=940%2C705&amp;ssl=1\" class=\"size-medium wp-image-24345\" src=\"https:\/\/i0.wp.com\/pequod.nesodd1.no\/wp-content\/uploads\/2022\/06\/IMG-2074.jpg?resize=300%2C225&#038;ssl=1\" alt=\"\" width=\"300\" height=\"225\" srcset=\"https:\/\/i0.wp.com\/pequod.nesodd1.no\/wp-content\/uploads\/2022\/06\/IMG-2074.jpg?resize=300%2C225&amp;ssl=1 300w, https:\/\/i0.wp.com\/pequod.nesodd1.no\/wp-content\/uploads\/2022\/06\/IMG-2074.jpg?resize=100%2C75&amp;ssl=1 100w, https:\/\/i0.wp.com\/pequod.nesodd1.no\/wp-content\/uploads\/2022\/06\/IMG-2074.jpg?resize=768%2C576&amp;ssl=1 768w, https:\/\/i0.wp.com\/pequod.nesodd1.no\/wp-content\/uploads\/2022\/06\/IMG-2074.jpg?w=960&amp;ssl=1 960w\" sizes=\"auto, (max-width: 300px) 100vw, 300px\" \/><\/a><figcaption id=\"caption-attachment-24345\" class=\"wp-caption-text\">Eksempel p\u00e5 vanskelig tilgjengelig Y-bom<\/figcaption><\/figure>\n<p>Resten av gjesteplassene var b\u00e5splasser, noe som i utgangspunktet skulle kunne g\u00e5 greit. Men problemet denne gangen var at alle utriggerne var av Y-typen, slik at det ikke var mulig \u00e5 g\u00e5 p\u00e5 dem. Heller ikke p\u00e5 den innerste delen var det mulig \u00e5 g\u00e5, og dermed m\u00e5tte jeg gi opp ogs\u00e5 disse plassene.<\/p>\n<p>Irriterer meg at jeg ikke tenkte \u00e5 ta bilder mens jeg var der, men det glemte jeg.<\/p>\n<p>N\u00e5r jeg er alene om bord er det egentlig kun to fort\u00f8yningsmuligheter for meg: Langsides ved vanlig flytebrygge eller lav kai, og i b\u00e5splasser med utriggere som man kan g\u00e5 p\u00e5. Det tredje alternativet &#8211; det d\u00e5rligste &#8211; er med baug inn og anker bak &#8211; men jeg har ikke f\u00e5tt tid til \u00e5 kj\u00f8pe inn og montere nytt ankerrel\u00e9 enn\u00e5 &#8211; s\u00e5 akkurat n\u00e5 fungerer ikke ankervinsjen.<\/p>\n<p>Det som er vanskelig, for \u00e5 ikke si umulig for meg akkurat n\u00e5 er \u00e5 legge til med b\u00f8ye eller stolpe akter. Jeg vil ogs\u00e5 ha store problemer med \u00e5 legge til med to akterp\u00e5ler og med nedsenkbart tau. De to siste alternativene har jeg dog ikke pr\u00f8vd, men jeg ser for meg at de vil bli tr\u00f8blete. Hekken p\u00e5 b\u00e5ten min er veldig h\u00f8y og i tillegg er jeg ikke den raskeste av meg p\u00e5 grunn av protesen &#8211; som ogs\u00e5 gir meg balanseproblemer. Av samme grunn er utriggere som skr\u00e5ner oppover mot land og ikke ligger vannrette &#8211; en utfordring for meg.<\/p>\n<p>I fjor m\u00e5tte jeg gi opp \u00e5 fylle diesel i Hommers\u00e5k fordi utriggerne opp mot pumpene skr\u00e5net opp mot bryggekanten, og i gjestehavna i B\u00f8revig\u00e5 i Stavanger fikk jeg problemer bare fordi det var et ekstra trinn opp fra den vannrette utriggeren og til kaia!<\/p>\n<p>Dette er noe &laquo;vanlige&raquo; b\u00e5tf\u00f8rere ikke beh\u00f8ver \u00e5 tenke s\u00e5 mye p\u00e5, b\u00e5de med og uten mannskap, men jeg m\u00e5 planlegge litt ut i fra dette.<\/p>\n<p>Med mannskap om bord ville ingen av disse alternativene bydd p\u00e5 store problemer, men som funksjonshemmet aleneskipper er det alts\u00e5 vanskeligheter med flere av disse.<\/p>\n<p>Siden jeg heller ikke&nbsp;er i toppform med tanke p\u00e5 den foten jeg har igjen, s\u00e5 tok jeg beslutningen om \u00e5 snu og dra et annet sted.<\/p>\n<p>F\u00f8rst tenkte jeg \u00e5 legge meg i Kostersundet, men jeg hadde egentlig ikke s\u00e5 lyst til det. Selv om jeg ikke har ligget der med egen b\u00e5t, s\u00e5 har jeg v\u00e6rt der med Kosterferga og f\u00f8r jeg ble amputert har jeg ogs\u00e5 g\u00e5tt fra Vettnet og ned til sundet. Og jeg hadde jo lyst \u00e5 pr\u00f8ve noe nytt&#8230;<\/p>\n<figure id=\"attachment_24346\" aria-describedby=\"caption-attachment-24346\" style=\"width: 940px\" class=\"wp-caption aligncenter\"><a href=\"https:\/\/i0.wp.com\/pequod.nesodd1.no\/wp-content\/uploads\/2022\/06\/283872408_10158417665007032_2256789785161175015_n.jpg?ssl=1\"><img data-recalc-dims=\"1\" loading=\"lazy\" decoding=\"async\" data-attachment-id=\"24346\" data-permalink=\"https:\/\/pequod.nesodd1.no\/?attachment_id=24346\" data-orig-file=\"https:\/\/i0.wp.com\/pequod.nesodd1.no\/wp-content\/uploads\/2022\/06\/283872408_10158417665007032_2256789785161175015_n.jpg?fit=2048%2C1536&amp;ssl=1\" data-orig-size=\"2048,1536\" data-comments-opened=\"1\" data-image-meta=\"{&quot;aperture&quot;:&quot;0&quot;,&quot;credit&quot;:&quot;&quot;,&quot;camera&quot;:&quot;&quot;,&quot;caption&quot;:&quot;&quot;,&quot;created_timestamp&quot;:&quot;0&quot;,&quot;copyright&quot;:&quot;&quot;,&quot;focal_length&quot;:&quot;0&quot;,&quot;iso&quot;:&quot;0&quot;,&quot;shutter_speed&quot;:&quot;0&quot;,&quot;title&quot;:&quot;&quot;,&quot;orientation&quot;:&quot;0&quot;}\" data-image-title=\"283872408_10158417665007032_2256789785161175015_n\" data-image-description=\"&lt;p&gt;Kosterfjoden, Res\u00f6&lt;\/p&gt;\n\" data-image-caption=\"&lt;p&gt;Gjennom Kosterfjorden i n\u00e6rheten av Res\u00f6&lt;\/p&gt;\n\" data-large-file=\"https:\/\/i0.wp.com\/pequod.nesodd1.no\/wp-content\/uploads\/2022\/06\/283872408_10158417665007032_2256789785161175015_n.jpg?fit=940%2C705&amp;ssl=1\" class=\"size-large wp-image-24346\" src=\"https:\/\/i0.wp.com\/pequod.nesodd1.no\/wp-content\/uploads\/2022\/06\/283872408_10158417665007032_2256789785161175015_n.jpg?resize=940%2C705&#038;ssl=1\" alt=\"\" width=\"940\" height=\"705\" srcset=\"https:\/\/i0.wp.com\/pequod.nesodd1.no\/wp-content\/uploads\/2022\/06\/283872408_10158417665007032_2256789785161175015_n.jpg?resize=1024%2C768&amp;ssl=1 1024w, https:\/\/i0.wp.com\/pequod.nesodd1.no\/wp-content\/uploads\/2022\/06\/283872408_10158417665007032_2256789785161175015_n.jpg?resize=300%2C225&amp;ssl=1 300w, https:\/\/i0.wp.com\/pequod.nesodd1.no\/wp-content\/uploads\/2022\/06\/283872408_10158417665007032_2256789785161175015_n.jpg?resize=100%2C75&amp;ssl=1 100w, https:\/\/i0.wp.com\/pequod.nesodd1.no\/wp-content\/uploads\/2022\/06\/283872408_10158417665007032_2256789785161175015_n.jpg?resize=768%2C576&amp;ssl=1 768w, https:\/\/i0.wp.com\/pequod.nesodd1.no\/wp-content\/uploads\/2022\/06\/283872408_10158417665007032_2256789785161175015_n.jpg?resize=1536%2C1152&amp;ssl=1 1536w, https:\/\/i0.wp.com\/pequod.nesodd1.no\/wp-content\/uploads\/2022\/06\/283872408_10158417665007032_2256789785161175015_n.jpg?w=2048&amp;ssl=1 2048w, https:\/\/i0.wp.com\/pequod.nesodd1.no\/wp-content\/uploads\/2022\/06\/283872408_10158417665007032_2256789785161175015_n.jpg?w=1880&amp;ssl=1 1880w\" sizes=\"auto, (max-width: 940px) 100vw, 940px\" \/><\/a><figcaption id=\"caption-attachment-24346\" class=\"wp-caption-text\">Gjennom Kosterfjorden i n\u00e6rheten av Res\u00f6<\/figcaption><\/figure>\n<p>Jeg ombestemte meg derfor nok en gang, og satte kursen s\u00f8rover gjennom Kosterfjorden. Jeg tenkte at jeg kanskje skulle ta en stopp p\u00e5 Res\u00f6, der jeg ikke har v\u00e6rt siden jeg hadde snekka, men jeg s\u00e5 at det skulle bl\u00e5se noe opp dagen etter, og hadde ikke lyst til \u00e5 ligge der i to d\u00f8gn, s\u00e5 selv om det s\u00e5 helt tomt ut da jeg passerte, s\u00e5 hadde jeg vel p\u00e5 det tidspunktet allerede bestemt meg for \u00e5 i alle fall komme meg over Gula Humpen.<\/p>\n<p>Da kunne jeg jo fortsette videre stort sett innaskj\u00e6rs helt til Kungshamn. Like greit \u00e5 ha unnagjort Gula Humpen. Hadde liksom f\u00f8lelsen n\u00e5 at jeg er kommet ordentlig inn i Sverige. De fleste stedene jeg har tenkt \u00e5 kanskje stikke innom p\u00e5 turen, hvis det passer, er uansett s\u00f8r for Bohus-Malm\u00f6n.<\/p>\n<figure id=\"attachment_24347\" aria-describedby=\"caption-attachment-24347\" style=\"width: 940px\" class=\"wp-caption aligncenter\"><a href=\"https:\/\/i0.wp.com\/pequod.nesodd1.no\/wp-content\/uploads\/2022\/06\/285017491_10158417664987032_3572836404544741995_n.jpg?ssl=1\"><img data-recalc-dims=\"1\" loading=\"lazy\" decoding=\"async\" data-attachment-id=\"24347\" data-permalink=\"https:\/\/pequod.nesodd1.no\/?attachment_id=24347\" data-orig-file=\"https:\/\/i0.wp.com\/pequod.nesodd1.no\/wp-content\/uploads\/2022\/06\/285017491_10158417664987032_3572836404544741995_n.jpg?fit=2048%2C1536&amp;ssl=1\" data-orig-size=\"2048,1536\" data-comments-opened=\"1\" data-image-meta=\"{&quot;aperture&quot;:&quot;0&quot;,&quot;credit&quot;:&quot;&quot;,&quot;camera&quot;:&quot;&quot;,&quot;caption&quot;:&quot;&quot;,&quot;created_timestamp&quot;:&quot;0&quot;,&quot;copyright&quot;:&quot;&quot;,&quot;focal_length&quot;:&quot;0&quot;,&quot;iso&quot;:&quot;0&quot;,&quot;shutter_speed&quot;:&quot;0&quot;,&quot;title&quot;:&quot;&quot;,&quot;orientation&quot;:&quot;0&quot;}\" data-image-title=\"285017491_10158417664987032_3572836404544741995_n\" data-image-description=\"&lt;p&gt;Tanumsstrand&lt;\/p&gt;\n\" data-image-caption=\"&lt;p&gt;P\u00e5 plass i Tanumstrand til slutt&lt;\/p&gt;\n\" data-large-file=\"https:\/\/i0.wp.com\/pequod.nesodd1.no\/wp-content\/uploads\/2022\/06\/285017491_10158417664987032_3572836404544741995_n.jpg?fit=940%2C705&amp;ssl=1\" class=\"size-large wp-image-24347\" src=\"https:\/\/i0.wp.com\/pequod.nesodd1.no\/wp-content\/uploads\/2022\/06\/285017491_10158417664987032_3572836404544741995_n.jpg?resize=940%2C705&#038;ssl=1\" alt=\"\" width=\"940\" height=\"705\" srcset=\"https:\/\/i0.wp.com\/pequod.nesodd1.no\/wp-content\/uploads\/2022\/06\/285017491_10158417664987032_3572836404544741995_n.jpg?resize=1024%2C768&amp;ssl=1 1024w, https:\/\/i0.wp.com\/pequod.nesodd1.no\/wp-content\/uploads\/2022\/06\/285017491_10158417664987032_3572836404544741995_n.jpg?resize=300%2C225&amp;ssl=1 300w, https:\/\/i0.wp.com\/pequod.nesodd1.no\/wp-content\/uploads\/2022\/06\/285017491_10158417664987032_3572836404544741995_n.jpg?resize=100%2C75&amp;ssl=1 100w, https:\/\/i0.wp.com\/pequod.nesodd1.no\/wp-content\/uploads\/2022\/06\/285017491_10158417664987032_3572836404544741995_n.jpg?resize=768%2C576&amp;ssl=1 768w, https:\/\/i0.wp.com\/pequod.nesodd1.no\/wp-content\/uploads\/2022\/06\/285017491_10158417664987032_3572836404544741995_n.jpg?resize=1536%2C1152&amp;ssl=1 1536w, https:\/\/i0.wp.com\/pequod.nesodd1.no\/wp-content\/uploads\/2022\/06\/285017491_10158417664987032_3572836404544741995_n.jpg?w=2048&amp;ssl=1 2048w, https:\/\/i0.wp.com\/pequod.nesodd1.no\/wp-content\/uploads\/2022\/06\/285017491_10158417664987032_3572836404544741995_n.jpg?w=1880&amp;ssl=1 1880w\" sizes=\"auto, (max-width: 940px) 100vw, 940px\" \/><\/a><figcaption id=\"caption-attachment-24347\" class=\"wp-caption-text\">P\u00e5 plass i Tanumstrand til slutt<\/figcaption><\/figure>\n<p>Det ble en fin tur over en Gula Humpen i godlune. Jeg tenkte at jeg skulle legge meg i Grebbestad ettersom jeg aldri har v\u00e6rt der, men da jeg kom fram dit, s\u00e5 viste det seg at de aktuelle plassene alle var opptatt, langsides, av sv\u00e6re glis og noen seilb\u00e5ter. Jeg kunne ha lagt meg p\u00e5 utsiden av den ytterste brygga, men jeg s\u00e5 at det uansett var ganske s\u00e5 langt \u00e5 g\u00e5 for en med d\u00e5rlig fot for \u00e5 komme seg inn til sentrum og f\u00e5tt tatt en titt. Og det kan nok hende at jeg ville ha ligget litt urolig ogs\u00e5.<\/p>\n<p>S\u00e5 dermed ombestemte jeg meg nok en gang, og la til slutt til i Tanumsstrand, hvor det bare l\u00e5 tre andre b\u00e5ter. Ganske s\u00e5 dyrt til \u00e5 v\u00e6re utenom sesongen med hele 345,- svenske inkludert str\u00f8m, men jeg orket ikke \u00e5 dra videre og lete p\u00e5 m\u00e5f\u00e5 etter en havn \u00e5 legge meg i.&nbsp;Neste gjestehavn ville i s\u00e5 fall ha v\u00e6rt Fj\u00e4llbacka, og der har jeg ogs\u00e5 v\u00e6rt f\u00f8r.<\/p>\n<figure id=\"attachment_24348\" aria-describedby=\"caption-attachment-24348\" style=\"width: 940px\" class=\"wp-caption aligncenter\"><a href=\"https:\/\/i0.wp.com\/pequod.nesodd1.no\/wp-content\/uploads\/2022\/06\/282787317_10158418140397032_1635775645791133894_n.jpg?ssl=1\"><img data-recalc-dims=\"1\" loading=\"lazy\" decoding=\"async\" data-attachment-id=\"24348\" data-permalink=\"https:\/\/pequod.nesodd1.no\/?attachment_id=24348\" data-orig-file=\"https:\/\/i0.wp.com\/pequod.nesodd1.no\/wp-content\/uploads\/2022\/06\/282787317_10158418140397032_1635775645791133894_n.jpg?fit=1440%2C1080&amp;ssl=1\" data-orig-size=\"1440,1080\" data-comments-opened=\"1\" data-image-meta=\"{&quot;aperture&quot;:&quot;0&quot;,&quot;credit&quot;:&quot;&quot;,&quot;camera&quot;:&quot;&quot;,&quot;caption&quot;:&quot;&quot;,&quot;created_timestamp&quot;:&quot;0&quot;,&quot;copyright&quot;:&quot;&quot;,&quot;focal_length&quot;:&quot;0&quot;,&quot;iso&quot;:&quot;0&quot;,&quot;shutter_speed&quot;:&quot;0&quot;,&quot;title&quot;:&quot;&quot;,&quot;orientation&quot;:&quot;0&quot;}\" data-image-title=\"282787317_10158418140397032_1635775645791133894_n\" data-image-description=\"&lt;p&gt;Tanumstrand&lt;\/p&gt;\n\" data-image-caption=\"&lt;p&gt;Tanumsstrand by night&lt;\/p&gt;\n\" data-large-file=\"https:\/\/i0.wp.com\/pequod.nesodd1.no\/wp-content\/uploads\/2022\/06\/282787317_10158418140397032_1635775645791133894_n.jpg?fit=940%2C705&amp;ssl=1\" class=\"size-large wp-image-24348\" src=\"https:\/\/i0.wp.com\/pequod.nesodd1.no\/wp-content\/uploads\/2022\/06\/282787317_10158418140397032_1635775645791133894_n.jpg?resize=940%2C705&#038;ssl=1\" alt=\"\" width=\"940\" height=\"705\" srcset=\"https:\/\/i0.wp.com\/pequod.nesodd1.no\/wp-content\/uploads\/2022\/06\/282787317_10158418140397032_1635775645791133894_n.jpg?resize=1024%2C768&amp;ssl=1 1024w, https:\/\/i0.wp.com\/pequod.nesodd1.no\/wp-content\/uploads\/2022\/06\/282787317_10158418140397032_1635775645791133894_n.jpg?resize=300%2C225&amp;ssl=1 300w, https:\/\/i0.wp.com\/pequod.nesodd1.no\/wp-content\/uploads\/2022\/06\/282787317_10158418140397032_1635775645791133894_n.jpg?resize=100%2C75&amp;ssl=1 100w, https:\/\/i0.wp.com\/pequod.nesodd1.no\/wp-content\/uploads\/2022\/06\/282787317_10158418140397032_1635775645791133894_n.jpg?resize=768%2C576&amp;ssl=1 768w, https:\/\/i0.wp.com\/pequod.nesodd1.no\/wp-content\/uploads\/2022\/06\/282787317_10158418140397032_1635775645791133894_n.jpg?w=1440&amp;ssl=1 1440w\" sizes=\"auto, (max-width: 940px) 100vw, 940px\" \/><\/a><figcaption id=\"caption-attachment-24348\" class=\"wp-caption-text\">Tanumsstrand by night<\/figcaption><\/figure>\n<p>P\u00e5 grunn av v\u00e6ret ble det to overnattinger i Tanumsstrand f\u00f8r jeg fortsatte videre. I tillegg hadde jeg en litt urolig mage, s\u00e5 jeg tok det med ro.<\/p>\n<p>Etter to overnattinger kastet jeg loss ganske s\u00e5 n\u00f8yaktig klokka 11 &#8211; noe som er tidlig for meg \u00e5 v\u00e6re og gikk deretter i kosefart omtrent hele tiden. Passerte Fj\u00e4llbacka p\u00e5 god avstand og koste meg litt rundt i sm\u00e5\u00f8yene i skj\u00e6rg\u00e5rden p\u00e5 vei videre til Hamburgsund. Jeg hadde vurdert p\u00e5 forh\u00e5nd om jeg skulle ta en stopp eller en overnatting der. Jeg har ikke v\u00e6rt der siden 2016 &#8211; da jeg benyttet en avspaseringsuke p\u00e5 jobben til \u00e5 ta en tur med snekka til Sverige.<\/p>\n<figure id=\"attachment_24349\" aria-describedby=\"caption-attachment-24349\" style=\"width: 960px\" class=\"wp-caption aligncenter\"><a href=\"https:\/\/i0.wp.com\/pequod.nesodd1.no\/wp-content\/uploads\/2022\/06\/IMG-1880.jpg?ssl=1\"><img data-recalc-dims=\"1\" loading=\"lazy\" decoding=\"async\" data-attachment-id=\"24349\" data-permalink=\"https:\/\/pequod.nesodd1.no\/?attachment_id=24349\" data-orig-file=\"https:\/\/i0.wp.com\/pequod.nesodd1.no\/wp-content\/uploads\/2022\/06\/IMG-1880.jpg?fit=960%2C720&amp;ssl=1\" data-orig-size=\"960,720\" data-comments-opened=\"1\" data-image-meta=\"{&quot;aperture&quot;:&quot;0&quot;,&quot;credit&quot;:&quot;&quot;,&quot;camera&quot;:&quot;&quot;,&quot;caption&quot;:&quot;&quot;,&quot;created_timestamp&quot;:&quot;0&quot;,&quot;copyright&quot;:&quot;&quot;,&quot;focal_length&quot;:&quot;0&quot;,&quot;iso&quot;:&quot;0&quot;,&quot;shutter_speed&quot;:&quot;0&quot;,&quot;title&quot;:&quot;&quot;,&quot;orientation&quot;:&quot;0&quot;}\" data-image-title=\"IMG-1880\" data-image-description=\"&lt;p&gt;Fj\u00e4llbacka&lt;\/p&gt;\n\" data-image-caption=\"&lt;p&gt;Forbi Fj\u00e4llbacka og den ikoniske kirken denne gangen&lt;\/p&gt;\n\" data-large-file=\"https:\/\/i0.wp.com\/pequod.nesodd1.no\/wp-content\/uploads\/2022\/06\/IMG-1880.jpg?fit=940%2C705&amp;ssl=1\" class=\"size-full wp-image-24349\" src=\"https:\/\/i0.wp.com\/pequod.nesodd1.no\/wp-content\/uploads\/2022\/06\/IMG-1880.jpg?resize=940%2C705&#038;ssl=1\" alt=\"\" width=\"940\" height=\"705\" srcset=\"https:\/\/i0.wp.com\/pequod.nesodd1.no\/wp-content\/uploads\/2022\/06\/IMG-1880.jpg?w=960&amp;ssl=1 960w, https:\/\/i0.wp.com\/pequod.nesodd1.no\/wp-content\/uploads\/2022\/06\/IMG-1880.jpg?resize=300%2C225&amp;ssl=1 300w, https:\/\/i0.wp.com\/pequod.nesodd1.no\/wp-content\/uploads\/2022\/06\/IMG-1880.jpg?resize=100%2C75&amp;ssl=1 100w, https:\/\/i0.wp.com\/pequod.nesodd1.no\/wp-content\/uploads\/2022\/06\/IMG-1880.jpg?resize=768%2C576&amp;ssl=1 768w\" sizes=\"auto, (max-width: 940px) 100vw, 940px\" \/><\/a><figcaption id=\"caption-attachment-24349\" class=\"wp-caption-text\">Forbi Fj\u00e4llbacka og den ikoniske kirken denne gangen<\/figcaption><\/figure>\n<p>Men s\u00e5 leste jeg p\u00e5 Hamburgsunds hjemmesiden at den brygga jeg hadde lirket meg inn p\u00e5 den gangen &#8211; der man ligger langsides p\u00e5 begge sider &#8211; ikke er \u00e5pen for gjesteb\u00e5ter for 30. juni! Og da skal jo jeg etter planen v\u00e6re tilbake i hjemmehavna! De andre mulighetene er \u00e5 ligge langsides utenfor et par utsteder, til kaier med varierende h\u00f8yde, og p\u00e5 andre siden av sundet &#8211; p\u00e5 selve Hamburg\u00f8 &#8211; der brygga er veldig h\u00f8y.<\/p>\n<figure id=\"attachment_24350\" aria-describedby=\"caption-attachment-24350\" style=\"width: 960px\" class=\"wp-caption aligncenter\"><a href=\"https:\/\/i0.wp.com\/pequod.nesodd1.no\/wp-content\/uploads\/2022\/06\/IMG-1898.jpg?ssl=1\"><img data-recalc-dims=\"1\" loading=\"lazy\" decoding=\"async\" data-attachment-id=\"24350\" data-permalink=\"https:\/\/pequod.nesodd1.no\/?attachment_id=24350\" data-orig-file=\"https:\/\/i0.wp.com\/pequod.nesodd1.no\/wp-content\/uploads\/2022\/06\/IMG-1898.jpg?fit=960%2C720&amp;ssl=1\" data-orig-size=\"960,720\" data-comments-opened=\"1\" data-image-meta=\"{&quot;aperture&quot;:&quot;0&quot;,&quot;credit&quot;:&quot;&quot;,&quot;camera&quot;:&quot;&quot;,&quot;caption&quot;:&quot;&quot;,&quot;created_timestamp&quot;:&quot;0&quot;,&quot;copyright&quot;:&quot;&quot;,&quot;focal_length&quot;:&quot;0&quot;,&quot;iso&quot;:&quot;0&quot;,&quot;shutter_speed&quot;:&quot;0&quot;,&quot;title&quot;:&quot;&quot;,&quot;orientation&quot;:&quot;0&quot;}\" data-image-title=\"IMG-1898\" data-image-description=\"\" data-image-caption=\"&lt;p&gt;Hamburgsund&lt;\/p&gt;\n\" data-large-file=\"https:\/\/i0.wp.com\/pequod.nesodd1.no\/wp-content\/uploads\/2022\/06\/IMG-1898.jpg?fit=940%2C705&amp;ssl=1\" class=\"size-full wp-image-24350\" src=\"https:\/\/i0.wp.com\/pequod.nesodd1.no\/wp-content\/uploads\/2022\/06\/IMG-1898.jpg?resize=940%2C705&#038;ssl=1\" alt=\"\" width=\"940\" height=\"705\" srcset=\"https:\/\/i0.wp.com\/pequod.nesodd1.no\/wp-content\/uploads\/2022\/06\/IMG-1898.jpg?w=960&amp;ssl=1 960w, https:\/\/i0.wp.com\/pequod.nesodd1.no\/wp-content\/uploads\/2022\/06\/IMG-1898.jpg?resize=300%2C225&amp;ssl=1 300w, https:\/\/i0.wp.com\/pequod.nesodd1.no\/wp-content\/uploads\/2022\/06\/IMG-1898.jpg?resize=100%2C75&amp;ssl=1 100w, https:\/\/i0.wp.com\/pequod.nesodd1.no\/wp-content\/uploads\/2022\/06\/IMG-1898.jpg?resize=768%2C576&amp;ssl=1 768w\" sizes=\"auto, (max-width: 940px) 100vw, 940px\" \/><\/a><figcaption id=\"caption-attachment-24350\" class=\"wp-caption-text\">Hamburgsund<\/figcaption><\/figure>\n<p>S\u00e5 da jeg t\u00f8ffet inn i sundet hadde jeg uansett bestemt meg for \u00e5 bare dra videre, selv om jeg n\u00f8lte noen sekunder da jeg s\u00e5 at det var veldig mange ledige plasser p\u00e5 den foretrukne brygga p\u00e5 fastlandet. Jeg vurderte \u00e5 legge til bare for \u00e5 ta en liten pause og se meg litt om, men valgte \u00e5 fortsette videre gjennom sundet.<\/p>\n<figure id=\"attachment_24351\" aria-describedby=\"caption-attachment-24351\" style=\"width: 960px\" class=\"wp-caption aligncenter\"><a href=\"https:\/\/i0.wp.com\/pequod.nesodd1.no\/wp-content\/uploads\/2022\/06\/IMG-1910.jpg?ssl=1\"><img data-recalc-dims=\"1\" loading=\"lazy\" decoding=\"async\" data-attachment-id=\"24351\" data-permalink=\"https:\/\/pequod.nesodd1.no\/?attachment_id=24351\" data-orig-file=\"https:\/\/i0.wp.com\/pequod.nesodd1.no\/wp-content\/uploads\/2022\/06\/IMG-1910.jpg?fit=960%2C720&amp;ssl=1\" data-orig-size=\"960,720\" data-comments-opened=\"1\" data-image-meta=\"{&quot;aperture&quot;:&quot;0&quot;,&quot;credit&quot;:&quot;&quot;,&quot;camera&quot;:&quot;&quot;,&quot;caption&quot;:&quot;&quot;,&quot;created_timestamp&quot;:&quot;0&quot;,&quot;copyright&quot;:&quot;&quot;,&quot;focal_length&quot;:&quot;0&quot;,&quot;iso&quot;:&quot;0&quot;,&quot;shutter_speed&quot;:&quot;0&quot;,&quot;title&quot;:&quot;&quot;,&quot;orientation&quot;:&quot;0&quot;}\" data-image-title=\"IMG-1910\" data-image-description=\"&lt;p&gt;Hamburgsund, kabelferge&lt;\/p&gt;\n\" data-image-caption=\"&lt;p&gt;Unngikk \u00e5 treffe kabelfergen denne gangen ogs\u00e5!&lt;\/p&gt;\n\" data-large-file=\"https:\/\/i0.wp.com\/pequod.nesodd1.no\/wp-content\/uploads\/2022\/06\/IMG-1910.jpg?fit=940%2C705&amp;ssl=1\" class=\"size-full wp-image-24351\" src=\"https:\/\/i0.wp.com\/pequod.nesodd1.no\/wp-content\/uploads\/2022\/06\/IMG-1910.jpg?resize=940%2C705&#038;ssl=1\" alt=\"\" width=\"940\" height=\"705\" srcset=\"https:\/\/i0.wp.com\/pequod.nesodd1.no\/wp-content\/uploads\/2022\/06\/IMG-1910.jpg?w=960&amp;ssl=1 960w, https:\/\/i0.wp.com\/pequod.nesodd1.no\/wp-content\/uploads\/2022\/06\/IMG-1910.jpg?resize=300%2C225&amp;ssl=1 300w, https:\/\/i0.wp.com\/pequod.nesodd1.no\/wp-content\/uploads\/2022\/06\/IMG-1910.jpg?resize=100%2C75&amp;ssl=1 100w, https:\/\/i0.wp.com\/pequod.nesodd1.no\/wp-content\/uploads\/2022\/06\/IMG-1910.jpg?resize=768%2C576&amp;ssl=1 768w\" sizes=\"auto, (max-width: 940px) 100vw, 940px\" \/><\/a><figcaption id=\"caption-attachment-24351\" class=\"wp-caption-text\">Unngikk \u00e5 treffe kabelfergen denne gangen ogs\u00e5!<\/figcaption><\/figure>\n<p>Litt lenger s\u00f8r l\u00e5 fremdeles skipsvrakene som har ligget der i mange. mange \u00e5r. Er jo en skamplett p\u00e5 et slikt koselig sted og idyllisk sund.&nbsp;Synes det er litt rart at disse vrakene ikke fjernes? Har jo ligget der i \u00e5revis! Kan da umulig v\u00e6re bra med tanke p\u00e5 milj\u00f8et og forurensning?<\/p>\n<figure id=\"attachment_24352\" aria-describedby=\"caption-attachment-24352\" style=\"width: 960px\" class=\"wp-caption aligncenter\"><a href=\"https:\/\/i0.wp.com\/pequod.nesodd1.no\/wp-content\/uploads\/2022\/06\/IMG-1914.jpg?ssl=1\"><img data-recalc-dims=\"1\" loading=\"lazy\" decoding=\"async\" data-attachment-id=\"24352\" data-permalink=\"https:\/\/pequod.nesodd1.no\/?attachment_id=24352\" data-orig-file=\"https:\/\/i0.wp.com\/pequod.nesodd1.no\/wp-content\/uploads\/2022\/06\/IMG-1914.jpg?fit=960%2C720&amp;ssl=1\" data-orig-size=\"960,720\" data-comments-opened=\"1\" data-image-meta=\"{&quot;aperture&quot;:&quot;0&quot;,&quot;credit&quot;:&quot;&quot;,&quot;camera&quot;:&quot;&quot;,&quot;caption&quot;:&quot;&quot;,&quot;created_timestamp&quot;:&quot;0&quot;,&quot;copyright&quot;:&quot;&quot;,&quot;focal_length&quot;:&quot;0&quot;,&quot;iso&quot;:&quot;0&quot;,&quot;shutter_speed&quot;:&quot;0&quot;,&quot;title&quot;:&quot;&quot;,&quot;orientation&quot;:&quot;0&quot;}\" data-image-title=\"IMG-1914\" data-image-description=\"\" data-image-caption=\"&lt;p&gt;Vrakene i Hamburgsund&lt;\/p&gt;\n\" data-large-file=\"https:\/\/i0.wp.com\/pequod.nesodd1.no\/wp-content\/uploads\/2022\/06\/IMG-1914.jpg?fit=940%2C705&amp;ssl=1\" class=\"size-full wp-image-24352\" src=\"https:\/\/i0.wp.com\/pequod.nesodd1.no\/wp-content\/uploads\/2022\/06\/IMG-1914.jpg?resize=940%2C705&#038;ssl=1\" alt=\"\" width=\"940\" height=\"705\" srcset=\"https:\/\/i0.wp.com\/pequod.nesodd1.no\/wp-content\/uploads\/2022\/06\/IMG-1914.jpg?w=960&amp;ssl=1 960w, https:\/\/i0.wp.com\/pequod.nesodd1.no\/wp-content\/uploads\/2022\/06\/IMG-1914.jpg?resize=300%2C225&amp;ssl=1 300w, https:\/\/i0.wp.com\/pequod.nesodd1.no\/wp-content\/uploads\/2022\/06\/IMG-1914.jpg?resize=100%2C75&amp;ssl=1 100w, https:\/\/i0.wp.com\/pequod.nesodd1.no\/wp-content\/uploads\/2022\/06\/IMG-1914.jpg?resize=768%2C576&amp;ssl=1 768w\" sizes=\"auto, (max-width: 940px) 100vw, 940px\" \/><\/a><figcaption id=\"caption-attachment-24352\" class=\"wp-caption-text\">Vrakene i Hamburgsund<\/figcaption><\/figure>\n<p>Turen over Humparna litt s\u00f8r for Hamburgsund gikk ogs\u00e5 greit denne gangen, jeg har dratt over der i verre v\u00e6r med snekka. Men det som kom av vind kom fra siden, s\u00e5 jeg dro uansett litt til p\u00e5 gassen for \u00e5 komme meg raskt over.&nbsp;<\/p>\n<p>Jeg vurderte \u00e5 legge meg i Bovallstrand for \u00e5 oppleve en ny plass, men valgte likevel \u00e5 dra inn til Hunnebostrand. Har v\u00e6rt der en gang f\u00f8r med snekka og synes det var veldig koselig der. Og prisen for \u00e5 ligge der fram til uke 25 er jo nesten en tredel av hva det kostet i Tanumstrand! Bare 61 kroner d\u00f8gnet, pluss det samme for str\u00f8m. Etter uke 25 \u00f8kes det til 377 kroner pluss str\u00f8m!<\/p>\n<p><a href=\"https:\/\/i0.wp.com\/pequod.nesodd1.no\/wp-content\/uploads\/2022\/06\/IMG-1930.jpg?ssl=1\"><img data-recalc-dims=\"1\" loading=\"lazy\" decoding=\"async\" data-attachment-id=\"24353\" data-permalink=\"https:\/\/pequod.nesodd1.no\/?attachment_id=24353\" data-orig-file=\"https:\/\/i0.wp.com\/pequod.nesodd1.no\/wp-content\/uploads\/2022\/06\/IMG-1930.jpg?fit=960%2C720&amp;ssl=1\" data-orig-size=\"960,720\" data-comments-opened=\"1\" data-image-meta=\"{&quot;aperture&quot;:&quot;0&quot;,&quot;credit&quot;:&quot;&quot;,&quot;camera&quot;:&quot;&quot;,&quot;caption&quot;:&quot;&quot;,&quot;created_timestamp&quot;:&quot;0&quot;,&quot;copyright&quot;:&quot;&quot;,&quot;focal_length&quot;:&quot;0&quot;,&quot;iso&quot;:&quot;0&quot;,&quot;shutter_speed&quot;:&quot;0&quot;,&quot;title&quot;:&quot;&quot;,&quot;orientation&quot;:&quot;0&quot;}\" data-image-title=\"IMG-1930\" data-image-description=\"\" data-image-caption=\"\" data-large-file=\"https:\/\/i0.wp.com\/pequod.nesodd1.no\/wp-content\/uploads\/2022\/06\/IMG-1930.jpg?fit=940%2C705&amp;ssl=1\" class=\"aligncenter size-full wp-image-24353\" src=\"https:\/\/i0.wp.com\/pequod.nesodd1.no\/wp-content\/uploads\/2022\/06\/IMG-1930.jpg?resize=940%2C705&#038;ssl=1\" alt=\"\" width=\"940\" height=\"705\" srcset=\"https:\/\/i0.wp.com\/pequod.nesodd1.no\/wp-content\/uploads\/2022\/06\/IMG-1930.jpg?w=960&amp;ssl=1 960w, https:\/\/i0.wp.com\/pequod.nesodd1.no\/wp-content\/uploads\/2022\/06\/IMG-1930.jpg?resize=300%2C225&amp;ssl=1 300w, https:\/\/i0.wp.com\/pequod.nesodd1.no\/wp-content\/uploads\/2022\/06\/IMG-1930.jpg?resize=100%2C75&amp;ssl=1 100w, https:\/\/i0.wp.com\/pequod.nesodd1.no\/wp-content\/uploads\/2022\/06\/IMG-1930.jpg?resize=768%2C576&amp;ssl=1 768w\" sizes=\"auto, (max-width: 940px) 100vw, 940px\" \/><\/a>Aberet med Hunnebostrand er at det er langt til n\u00e6rmeste dagligvarebutikk, men jeg hadde heldigvis ikke noe behov for \u00e5 proviantere rent umiddelbart. Jeg sliter jo litt med venstrefoten og vil derfor ikke g\u00e5 s\u00e5 altfor mye, i alle fall ikke uten mye hvilepauser innimellom.<\/p>\n<p>Etter at jeg hadde v\u00e6rt p\u00e5 land og betalt havneavgiften la jeg merke til navnet p\u00e5 seilb\u00e5ten som jeg l\u00e5 foran &#8211; Toki . Synes det var noe kjent med det navnet og tok en prat med ekteparet om bord. Det viste seg at vi begge hadde v\u00e6rt p\u00e5 Vestlandstur i fjor, og vi fant ut at vi hadde ligget i samme havn, eller i umiddelbar n\u00e6rhet, b\u00e5de i Farsund, Egersund og Askvoll, og jeg lurer p\u00e5 om jeg s\u00e5 dem i Haugesund ogs\u00e5, men er ikke helt sikker. Verden er liten! De skal ogs\u00e5 videre nedover svenskekysten i \u00e5r, s\u00e5 kanskje vi treffes igjen flere ganger ogs\u00e5 i \u00e5r!<\/p>\n<p><a href=\"https:\/\/i0.wp.com\/pequod.nesodd1.no\/wp-content\/uploads\/2022\/06\/IMG-1934.jpg?ssl=1\"><img data-recalc-dims=\"1\" loading=\"lazy\" decoding=\"async\" data-attachment-id=\"24354\" data-permalink=\"https:\/\/pequod.nesodd1.no\/?attachment_id=24354\" data-orig-file=\"https:\/\/i0.wp.com\/pequod.nesodd1.no\/wp-content\/uploads\/2022\/06\/IMG-1934.jpg?fit=960%2C720&amp;ssl=1\" data-orig-size=\"960,720\" data-comments-opened=\"1\" data-image-meta=\"{&quot;aperture&quot;:&quot;0&quot;,&quot;credit&quot;:&quot;&quot;,&quot;camera&quot;:&quot;&quot;,&quot;caption&quot;:&quot;&quot;,&quot;created_timestamp&quot;:&quot;0&quot;,&quot;copyright&quot;:&quot;&quot;,&quot;focal_length&quot;:&quot;0&quot;,&quot;iso&quot;:&quot;0&quot;,&quot;shutter_speed&quot;:&quot;0&quot;,&quot;title&quot;:&quot;&quot;,&quot;orientation&quot;:&quot;0&quot;}\" data-image-title=\"IMG-1934\" data-image-description=\"&lt;p&gt;Hunnebostrand, geiter, bl\u00e5 snekke&lt;\/p&gt;\n\" data-image-caption=\"\" data-large-file=\"https:\/\/i0.wp.com\/pequod.nesodd1.no\/wp-content\/uploads\/2022\/06\/IMG-1934.jpg?fit=940%2C705&amp;ssl=1\" class=\"aligncenter size-full wp-image-24354\" src=\"https:\/\/i0.wp.com\/pequod.nesodd1.no\/wp-content\/uploads\/2022\/06\/IMG-1934.jpg?resize=940%2C705&#038;ssl=1\" alt=\"\" width=\"940\" height=\"705\" srcset=\"https:\/\/i0.wp.com\/pequod.nesodd1.no\/wp-content\/uploads\/2022\/06\/IMG-1934.jpg?w=960&amp;ssl=1 960w, https:\/\/i0.wp.com\/pequod.nesodd1.no\/wp-content\/uploads\/2022\/06\/IMG-1934.jpg?resize=300%2C225&amp;ssl=1 300w, https:\/\/i0.wp.com\/pequod.nesodd1.no\/wp-content\/uploads\/2022\/06\/IMG-1934.jpg?resize=100%2C75&amp;ssl=1 100w, https:\/\/i0.wp.com\/pequod.nesodd1.no\/wp-content\/uploads\/2022\/06\/IMG-1934.jpg?resize=768%2C576&amp;ssl=1 768w\" sizes=\"auto, (max-width: 940px) 100vw, 940px\" \/><\/a><\/p>\n<p>Jeg la meg p\u00e5 samme brygge som i 2016, bare litt lenger ut! Og som de andre gangene jeg har v\u00e6rt i eller kj\u00f8rt forbi Hunnebostrand, som kom jaggu den bl\u00e5 snekka med geitene t\u00f8ffende forbi! Det er visst en tradisjon dette, at han kommer t\u00f8ffende n\u00e5r jeg er her!<\/p>\n<p>Etter \u00e5 ha slappet litt av i b\u00e5ten fant jeg ut at jeg ville pr\u00f8ve \u00e5 g\u00e5 bort til H\u00f6ga Berg nord i havna, den fjellknausen som man ser p\u00e5 god avstand n\u00e5r man n\u00e6rmer seg Hunnebostrand. Skulle gjort det i 2016, men det ble det ikke noe av. Det er en promenade som g\u00e5r langs sj\u00f8en, og ved denne promenaden er det en skulpturpark som har v\u00e6rt der i over 10 \u00e5r. Utstillingene og skulpturene skifter hvert \u00e5r.<\/p>\n<p><a href=\"https:\/\/i0.wp.com\/pequod.nesodd1.no\/wp-content\/uploads\/2022\/06\/283902672_10158423170317032_4831755444216644978_n.jpg?ssl=1\"><img data-recalc-dims=\"1\" loading=\"lazy\" decoding=\"async\" data-attachment-id=\"24355\" data-permalink=\"https:\/\/pequod.nesodd1.no\/?attachment_id=24355\" data-orig-file=\"https:\/\/i0.wp.com\/pequod.nesodd1.no\/wp-content\/uploads\/2022\/06\/283902672_10158423170317032_4831755444216644978_n.jpg?fit=1536%2C2048&amp;ssl=1\" data-orig-size=\"1536,2048\" data-comments-opened=\"1\" data-image-meta=\"{&quot;aperture&quot;:&quot;0&quot;,&quot;credit&quot;:&quot;&quot;,&quot;camera&quot;:&quot;&quot;,&quot;caption&quot;:&quot;&quot;,&quot;created_timestamp&quot;:&quot;0&quot;,&quot;copyright&quot;:&quot;&quot;,&quot;focal_length&quot;:&quot;0&quot;,&quot;iso&quot;:&quot;0&quot;,&quot;shutter_speed&quot;:&quot;0&quot;,&quot;title&quot;:&quot;&quot;,&quot;orientation&quot;:&quot;0&quot;}\" data-image-title=\"283902672_10158423170317032_4831755444216644978_n\" data-image-description=\"&lt;p&gt;Hunnebostrand, skulpturparken, 2022&lt;\/p&gt;\n\" data-image-caption=\"\" data-large-file=\"https:\/\/i0.wp.com\/pequod.nesodd1.no\/wp-content\/uploads\/2022\/06\/283902672_10158423170317032_4831755444216644978_n.jpg?fit=768%2C1024&amp;ssl=1\" class=\"aligncenter size-full wp-image-24355\" src=\"https:\/\/i0.wp.com\/pequod.nesodd1.no\/wp-content\/uploads\/2022\/06\/283902672_10158423170317032_4831755444216644978_n.jpg?resize=940%2C1253&#038;ssl=1\" alt=\"\" width=\"940\" height=\"1253\" srcset=\"https:\/\/i0.wp.com\/pequod.nesodd1.no\/wp-content\/uploads\/2022\/06\/283902672_10158423170317032_4831755444216644978_n.jpg?w=1536&amp;ssl=1 1536w, https:\/\/i0.wp.com\/pequod.nesodd1.no\/wp-content\/uploads\/2022\/06\/283902672_10158423170317032_4831755444216644978_n.jpg?resize=225%2C300&amp;ssl=1 225w, https:\/\/i0.wp.com\/pequod.nesodd1.no\/wp-content\/uploads\/2022\/06\/283902672_10158423170317032_4831755444216644978_n.jpg?resize=768%2C1024&amp;ssl=1 768w, https:\/\/i0.wp.com\/pequod.nesodd1.no\/wp-content\/uploads\/2022\/06\/283902672_10158423170317032_4831755444216644978_n.jpg?resize=60%2C80&amp;ssl=1 60w, https:\/\/i0.wp.com\/pequod.nesodd1.no\/wp-content\/uploads\/2022\/06\/283902672_10158423170317032_4831755444216644978_n.jpg?resize=1152%2C1536&amp;ssl=1 1152w\" sizes=\"auto, (max-width: 940px) 100vw, 940px\" \/><\/a>Hunnebostrand har jo en fortid som stenhuggersted og nettopp ved Udden &#8211; som det heter lokalt &#8211; s\u00e5 var det et st\u00f8rre stenbrudd, s\u00e5 ikke overraskende er det nettopp skulpturer i stein som for det meste utgj\u00f8r utstillingene.<\/p>\n<p>Jeg fikk tatt meg en tur dit og kikket litt, og satt meg ned p\u00e5 noen benker innimellom, for \u00e5 ikke overbelaste foten. Synes det var mye interessant \u00e5 se, greit \u00e5 f\u00e5 med seg litt kultur og historie ogs\u00e5 fra stedene man bes\u00f8ker!<\/p>\n<p><a href=\"https:\/\/i0.wp.com\/pequod.nesodd1.no\/wp-content\/uploads\/2022\/06\/284504974_10158423170432032_1440378312591187298_n-e1654462554871.jpg?ssl=1\"><img data-recalc-dims=\"1\" loading=\"lazy\" decoding=\"async\" data-attachment-id=\"24356\" data-permalink=\"https:\/\/pequod.nesodd1.no\/?attachment_id=24356\" data-orig-file=\"https:\/\/i0.wp.com\/pequod.nesodd1.no\/wp-content\/uploads\/2022\/06\/284504974_10158423170432032_1440378312591187298_n-e1654462554871.jpg?fit=600%2C800&amp;ssl=1\" data-orig-size=\"600,800\" data-comments-opened=\"1\" data-image-meta=\"{&quot;aperture&quot;:&quot;0&quot;,&quot;credit&quot;:&quot;&quot;,&quot;camera&quot;:&quot;&quot;,&quot;caption&quot;:&quot;&quot;,&quot;created_timestamp&quot;:&quot;0&quot;,&quot;copyright&quot;:&quot;&quot;,&quot;focal_length&quot;:&quot;0&quot;,&quot;iso&quot;:&quot;0&quot;,&quot;shutter_speed&quot;:&quot;0&quot;,&quot;title&quot;:&quot;&quot;,&quot;orientation&quot;:&quot;0&quot;}\" data-image-title=\"284504974_10158423170432032_1440378312591187298_n\" data-image-description=\"\" data-image-caption=\"\" data-large-file=\"https:\/\/i0.wp.com\/pequod.nesodd1.no\/wp-content\/uploads\/2022\/06\/284504974_10158423170432032_1440378312591187298_n-e1654462554871.jpg?fit=768%2C1024&amp;ssl=1\" class=\"alignleft size-medium wp-image-24356\" src=\"https:\/\/i0.wp.com\/pequod.nesodd1.no\/wp-content\/uploads\/2022\/06\/284504974_10158423170432032_1440378312591187298_n-e1654462554871-225x300.jpg?resize=225%2C300&#038;ssl=1\" alt=\"\" width=\"225\" height=\"300\" srcset=\"https:\/\/i0.wp.com\/pequod.nesodd1.no\/wp-content\/uploads\/2022\/06\/284504974_10158423170432032_1440378312591187298_n-e1654462554871.jpg?resize=225%2C300&amp;ssl=1 225w, https:\/\/i0.wp.com\/pequod.nesodd1.no\/wp-content\/uploads\/2022\/06\/284504974_10158423170432032_1440378312591187298_n-e1654462554871.jpg?resize=60%2C80&amp;ssl=1 60w, https:\/\/i0.wp.com\/pequod.nesodd1.no\/wp-content\/uploads\/2022\/06\/284504974_10158423170432032_1440378312591187298_n-e1654462554871.jpg?w=600&amp;ssl=1 600w\" sizes=\"auto, (max-width: 225px) 100vw, 225px\" \/><\/a>Jeg la merke til at det ogs\u00e5 g\u00e5r noen trapper opp til et utsiktspunkt p\u00e5 toppen av knausen, men med tanke p\u00e5 foten jeg sliter med, s\u00e5 valgte jeg \u00e5 ikke pr\u00f8ve meg p\u00e5 det denne gangen. S\u00e5 har jeg noe til gode til neste gang jeg er her. Da forh\u00e5pentligvis med bedre fot ogs\u00e5!<\/p>\n<p>Jeg har jo slitt med venstrefoten etter mine to London-bes\u00f8k i mars og april. Jeg gikk rett og slett mer enn foten t\u00e5lte og et s\u00e5r jeg har etter stort\u00e5a som ble amputert bort sommeren 2015, begynte \u00e5 bl\u00f8. S\u00e5 jeg har tatt noen sykedager og jobbet litt hjemmefra den siste tiden f\u00f8r ferien, for at foten skulle bli bedre.<\/p>\n<p>Jeg bruker sandaler n\u00e5, ikke joggesko, s\u00e5nn at hvis venstrefoten hovner opp fordi jeg g\u00e5r for lenge, s\u00e5 vil ikke s\u00e5ret begynne \u00e5 gnisse mot skoen og begynne \u00e5 bl\u00f8. Jeg bruker ogs\u00e5 sokker i sandalene &#8211; dog diskret sv<a href=\"https:\/\/i0.wp.com\/pequod.nesodd1.no\/wp-content\/uploads\/2022\/06\/284558658_10158423170482032_1289028766117275086_n.jpg?ssl=1\"><img data-recalc-dims=\"1\" loading=\"lazy\" decoding=\"async\" data-attachment-id=\"24357\" data-permalink=\"https:\/\/pequod.nesodd1.no\/?attachment_id=24357\" data-orig-file=\"https:\/\/i0.wp.com\/pequod.nesodd1.no\/wp-content\/uploads\/2022\/06\/284558658_10158423170482032_1289028766117275086_n.jpg?fit=1536%2C2048&amp;ssl=1\" data-orig-size=\"1536,2048\" data-comments-opened=\"1\" data-image-meta=\"{&quot;aperture&quot;:&quot;0&quot;,&quot;credit&quot;:&quot;&quot;,&quot;camera&quot;:&quot;&quot;,&quot;caption&quot;:&quot;&quot;,&quot;created_timestamp&quot;:&quot;0&quot;,&quot;copyright&quot;:&quot;&quot;,&quot;focal_length&quot;:&quot;0&quot;,&quot;iso&quot;:&quot;0&quot;,&quot;shutter_speed&quot;:&quot;0&quot;,&quot;title&quot;:&quot;&quot;,&quot;orientation&quot;:&quot;0&quot;}\" data-image-title=\"284558658_10158423170482032_1289028766117275086_n\" data-image-description=\"&lt;p&gt;Hunnebostrand, skulpturparken, 2022&lt;\/p&gt;\n\" data-image-caption=\"\" data-large-file=\"https:\/\/i0.wp.com\/pequod.nesodd1.no\/wp-content\/uploads\/2022\/06\/284558658_10158423170482032_1289028766117275086_n.jpg?fit=768%2C1024&amp;ssl=1\" class=\"alignright wp-image-24357 size-medium\" src=\"https:\/\/i0.wp.com\/pequod.nesodd1.no\/wp-content\/uploads\/2022\/06\/284558658_10158423170482032_1289028766117275086_n.jpg?resize=225%2C300&#038;ssl=1\" alt=\"\" width=\"225\" height=\"300\" srcset=\"https:\/\/i0.wp.com\/pequod.nesodd1.no\/wp-content\/uploads\/2022\/06\/284558658_10158423170482032_1289028766117275086_n.jpg?resize=225%2C300&amp;ssl=1 225w, https:\/\/i0.wp.com\/pequod.nesodd1.no\/wp-content\/uploads\/2022\/06\/284558658_10158423170482032_1289028766117275086_n.jpg?resize=768%2C1024&amp;ssl=1 768w, https:\/\/i0.wp.com\/pequod.nesodd1.no\/wp-content\/uploads\/2022\/06\/284558658_10158423170482032_1289028766117275086_n.jpg?resize=60%2C80&amp;ssl=1 60w, https:\/\/i0.wp.com\/pequod.nesodd1.no\/wp-content\/uploads\/2022\/06\/284558658_10158423170482032_1289028766117275086_n.jpg?resize=1152%2C1536&amp;ssl=1 1152w, https:\/\/i0.wp.com\/pequod.nesodd1.no\/wp-content\/uploads\/2022\/06\/284558658_10158423170482032_1289028766117275086_n.jpg?w=1536&amp;ssl=1 1536w\" sizes=\"auto, (max-width: 225px) 100vw, 225px\" \/><\/a>arte og ikke hvite tennissokker! &#8211; selv om det er fyfy i f\u00f8lge motepolitiet. Forklaringen er enkel: P\u00e5 h\u00f8yrefoten har jeg jo en kunstig plastfot og p\u00e5 venstrefoten mangler jeg stort\u00e5 samt har en bandasje som det ikke skal komme st\u00f8v og skitt i.<\/p>\n<p>S\u00e5 jeg m\u00e5 ta det forsiktig og unng\u00e5 veldig lange spaserturer.<\/p>\n<p>De fleste butikkene og restaurantene i havneomr\u00e5det s\u00e5 ut til \u00e5 bare v\u00e6re \u00e5pne l\u00f8rdager og s\u00f8ndager forel\u00f8pig. Hovedsesongen har jo ikke begynt enn\u00e5.&nbsp;<\/p>\n<p>Jeg valgte \u00e5 spandere p\u00e5 meg litt middag f\u00f8r jeg gikk tilbake i b\u00e5ten, og valget falt p\u00e5 Bella G\u00e4stis &#8211; som tydeligvis er den eneste restauranten her med hel\u00e5rs\u00e5pent, i alle fall en av de f\u00e5. Var ganske koselig der med hyggelig personale.<\/p>\n<p>Det er en a la carte-restaurant, s\u00e5 porsjonen med den klassiske fish-and-chipsen jeg valgte var ikke veldig stor, men d\u00e6ven s\u00e5 godt det var! Pommes fritesen var perfekt &#8211; og fisken ogs\u00e5! Det hele ble toppet med en hamn\u00f8l fra Sm\u00f6genbryggar&#8217;n &#8211; som ogs\u00e5 var veldig god.<\/p>\n<p><a href=\"https:\/\/i0.wp.com\/pequod.nesodd1.no\/wp-content\/uploads\/2022\/06\/282193731_10158422949377032_6120837043663785550_n-e1654462751100.jpg?ssl=1\"><img data-recalc-dims=\"1\" loading=\"lazy\" decoding=\"async\" data-attachment-id=\"24358\" data-permalink=\"https:\/\/pequod.nesodd1.no\/?attachment_id=24358\" data-orig-file=\"https:\/\/i0.wp.com\/pequod.nesodd1.no\/wp-content\/uploads\/2022\/06\/282193731_10158422949377032_6120837043663785550_n-e1654462751100.jpg?fit=960%2C720&amp;ssl=1\" data-orig-size=\"960,720\" data-comments-opened=\"1\" data-image-meta=\"{&quot;aperture&quot;:&quot;0&quot;,&quot;credit&quot;:&quot;&quot;,&quot;camera&quot;:&quot;&quot;,&quot;caption&quot;:&quot;&quot;,&quot;created_timestamp&quot;:&quot;0&quot;,&quot;copyright&quot;:&quot;&quot;,&quot;focal_length&quot;:&quot;0&quot;,&quot;iso&quot;:&quot;0&quot;,&quot;shutter_speed&quot;:&quot;0&quot;,&quot;title&quot;:&quot;&quot;,&quot;orientation&quot;:&quot;0&quot;}\" data-image-title=\"282193731_10158422949377032_6120837043663785550_n\" data-image-description=\"&lt;p&gt;Fish &amp;#038; Chips, Bella G\u00e4stis, Hunnebostrand&lt;\/p&gt;\n\" data-image-caption=\"\" data-large-file=\"https:\/\/i0.wp.com\/pequod.nesodd1.no\/wp-content\/uploads\/2022\/06\/282193731_10158422949377032_6120837043663785550_n-e1654462751100.jpg?fit=940%2C705&amp;ssl=1\" class=\"aligncenter size-large wp-image-24358\" src=\"https:\/\/i0.wp.com\/pequod.nesodd1.no\/wp-content\/uploads\/2022\/06\/282193731_10158422949377032_6120837043663785550_n.jpg?resize=940%2C705&#038;ssl=1\" alt=\"\" width=\"940\" height=\"705\"><\/a>Ble fristet til \u00e5 ta en dessert med varm rababra innkokt med vaniljestang og flytende hvit sjokolade med n\u00f8tter! Smakte helt himmelsk &#8211; noe av det beste jeg har smakt! Lenge siden jeg har smakt rabarabra &#8211; husker med glede den rabarbakompotten som bestemoren min lagde, har aldri smakt noe slikt siden da.<\/p>\n<p>Med en kaffe i tillegg ble det totalt 429 svenske kroner for herligheten, men jeg ble mett og forn\u00f8yd, og som sagt smakte det kjempegodt. Absolutt mulig at jeg spiser her neste gang ogs\u00e5&#8230; M\u00e5tte dog ta litt insulin da jeg var tilbake i b\u00e5ten, for den desserten var s\u00f8t!<\/p>\n<p>Jeg ble to d\u00f8gn i Hunnebostrand ogs\u00e5, f\u00f8r jeg dro videre til Kungshamn. Men jeg tenkte jeg skulle skrive om Kungshamn i neste innlegg!<\/p>\n<p><a href=\"https:\/\/i0.wp.com\/pequod.nesodd1.no\/wp-content\/uploads\/2022\/06\/283808636_10158423170097032_5794473203269845603_n-e1654462836540.jpg?ssl=1\"><img data-recalc-dims=\"1\" loading=\"lazy\" decoding=\"async\" data-attachment-id=\"24359\" data-permalink=\"https:\/\/pequod.nesodd1.no\/?attachment_id=24359\" data-orig-file=\"https:\/\/i0.wp.com\/pequod.nesodd1.no\/wp-content\/uploads\/2022\/06\/283808636_10158423170097032_5794473203269845603_n-e1654462836540.jpg?fit=960%2C720&amp;ssl=1\" data-orig-size=\"960,720\" data-comments-opened=\"1\" data-image-meta=\"{&quot;aperture&quot;:&quot;0&quot;,&quot;credit&quot;:&quot;&quot;,&quot;camera&quot;:&quot;&quot;,&quot;caption&quot;:&quot;&quot;,&quot;created_timestamp&quot;:&quot;0&quot;,&quot;copyright&quot;:&quot;&quot;,&quot;focal_length&quot;:&quot;0&quot;,&quot;iso&quot;:&quot;0&quot;,&quot;shutter_speed&quot;:&quot;0&quot;,&quot;title&quot;:&quot;&quot;,&quot;orientation&quot;:&quot;0&quot;}\" data-image-title=\"283808636_10158423170097032_5794473203269845603_n\" data-image-description=\"\" data-image-caption=\"\" data-large-file=\"https:\/\/i0.wp.com\/pequod.nesodd1.no\/wp-content\/uploads\/2022\/06\/283808636_10158423170097032_5794473203269845603_n-e1654462836540.jpg?fit=940%2C705&amp;ssl=1\" class=\"aligncenter size-large wp-image-24359\" src=\"https:\/\/i0.wp.com\/pequod.nesodd1.no\/wp-content\/uploads\/2022\/06\/283808636_10158423170097032_5794473203269845603_n.jpg?resize=940%2C705&#038;ssl=1\" alt=\"\" width=\"940\" height=\"705\"><\/a><\/p>\n<h3>Related Images:<\/h3>","protected":false},"excerpt":{"rendered":"<p>Bergtatt beveger seg jevnt og trutt s\u00f8rover langs vestkysten av Sverige. Jeg har fram til n\u00e5 overnattet lenger p\u00e5 hvert sted enn planlagt, men samtidig skal jeg jo kose meg, noe jeg da ogs\u00e5 gj\u00f8r! Og de siste dagene har sommerv\u00e6ret kommet ogs\u00e5. Related Images:<\/p>\n","protected":false},"author":1,"featured_media":24344,"comment_status":"open","ping_status":"open","sticky":false,"template":"","format":"standard","meta":{"_crdt_document":"","ngg_post_thumbnail":0,"jetpack_post_was_ever_published":false,"_jetpack_newsletter_access":"","_jetpack_dont_email_post_to_subs":false,"_jetpack_newsletter_tier_id":0,"_jetpack_memberships_contains_paywalled_content":false,"_jetpack_memberships_contains_paid_content":false,"footnotes":""},"categories":[11,3,147,1587,3263,4],"tags":[3853,799,3852,2743],"class_list":["post-24334","post","type-post","status-publish","format-standard","has-post-thumbnail","hentry","category-pics","category-blogg","category-ferie","category-kystkultur","category-sykdom-og-helse","category-tur","tag-batferien-2022","tag-hunnebostrand","tag-sverigeferie","tag-tanumsstrand"],"jetpack_featured_media_url":"https:\/\/i0.wp.com\/pequod.nesodd1.no\/wp-content\/uploads\/2022\/06\/284642387_10158423170812032_5091635197534476979_n.jpg?fit=2048%2C1536&ssl=1","jetpack_shortlink":"https:\/\/wp.me\/p3Zd9b-6ku","jetpack_sharing_enabled":true,"jetpack_likes_enabled":true,"jetpack-related-posts":[],"_links":{"self":[{"href":"https:\/\/pequod.nesodd1.no\/index.php?rest_route=\/wp\/v2\/posts\/24334","targetHints":{"allow":["GET"]}}],"collection":[{"href":"https:\/\/pequod.nesodd1.no\/index.php?rest_route=\/wp\/v2\/posts"}],"about":[{"href":"https:\/\/pequod.nesodd1.no\/index.php?rest_route=\/wp\/v2\/types\/post"}],"author":[{"embeddable":true,"href":"https:\/\/pequod.nesodd1.no\/index.php?rest_route=\/wp\/v2\/users\/1"}],"replies":[{"embeddable":true,"href":"https:\/\/pequod.nesodd1.no\/index.php?rest_route=%2Fwp%2Fv2%2Fcomments&post=24334"}],"version-history":[{"count":8,"href":"https:\/\/pequod.nesodd1.no\/index.php?rest_route=\/wp\/v2\/posts\/24334\/revisions"}],"predecessor-version":[{"id":24360,"href":"https:\/\/pequod.nesodd1.no\/index.php?rest_route=\/wp\/v2\/posts\/24334\/revisions\/24360"}],"wp:featuredmedia":[{"embeddable":true,"href":"https:\/\/pequod.nesodd1.no\/index.php?rest_route=\/wp\/v2\/media\/24344"}],"wp:attachment":[{"href":"https:\/\/pequod.nesodd1.no\/index.php?rest_route=%2Fwp%2Fv2%2Fmedia&parent=24334"}],"wp:term":[{"taxonomy":"category","embeddable":true,"href":"https:\/\/pequod.nesodd1.no\/index.php?rest_route=%2Fwp%2Fv2%2Fcategories&post=24334"},{"taxonomy":"post_tag","embeddable":true,"href":"https:\/\/pequod.nesodd1.no\/index.php?rest_route=%2Fwp%2Fv2%2Ftags&post=24334"}],"curies":[{"name":"wp","href":"https:\/\/api.w.org\/{rel}","templated":true}]}}