{"id":2528,"date":"2014-04-03T11:55:43","date_gmt":"2014-04-03T09:55:43","guid":{"rendered":"https:\/\/pequod.nesodd1.no\/?p=2528"},"modified":"2014-04-03T11:57:51","modified_gmt":"2014-04-03T09:57:51","slug":"en-kaffetabbe","status":"publish","type":"post","link":"https:\/\/pequod.nesodd1.no\/?p=2528","title":{"rendered":"En kaffetabbe!"},"content":{"rendered":"<p><a class=\"ngg-fancybox\" title=\" \" href=\"https:\/\/i0.wp.com\/pequod.nesodd1.no\/wp-content\/gallery\/roald-amundsen-30-03\/IMG_5890.JPG\" data-image-id=\"999\" data-src=\"https:\/\/pequod.nesodd1.no\/wp-content\/gallery\/roald-amundsen-30-03\/IMG_5890.JPG\" data-thumbnail=\"https:\/\/pequod.nesodd1.no\/wp-content\/gallery\/roald-amundsen-30-03\/thumbs\/thumbs_IMG_5890.JPG\" data-title=\"IMG_5890\" data-description=\" \"><img data-recalc-dims=\"1\" loading=\"lazy\" decoding=\"async\" class=\"ngg-singlepic ngg-right alignright\" alt=\"IMG_5890\" src=\"https:\/\/i0.wp.com\/pequod.nesodd1.no\/wp-content\/gallery\/roald-amundsen-30-03\/thumbs\/thumbs_IMG_5890.JPG?resize=96%2C72\" width=\"96\" height=\"72\" \/><\/a>Sist helg var det jo perfekt v\u00e6r for en b\u00e5ttur, med bl\u00e5 himmel og sol og ikke minst speilblank sj\u00f8. Etter en fin tur l\u00f8rdag var det derfor \u00e5penbart at ogs\u00e5 s\u00f8ndagen m\u00e5tte benyttes! Men denne gangen gjorde jeg en stor tabbe som tidlig begynte \u00e5 irritere meg&#8230;Ikke nok til \u00e5 \u00f8delegge turopplevelsen selvsagt, men likevel irriterende nok!<!--more--><\/p>\n<p>Jeg liker jo \u00e5 sove lenge om morgenen, og spesielt p\u00e5 s\u00f8ndager, s\u00e5 jeg kom meg ganske sent ned i b\u00e5thavna ogs\u00e5 denne gangen, omtrent en time senere enn l\u00f8rdagen. Men denne s\u00f8ndagen var jo sommertiden innf\u00f8rt, s\u00e5 jeg visste jo at jeg kunne v\u00e6re p\u00e5 sj\u00f8en i en times ekstra lys, s\u00e5 derfor var det ingen grunn til \u00e5 stresse.<\/p>\n<p>Vel nede i b\u00e5ten var det bare \u00e5 hoppe om bord og kaste loss umiddelbart, ingen grunn til \u00e5 kaste bort tiden her!<\/p>\n<p>M\u00e5let denne gangen var \u00e5 komme meg lenger inn i Bunnefjorden enn jeg hadde v\u00e6rt f\u00f8r, tror vel Presteskj\u00e6r og Kirkevika har v\u00e6rt det lengste jeg har dratt &laquo;innover&raquo; s\u00e5 langt. M\u00e5let helt konkret var \u00e5 komme meg til Roald Amundsens hjem p\u00e5 den andre siden av fjorden, p\u00e5 Svartskog.<\/p>\n<p>Jeg startet jo s\u00e5 sent at jeg visste at det var stengt (vet ikke om det har \u00e5pnet for sesongen uansett), men det bet\u00f8d ikke s\u00e5 mye for meg, poenget var \u00e5 komme meg dit! Jeg har aldri v\u00e6rt der, men visste s\u00e5nn omtrent hvor det var etter \u00e5 ha kikket litt p\u00e5 nettet, og studerte ogs\u00e5 noen bilder av huset slik at jeg skulle kjenne det igjen n\u00e5r jeg kom fram.<\/p>\n<p>Planen var da \u00e5 holde meg til Nesoddensiden fram til Bomannsvik, og deretter krysse over fjorden og begynne returen p\u00e5 den andre siden, noe tettere til land for \u00e5 kunne observere og oppdage huset n\u00e5r jeg kom s\u00e5 langt.<\/p>\n<p>ngg_shortcode_0_placeholderDet var ogs\u00e5 denne s\u00f8ndagen tydelig at folk satte pris p\u00e5 v\u00e5rv\u00e6ret. Det var flere b\u00e5ter ute p\u00e5 sj\u00f8en (ikke veldig mange, men jeg s\u00e5 n\u00e5 en fem-seks stykker i alle fall) og langs land var det mange som b\u00e5de sto og fisket eller som satt og koste seg i sola. Flere grillet ogs\u00e5 denne ettermiddagen.<\/p>\n<p>Da jeg passerte Hellviktangen kom den en liten b\u00e5t med p\u00e5hengsmotor og kj\u00f8rte forbi meg. Traff den flere ganger p\u00e5 vei videre, ettersom de to om bord tydeligvis ikke helt klarte \u00e5 bestemme seg for hvilken fiskeplass de skulle velge&#8230;men jeg s\u00e5 dem ikke etter at jeg hadde passert Fjordvangen, s\u00e5 de fikk kanskje fisk? \ud83d\ude42<\/p>\n<p>V\u00e6ret var flott, sola varmet og sj\u00f8en var blikkstille hele veien, men det tok likevel ikke lang tid f\u00f8r jeg skj\u00f8nte at jeg hadde gjort en tabbe. F\u00f8r jeg dro hjemmefra denne gangen kuttet jeg nemlig ut b\u00e5de kaffetermosen og nistepakka, og tok med meg en halvliter med Pepsi-Max. Jeg hadde nettopp spist f\u00f8r jeg dro, og var ikke spesielt sulten, og orket ikke \u00e5 sitte og vente p\u00e5 en runde med ny kaffe i kaffetrakteren, s\u00e5 jeg tenkte at en brusflaske ville gj\u00f8re nytten.<\/p>\n<p>Jeg tok feil.<\/p>\n<p>Det var noe som manglet, og det var kaffen. Jeg bruker jo gjerne \u00e5 nippe til en kaffekopp mens jeg kj\u00f8rer, s\u00e6rlig n\u00e5r jeg st\u00e5r oppreist med hodet over cockpitvinduene og f\u00e5r vinden i ansiktet. Da er det kos med en kaffekopp. Det var ikke like koselig \u00e5 ta en slurk av en plastflaske med kald brus&#8230;<\/p>\n<p>P\u00e5 slutten av turen gikk ogs\u00e5 solen ned, og da ble det straks noe kj\u00f8ligere, s\u00e5 jeg satte p\u00e5 varmeapparatet. Da ville det ogs\u00e5 v\u00e6rt koselig med en varm kaffekopp&#8230;<\/p>\n<p>S\u00e5 dermed noterer jeg dette bak \u00f8ret, og konstaterer at en b\u00e5ttur ikke blir det samme uten kaffe! En nyttig l\u00e6rdom! \ud83d\ude42<\/p>\n<p>Vel, tilbake til turen!<\/p>\n<figure style=\"width: 800px\" class=\"wp-caption aligncenter\"><img data-recalc-dims=\"1\" loading=\"lazy\" decoding=\"async\" class=\"ngg-singlepic ngg-center \" alt=\"IMG_5929\" src=\"https:\/\/i0.wp.com\/pequod.nesodd1.no\/wp-content\/gallery\/roald-amundsen-30-03\/IMG_5929.JPG?resize=800%2C534\" width=\"800\" height=\"534\" \/><figcaption class=\"wp-caption-text\">Bunnefjorden der den begynner \u00e5 snevres inn. Bomannsvik til styrbord.<\/figcaption><\/figure>\n<p style=\"text-align: center;\">Kom meg knirkefritt fram til Bomannsvik og da begynte ogs\u00e5 Bunnefjorden \u00e5 snevre seg inn, og jeg var veldig fristet til \u00e5 ta en tur videre innover for \u00e5 utforske farvannet der, men holdt meg likevel til den opprinnelige planen. If\u00f8lge kartet skulle jeg n\u00e5 ha passert Roald Amundsens hjem, s\u00e5 etter at jeg hadde kommet meg over p\u00e5 Oppeg\u00e5rdssiden av Bunnefjorden, var det bare \u00e5 man\u00f8vrere litt n\u00e6rmere land og studere n\u00f8ye husene jeg passerte.<\/p>\n<p>Var mange flotte hus og hytter \u00e5 se ogs\u00e5 p\u00e5 denne siden av fjorden!<\/p>\n<p>Det tok vel ikke mer enn rundt 15 minutter f\u00f8r jeg kjente igjen huset til Amundsen. Sakket farten og knipset mange bilder, men glemte \u00e5 ta video! Dessverre s\u00e5 det ikke ut til at det var s\u00e5 veldig lett \u00e5 legge til med en snekke der. Det var en slags steinbrygge p\u00e5 selve eiendommen, men det er vel ikke sikkert at det er lov \u00e5 bruke den, og noe fester til fort\u00f8yninger kunne jeg ikke se. Litt til h\u00f8yre for eiendommen var det en slik brygge som jeg ikke liker \u00a0&#8211; ser ut som en mellomting mellom et stupebrett og en brygge &#8211; og den var i tillegg for h\u00f8y for meg og snekka mi. Enda litt lenger bort var det en st\u00f8rre brygge, sannsynligvis beregnet p\u00e5 charterb\u00e5ter og litt st\u00f8rre b\u00e5ter. Det kan jeg nok legge til, men da blir det litt klatring!<\/p>\n<p>Tror det enkleste ville v\u00e6re \u00e5 ankre opp og sv\u00f8mme i land&#8230;.eller bruke en gummib\u00e5t&#8230;eller kanskje rett og slett ta en buss!<\/p>\n<p><img data-recalc-dims=\"1\" decoding=\"async\" class=\"ngg-singlepic ngg-center\" alt=\"IMG_5979\" src=\"https:\/\/i0.wp.com\/pequod.nesodd1.no\/wp-content\/gallery\/roald-amundsen-30-03\/IMG_5979.JPG?w=940\" \/>Uansett s\u00e5 hadde jeg kommet fram til det som var m\u00e5let for turen, og huset til godeste Amundsen s\u00e5 flott ut det, skj\u00f8nner godt at han trivdes der!<\/p>\n<p>Fortsatte resten av turen langs Oppeg\u00e5rd og Oslo-siden. S\u00e5 mange idylliske eiendommer og hus og hytter, folk som koste seg i sola og grillet ute. Passerte Ingierstrand og funkis-restauranten og stupet\u00e5rnet &#8211; og har veldig lyst til \u00e5 g\u00e5 i land der ogs\u00e5 en gang &#8211; noe som s\u00e5 ut til \u00e5 v\u00e6re mulig, langt flere brygger og steder \u00e5 legge til der enn hos Amundsen&#8230;<\/p>\n<p>Deretter kj\u00f8rte jeg til Hvervenbukta &#8211; gamle tomter for meg det &#8211; og la deretter kursen rett over fjorden i retning Oksval.<\/p>\n<p>Da la jeg merke til at v\u00e6ret hadde forandret seg, og at det var kommet litt mer b\u00f8lger enn f\u00f8r. Fikk b\u00f8lgene sidelengs p\u00e5 overfarten, og konstaterte nok en gang at det ikke skal mye til f\u00f8r ei snekke begynner \u00e5 rulle p\u00e5 seg! \ud83d\ude42<\/p>\n<p>N\u00e5r jeg kom inn i b\u00e5thavna og inn i b\u00e5sen var klokka blitt nesten halv ni om kvelden,men det var enn\u00e5 ikke blitt helt m\u00f8rkt! Hadde v\u00e6rt ute i over tre og en halv time, og kan skrive under p\u00e5 at tiden gikk fort!<\/p>\n<p>Men neste gang er kaffen med. Garantert!<\/p>\n<p>Flere bilder fra turen <a title=\"Tur til Roald Amundsen\" href=\"https:\/\/pequod.nesodd1.no\/?page_id=2547\">ser dere her!<\/a><\/p>\n<h3>Related Images:<\/h3>","protected":false},"excerpt":{"rendered":"<p>Sist helg var det jo perfekt v\u00e6r for en b\u00e5ttur, med bl\u00e5 himmel og sol og ikke minst speilblank sj\u00f8. Etter en fin tur l\u00f8rdag var det derfor \u00e5penbart at ogs\u00e5 s\u00f8ndagen m\u00e5tte benyttes! Men denne gangen gjorde jeg en stor tabbe som tidlig begynte \u00e5 irritere meg&#8230;Ikke nok til \u00e5 \u00f8delegge turopplevelsen selvsagt, men &hellip;<br \/><a href=\"https:\/\/pequod.nesodd1.no\/?p=2528\" class=\"more-link pen_element_default pen_icon_arrow_double\">Les<\/a><\/p>\n","protected":false},"author":1,"featured_media":0,"comment_status":"open","ping_status":"open","sticky":false,"template":"","format":"standard","meta":{"_crdt_document":"","ngg_post_thumbnail":0,"jetpack_post_was_ever_published":false,"_jetpack_newsletter_access":"","_jetpack_dont_email_post_to_subs":false,"_jetpack_newsletter_tier_id":0,"_jetpack_memberships_contains_paywalled_content":false,"_jetpack_memberships_contains_paid_content":false,"footnotes":""},"categories":[3,4],"tags":[616,613,336,614,615],"class_list":["post-2528","post","type-post","status-publish","format-standard","hentry","category-blogg","category-tur","tag-bomannsvik","tag-bunnefjorden","tag-ingierstrand","tag-kaffemangel","tag-roald-amundsen"],"jetpack_featured_media_url":"","jetpack_shortlink":"https:\/\/wp.me\/p3Zd9b-EM","jetpack_sharing_enabled":true,"jetpack_likes_enabled":true,"jetpack-related-posts":[],"_links":{"self":[{"href":"https:\/\/pequod.nesodd1.no\/index.php?rest_route=\/wp\/v2\/posts\/2528","targetHints":{"allow":["GET"]}}],"collection":[{"href":"https:\/\/pequod.nesodd1.no\/index.php?rest_route=\/wp\/v2\/posts"}],"about":[{"href":"https:\/\/pequod.nesodd1.no\/index.php?rest_route=\/wp\/v2\/types\/post"}],"author":[{"embeddable":true,"href":"https:\/\/pequod.nesodd1.no\/index.php?rest_route=\/wp\/v2\/users\/1"}],"replies":[{"embeddable":true,"href":"https:\/\/pequod.nesodd1.no\/index.php?rest_route=%2Fwp%2Fv2%2Fcomments&post=2528"}],"version-history":[{"count":4,"href":"https:\/\/pequod.nesodd1.no\/index.php?rest_route=\/wp\/v2\/posts\/2528\/revisions"}],"predecessor-version":[{"id":2550,"href":"https:\/\/pequod.nesodd1.no\/index.php?rest_route=\/wp\/v2\/posts\/2528\/revisions\/2550"}],"wp:attachment":[{"href":"https:\/\/pequod.nesodd1.no\/index.php?rest_route=%2Fwp%2Fv2%2Fmedia&parent=2528"}],"wp:term":[{"taxonomy":"category","embeddable":true,"href":"https:\/\/pequod.nesodd1.no\/index.php?rest_route=%2Fwp%2Fv2%2Fcategories&post=2528"},{"taxonomy":"post_tag","embeddable":true,"href":"https:\/\/pequod.nesodd1.no\/index.php?rest_route=%2Fwp%2Fv2%2Ftags&post=2528"}],"curies":[{"name":"wp","href":"https:\/\/api.w.org\/{rel}","templated":true}]}}