{"id":25450,"date":"2022-10-03T10:01:05","date_gmt":"2022-10-03T08:01:05","guid":{"rendered":"https:\/\/pequod.nesodd1.no\/?p=25450"},"modified":"2022-10-03T00:48:22","modified_gmt":"2022-10-02T22:48:22","slug":"sondag-og-kanelboller","status":"publish","type":"post","link":"https:\/\/pequod.nesodd1.no\/?p=25450","title":{"rendered":"S\u00f8ndag og kanelboller"},"content":{"rendered":"<p><strong>S\u00f8ndagen ble brukt til \u00e5 nyte kaffe og skillingsboller om bord i b\u00e5ten i nydelig h\u00f8stv\u00e6r. Og med eldstedatter som passasjer i det som ble min tur nummer 275 med Tresfjorden.<\/strong><!--more--><\/p>\n<p>Da er oktober m\u00e5ned dermed \u00e5pnet som turm\u00e5ned! Turen i g\u00e5r var alts\u00e5 tur nummer 275 med Tresfjorden siden jeg kj\u00f8pte den i april 2019. Og nummer 786 totalt &#8211; jeg begynner \u00e5 n\u00e6rme meg et ganske s\u00e5 rundt tall n\u00e5. Slik som jeg har begynt \u00e5 farte rundt etter at b\u00e5ten ble sj\u00f8satt igjen, s\u00e5 ville det nesten forundre meg om jeg ikke passerer 800 turer innen \u00e5ret er omme.<\/p>\n<p>\u00c5rets sesong har jo blitt litt spesiell, og jeg har s\u00e5 vidt kommet opp i 31 turer &#8211; det er det laveste antall turer jeg har hatt siden den f\u00f8rste sesongen jeg var b\u00e5teier &#8211; men da kj\u00f8pte jeg jo ikke b\u00e5ten f\u00f8r 9. oktober&#8230; Men jeg rakk 29 turer totalt uansett.<\/p>\n<p>Hvis v\u00e6ret fortsetter \u00e5 v\u00e6re mildt, og helsa mi holder, s\u00e5 ser jeg ingen grunn til at jeg ikke skal kunne klare \u00e5 komme opp i rundt 20 turer innen nytt\u00e5rsrakettene setter i gang &#8211; men her m\u00e5 jeg jo ta alle forbehold.<\/p>\n<p><a href=\"https:\/\/i0.wp.com\/pequod.nesodd1.no\/wp-content\/uploads\/2022\/10\/310282429_10158590412102032_556414050657429937_n.jpg?ssl=1\"><img data-recalc-dims=\"1\" loading=\"lazy\" decoding=\"async\" data-attachment-id=\"25453\" data-permalink=\"https:\/\/pequod.nesodd1.no\/?attachment_id=25453\" data-orig-file=\"https:\/\/i0.wp.com\/pequod.nesodd1.no\/wp-content\/uploads\/2022\/10\/310282429_10158590412102032_556414050657429937_n.jpg?fit=960%2C720&amp;ssl=1\" data-orig-size=\"960,720\" data-comments-opened=\"1\" data-image-meta=\"{&quot;aperture&quot;:&quot;0&quot;,&quot;credit&quot;:&quot;&quot;,&quot;camera&quot;:&quot;&quot;,&quot;caption&quot;:&quot;&quot;,&quot;created_timestamp&quot;:&quot;0&quot;,&quot;copyright&quot;:&quot;&quot;,&quot;focal_length&quot;:&quot;0&quot;,&quot;iso&quot;:&quot;0&quot;,&quot;shutter_speed&quot;:&quot;0&quot;,&quot;title&quot;:&quot;&quot;,&quot;orientation&quot;:&quot;1&quot;}\" data-image-title=\"310282429_10158590412102032_556414050657429937_n\" data-image-description=\"&lt;p&gt;Bunnefjorden, solnedgang, lanterne, vimpel, Tresfjord 29&lt;\/p&gt;\n\" data-image-caption=\"\" data-large-file=\"https:\/\/i0.wp.com\/pequod.nesodd1.no\/wp-content\/uploads\/2022\/10\/310282429_10158590412102032_556414050657429937_n.jpg?fit=940%2C705&amp;ssl=1\" class=\"aligncenter size-full wp-image-25453\" src=\"https:\/\/i0.wp.com\/pequod.nesodd1.no\/wp-content\/uploads\/2022\/10\/310282429_10158590412102032_556414050657429937_n.jpg?resize=940%2C705&#038;ssl=1\" alt=\"\" width=\"940\" height=\"705\" srcset=\"https:\/\/i0.wp.com\/pequod.nesodd1.no\/wp-content\/uploads\/2022\/10\/310282429_10158590412102032_556414050657429937_n.jpg?w=960&amp;ssl=1 960w, https:\/\/i0.wp.com\/pequod.nesodd1.no\/wp-content\/uploads\/2022\/10\/310282429_10158590412102032_556414050657429937_n.jpg?resize=300%2C225&amp;ssl=1 300w, https:\/\/i0.wp.com\/pequod.nesodd1.no\/wp-content\/uploads\/2022\/10\/310282429_10158590412102032_556414050657429937_n.jpg?resize=100%2C75&amp;ssl=1 100w, https:\/\/i0.wp.com\/pequod.nesodd1.no\/wp-content\/uploads\/2022\/10\/310282429_10158590412102032_556414050657429937_n.jpg?resize=768%2C576&amp;ssl=1 768w\" sizes=\"auto, (max-width: 940px) 100vw, 940px\" \/><\/a><\/p>\n<p>I 2014 rakk jeg 35 turer fra 4. oktober og ut \u00e5ret, i 2015 &#8211; det \u00e5ret jeg ble amputert &#8211; var antallet 24 fra 3. oktober og ut, mens i 2016 endte jeg p\u00e5 16 turer fra 9. oktober. \u00c5ret etter ble det bare 8 turer mellom 1. oktober og 30. desember, mens i 2018 var antall turer \u00f8kt til 12 turer fra 1. oktober og ut \u00e5ret, mens jeg i 2019 &#8211; f\u00f8rste h\u00f8sten med Tresfjorden . var utp\u00e5 14 ganger fra 1. oktober og ut \u00e5ret.<\/p>\n<p>S\u00e5 kom koronaen, og i 2020 ble det bare 10 turer fra 11. oktober og fram til nytt\u00e5r. I fjor var jeg faktisk ikke ute p\u00e5 tur i det hele tatt i november og desember, men jeg rakk 13 turer i oktober, s\u00e5 rent statistisk sett ble det ikke s\u00e5 ille, selv om siste b\u00e5ttur ble tatt 24. oktober.&nbsp;I \u00e5r blir nok totalantallet ganske labert, men jeg h\u00e5per alts\u00e5 p\u00e5 en fin og aktiv h\u00f8st! Og oktober ble alts\u00e5 innledet med tur i g\u00e5r!<\/p>\n<p><a href=\"https:\/\/i0.wp.com\/pequod.nesodd1.no\/wp-content\/uploads\/2022\/10\/310269355_10158590412122032_4416633499010529009_n.jpg?ssl=1\"><img data-recalc-dims=\"1\" loading=\"lazy\" decoding=\"async\" data-attachment-id=\"25454\" data-permalink=\"https:\/\/pequod.nesodd1.no\/?attachment_id=25454\" data-orig-file=\"https:\/\/i0.wp.com\/pequod.nesodd1.no\/wp-content\/uploads\/2022\/10\/310269355_10158590412122032_4416633499010529009_n.jpg?fit=960%2C720&amp;ssl=1\" data-orig-size=\"960,720\" data-comments-opened=\"1\" data-image-meta=\"{&quot;aperture&quot;:&quot;0&quot;,&quot;credit&quot;:&quot;&quot;,&quot;camera&quot;:&quot;&quot;,&quot;caption&quot;:&quot;&quot;,&quot;created_timestamp&quot;:&quot;0&quot;,&quot;copyright&quot;:&quot;&quot;,&quot;focal_length&quot;:&quot;0&quot;,&quot;iso&quot;:&quot;0&quot;,&quot;shutter_speed&quot;:&quot;0&quot;,&quot;title&quot;:&quot;&quot;,&quot;orientation&quot;:&quot;1&quot;}\" data-image-title=\"310269355_10158590412122032_4416633499010529009_n\" data-image-description=\"&lt;p&gt;Oslofjorden, Oslo, Tjuvholmen&lt;\/p&gt;\n\" data-image-caption=\"\" data-large-file=\"https:\/\/i0.wp.com\/pequod.nesodd1.no\/wp-content\/uploads\/2022\/10\/310269355_10158590412122032_4416633499010529009_n.jpg?fit=940%2C705&amp;ssl=1\" class=\"aligncenter size-full wp-image-25454\" src=\"https:\/\/i0.wp.com\/pequod.nesodd1.no\/wp-content\/uploads\/2022\/10\/310269355_10158590412122032_4416633499010529009_n.jpg?resize=940%2C705&#038;ssl=1\" alt=\"\" width=\"940\" height=\"705\" srcset=\"https:\/\/i0.wp.com\/pequod.nesodd1.no\/wp-content\/uploads\/2022\/10\/310269355_10158590412122032_4416633499010529009_n.jpg?w=960&amp;ssl=1 960w, https:\/\/i0.wp.com\/pequod.nesodd1.no\/wp-content\/uploads\/2022\/10\/310269355_10158590412122032_4416633499010529009_n.jpg?resize=300%2C225&amp;ssl=1 300w, https:\/\/i0.wp.com\/pequod.nesodd1.no\/wp-content\/uploads\/2022\/10\/310269355_10158590412122032_4416633499010529009_n.jpg?resize=100%2C75&amp;ssl=1 100w, https:\/\/i0.wp.com\/pequod.nesodd1.no\/wp-content\/uploads\/2022\/10\/310269355_10158590412122032_4416633499010529009_n.jpg?resize=768%2C576&amp;ssl=1 768w\" sizes=\"auto, (max-width: 940px) 100vw, 940px\" \/><\/a><\/p>\n<p>P\u00e5 grunn av at jeg jobbet natt til s\u00f8ndag kom jeg meg litt sent av g\u00e5rde, men hovedforsinkelsen bestod ikke i at jeg trengte noen timer p\u00e5 \u00f8yet, men i at jeg bakte et brett med skillingsboller for \u00e5 ta med p\u00e5 turen (ja, ikke alle bollene da!). De eneste kanelbollene eldstedattera liker &#8211; if\u00f8lge henne selv &#8211; er de jeg lager! S\u00e5 da m\u00e5tte jeg jo bake litt &#8211; og p\u00e5 tirsdag er det kanelbollens dag &#8211; s\u00e5 da skal jeg ta opp et par fra frysen og ha til kaffen&#8230;eller fra b\u00e5tens kj\u00f8leskap hvis jeg er p\u00e5 tur&#8230; noe jeg jo har planer om! Selvsagt!<\/p>\n<p>Utstyrt med nybakte boller og kaffe p\u00e5 termos kom jeg meg ned i havna og dro ut med kurs mot Tjuvholmen s\u00e5pass sent som klokka 17.30. Det var bedre v\u00e6r enn meldt, synes jeg, omtrent blikkstille og ganske behagelig temperatur. Hadde bare en t-skjorte og en ullgenser p\u00e5 meg, s\u00e5pass mildt var det.<\/p>\n<p>Dette var faktisk den f\u00f8rste b\u00e5tturen for Sunniva i \u00e5r! Begge d\u00f8trene mine er jo veldig glade i \u00e5 bli med p\u00e5 b\u00e5tturer, men i \u00e5r ble det en litt spesiell sesong.<\/p>\n<p>Jeg begynte jo ikke sesongen f\u00f8r p\u00e5 selveste 17. mai &#8211; rekordsent til meg \u00e5 v\u00e6re &#8211; og da fikk hun ikke v\u00e6rt med, selv om det egentlig var planen. Og noen f\u00e5 dager senere dro jeg jeg av g\u00e5rde p\u00e5 festival i Hurum og deretter Sverigetur f\u00f8r jeg ble lagt inn p\u00e5 sykehus i b\u00e5de Sverige og Norge og b\u00e5ten endte opp p\u00e5 land til oppussing i Fredrikstad.<\/p>\n<p>Husker at da jeg l\u00e5 i Kungshamn vurderte hun faktisk \u00e5 ta buss dit fra Oslo for \u00e5 v\u00e6re med p\u00e5 tur et par dager! S\u00e5 jeg tror nok at hun har savnet det. Vi f\u00e5r ta det igjen neste sommer. S\u00f8ndag fikk hun i alle fall begge deler, b\u00e5de pappas skillingsboller og b\u00e5ttur!<\/p>\n<p>Vi dro over havnebassenget med kurs mot Bj\u00f8rvika og rakk akkurat \u00e5 f\u00e5 med oss avgangen til cruiseskipet Aidamar f\u00f8r vi tok en titt innom Bj\u00f8rvika, dro ut mellom Bleik\u00f8ya og Hoved\u00f8ya og deretter rundt Malm\u00f8ykalven f\u00f8r vi dro inn mellom Malm\u00f8ya og Ulv\u00f8ya og gjennom det lille sundet ved Orm\u00f8ya. S\u00e5 tilbake gjennom Bleik\u00f8yasundet og til Tjuvholmen der jeg satte henne av<\/p>\n<p><a href=\"https:\/\/i0.wp.com\/pequod.nesodd1.no\/wp-content\/uploads\/2022\/10\/309557857_10158590412017032_7427629068117551088_n.jpg?ssl=1\"><img data-recalc-dims=\"1\" loading=\"lazy\" decoding=\"async\" data-attachment-id=\"25455\" data-permalink=\"https:\/\/pequod.nesodd1.no\/?attachment_id=25455\" data-orig-file=\"https:\/\/i0.wp.com\/pequod.nesodd1.no\/wp-content\/uploads\/2022\/10\/309557857_10158590412017032_7427629068117551088_n.jpg?fit=960%2C720&amp;ssl=1\" data-orig-size=\"960,720\" data-comments-opened=\"1\" data-image-meta=\"{&quot;aperture&quot;:&quot;0&quot;,&quot;credit&quot;:&quot;&quot;,&quot;camera&quot;:&quot;&quot;,&quot;caption&quot;:&quot;&quot;,&quot;created_timestamp&quot;:&quot;0&quot;,&quot;copyright&quot;:&quot;&quot;,&quot;focal_length&quot;:&quot;0&quot;,&quot;iso&quot;:&quot;0&quot;,&quot;shutter_speed&quot;:&quot;0&quot;,&quot;title&quot;:&quot;&quot;,&quot;orientation&quot;:&quot;1&quot;}\" data-image-title=\"309557857_10158590412017032_7427629068117551088_n\" data-image-description=\"&lt;p&gt;Oslo, cruisekip, Aidamara&lt;\/p&gt;\n\" data-image-caption=\"\" data-large-file=\"https:\/\/i0.wp.com\/pequod.nesodd1.no\/wp-content\/uploads\/2022\/10\/309557857_10158590412017032_7427629068117551088_n.jpg?fit=940%2C705&amp;ssl=1\" class=\"aligncenter size-full wp-image-25455\" src=\"https:\/\/i0.wp.com\/pequod.nesodd1.no\/wp-content\/uploads\/2022\/10\/309557857_10158590412017032_7427629068117551088_n.jpg?resize=940%2C705&#038;ssl=1\" alt=\"\" width=\"940\" height=\"705\" srcset=\"https:\/\/i0.wp.com\/pequod.nesodd1.no\/wp-content\/uploads\/2022\/10\/309557857_10158590412017032_7427629068117551088_n.jpg?w=960&amp;ssl=1 960w, https:\/\/i0.wp.com\/pequod.nesodd1.no\/wp-content\/uploads\/2022\/10\/309557857_10158590412017032_7427629068117551088_n.jpg?resize=300%2C225&amp;ssl=1 300w, https:\/\/i0.wp.com\/pequod.nesodd1.no\/wp-content\/uploads\/2022\/10\/309557857_10158590412017032_7427629068117551088_n.jpg?resize=100%2C75&amp;ssl=1 100w, https:\/\/i0.wp.com\/pequod.nesodd1.no\/wp-content\/uploads\/2022\/10\/309557857_10158590412017032_7427629068117551088_n.jpg?resize=768%2C576&amp;ssl=1 768w\" sizes=\"auto, (max-width: 940px) 100vw, 940px\" \/><\/a><\/p>\n<p>Med andre ord en rute som var ganske lik den jeg selv tok p\u00e5 fredag, bortsett fra at jeg startet med \u00e5 dra rett til Ulv\u00f8ya fra Oksval. Det er jo i disse dager snart ni \u00e5r siden jeg kj\u00f8pte b\u00e5t, og Nidelven som jeg kj\u00f8pte da hadde jeg f\u00f8rst en pr\u00f8vetur med 4. oktober, f\u00f8r jeg fikk l\u00e5ne b\u00e5ten til en tur nummer to dagen etter og da hadde alle ungene med. S\u00e5 ble b\u00e5ten kj\u00f8pt og overtatt 9.&nbsp;oktober, og dermed var jeg frelst! Og som jeg vel nevnte i forrige innlegg, s\u00e5 var det jo nettopp p\u00e5 Padda at jeg hentet b\u00e5ten den gang.<\/p>\n<figure id=\"attachment_370\" aria-describedby=\"caption-attachment-370\" style=\"width: 300px\" class=\"wp-caption alignleft\"><a href=\"https:\/\/i0.wp.com\/pequod.nesodd1.no\/wp-content\/uploads\/2013\/10\/bilde3-e1413709512613.jpg?ssl=1\"><img data-recalc-dims=\"1\" loading=\"lazy\" decoding=\"async\" data-attachment-id=\"370\" data-permalink=\"https:\/\/pequod.nesodd1.no\/?attachment_id=370\" data-orig-file=\"https:\/\/i0.wp.com\/pequod.nesodd1.no\/wp-content\/uploads\/2013\/10\/bilde3-e1413709512613.jpg?fit=800%2C598&amp;ssl=1\" data-orig-size=\"800,598\" data-comments-opened=\"1\" data-image-meta=\"{&quot;aperture&quot;:&quot;2.8&quot;,&quot;credit&quot;:&quot;&quot;,&quot;camera&quot;:&quot;iPhone 4&quot;,&quot;caption&quot;:&quot;&quot;,&quot;created_timestamp&quot;:&quot;1380988569&quot;,&quot;copyright&quot;:&quot;&quot;,&quot;focal_length&quot;:&quot;3.85&quot;,&quot;iso&quot;:&quot;80&quot;,&quot;shutter_speed&quot;:&quot;0.00169204737733&quot;,&quot;title&quot;:&quot;&quot;}\" data-image-title=\"bilde3\" data-image-description=\"&lt;p&gt;Victoria, Sunniva, Nidelv 24, f\u00f8rste tur&lt;\/p&gt;\n\" data-image-caption=\"&lt;p&gt;Jentene koste seg p\u00e5 pr\u00f8veturen i 2013!&lt;\/p&gt;\n\" data-large-file=\"https:\/\/i0.wp.com\/pequod.nesodd1.no\/wp-content\/uploads\/2013\/10\/bilde3-e1413709512613.jpg?fit=940%2C701&amp;ssl=1\" class=\"size-medium wp-image-370\" src=\"https:\/\/i0.wp.com\/pequod.nesodd1.no\/wp-content\/uploads\/2013\/10\/bilde3.jpg?resize=300%2C224&#038;ssl=1\" alt=\"\" width=\"300\" height=\"224\"><\/a><figcaption id=\"caption-attachment-370\" class=\"wp-caption-text\">Jentene koste seg p\u00e5 pr\u00f8veturen i 2013!<\/figcaption><\/figure>\n<p>Vi snakket jo litt om dette mens vi dro gjennom det lille Ormsundet (eller Gr\u00f8nsund som det vel egentlig heter akkurat der) og vi var begge enige om at tiden flyr! Hun mente at kun kunne si n\u00e5 at hun n\u00e6rmest var vokst opp i b\u00e5t ettersom det var s\u00e5 mange \u00e5r siden vi hadde t\u00f8ffet ut i dette omr\u00e5det for f\u00f8rste gang! \ud83d\ude42<\/p>\n<p>Jeg satte p\u00e5 dieselvarmeren etter at sola gikk ned, og selv om det er \u00e5pent ned til forkabinen (d\u00f8rene er i leiligheten for oppussing), s\u00e5 merket vi umiddelbart effekten av den overhalte Wallasen! Den varmet raskt og godt, s\u00e5 det var veldig behagelig under kalesjen.<\/p>\n<p>Det var lenge siden jeg har f\u00e5tt litt kvalitetstid med Sunniva s\u00e5 det var ordentlig hyggelig. Vi snakket litt om \u00e5 planlegge neste \u00e5rs ferie slik at hun og kanskje yngstedattera mi kunne bli med en ukes tid i b\u00e5ten, kanskje en uke p\u00e5 Telemarkskanalen? Vi f\u00e5r se hva det blir til, god tid enn\u00e5. Synes jeg er veldig heldig som har to d\u00f8tre som har lyst til \u00e5 dra p\u00e5 b\u00e5tturer med pappaen sin! Victoria er jo like glad i \u00e5 v\u00e6re med p\u00e5 tur.<\/p>\n<p>Og det har blitt adskillig f\u00e6rre turer p\u00e5 dem de to siste koronasomrene. Jeg har jo v\u00e6rt utp\u00e5 tur i m\u00e5nedsvis! Jeg har ikke helt bestemt meg, men jeg lurer p\u00e5 om jeg kanskje skal ta hoveddelen av ferien min neste \u00e5r etter fellesferien, slik at b\u00e5de jeg og b\u00e5ten min er her i omr\u00e5det i mai og juni, slik at jentene kan bli med p\u00e5 tur. Og om vi da f\u00e5r planlagt en tur til Telemarkskanalen og tatt en uke der, s\u00e5 kan jo det bli en av sommerens h\u00f8ydepunkter. Men det er enn\u00e5 lenge til, og jeg har ikke luftet tanken overfor Victoria enn\u00e5.<\/p>\n<p><a href=\"https:\/\/i0.wp.com\/pequod.nesodd1.no\/wp-content\/uploads\/2022\/10\/309583804_10158590411972032_1815890135448596874_n.jpg?ssl=1\"><img data-recalc-dims=\"1\" loading=\"lazy\" decoding=\"async\" data-attachment-id=\"25456\" data-permalink=\"https:\/\/pequod.nesodd1.no\/?attachment_id=25456\" data-orig-file=\"https:\/\/i0.wp.com\/pequod.nesodd1.no\/wp-content\/uploads\/2022\/10\/309583804_10158590411972032_1815890135448596874_n.jpg?fit=960%2C720&amp;ssl=1\" data-orig-size=\"960,720\" data-comments-opened=\"1\" data-image-meta=\"{&quot;aperture&quot;:&quot;0&quot;,&quot;credit&quot;:&quot;&quot;,&quot;camera&quot;:&quot;&quot;,&quot;caption&quot;:&quot;&quot;,&quot;created_timestamp&quot;:&quot;0&quot;,&quot;copyright&quot;:&quot;&quot;,&quot;focal_length&quot;:&quot;0&quot;,&quot;iso&quot;:&quot;0&quot;,&quot;shutter_speed&quot;:&quot;0&quot;,&quot;title&quot;:&quot;&quot;,&quot;orientation&quot;:&quot;1&quot;}\" data-image-title=\"309583804_10158590411972032_1815890135448596874_n\" data-image-description=\"&lt;p&gt;Orm\u00f8ya, Sjurs\u00f8ya&lt;\/p&gt;\n\" data-image-caption=\"\" data-large-file=\"https:\/\/i0.wp.com\/pequod.nesodd1.no\/wp-content\/uploads\/2022\/10\/309583804_10158590411972032_1815890135448596874_n.jpg?fit=940%2C705&amp;ssl=1\" class=\"aligncenter size-full wp-image-25456\" src=\"https:\/\/i0.wp.com\/pequod.nesodd1.no\/wp-content\/uploads\/2022\/10\/309583804_10158590411972032_1815890135448596874_n.jpg?resize=940%2C705&#038;ssl=1\" alt=\"\" width=\"940\" height=\"705\" srcset=\"https:\/\/i0.wp.com\/pequod.nesodd1.no\/wp-content\/uploads\/2022\/10\/309583804_10158590411972032_1815890135448596874_n.jpg?w=960&amp;ssl=1 960w, https:\/\/i0.wp.com\/pequod.nesodd1.no\/wp-content\/uploads\/2022\/10\/309583804_10158590411972032_1815890135448596874_n.jpg?resize=300%2C225&amp;ssl=1 300w, https:\/\/i0.wp.com\/pequod.nesodd1.no\/wp-content\/uploads\/2022\/10\/309583804_10158590411972032_1815890135448596874_n.jpg?resize=100%2C75&amp;ssl=1 100w, https:\/\/i0.wp.com\/pequod.nesodd1.no\/wp-content\/uploads\/2022\/10\/309583804_10158590411972032_1815890135448596874_n.jpg?resize=768%2C576&amp;ssl=1 768w\" sizes=\"auto, (max-width: 940px) 100vw, 940px\" \/><\/a>Sunniva hadde forresten lyst p\u00e5 en h\u00f8sttur til H\u00e5\u00f8ya, s\u00e5 det tenker jeg vi m\u00e5 f\u00e5 til s\u00e5 fort som praktisk mulig.<\/p>\n<p>N\u00e5 har jeg to avspaseringsdager p\u00e5 i dag og tirsdag som jeg selvsagt har tenkt \u00e5 bruke i b\u00e5ten.&nbsp;&nbsp;Jeg er veldig fristet til \u00e5 innvie de nye madrassene i akterkabinen og overnatte i b\u00e5ten til tirsdag. S\u00e6rlig i dag skal det v\u00e6re fint v\u00e6r, mens det skal begynne \u00e5 regne i morgen ettermiddag.<\/p>\n<p>Kanskje jeg skal ta sikte p\u00e5 Oscarsborg, p\u00e5 S\u00e6tre eller Son? Lenge siden jeg har v\u00e6rt i selve Dr\u00f8bak &#8211; men liker ikke gjestehavna der. Vollen kan ogs\u00e5 v\u00e6re en mulighet. Beh\u00f8ver ikke \u00e5 dra langt, men siden det begynner \u00e5 bli kj\u00f8lig etter at sola har g\u00e5tt ned og natta kommer, s\u00e5 ville det v\u00e6rt greit \u00e5 overnatte et sted hvor det er str\u00f8m og jeg kan ha p\u00e5 varme. Jeg liker ikke \u00e5 la dieselvarmeren st\u00e5 p\u00e5 over natta, selv om det kan v\u00e6re en mulighet hvis jeg for eksempel legger meg p\u00e5 H\u00e5\u00f8ya.<\/p>\n<p>B\u00e5ten er jo ribbet for alt, s\u00e5 jeg tenker at jeg i s\u00e5 fall bare tar med meg en pute og en sovepose, ikke fullt opplegg med dyne. Jeg kan ogs\u00e5 velge \u00e5 bare nyte v\u00e6ret og ta en fin dagstur, og for den saks skyld velge \u00e5 sove i b\u00e5ten mens den ligger i hjemmahavna! Absolutt et alternativ det! Jeg vet om b\u00e5tfolk som har en dag hver eneste uke vinteren gjennom i b\u00e5ten, gjerne med overnatting, selv om b\u00e5ten ikke brukes om vinteren, men ligger i boblehavn godt innpakket og isolert. Bare for \u00e5 komme seg om bord og slappe av. Det hjelper faktisk! Og jeg sover jo alltid bedre i b\u00e5ten.<\/p>\n<p>Noen langtur blir det i alle fall ikke. Jeg m\u00e5 v\u00e6re litt p\u00e5 standby ogs\u00e5 med tanke p\u00e5 at jeg kanskje m\u00e5 en tur ned til Engelsviken og slippen der for \u00e5 f\u00e5 byttet mellomaksel og impellerpumpe.<\/p>\n<p><a href=\"https:\/\/i0.wp.com\/pequod.nesodd1.no\/wp-content\/uploads\/2022\/10\/IMG-4935.jpg?ssl=1\"><img data-recalc-dims=\"1\" loading=\"lazy\" decoding=\"async\" data-attachment-id=\"25460\" data-permalink=\"https:\/\/pequod.nesodd1.no\/?attachment_id=25460\" data-orig-file=\"https:\/\/i0.wp.com\/pequod.nesodd1.no\/wp-content\/uploads\/2022\/10\/IMG-4935.jpg?fit=960%2C720&amp;ssl=1\" data-orig-size=\"960,720\" data-comments-opened=\"1\" data-image-meta=\"{&quot;aperture&quot;:&quot;1.8&quot;,&quot;credit&quot;:&quot;&quot;,&quot;camera&quot;:&quot;iPhone 11 Pro Max&quot;,&quot;caption&quot;:&quot;&quot;,&quot;created_timestamp&quot;:&quot;1664739189&quot;,&quot;copyright&quot;:&quot;&quot;,&quot;focal_length&quot;:&quot;4.25&quot;,&quot;iso&quot;:&quot;1600&quot;,&quot;shutter_speed&quot;:&quot;0.066666666666667&quot;,&quot;title&quot;:&quot;&quot;,&quot;orientation&quot;:&quot;1&quot;}\" data-image-title=\"IMG-4935\" data-image-description=\"&lt;p&gt;Oslo, indre havn, Vippetangen, Bj\u00f8rvika&lt;\/p&gt;\n\" data-image-caption=\"&lt;p&gt;Oktobertur i fjor&lt;\/p&gt;\n\" data-large-file=\"https:\/\/i0.wp.com\/pequod.nesodd1.no\/wp-content\/uploads\/2022\/10\/IMG-4935.jpg?fit=940%2C705&amp;ssl=1\" class=\"aligncenter size-full wp-image-25460\" src=\"https:\/\/i0.wp.com\/pequod.nesodd1.no\/wp-content\/uploads\/2022\/10\/IMG-4935.jpg?resize=940%2C705&#038;ssl=1\" alt=\"\" width=\"940\" height=\"705\" srcset=\"https:\/\/i0.wp.com\/pequod.nesodd1.no\/wp-content\/uploads\/2022\/10\/IMG-4935.jpg?w=960&amp;ssl=1 960w, https:\/\/i0.wp.com\/pequod.nesodd1.no\/wp-content\/uploads\/2022\/10\/IMG-4935.jpg?resize=300%2C225&amp;ssl=1 300w, https:\/\/i0.wp.com\/pequod.nesodd1.no\/wp-content\/uploads\/2022\/10\/IMG-4935.jpg?resize=100%2C75&amp;ssl=1 100w, https:\/\/i0.wp.com\/pequod.nesodd1.no\/wp-content\/uploads\/2022\/10\/IMG-4935.jpg?resize=768%2C576&amp;ssl=1 768w\" sizes=\"auto, (max-width: 940px) 100vw, 940px\" \/><\/a><\/p>\n<h3>Related Images:<\/h3>","protected":false},"excerpt":{"rendered":"<p>S\u00f8ndagen ble brukt til \u00e5 nyte kaffe og skillingsboller om bord i b\u00e5ten i nydelig h\u00f8stv\u00e6r. Og med eldstedatter som passasjer i det som ble min tur nummer 275 med Tresfjorden. Related Images:<\/p>\n","protected":false},"author":1,"featured_media":25451,"comment_status":"open","ping_status":"open","sticky":false,"template":"","format":"standard","meta":{"_crdt_document":"","ngg_post_thumbnail":0,"jetpack_post_was_ever_published":false,"_jetpack_newsletter_access":"","_jetpack_dont_email_post_to_subs":false,"_jetpack_newsletter_tier_id":0,"_jetpack_memberships_contains_paywalled_content":false,"_jetpack_memberships_contains_paid_content":false,"footnotes":""},"categories":[11,3,1043,147,10,4],"tags":[1155,112,2931,2035,3915,3913,285,1127,3914,531],"class_list":["post-25450","post","type-post","status-publish","format-standard","has-post-thumbnail","hentry","category-pics","category-blogg","category-diverse","category-ferie","category-history","category-tur","tag-avspasering","tag-battur","tag-datter","tag-dotre","tag-kagge","tag-kanelboller","tag-morkekjoring","tag-oslooyene","tag-skillingsboller","tag-sunniva"],"jetpack_featured_media_url":"https:\/\/i0.wp.com\/pequod.nesodd1.no\/wp-content\/uploads\/2022\/10\/310190463_10158590411942032_2781464185801476429_n.jpg?fit=960%2C675&ssl=1","jetpack_shortlink":"https:\/\/wp.me\/p3Zd9b-6Cu","jetpack_sharing_enabled":true,"jetpack_likes_enabled":true,"jetpack-related-posts":[],"_links":{"self":[{"href":"https:\/\/pequod.nesodd1.no\/index.php?rest_route=\/wp\/v2\/posts\/25450","targetHints":{"allow":["GET"]}}],"collection":[{"href":"https:\/\/pequod.nesodd1.no\/index.php?rest_route=\/wp\/v2\/posts"}],"about":[{"href":"https:\/\/pequod.nesodd1.no\/index.php?rest_route=\/wp\/v2\/types\/post"}],"author":[{"embeddable":true,"href":"https:\/\/pequod.nesodd1.no\/index.php?rest_route=\/wp\/v2\/users\/1"}],"replies":[{"embeddable":true,"href":"https:\/\/pequod.nesodd1.no\/index.php?rest_route=%2Fwp%2Fv2%2Fcomments&post=25450"}],"version-history":[{"count":3,"href":"https:\/\/pequod.nesodd1.no\/index.php?rest_route=\/wp\/v2\/posts\/25450\/revisions"}],"predecessor-version":[{"id":25461,"href":"https:\/\/pequod.nesodd1.no\/index.php?rest_route=\/wp\/v2\/posts\/25450\/revisions\/25461"}],"wp:featuredmedia":[{"embeddable":true,"href":"https:\/\/pequod.nesodd1.no\/index.php?rest_route=\/wp\/v2\/media\/25451"}],"wp:attachment":[{"href":"https:\/\/pequod.nesodd1.no\/index.php?rest_route=%2Fwp%2Fv2%2Fmedia&parent=25450"}],"wp:term":[{"taxonomy":"category","embeddable":true,"href":"https:\/\/pequod.nesodd1.no\/index.php?rest_route=%2Fwp%2Fv2%2Fcategories&post=25450"},{"taxonomy":"post_tag","embeddable":true,"href":"https:\/\/pequod.nesodd1.no\/index.php?rest_route=%2Fwp%2Fv2%2Ftags&post=25450"}],"curies":[{"name":"wp","href":"https:\/\/api.w.org\/{rel}","templated":true}]}}