{"id":25790,"date":"2022-12-13T12:40:39","date_gmt":"2022-12-13T11:40:39","guid":{"rendered":"https:\/\/pequod.nesodd1.no\/?p=25790"},"modified":"2022-12-13T12:40:39","modified_gmt":"2022-12-13T11:40:39","slug":"batliv-i-kulde-og-sno","status":"publish","type":"post","link":"https:\/\/pequod.nesodd1.no\/?p=25790","title":{"rendered":"B\u00e5tliv i kulde og sn\u00f8"},"content":{"rendered":"<p><strong>Til slutt kom alts\u00e5 minusgradene! Den siste uka har jeg v\u00e6rt flere ganger ende i b\u00e5ten og sjekket b\u00e5de frostvakter og ovner, og i slutten av denne uka kommer faktisk ogs\u00e5 de tosifrete minusgradene. Da setter jeg inn en ekstra varmekilde.<\/strong><!--more--><\/p>\n<p>Vanntanken er t\u00f8mt helt og jeg jobber med \u00e5 bytte ut en defekt manuell septikpumpe slik at jeg f\u00e5r ut det som m\u00e5tte befinne seg der ogs\u00e5 f\u00f8r vinteren setter i gang for alvor.<\/p>\n<p>Kaldest blir det naturlig nok i cockpiten, Frostvaktene i motorrommet, forkabinen og akterkabinen er satt p\u00e5 fullt, og en keramisk vifteovn st\u00e5r plassert fra f\u00f8r i selve cockpiten. Den satte jeg p\u00e5 fullt da jeg var nede i b\u00e5ten i g\u00e5r. Jeg overveier \u00e5 sette inn en ovn nummer to de dagene det er meldt om doble minusgrader.<\/p>\n<p><a href=\"https:\/\/i0.wp.com\/pequod.nesodd1.no\/wp-content\/uploads\/2022\/12\/P1015649_XL.jpeg?ssl=1\"><img data-recalc-dims=\"1\" loading=\"lazy\" decoding=\"async\" data-attachment-id=\"25796\" data-permalink=\"https:\/\/pequod.nesodd1.no\/?attachment_id=25796\" data-orig-file=\"https:\/\/i0.wp.com\/pequod.nesodd1.no\/wp-content\/uploads\/2022\/12\/P1015649_XL.jpeg?fit=363%2C499&amp;ssl=1\" data-orig-size=\"363,499\" data-comments-opened=\"1\" data-image-meta=\"{&quot;aperture&quot;:&quot;0&quot;,&quot;credit&quot;:&quot;&quot;,&quot;camera&quot;:&quot;&quot;,&quot;caption&quot;:&quot;&quot;,&quot;created_timestamp&quot;:&quot;0&quot;,&quot;copyright&quot;:&quot;DE&quot;,&quot;focal_length&quot;:&quot;0&quot;,&quot;iso&quot;:&quot;0&quot;,&quot;shutter_speed&quot;:&quot;0&quot;,&quot;title&quot;:&quot;&quot;,&quot;orientation&quot;:&quot;1&quot;}\" data-image-title=\"P1015649_XL\" data-image-description=\"&lt;p&gt;avfukter, 1862&lt;\/p&gt;\n\" data-image-caption=\"\" data-large-file=\"https:\/\/i0.wp.com\/pequod.nesodd1.no\/wp-content\/uploads\/2022\/12\/P1015649_XL.jpeg?fit=363%2C499&amp;ssl=1\" class=\"alignleft wp-image-25796\" src=\"https:\/\/i0.wp.com\/pequod.nesodd1.no\/wp-content\/uploads\/2022\/12\/P1015649_XL.jpeg?resize=137%2C189&#038;ssl=1\" alt=\"\" width=\"137\" height=\"189\" srcset=\"https:\/\/i0.wp.com\/pequod.nesodd1.no\/wp-content\/uploads\/2022\/12\/P1015649_XL.jpeg?resize=218%2C300&amp;ssl=1 218w, https:\/\/i0.wp.com\/pequod.nesodd1.no\/wp-content\/uploads\/2022\/12\/P1015649_XL.jpeg?resize=58%2C80&amp;ssl=1 58w, https:\/\/i0.wp.com\/pequod.nesodd1.no\/wp-content\/uploads\/2022\/12\/P1015649_XL.jpeg?w=363&amp;ssl=1 363w\" sizes=\"auto, (max-width: 137px) 100vw, 137px\" \/><\/a>\u00c5rsaken til det er at da jeg var nede i b\u00e5ten, s\u00e5 oppdaget jeg at avfukteren hadde isklumper i tanken! Jeg har plassert den p\u00e5 taket over akterlugaren fordi jeg har koblet til en vannslange og satt den p\u00e5 kontinuerlig modus ettersom tanken fylles fort opp i det fuktige klimaet som har v\u00e6rt til n\u00e5. Den har f\u00f8r dette v\u00e6rt plassert p\u00e5 d\u00f8rken i cockpiten, men da har jeg m\u00e5ttet stikke innom hver dag for \u00e5 t\u00f8mme tanken.<\/p>\n<p>Dette er f\u00f8rste sesongen jeg har en slik avfukter om bord, og jeg fikk vite at hvis jeg skulle sette p\u00e5 en dreneringsslange, s\u00e5 m\u00e5tte jeg sette avfukteren h\u00f8yt opp for at vannet skal renne ut (nytter ikke \u00e5 ha avfukteren p\u00e5 gulvet og en slange som g\u00e5r opp og ut over rekka, da t\u00f8mmes den ikke) og dermed gjorde jeg det. Resultatet er alts\u00e5 at det har blitt litt kaldere lenger opp mot kalesjen (naturlig nok siden varmen i b\u00e5ten hovedsakelig er rettet nedover p\u00e5 d\u00f8rkniv\u00e5), og dermed har vannet frosset litt.<\/p>\n<p>Det ser jeg ogs\u00e5 p\u00e5 utsiden p\u00e5 skutesiden, der vannet har frosset mens det har rent ut fra slangen. Jeg m\u00e5 nok kutte til en litt lengre slange slik at vannet renner rett ut i sj\u00f8en. Er jo mulig at det blir s\u00e5 kaldt at vannet kanskje fryser i slangen ogs\u00e5, og da er jeg like langt.<\/p>\n<p>Jeg har imidlertid f\u00e5tt vite at n\u00e5r det fuktige h\u00f8stklimaet gir seg og det g\u00e5r over til mer t\u00f8rr vinterluft, s\u00e5 vil avfukteren komme mer til sin rett. Om det betyr mindre vann i tanken, vet jeg ikke, men jeg tenker at jeg forel\u00f8pig skal plassere ovn nummer to p\u00e5 bordet i cockpiten rettet mot akterlugaren, slik at varmen fra den kommer lenger opp i cockpiten. I alle fall en stakket stund. Jeg kan jo ogs\u00e5 sette avfukteren p\u00e5 bordet i cockpiten. Jeg f\u00e5r pr\u00f8ve meg fram.<\/p>\n<p>Jeg tar heller litt mer i str\u00f8mregning denne vinteren enn \u00e5 f\u00e5 frosne vannr\u00f8r og vannslanger! Og temperaturen p\u00e5 ovner og frostvakter regulerer jeg jevnlig. Slik m\u00e5 det n\u00f8dvendigvis bli n\u00e5r jeg \u00f8nsker \u00e5 ha b\u00e5ten klar til bruk om vinteren. Jeg starter ogs\u00e5 motoren med ujevne mellomrom, selv om jeg ikke skal ut p\u00e5 tur. Den skal ikke st\u00e5 seg i hjel denne vinteren. Dette har jo g\u00e5tt helt greit de foreg\u00e5ende vintrene, s\u00e5 det g\u00e5r nok greit denne gangen ogs\u00e5!<\/p>\n<figure id=\"attachment_25793\" aria-describedby=\"caption-attachment-25793\" style=\"width: 960px\" class=\"wp-caption aligncenter\"><a href=\"https:\/\/i0.wp.com\/pequod.nesodd1.no\/wp-content\/uploads\/2022\/12\/A5862806-8DB9-4868-87D5-E379575742AC.jpeg.4b35e94d3ff764b7d98bca31ffc27d26.jpeg?ssl=1\"><img data-recalc-dims=\"1\" loading=\"lazy\" decoding=\"async\" data-attachment-id=\"25793\" data-permalink=\"https:\/\/pequod.nesodd1.no\/?attachment_id=25793\" data-orig-file=\"https:\/\/i0.wp.com\/pequod.nesodd1.no\/wp-content\/uploads\/2022\/12\/A5862806-8DB9-4868-87D5-E379575742AC.jpeg.4b35e94d3ff764b7d98bca31ffc27d26.jpeg?fit=960%2C720&amp;ssl=1\" data-orig-size=\"960,720\" data-comments-opened=\"1\" data-image-meta=\"{&quot;aperture&quot;:&quot;0&quot;,&quot;credit&quot;:&quot;&quot;,&quot;camera&quot;:&quot;&quot;,&quot;caption&quot;:&quot;&quot;,&quot;created_timestamp&quot;:&quot;0&quot;,&quot;copyright&quot;:&quot;&quot;,&quot;focal_length&quot;:&quot;0&quot;,&quot;iso&quot;:&quot;0&quot;,&quot;shutter_speed&quot;:&quot;0&quot;,&quot;title&quot;:&quot;&quot;,&quot;orientation&quot;:&quot;1&quot;}\" data-image-title=\"A5862806-8DB9-4868-87D5-E379575742AC.jpeg.4b35e94d3ff764b7d98bca31ffc27d26\" data-image-description=\"&lt;p&gt;Fredrikstad, Vesterlva, sn\u00f8, vinter&lt;\/p&gt;\n\" data-image-caption=\"&lt;p&gt;Sn\u00f8 i Fredrikstad. Foto: Erik Dahle.&lt;\/p&gt;\n\" data-large-file=\"https:\/\/i0.wp.com\/pequod.nesodd1.no\/wp-content\/uploads\/2022\/12\/A5862806-8DB9-4868-87D5-E379575742AC.jpeg.4b35e94d3ff764b7d98bca31ffc27d26.jpeg?fit=940%2C705&amp;ssl=1\" class=\"size-full wp-image-25793\" src=\"https:\/\/i0.wp.com\/pequod.nesodd1.no\/wp-content\/uploads\/2022\/12\/A5862806-8DB9-4868-87D5-E379575742AC.jpeg.4b35e94d3ff764b7d98bca31ffc27d26.jpeg?resize=940%2C705&#038;ssl=1\" alt=\"\" width=\"940\" height=\"705\" srcset=\"https:\/\/i0.wp.com\/pequod.nesodd1.no\/wp-content\/uploads\/2022\/12\/A5862806-8DB9-4868-87D5-E379575742AC.jpeg.4b35e94d3ff764b7d98bca31ffc27d26.jpeg?w=960&amp;ssl=1 960w, https:\/\/i0.wp.com\/pequod.nesodd1.no\/wp-content\/uploads\/2022\/12\/A5862806-8DB9-4868-87D5-E379575742AC.jpeg.4b35e94d3ff764b7d98bca31ffc27d26.jpeg?resize=300%2C225&amp;ssl=1 300w, https:\/\/i0.wp.com\/pequod.nesodd1.no\/wp-content\/uploads\/2022\/12\/A5862806-8DB9-4868-87D5-E379575742AC.jpeg.4b35e94d3ff764b7d98bca31ffc27d26.jpeg?resize=100%2C75&amp;ssl=1 100w, https:\/\/i0.wp.com\/pequod.nesodd1.no\/wp-content\/uploads\/2022\/12\/A5862806-8DB9-4868-87D5-E379575742AC.jpeg.4b35e94d3ff764b7d98bca31ffc27d26.jpeg?resize=768%2C576&amp;ssl=1 768w\" sizes=\"auto, (max-width: 940px) 100vw, 940px\" \/><\/a><figcaption id=\"caption-attachment-25793\" class=\"wp-caption-text\">Sn\u00f8 i Fredrikstad. Foto: Erik Dahle.<\/figcaption><\/figure>\n<p>Sn\u00f8 har det heldigvis ikke v\u00e6rt s\u00e5 mye av forel\u00f8pig. Her p\u00e5 Nesodden kommer det vanligvis mye mindre sn\u00f8 enn lenger inn i landet. Jeg ser at en b\u00e5tkollega i Fredrikstad, som har b\u00e5ten liggende i Vesterelva, n\u00e6rmest ble nedsn\u00f8dd i forrige uke. Her kom det bare et tynt lag, som forsvant dagen etter. Fortsatt har det ikke kommet noe nevneverdig med sn\u00f8 og n\u00e5 til helgen og ut over i neste uke er det faktisk meldt plussgrader ogs\u00e5! I alle fall p\u00e5 dagtid. Det passer meg utmerket.<\/p>\n<p>Det har blitt null turer de siste dagene, selv om jeg har hatt fri i helga og i g\u00e5r og i dag. Jeg har brukt tiden til \u00e5 rydde, vaske og gj\u00f8re heimen juleklar, samt begynne med bakingen av julekakene. Ser faktisk ut som det blir sju slag i \u00e5r likevel. Da jeg l\u00e5 i Str\u00f6mstad plukket jeg opp en oppskrift p\u00e5 noen kardemommekaker med mandler fra ICA. De h\u00f8rtes gode ut, s\u00e5 jeg har bestemt meg for \u00e5 pr\u00f8ve dem ut. Faktisk er det de jeg skal g\u00e5 i gang med i dag, s\u00e5 f\u00e5r vi se. Jeg er dog litt forsinket p\u00e5 grunn av sykdom i helga.&nbsp;<\/p>\n<p>Men n\u00e5r det til og med er meldt plussgrader om ikke s\u00e5 mange dagene, s\u00e5 utelukker jeg ikke at det blir noen turer utp\u00e5 i helgen eller starten av neste uke. Begynner dog p\u00e5 nattuka da, s\u00e5 det vil i s\u00e5 fall bare bli noen sm\u00e5turer. Vi f\u00e5r nesten se p\u00e5 dagsformen! Har jo fri i romjula ogs\u00e5, s\u00e5 kanskje jeg kan avslutte et litt annerledes b\u00e5t\u00e5r med noen flere turer utp\u00e5?<\/p>\n<figure id=\"attachment_25792\" aria-describedby=\"caption-attachment-25792\" style=\"width: 960px\" class=\"wp-caption aligncenter\"><a href=\"https:\/\/i0.wp.com\/pequod.nesodd1.no\/wp-content\/uploads\/2022\/12\/IMG-5780.jpg?ssl=1\"><img data-recalc-dims=\"1\" loading=\"lazy\" decoding=\"async\" data-attachment-id=\"25792\" data-permalink=\"https:\/\/pequod.nesodd1.no\/?attachment_id=25792\" data-orig-file=\"https:\/\/i0.wp.com\/pequod.nesodd1.no\/wp-content\/uploads\/2022\/12\/IMG-5780.jpg?fit=960%2C767&amp;ssl=1\" data-orig-size=\"960,767\" data-comments-opened=\"1\" data-image-meta=\"{&quot;aperture&quot;:&quot;1.78&quot;,&quot;credit&quot;:&quot;&quot;,&quot;camera&quot;:&quot;iPhone 14 Pro Max&quot;,&quot;caption&quot;:&quot;&quot;,&quot;created_timestamp&quot;:&quot;1670930643&quot;,&quot;copyright&quot;:&quot;&quot;,&quot;focal_length&quot;:&quot;6.86&quot;,&quot;iso&quot;:&quot;50&quot;,&quot;shutter_speed&quot;:&quot;0.004739336492891&quot;,&quot;title&quot;:&quot;&quot;,&quot;orientation&quot;:&quot;1&quot;}\" data-image-title=\"IMG-5780\" data-image-description=\"&lt;p&gt;Nesodden, Oksval, stue, sn\u00f8, vinter, Bunnefjorden, utsikt&lt;\/p&gt;\n\" data-image-caption=\"&lt;p&gt;Sn\u00f8 p\u00e5 Nesodden.&lt;\/p&gt;\n\" data-large-file=\"https:\/\/i0.wp.com\/pequod.nesodd1.no\/wp-content\/uploads\/2022\/12\/IMG-5780.jpg?fit=940%2C751&amp;ssl=1\" class=\"size-full wp-image-25792\" src=\"https:\/\/i0.wp.com\/pequod.nesodd1.no\/wp-content\/uploads\/2022\/12\/IMG-5780.jpg?resize=940%2C751&#038;ssl=1\" alt=\"\" width=\"940\" height=\"751\" srcset=\"https:\/\/i0.wp.com\/pequod.nesodd1.no\/wp-content\/uploads\/2022\/12\/IMG-5780.jpg?w=960&amp;ssl=1 960w, https:\/\/i0.wp.com\/pequod.nesodd1.no\/wp-content\/uploads\/2022\/12\/IMG-5780.jpg?resize=300%2C240&amp;ssl=1 300w, https:\/\/i0.wp.com\/pequod.nesodd1.no\/wp-content\/uploads\/2022\/12\/IMG-5780.jpg?resize=100%2C80&amp;ssl=1 100w, https:\/\/i0.wp.com\/pequod.nesodd1.no\/wp-content\/uploads\/2022\/12\/IMG-5780.jpg?resize=768%2C614&amp;ssl=1 768w\" sizes=\"auto, (max-width: 940px) 100vw, 940px\" \/><\/a><figcaption id=\"caption-attachment-25792\" class=\"wp-caption-text\">Sn\u00f8 p\u00e5 Nesodden. Sparsomt sammenlignet med Fredrikstad!<\/figcaption><\/figure>\n<h3>Related Images:<\/h3>","protected":false},"excerpt":{"rendered":"<p>Til slutt kom alts\u00e5 minusgradene! Den siste uka har jeg v\u00e6rt flere ganger ende i b\u00e5ten og sjekket b\u00e5de frostvakter og ovner, og i slutten av denne uka kommer faktisk ogs\u00e5 de tosifrete minusgradene. Da setter jeg inn en ekstra varmekilde. Related Images:<\/p>\n","protected":false},"author":1,"featured_media":25775,"comment_status":"open","ping_status":"open","sticky":false,"template":"","format":"standard","meta":{"_crdt_document":"","ngg_post_thumbnail":0,"jetpack_post_was_ever_published":false,"_jetpack_newsletter_access":"","_jetpack_dont_email_post_to_subs":false,"_jetpack_newsletter_tier_id":0,"_jetpack_memberships_contains_paywalled_content":false,"_jetpack_memberships_contains_paid_content":false,"footnotes":""},"categories":[3,1043,3946,1564,275,657,8],"tags":[207,3948,433,2564,3947,2290,529,362],"class_list":["post-25790","post","type-post","status-publish","format-standard","has-post-thumbnail","hentry","category-blogg","category-diverse","category-hoytider","category-sikkerhet","category-strom","category-utstyr","category-vaer","tag-avfukter","tag-frostvakter","tag-is","tag-kulde","tag-minisgradder","tag-ovn","tag-sno","tag-varme"],"jetpack_featured_media_url":"https:\/\/i0.wp.com\/pequod.nesodd1.no\/wp-content\/uploads\/2022\/12\/8E8E9781-AD74-4EE5-837C-82045400C074.jpeg.bcbd00ddf69e36e01ac6134f4a0792ee.jpeg?fit=1000%2C750&ssl=1","jetpack_shortlink":"https:\/\/wp.me\/p3Zd9b-6HY","jetpack_sharing_enabled":true,"jetpack_likes_enabled":true,"jetpack-related-posts":[],"_links":{"self":[{"href":"https:\/\/pequod.nesodd1.no\/index.php?rest_route=\/wp\/v2\/posts\/25790","targetHints":{"allow":["GET"]}}],"collection":[{"href":"https:\/\/pequod.nesodd1.no\/index.php?rest_route=\/wp\/v2\/posts"}],"about":[{"href":"https:\/\/pequod.nesodd1.no\/index.php?rest_route=\/wp\/v2\/types\/post"}],"author":[{"embeddable":true,"href":"https:\/\/pequod.nesodd1.no\/index.php?rest_route=\/wp\/v2\/users\/1"}],"replies":[{"embeddable":true,"href":"https:\/\/pequod.nesodd1.no\/index.php?rest_route=%2Fwp%2Fv2%2Fcomments&post=25790"}],"version-history":[{"count":4,"href":"https:\/\/pequod.nesodd1.no\/index.php?rest_route=\/wp\/v2\/posts\/25790\/revisions"}],"predecessor-version":[{"id":25797,"href":"https:\/\/pequod.nesodd1.no\/index.php?rest_route=\/wp\/v2\/posts\/25790\/revisions\/25797"}],"wp:featuredmedia":[{"embeddable":true,"href":"https:\/\/pequod.nesodd1.no\/index.php?rest_route=\/wp\/v2\/media\/25775"}],"wp:attachment":[{"href":"https:\/\/pequod.nesodd1.no\/index.php?rest_route=%2Fwp%2Fv2%2Fmedia&parent=25790"}],"wp:term":[{"taxonomy":"category","embeddable":true,"href":"https:\/\/pequod.nesodd1.no\/index.php?rest_route=%2Fwp%2Fv2%2Fcategories&post=25790"},{"taxonomy":"post_tag","embeddable":true,"href":"https:\/\/pequod.nesodd1.no\/index.php?rest_route=%2Fwp%2Fv2%2Ftags&post=25790"}],"curies":[{"name":"wp","href":"https:\/\/api.w.org\/{rel}","templated":true}]}}