{"id":26049,"date":"2023-02-13T10:01:35","date_gmt":"2023-02-13T09:01:35","guid":{"rendered":"https:\/\/pequod.nesodd1.no\/?p=26049"},"modified":"2023-01-31T11:26:57","modified_gmt":"2023-01-31T10:26:57","slug":"nar-batlivet-gir-fordeler-i-jobben","status":"publish","type":"post","link":"https:\/\/pequod.nesodd1.no\/?p=26049","title":{"rendered":"N\u00e5r b\u00e5tlivet gir fordeler i jobben"},"content":{"rendered":"<p><strong>Som jeg har skrevet flere ganger har jeg sett mer av Norge (og Sverige!) etter at jeg fikk b\u00e5t enn f\u00f8r. Og stadig vekk oppdager jeg at det gir meg aha-opplevelser i jobben.<\/strong><!--more--><\/p>\n<p>Jeg er vel egentlig ikke en spesiell godt bereist person. Ikke ekstremt mye, men kanskje over gjennomsnittet? Mye skyldes at jeg og moren min i skoleferiene fulgte med om bord p\u00e5 skipene faren min jobbet p\u00e5 gjennom 60- og 70-tallet. Jeg var innom blant annet Liberia, Italia, Belgia, Nederland, Storbritannia, Danmark, Polen, Finland og Sverige (og flere forskjellige byer i de fleste landene) f\u00f8r jeg var ten\u00e5ring.<\/p>\n<p>Det la et godt grunnlag for min interesse for \u00e5 reise ogs\u00e5 i voksen alder. Selv om den i begynnelsen begrenset seg til \u00e5 gjelde de skandinaviske landene og en utstrakt reisevirksomhet i Storbritannia (har v\u00e6rt i London og omegn over 50 ganger), s\u00e5 har jeg ogs\u00e5 bes\u00f8kt Kina, Frankrike, Monaco og Spania i tillegg p\u00e5 ferieturer.<\/p>\n<p>I jobbsammenheng har jeg v\u00e6rt i Sverige, Danmark, Tyskland, Hellas, Sveits, Tyrkia og Slovenia.&nbsp;Ikke veldig mange land til sammen alts\u00e5, men flere ganger i de fleste landene. I Sverige (inkludert reiser som barn sammen med familien) hadde jeg f\u00f8r jeg fikk b\u00e5t bare v\u00e6rt i Helsingborg, Malm\u00f6, Stockholm, Lule\u00e5, Skellefte\u00e5, Charlottenberg og Str\u00f6mstad.<\/p>\n<p>Internt i Norge har det ogs\u00e5 v\u00e6rt d\u00e5rlig ned reiser. F\u00f8r jeg fikk b\u00e5t hadde jeg v\u00e6rt et par ganger i Trondheim og omegn, en gang i Bod\u00f8, en gang i R\u00f8ros, og ellers bare Stavern, Sandefjord, Fredrikstad, Vestby, Moss, Kristiansand, Lillehammer og Gausdal (Skeikampen), Halden, Gj\u00f8vik, Hamar, Stavanger, Bergen og R\u00f8rvik. Flere av disse som barn.<\/p>\n<p>Men etter at jeg fikk b\u00e5t har det endret seg betraktelig!<\/p>\n<p>S\u00f8rlandet kjente jeg nesten ikke til f\u00f8r jeg fikk b\u00e5t! Jeg hadde v\u00e6rt i Kristiansand og Dyreparken der med ungene et par ganger. Det er det eneste. N\u00e5 har jeg v\u00e6rt innom alle de kjente byene\/stedene som Port\u00f8r, Ris\u00f8r, Grimstad, Lillesand, Ulv\u00f8ysund, Kristiansand, Ny-Hellesund, Mandal, Farsund, Flekkefjord osv. Og en del ikke fullt s\u00e5 kjente steder.<\/p>\n<p>Og med koronasommeren 2021 utvidet jeg jo dette betraktelig ved \u00e5 bes\u00f8ke hele 52 nye steder\/havner p\u00e5 reisen opp til Bud nordvest for Molde.<\/p>\n<figure id=\"attachment_26055\" aria-describedby=\"caption-attachment-26055\" style=\"width: 960px\" class=\"wp-caption aligncenter\"><a href=\"https:\/\/i0.wp.com\/pequod.nesodd1.no\/wp-content\/uploads\/2023\/01\/IMG-4852.jpg?ssl=1\"><img data-recalc-dims=\"1\" loading=\"lazy\" decoding=\"async\" data-attachment-id=\"26055\" data-permalink=\"https:\/\/pequod.nesodd1.no\/?attachment_id=26055\" data-orig-file=\"https:\/\/i0.wp.com\/pequod.nesodd1.no\/wp-content\/uploads\/2023\/01\/IMG-4852.jpg?fit=960%2C720&amp;ssl=1\" data-orig-size=\"960,720\" data-comments-opened=\"1\" data-image-meta=\"{&quot;aperture&quot;:&quot;2&quot;,&quot;credit&quot;:&quot;&quot;,&quot;camera&quot;:&quot;iPhone 11 Pro Max&quot;,&quot;caption&quot;:&quot;&quot;,&quot;created_timestamp&quot;:&quot;1625823304&quot;,&quot;copyright&quot;:&quot;&quot;,&quot;focal_length&quot;:&quot;6&quot;,&quot;iso&quot;:&quot;20&quot;,&quot;shutter_speed&quot;:&quot;0.00043802014892685&quot;,&quot;title&quot;:&quot;&quot;,&quot;orientation&quot;:&quot;1&quot;}\" data-image-title=\"IMG-4852\" data-image-description=\"&lt;p&gt;Atl\u00f8y, N\u00f8re og Romsdal, Tvibyrge&lt;\/p&gt;\n\" data-image-caption=\"\" data-large-file=\"https:\/\/i0.wp.com\/pequod.nesodd1.no\/wp-content\/uploads\/2023\/01\/IMG-4852.jpg?fit=940%2C705&amp;ssl=1\" class=\"wp-image-26055 size-full\" src=\"https:\/\/i0.wp.com\/pequod.nesodd1.no\/wp-content\/uploads\/2023\/01\/IMG-4852.jpg?resize=940%2C705&#038;ssl=1\" alt=\"\" width=\"940\" height=\"705\" srcset=\"https:\/\/i0.wp.com\/pequod.nesodd1.no\/wp-content\/uploads\/2023\/01\/IMG-4852.jpg?w=960&amp;ssl=1 960w, https:\/\/i0.wp.com\/pequod.nesodd1.no\/wp-content\/uploads\/2023\/01\/IMG-4852.jpg?resize=300%2C225&amp;ssl=1 300w, https:\/\/i0.wp.com\/pequod.nesodd1.no\/wp-content\/uploads\/2023\/01\/IMG-4852.jpg?resize=100%2C75&amp;ssl=1 100w, https:\/\/i0.wp.com\/pequod.nesodd1.no\/wp-content\/uploads\/2023\/01\/IMG-4852.jpg?resize=768%2C576&amp;ssl=1 768w\" sizes=\"auto, (max-width: 940px) 100vw, 940px\" \/><\/a><figcaption id=\"caption-attachment-26055\" class=\"wp-caption-text\"><em>I dette omr\u00e5det vest for Askvoll, s\u00f8r for Flor\u00f8, har det v\u00e6rt b\u00e5de grunnst\u00f8tinger\/forlis og motorstopp som jeg har endt opp med \u00e5 skrive om. Utenfor bildekanten til venstre ligger Bulandet og V\u00e6rlandet.<\/em><\/figcaption><\/figure>\n<p>Dette har f\u00f8rt til en litt overraskende konsekvens i jobbsammenheng. Jeg jobber for det meste p\u00e5 desken i NTB og blant de mange oppgavene er \u00e5 registrere alvorlige ulykker, leteaksjoner, kriminalitet som vold, knivstikking og skyting, flere av disse med d\u00f8den som f\u00f8lge.<\/p>\n<p>I forbindelse med dette har jeg oppdaget at det stadig dukker opp navn p\u00e5 steder og omr\u00e5der som jeg har v\u00e6rt i mens jeg har t\u00f8ffet rundt i b\u00e5ten. Det kan v\u00e6re en fjord eller en \u00f8y eller et stedsnavn jeg kjenner igjen. Det har dreid seg om alt fra grunnst\u00f8tinger til leteaksjoner eller redningsaksjoner og ulykker. S\u00e5 har jeg googlet stedsnavnet og finner da ut &#8211; i mange tilfeller &#8211; at akkurat der har jeg kj\u00f8rt forbi med b\u00e5ten min, eller v\u00e6rt i n\u00e6rheten av stedet, eller rett og slett v\u00e6rt der.<\/p>\n<p>Det har hatt den fordelen at jeg i noen tilfeller faktisk har kunnet stille sp\u00f8rsm\u00e5l til politiet som har avsl\u00f8rt at jeg har en viss lokalkunnskap om stedet, noe som igjen har f\u00f8rt til at jeg har f\u00e5tt noe ekstra informasjon som en &laquo;hovedstadsjournalist&raquo; normalt ikke ville ha f\u00e5tt.<\/p>\n<p>Det er jo litt morsomt, synes jeg, og noe jeg aldri har tenkt over kunne skje n\u00e5r jeg la til eller t\u00f8ffet forbi et sted i blikkstille sj\u00f8 med sola stekende og absolutt alt av kalesje \u00e5pnet og nedrullet!<\/p>\n<p>En annen ting, som ikke har med jobb \u00e5 gj\u00f8re, men som er litt morsomt \u00e5 ta med likevel, er at jeg flere ganger har v\u00e6rt i n\u00e6rheten av opptakssteder for kjente TV-programmer. Hytta\/landstedet under skal if\u00f8lge yngstedattera ha v\u00e6rt der deltakerne i Camp Kulinaris (som jeg aldri har sett) bodde under innspillingene. Og selve programmet ble visst tatt opp p\u00e5 hotellet i Port\u00f8r, som jeg selv har g\u00e5tt forbi da jeg var i Port\u00f8r f\u00f8rste gang med snekka.<\/p>\n<p>Meningen har v\u00e6rt at de to d\u00f8trene mine, som begge har sett dette TV-programmet, skal f\u00e5 g\u00e5 i land der en gang de er med meg.<\/p>\n<figure id=\"attachment_16399\" aria-describedby=\"caption-attachment-16399\" style=\"width: 800px\" class=\"wp-caption aligncenter\"><a href=\"https:\/\/i0.wp.com\/pequod.nesodd1.no\/wp-content\/uploads\/2019\/09\/939A6379-2.jpg?ssl=1\"><img data-recalc-dims=\"1\" loading=\"lazy\" decoding=\"async\" data-attachment-id=\"16399\" data-permalink=\"https:\/\/pequod.nesodd1.no\/?attachment_id=16399\" data-orig-file=\"https:\/\/i0.wp.com\/pequod.nesodd1.no\/wp-content\/uploads\/2019\/09\/939A6379-2.jpg?fit=800%2C533&amp;ssl=1\" data-orig-size=\"800,533\" data-comments-opened=\"1\" data-image-meta=\"{&quot;aperture&quot;:&quot;4&quot;,&quot;credit&quot;:&quot;&quot;,&quot;camera&quot;:&quot;Canon EOS 5D Mark IV&quot;,&quot;caption&quot;:&quot;&quot;,&quot;created_timestamp&quot;:&quot;1564472490&quot;,&quot;copyright&quot;:&quot;&quot;,&quot;focal_length&quot;:&quot;85&quot;,&quot;iso&quot;:&quot;100&quot;,&quot;shutter_speed&quot;:&quot;0.00625&quot;,&quot;title&quot;:&quot;&quot;,&quot;orientation&quot;:&quot;1&quot;}\" data-image-title=\"939A6379 (2)\" data-image-description=\"&lt;p&gt;Port\u00f8r&lt;\/p&gt;\n\" data-image-caption=\"&lt;p&gt;Camp Kulinaris-villaen p\u00e5 Port\u00f8r, if\u00f8lge sikre kilder&amp;#8230;&lt;\/p&gt;\n\" data-large-file=\"https:\/\/i0.wp.com\/pequod.nesodd1.no\/wp-content\/uploads\/2019\/09\/939A6379-2.jpg?fit=800%2C533&amp;ssl=1\" class=\"size-full wp-image-16399\" src=\"https:\/\/i0.wp.com\/pequod.nesodd1.no\/wp-content\/uploads\/2019\/09\/939A6379-2.jpg?resize=800%2C533&#038;ssl=1\" alt=\"\" width=\"800\" height=\"533\" srcset=\"https:\/\/i0.wp.com\/pequod.nesodd1.no\/wp-content\/uploads\/2019\/09\/939A6379-2.jpg?w=800&amp;ssl=1 800w, https:\/\/i0.wp.com\/pequod.nesodd1.no\/wp-content\/uploads\/2019\/09\/939A6379-2.jpg?resize=100%2C67&amp;ssl=1 100w, https:\/\/i0.wp.com\/pequod.nesodd1.no\/wp-content\/uploads\/2019\/09\/939A6379-2.jpg?resize=300%2C200&amp;ssl=1 300w, https:\/\/i0.wp.com\/pequod.nesodd1.no\/wp-content\/uploads\/2019\/09\/939A6379-2.jpg?resize=768%2C512&amp;ssl=1 768w\" sizes=\"auto, (max-width: 800px) 100vw, 800px\" \/><\/a><figcaption id=\"caption-attachment-16399\" class=\"wp-caption-text\">Camp Kulinaris-villaen p\u00e5 Port\u00f8r, if\u00f8lge sikre kilder&#8230;<\/figcaption><\/figure>\n<p>Et TV-program som jeg selv f\u00f8lger med p\u00e5, og vel har sett alle sesongene til (et av de f\u00e5, har sett lite p\u00e5 TV de siste \u00e5rene) er &laquo;Mesternes Mester&raquo;. Etter at de tre siste sesongene har v\u00e6rt filmet i Norge, s\u00e5 har jeg ogs\u00e5 kjent meg igjen mange steder deltakerne har befunnet seg. Jeg har kjent igjen flere steder i Arendalsomr\u00e5det, Kristiansandsomr\u00e5det og for noen f\u00e5 uker siden i Stavern. I sistnevnte hadde de nylig en episode hvor alle \u00f8velsene foregikk p\u00e5 festningsomr\u00e5det i Stavern, der jeg jo har v\u00e6rt flere ganger. I \u00e5rets sesong har de hatt hovedbase i Sandefjord, og der har jeg ikke v\u00e6rt med b\u00e5ten enn\u00e5, men har planer om \u00e5 ta en avstikker dit i \u00e5r.<\/p>\n<p>Fra forrige sesong vet jeg n\u00f8yaktig hvor det huset deltakerne bodde i ligger (ved Ulv\u00f8ysund) og i Arendalsprogrammet (f\u00f8rste sesong som ble filmet i Norge)&nbsp;hadde de mange av \u00f8velsene p\u00e5 en gresslette ved Nidelva, som jeg har passert flere ganger n\u00e5r jeg har tatt innerste lei videre s\u00f8rover fra Arendal, b\u00e5de med min Nidelv 24 og med min Tresfjord 29.<\/p>\n<figure id=\"attachment_26054\" aria-describedby=\"caption-attachment-26054\" style=\"width: 960px\" class=\"wp-caption aligncenter\"><a href=\"https:\/\/i0.wp.com\/pequod.nesodd1.no\/wp-content\/uploads\/2023\/01\/IMG-3006.jpg?ssl=1\"><img data-recalc-dims=\"1\" loading=\"lazy\" decoding=\"async\" data-attachment-id=\"26054\" data-permalink=\"https:\/\/pequod.nesodd1.no\/?attachment_id=26054\" data-orig-file=\"https:\/\/i0.wp.com\/pequod.nesodd1.no\/wp-content\/uploads\/2023\/01\/IMG-3006.jpg?fit=960%2C540&amp;ssl=1\" data-orig-size=\"960,540\" data-comments-opened=\"1\" data-image-meta=\"{&quot;aperture&quot;:&quot;1.8&quot;,&quot;credit&quot;:&quot;&quot;,&quot;camera&quot;:&quot;iPhone 11 Pro Max&quot;,&quot;caption&quot;:&quot;&quot;,&quot;created_timestamp&quot;:&quot;1622551397&quot;,&quot;copyright&quot;:&quot;&quot;,&quot;focal_length&quot;:&quot;4.25&quot;,&quot;iso&quot;:&quot;32&quot;,&quot;shutter_speed&quot;:&quot;0.00036297640653358&quot;,&quot;title&quot;:&quot;&quot;,&quot;orientation&quot;:&quot;1&quot;}\" data-image-title=\"IMG-3006\" data-image-description=\"&lt;p&gt;Arendal. Nidelva, 2021&lt;\/p&gt;\n\" data-image-caption=\"\" data-large-file=\"https:\/\/i0.wp.com\/pequod.nesodd1.no\/wp-content\/uploads\/2023\/01\/IMG-3006.jpg?fit=940%2C529&amp;ssl=1\" class=\"wp-image-26054 size-full\" src=\"https:\/\/i0.wp.com\/pequod.nesodd1.no\/wp-content\/uploads\/2023\/01\/IMG-3006.jpg?resize=940%2C529&#038;ssl=1\" alt=\"\" width=\"940\" height=\"529\" srcset=\"https:\/\/i0.wp.com\/pequod.nesodd1.no\/wp-content\/uploads\/2023\/01\/IMG-3006.jpg?w=960&amp;ssl=1 960w, https:\/\/i0.wp.com\/pequod.nesodd1.no\/wp-content\/uploads\/2023\/01\/IMG-3006.jpg?resize=300%2C169&amp;ssl=1 300w, https:\/\/i0.wp.com\/pequod.nesodd1.no\/wp-content\/uploads\/2023\/01\/IMG-3006.jpg?resize=100%2C56&amp;ssl=1 100w, https:\/\/i0.wp.com\/pequod.nesodd1.no\/wp-content\/uploads\/2023\/01\/IMG-3006.jpg?resize=768%2C432&amp;ssl=1 768w\" sizes=\"auto, (max-width: 940px) 100vw, 940px\" \/><\/a><figcaption id=\"caption-attachment-26054\" class=\"wp-caption-text\"><em>P\u00e5 gressletta p\u00e5 babord side p\u00e5gikk flere av \u00f8velsene i &laquo;Mesternes Mester&raquo; i 2021. (Tatt opp i 2020).<\/em><\/figcaption><\/figure>\n<p>&nbsp;<\/p>\n<p>&nbsp;<\/p>\n<h3>Related Images:<\/h3>","protected":false},"excerpt":{"rendered":"<p>Som jeg har skrevet flere ganger har jeg sett mer av Norge (og Sverige!) etter at jeg fikk b\u00e5t enn f\u00f8r. Og stadig vekk oppdager jeg at det gir meg aha-opplevelser i jobben. Related Images:<\/p>\n","protected":false},"author":1,"featured_media":13014,"comment_status":"open","ping_status":"open","sticky":false,"template":"","format":"standard","meta":{"_crdt_document":"","ngg_post_thumbnail":0,"jetpack_post_was_ever_published":false,"_jetpack_newsletter_access":"","_jetpack_dont_email_post_to_subs":false,"_jetpack_newsletter_tier_id":0,"_jetpack_memberships_contains_paywalled_content":false,"_jetpack_memberships_contains_paid_content":false,"footnotes":""},"categories":[3960,3,1043,3293],"tags":[25,3984,50,2934,1818],"class_list":["post-26049","post","type-post","status-publish","format-standard","has-post-thumbnail","hentry","category-batliv","category-blogg","category-diverse","category-jobb","tag-bat","tag-geografi","tag-jobb","tag-politiet","tag-tv"],"jetpack_featured_media_url":"https:\/\/i0.wp.com\/pequod.nesodd1.no\/wp-content\/uploads\/2017\/10\/IMG_6347.jpg?fit=640%2C480&ssl=1","jetpack_shortlink":"https:\/\/wp.me\/p3Zd9b-6M9","jetpack_sharing_enabled":true,"jetpack_likes_enabled":true,"jetpack-related-posts":[],"_links":{"self":[{"href":"https:\/\/pequod.nesodd1.no\/index.php?rest_route=\/wp\/v2\/posts\/26049","targetHints":{"allow":["GET"]}}],"collection":[{"href":"https:\/\/pequod.nesodd1.no\/index.php?rest_route=\/wp\/v2\/posts"}],"about":[{"href":"https:\/\/pequod.nesodd1.no\/index.php?rest_route=\/wp\/v2\/types\/post"}],"author":[{"embeddable":true,"href":"https:\/\/pequod.nesodd1.no\/index.php?rest_route=\/wp\/v2\/users\/1"}],"replies":[{"embeddable":true,"href":"https:\/\/pequod.nesodd1.no\/index.php?rest_route=%2Fwp%2Fv2%2Fcomments&post=26049"}],"version-history":[{"count":5,"href":"https:\/\/pequod.nesodd1.no\/index.php?rest_route=\/wp\/v2\/posts\/26049\/revisions"}],"predecessor-version":[{"id":26074,"href":"https:\/\/pequod.nesodd1.no\/index.php?rest_route=\/wp\/v2\/posts\/26049\/revisions\/26074"}],"wp:featuredmedia":[{"embeddable":true,"href":"https:\/\/pequod.nesodd1.no\/index.php?rest_route=\/wp\/v2\/media\/13014"}],"wp:attachment":[{"href":"https:\/\/pequod.nesodd1.no\/index.php?rest_route=%2Fwp%2Fv2%2Fmedia&parent=26049"}],"wp:term":[{"taxonomy":"category","embeddable":true,"href":"https:\/\/pequod.nesodd1.no\/index.php?rest_route=%2Fwp%2Fv2%2Fcategories&post=26049"},{"taxonomy":"post_tag","embeddable":true,"href":"https:\/\/pequod.nesodd1.no\/index.php?rest_route=%2Fwp%2Fv2%2Ftags&post=26049"}],"curies":[{"name":"wp","href":"https:\/\/api.w.org\/{rel}","templated":true}]}}