{"id":26119,"date":"2023-03-06T10:16:47","date_gmt":"2023-03-06T09:16:47","guid":{"rendered":"https:\/\/pequod.nesodd1.no\/?p=26119"},"modified":"2023-03-06T14:31:47","modified_gmt":"2023-03-06T13:31:47","slug":"over-100-dager-pa-battur","status":"publish","type":"post","link":"https:\/\/pequod.nesodd1.no\/?p=26119","title":{"rendered":"Over 100 dager p\u00e5 b\u00e5ttur"},"content":{"rendered":"<p><strong>I forrige uke ble ferie\u00f8nskene mine levert til jobben. F\u00f8r p\u00e5ske f\u00e5r jeg svar p\u00e5 om de er innvilget. G\u00e5r det slik jeg \u00f8nsker blir det minst 100 dager p\u00e5 b\u00e5ttur mellom 17. april og 23. september.<\/strong><!--more--><\/p>\n<p>Satt noen timer forrige tirsdag og la feriekabalen min for sommeren 2023. Det ble ikke helt slik jeg hadde forestilt meg &#8211; ikke minst fordi jobben sa <a href=\"https:\/\/pequod.nesodd1.no\/?p=26100\">nei til gjemmekontor i b\u00e5ten<\/a> i hele sommer &#8211; men jeg endte p\u00e5 en god l\u00f8sning likevel, og har fremdeles 15 feriedager \u00e5 bruke, s\u00e5 det kan hende jeg tar ut litt mer ferie i mai og senh\u00f8stes.<\/p>\n<p>Men jeg har jo ogs\u00e5 avspaseringsuker \u00e5 bruke ogs\u00e5, s\u00e5 det er ikke umulig at jeg m\u00e5 overf\u00f8re litt ferie til nesten \u00e5r ogs\u00e5 i \u00e5r.<\/p>\n<p>Etter at jeg fikk nei til \u00e5 jobbe fra b\u00e5ten m\u00e5tte jeg jo droppe planene om \u00e5 dra tilbake til noen av de omr\u00e5dene jeg bes\u00f8kte under den siste koronasommeren i 2021, alts\u00e5 opp til Hordaland\/Sogn. Jeg vurderte derfor om jeg skulle la hovedb\u00e5tferien i sommer dreie seg om en tur ned langs vestkysten av Sverige og deretter dra over til Danmark, da med Danmark som hovedm\u00e5l. Ble veldig fristet til \u00e5 dra over til Danmark da jeg l\u00e5 p\u00e5 flere \u00f8yer utenfor G\u00f6teborg i fjor sommer.<\/p>\n<figure id=\"attachment_24827\" aria-describedby=\"caption-attachment-24827\" style=\"width: 960px\" class=\"wp-caption aligncenter\"><a href=\"https:\/\/i0.wp.com\/pequod.nesodd1.no\/wp-content\/uploads\/2022\/08\/9A7E3830-4F7F-4B36-8B40-FD9D1D2617FB.jpg?ssl=1\"><img data-recalc-dims=\"1\" loading=\"lazy\" decoding=\"async\" data-attachment-id=\"24827\" data-permalink=\"https:\/\/pequod.nesodd1.no\/?attachment_id=24827\" data-orig-file=\"https:\/\/i0.wp.com\/pequod.nesodd1.no\/wp-content\/uploads\/2022\/08\/9A7E3830-4F7F-4B36-8B40-FD9D1D2617FB.jpg?fit=960%2C720&amp;ssl=1\" data-orig-size=\"960,720\" data-comments-opened=\"1\" data-image-meta=\"{&quot;aperture&quot;:&quot;0&quot;,&quot;credit&quot;:&quot;&quot;,&quot;camera&quot;:&quot;&quot;,&quot;caption&quot;:&quot;&quot;,&quot;created_timestamp&quot;:&quot;1655881412&quot;,&quot;copyright&quot;:&quot;&quot;,&quot;focal_length&quot;:&quot;0&quot;,&quot;iso&quot;:&quot;0&quot;,&quot;shutter_speed&quot;:&quot;0&quot;,&quot;title&quot;:&quot;&quot;,&quot;orientation&quot;:&quot;1&quot;}\" data-image-title=\"9A7E3830-4F7F-4B36-8B40-FD9D1D2617FB\" data-image-description=\"&lt;p&gt;Vr\u00e5ng\u00f6, Sverige&lt;\/p&gt;\n\" data-image-caption=\"\" data-large-file=\"https:\/\/i0.wp.com\/pequod.nesodd1.no\/wp-content\/uploads\/2022\/08\/9A7E3830-4F7F-4B36-8B40-FD9D1D2617FB.jpg?fit=940%2C705&amp;ssl=1\" class=\"wp-image-24827 size-full\" src=\"https:\/\/i0.wp.com\/pequod.nesodd1.no\/wp-content\/uploads\/2022\/08\/9A7E3830-4F7F-4B36-8B40-FD9D1D2617FB.jpg?resize=940%2C705&#038;ssl=1\" alt=\"\" width=\"940\" height=\"705\" srcset=\"https:\/\/i0.wp.com\/pequod.nesodd1.no\/wp-content\/uploads\/2022\/08\/9A7E3830-4F7F-4B36-8B40-FD9D1D2617FB.jpg?w=960&amp;ssl=1 960w, https:\/\/i0.wp.com\/pequod.nesodd1.no\/wp-content\/uploads\/2022\/08\/9A7E3830-4F7F-4B36-8B40-FD9D1D2617FB.jpg?resize=300%2C225&amp;ssl=1 300w, https:\/\/i0.wp.com\/pequod.nesodd1.no\/wp-content\/uploads\/2022\/08\/9A7E3830-4F7F-4B36-8B40-FD9D1D2617FB.jpg?resize=100%2C75&amp;ssl=1 100w, https:\/\/i0.wp.com\/pequod.nesodd1.no\/wp-content\/uploads\/2022\/08\/9A7E3830-4F7F-4B36-8B40-FD9D1D2617FB.jpg?resize=768%2C576&amp;ssl=1 768w\" sizes=\"auto, (max-width: 940px) 100vw, 940px\" \/><\/a><figcaption id=\"caption-attachment-24827\" class=\"wp-caption-text\"><em>Utsikt s\u00e5nn omtrent mot Danmark fra \u00f8ya Vr\u00e5ng\u00f6 s\u00f8r for G\u00f6teborg.<\/em><\/figcaption><\/figure>\n<p>Det som er klart n\u00e5 er at jeg sannsynligvis dropper den ideen. Det f\u00e5r heller v\u00e6re hovedm\u00e5let neste \u00e5r, som det vel egentlig var planlagt opprinnelig &#8211; i den grad jeg planlegger ting s\u00e5 n\u00f8ye&#8230; Det blir nok noen turer over til Sverige, men ikke noen ordentlige langturer. Ikke sett fra mitt st\u00e5sted i alle fall!<\/p>\n<p>Jeg har planlagt meg fram til tre-fire &laquo;sidetokt&raquo; og ett hovedtokt. Hovedtoktet vil g\u00e5 av stabelen fra 7. august og fram til 23. september. Det inkluderer en nattuke p\u00e5 jobb fra b\u00e5ten, som jobben har sagt ja til. Noe mer jobbing fra b\u00e5ten i sommer blir det ikke. Det blir dermed totalt 47 dager p\u00e5 tur, og det f\u00e5r jeg v\u00e6re forn\u00f8yd med.&nbsp;<\/p>\n<p>Hovedtoktet vil g\u00e5 til S\u00f8rlandet\/Rogaland. Vi f\u00e5r se v\u00e6ret an, er jeg heldig med v\u00e6ret, kommer meg av g\u00e5rde som planlagt, ikke ligger i flere dager p\u00e5 hvert sted osv., s\u00e5 skal jeg fint kunne t\u00f8ffe rundt i omr\u00e5det nord for Stavanger et par uker. Jeg har jo ikke v\u00e6rt p\u00e5 S\u00f8rlandet siden 2021, s\u00e5 jeg kjenner jeg savner det.<\/p>\n<p>Tre av sidetoktene g\u00e5r av stabelen i april, mai og juni.&nbsp; Alle disse inkluderer avspaseringsuker, men med feriedager tatt ut i tillegg. De utgj\u00f8r henholdsvis 20, 17 og 16 dager p\u00e5 tur.<\/p>\n<figure id=\"attachment_19014\" aria-describedby=\"caption-attachment-19014\" style=\"width: 960px\" class=\"wp-caption aligncenter\"><a href=\"https:\/\/i0.wp.com\/pequod.nesodd1.no\/wp-content\/uploads\/2020\/06\/103320518_10157063912617032_4363507098985155479_n.jpg?ssl=1\"><img data-recalc-dims=\"1\" loading=\"lazy\" decoding=\"async\" data-attachment-id=\"19014\" data-permalink=\"https:\/\/pequod.nesodd1.no\/?attachment_id=19014\" data-orig-file=\"https:\/\/i0.wp.com\/pequod.nesodd1.no\/wp-content\/uploads\/2020\/06\/103320518_10157063912617032_4363507098985155479_n.jpg?fit=960%2C720&amp;ssl=1\" data-orig-size=\"960,720\" data-comments-opened=\"1\" data-image-meta=\"{&quot;aperture&quot;:&quot;0&quot;,&quot;credit&quot;:&quot;&quot;,&quot;camera&quot;:&quot;&quot;,&quot;caption&quot;:&quot;&quot;,&quot;created_timestamp&quot;:&quot;0&quot;,&quot;copyright&quot;:&quot;&quot;,&quot;focal_length&quot;:&quot;0&quot;,&quot;iso&quot;:&quot;0&quot;,&quot;shutter_speed&quot;:&quot;0&quot;,&quot;title&quot;:&quot;&quot;,&quot;orientation&quot;:&quot;0&quot;}\" data-image-title=\"103320518_10157063912617032_4363507098985155479_n\" data-image-description=\"&lt;p&gt;Brygga restaurant, Skottevik&lt;\/p&gt;\n\" data-image-caption=\"&lt;p&gt;Blir et nytt bes\u00f8k p\u00e5 Skottevik &amp;#8211; allerede i april denne gangen!&lt;\/p&gt;\n\" data-large-file=\"https:\/\/i0.wp.com\/pequod.nesodd1.no\/wp-content\/uploads\/2020\/06\/103320518_10157063912617032_4363507098985155479_n.jpg?fit=940%2C705&amp;ssl=1\" class=\"size-full wp-image-19014\" src=\"https:\/\/i0.wp.com\/pequod.nesodd1.no\/wp-content\/uploads\/2020\/06\/103320518_10157063912617032_4363507098985155479_n.jpg?resize=940%2C705&#038;ssl=1\" alt=\"\" width=\"940\" height=\"705\" srcset=\"https:\/\/i0.wp.com\/pequod.nesodd1.no\/wp-content\/uploads\/2020\/06\/103320518_10157063912617032_4363507098985155479_n.jpg?w=960&amp;ssl=1 960w, https:\/\/i0.wp.com\/pequod.nesodd1.no\/wp-content\/uploads\/2020\/06\/103320518_10157063912617032_4363507098985155479_n.jpg?resize=300%2C225&amp;ssl=1 300w, https:\/\/i0.wp.com\/pequod.nesodd1.no\/wp-content\/uploads\/2020\/06\/103320518_10157063912617032_4363507098985155479_n.jpg?resize=100%2C75&amp;ssl=1 100w, https:\/\/i0.wp.com\/pequod.nesodd1.no\/wp-content\/uploads\/2020\/06\/103320518_10157063912617032_4363507098985155479_n.jpg?resize=768%2C576&amp;ssl=1 768w\" sizes=\"auto, (max-width: 940px) 100vw, 940px\" \/><\/a><figcaption id=\"caption-attachment-19014\" class=\"wp-caption-text\"><em>Blir et nytt bes\u00f8k p\u00e5 Skottevik &#8211; allerede i april denne gangen!<\/em><\/figcaption><\/figure>\n<p>Det f\u00f8rste sidetoktet p\u00e5 20 dager starter i april. Broren min og kona hans skal feire s\u00f8lvbryllup p\u00e5 Skottevik i slutten av april. Jeg har avspaseringsuke uka f\u00f8r, s\u00e5 jeg starter etter planen allerede midtveis i april og har da ti dager p\u00e5 \u00e5 tr\u00e5kle meg ned til Skottevik (som ligger like ved Ulv\u00f8ysund). S\u00e5 regner jeg med retur et par dager etterp\u00e5 og skal v\u00e6re tilbake hjemme senest 6. mai ettersom jeg begynner nattuka mi natt til 8.mai. Jeg har allerede f\u00e5tt innvilget de sju feriedagene jeg tar i bruk her, s\u00e5 det toktet er i boks! S\u00e5 det blir en liten tidlig forsmak p\u00e5 S\u00f8rlandet allerede i april!<\/p>\n<p>Jeg er veldig fristet til \u00e5 ta en tur med danskeb\u00e5ten 5. mai &#8211; <a href=\"https:\/\/www.dfds.com\/nb-no\/ferge\/minicruise\/event\/prog-at-sea\" target=\"_blank\" rel=\"noopener\">p\u00e5 Prog at Sea<\/a>&nbsp; &#8211; s\u00e5 det er mulig jeg er tilbake litt tidligere, men jeg har ikke helt bestemt meg enn\u00e5.&nbsp;<\/p>\n<p>Neste sidetokt blir i midten av mai. Regner med at tradisjonen med 17. mai-lunsj med familien i b\u00e5ten kanskje fortsetter, s\u00e5 da starter jeg vel toktet 18. mai, men hvis det ikke blir noe familiesamling starter jeg den 15. mai siden det er begynnelsen p\u00e5 en avspaseringsuke. Det er mulig jeg da tar meg en tur til Sverige den f\u00f8rste uka og s\u00e5 drar hjemover. Det blir i s\u00e5 fall ikke mer enn en tur til Str\u00f6mstad\/Koster, tenker jeg.<\/p>\n<figure id=\"attachment_9773\" aria-describedby=\"caption-attachment-9773\" style=\"width: 940px\" class=\"wp-caption aligncenter\"><a href=\"https:\/\/i0.wp.com\/pequod.nesodd1.no\/wp-content\/uploads\/2016\/08\/1-IMG_5553.jpg?ssl=1\"><img data-recalc-dims=\"1\" loading=\"lazy\" decoding=\"async\" data-attachment-id=\"9773\" data-permalink=\"https:\/\/pequod.nesodd1.no\/?attachment_id=9773\" data-orig-file=\"https:\/\/i0.wp.com\/pequod.nesodd1.no\/wp-content\/uploads\/2016\/08\/1-IMG_5553.jpg?fit=1024%2C683&amp;ssl=1\" data-orig-size=\"1024,683\" data-comments-opened=\"1\" data-image-meta=\"{&quot;aperture&quot;:&quot;10&quot;,&quot;credit&quot;:&quot;Picasa&quot;,&quot;camera&quot;:&quot;Canon EOS 700D&quot;,&quot;caption&quot;:&quot;&quot;,&quot;created_timestamp&quot;:&quot;1470398119&quot;,&quot;copyright&quot;:&quot;&quot;,&quot;focal_length&quot;:&quot;26&quot;,&quot;iso&quot;:&quot;100&quot;,&quot;shutter_speed&quot;:&quot;0.004&quot;,&quot;title&quot;:&quot;&quot;,&quot;orientation&quot;:&quot;0&quot;}\" data-image-title=\"1-IMG_5553\" data-image-description=\"&lt;p&gt;Koster, Sverige, Kostersundet&lt;\/p&gt;\n\" data-image-caption=\"&lt;p&gt;En tur til Koster i mai er vel ikke det verste man kan finne p\u00e5&amp;#8230;&lt;\/p&gt;\n\" data-large-file=\"https:\/\/i0.wp.com\/pequod.nesodd1.no\/wp-content\/uploads\/2016\/08\/1-IMG_5553.jpg?fit=940%2C627&amp;ssl=1\" class=\"size-large wp-image-9773\" src=\"https:\/\/i0.wp.com\/pequod.nesodd1.no\/wp-content\/uploads\/2016\/08\/1-IMG_5553.jpg?resize=940%2C627&#038;ssl=1\" alt=\"\" width=\"940\" height=\"627\" srcset=\"https:\/\/i0.wp.com\/pequod.nesodd1.no\/wp-content\/uploads\/2016\/08\/1-IMG_5553.jpg?w=1024&amp;ssl=1 1024w, https:\/\/i0.wp.com\/pequod.nesodd1.no\/wp-content\/uploads\/2016\/08\/1-IMG_5553.jpg?resize=300%2C200&amp;ssl=1 300w, https:\/\/i0.wp.com\/pequod.nesodd1.no\/wp-content\/uploads\/2016\/08\/1-IMG_5553.jpg?resize=768%2C512&amp;ssl=1 768w\" sizes=\"auto, (max-width: 940px) 100vw, 940px\" \/><\/a><figcaption id=\"caption-attachment-9773\" class=\"wp-caption-text\"><em>En tur til Koster i mai er vel ikke det verste man kan finne p\u00e5&#8230;<\/em><\/figcaption><\/figure>\n<p>Den 26. mai er det nemlig den \u00e5rvisse rockefestivalen i Hurum som jeg vil innom p\u00e5 returen, og siden det er pinsehelga b\u00f8r jeg nok v\u00e6re p\u00e5 plass enten i Holmsbu eller S\u00e6tre senest torsdag 25 p\u00e5 morgenen for \u00e5 v\u00e6re sikret en plass. Beh\u00f8ver ikke v\u00e6re hjemme f\u00f8r l\u00f8rdag 3\/s\u00f8ndag 4. juni, s\u00e5 jeg har jo noen dager p\u00e5 \u00e5 somle meg innover fjorden&#8230; S\u00e5 dette toktet kan variere mellom 17 og 21 dager alt ettersom hva som skjer&#8230;<\/p>\n<p>Siste sidetokt f\u00f8r hovedtoktet blir tatt i midten av juni og vil ta 16 dager med avspaseringsuke og fridager i tillegg. Ikke bestemt hvor jeg skal dra. Jeg har ogs\u00e5 en ren avspaseringsuke i juli som jeg kan bruke til et tokt, men det er jo midt i fellesferien, og jeg liker ikke helt stappfulle havner, s\u00e5 det kan hende det blir sm\u00e5turer p\u00e5 Oslofjorden istedenfor&#8230;<\/p>\n<figure id=\"attachment_19755\" aria-describedby=\"caption-attachment-19755\" style=\"width: 640px\" class=\"wp-caption aligncenter\"><a href=\"https:\/\/i0.wp.com\/pequod.nesodd1.no\/wp-content\/uploads\/2020\/09\/6306F586-EC9B-4AE9-95DD-576BF52ED232.jpeg.e54de1c5dc61e4495df8ba1d2cd3f445.jpeg?ssl=1\"><img data-recalc-dims=\"1\" loading=\"lazy\" decoding=\"async\" data-attachment-id=\"19755\" data-permalink=\"https:\/\/pequod.nesodd1.no\/?attachment_id=19755\" data-orig-file=\"https:\/\/i0.wp.com\/pequod.nesodd1.no\/wp-content\/uploads\/2020\/09\/6306F586-EC9B-4AE9-95DD-576BF52ED232.jpeg.e54de1c5dc61e4495df8ba1d2cd3f445.jpeg?fit=640%2C480&amp;ssl=1\" data-orig-size=\"640,480\" data-comments-opened=\"1\" data-image-meta=\"{&quot;aperture&quot;:&quot;0&quot;,&quot;credit&quot;:&quot;&quot;,&quot;camera&quot;:&quot;&quot;,&quot;caption&quot;:&quot;&quot;,&quot;created_timestamp&quot;:&quot;0&quot;,&quot;copyright&quot;:&quot;&quot;,&quot;focal_length&quot;:&quot;0&quot;,&quot;iso&quot;:&quot;0&quot;,&quot;shutter_speed&quot;:&quot;0&quot;,&quot;title&quot;:&quot;&quot;,&quot;orientation&quot;:&quot;0&quot;}\" data-image-title=\"6306F586-EC9B-4AE9-95DD-576BF52ED232.jpeg.e54de1c5dc61e4495df8ba1d2cd3f445\" data-image-description=\"&lt;p&gt;Tofte&lt;\/p&gt;\n\" data-image-caption=\"\" data-large-file=\"https:\/\/i0.wp.com\/pequod.nesodd1.no\/wp-content\/uploads\/2020\/09\/6306F586-EC9B-4AE9-95DD-576BF52ED232.jpeg.e54de1c5dc61e4495df8ba1d2cd3f445.jpeg?fit=640%2C480&amp;ssl=1\" class=\"wp-image-19755 size-full\" src=\"https:\/\/i0.wp.com\/pequod.nesodd1.no\/wp-content\/uploads\/2020\/09\/6306F586-EC9B-4AE9-95DD-576BF52ED232.jpeg.e54de1c5dc61e4495df8ba1d2cd3f445.jpeg?resize=640%2C480&#038;ssl=1\" alt=\"\" width=\"640\" height=\"480\" srcset=\"https:\/\/i0.wp.com\/pequod.nesodd1.no\/wp-content\/uploads\/2020\/09\/6306F586-EC9B-4AE9-95DD-576BF52ED232.jpeg.e54de1c5dc61e4495df8ba1d2cd3f445.jpeg?w=640&amp;ssl=1 640w, https:\/\/i0.wp.com\/pequod.nesodd1.no\/wp-content\/uploads\/2020\/09\/6306F586-EC9B-4AE9-95DD-576BF52ED232.jpeg.e54de1c5dc61e4495df8ba1d2cd3f445.jpeg?resize=300%2C225&amp;ssl=1 300w, https:\/\/i0.wp.com\/pequod.nesodd1.no\/wp-content\/uploads\/2020\/09\/6306F586-EC9B-4AE9-95DD-576BF52ED232.jpeg.e54de1c5dc61e4495df8ba1d2cd3f445.jpeg?resize=100%2C75&amp;ssl=1 100w\" sizes=\"auto, (max-width: 640px) 100vw, 640px\" \/><\/a><figcaption id=\"caption-attachment-19755\" class=\"wp-caption-text\"><em>Kanskje et nytt bes\u00f8k p\u00e5 Tofte i juni eller juli?<\/em><\/figcaption><\/figure>\n<p>Jeg tar den tradisjonelle ferieuka p\u00e5 fjellet p\u00e5 jobbhytta med ungene siste uke i juli, men jobber ei nattuke p\u00e5 jobben etterp\u00e5 ettersom jeg ikke \u00f8nsker \u00e5 t\u00f8ffe ned til S\u00f8rlandet s\u00e5 tidlig som 30. juli. En start 7. august passer meg bedre! Jeg orker ikke stappfulle feriehavner. For tre \u00e5r siden opplevde jeg det var s\u00e5 fullt i Ris\u00f8r av b\u00e5ter p\u00e5 vei nordover fra sin S\u00f8rlandsferie at jeg valgte \u00e5 legge meg et annet sted&#8230;<\/p>\n<p>Jeg skal ikke utelukke at jeg ombestemmer meg i l\u00f8pet av de m\u00e5nedene som er igjen f\u00f8r avgang, slik at hovedtoktet f\u00e5r en annen retning, men i utgangspunktet er det slik jeg har tenkt meg &#8211; men det er jo det som er s\u00e5 herlig med b\u00e5tlivet &#8211; at man kan ombestemme seg n\u00e6rmest hele tiden med tanke p\u00e5 hvor man skal dra!<\/p>\n<p>Til sammen blir jo dette akkurat 100 dager p\u00e5 b\u00e5ttur fra 17. april til 23. september &#8211; 108 dager hvis det blir et overnattingstokt i avspaseringsuka i juli, og det m\u00e5 man jo kunne si seg forn\u00f8yd med!&nbsp; Det blir jo over 15 uker p\u00e5 b\u00e5ttur i tillegg til sm\u00e5 dagsturer innimellom.<\/p>\n<p>Hvis vi bare tar med sommerm\u00e5nedene juni, juli og august og inkluderer den avspaseringsuka i juli, s\u00e5 blir det 52 dager i b\u00e5ten, litt over 7 uker. Det er vel i overkant av hva de fleste b\u00e5tfolk (som ikke er pensjonister) kan forvente seg \u00e5 f\u00e5 til.&nbsp;<\/p>\n<p>Kjenner jeg gleder meg allerede, men m\u00e5 jo ta et forbehold om at jeg f\u00e5r ferie\u00f8nskene mine oppfylt. Jobben har lovt at alle skal f\u00e5 beskjed f\u00f8r p\u00e5ske.<\/p>\n<figure id=\"attachment_19392\" aria-describedby=\"caption-attachment-19392\" style=\"width: 800px\" class=\"wp-caption aligncenter\"><a href=\"https:\/\/i0.wp.com\/pequod.nesodd1.no\/wp-content\/uploads\/2020\/08\/IMG-7740.jpg?ssl=1\"><img data-recalc-dims=\"1\" loading=\"lazy\" decoding=\"async\" data-attachment-id=\"19392\" data-permalink=\"https:\/\/pequod.nesodd1.no\/?attachment_id=19392\" data-orig-file=\"https:\/\/i0.wp.com\/pequod.nesodd1.no\/wp-content\/uploads\/2020\/08\/IMG-7740.jpg?fit=800%2C600&amp;ssl=1\" data-orig-size=\"800,600\" data-comments-opened=\"1\" data-image-meta=\"{&quot;aperture&quot;:&quot;1.8&quot;,&quot;credit&quot;:&quot;&quot;,&quot;camera&quot;:&quot;iPhone 8 Plus&quot;,&quot;caption&quot;:&quot;&quot;,&quot;created_timestamp&quot;:&quot;1596743372&quot;,&quot;copyright&quot;:&quot;&quot;,&quot;focal_length&quot;:&quot;3.99&quot;,&quot;iso&quot;:&quot;20&quot;,&quot;shutter_speed&quot;:&quot;0.00070821529745042&quot;,&quot;title&quot;:&quot;&quot;,&quot;orientation&quot;:&quot;1&quot;}\" data-image-title=\"IMG-7740\" data-image-description=\"&lt;p&gt;S\u00f8rlandet Feriesenter, Ris\u00f8r&lt;\/p&gt;\n\" data-image-caption=\"\" data-large-file=\"https:\/\/i0.wp.com\/pequod.nesodd1.no\/wp-content\/uploads\/2020\/08\/IMG-7740.jpg?fit=800%2C600&amp;ssl=1\" class=\"wp-image-19392 size-full\" src=\"https:\/\/i0.wp.com\/pequod.nesodd1.no\/wp-content\/uploads\/2020\/08\/IMG-7740.jpg?resize=800%2C600&#038;ssl=1\" alt=\"\" width=\"800\" height=\"600\" srcset=\"https:\/\/i0.wp.com\/pequod.nesodd1.no\/wp-content\/uploads\/2020\/08\/IMG-7740.jpg?w=800&amp;ssl=1 800w, https:\/\/i0.wp.com\/pequod.nesodd1.no\/wp-content\/uploads\/2020\/08\/IMG-7740.jpg?resize=300%2C225&amp;ssl=1 300w, https:\/\/i0.wp.com\/pequod.nesodd1.no\/wp-content\/uploads\/2020\/08\/IMG-7740.jpg?resize=100%2C75&amp;ssl=1 100w, https:\/\/i0.wp.com\/pequod.nesodd1.no\/wp-content\/uploads\/2020\/08\/IMG-7740.jpg?resize=768%2C576&amp;ssl=1 768w\" sizes=\"auto, (max-width: 800px) 100vw, 800px\" \/><\/a><figcaption id=\"caption-attachment-19392\" class=\"wp-caption-text\"><em>Stille og rolig p\u00e5 S\u00f8rlandet Feriesenter august 2020, men jeg vil helst ligge i selve Ris\u00f8r&#8230;<\/em><\/figcaption><\/figure>\n<h3>Related Images:<\/h3>","protected":false},"excerpt":{"rendered":"<p>I forrige uke ble ferie\u00f8nskene mine levert til jobben. F\u00f8r p\u00e5ske f\u00e5r jeg svar p\u00e5 om de er innvilget. G\u00e5r det slik jeg \u00f8nsker blir det minst 100 dager p\u00e5 b\u00e5ttur mellom 17. april og 23. september. Related Images:<\/p>\n","protected":false},"author":1,"featured_media":16078,"comment_status":"open","ping_status":"open","sticky":false,"template":"","format":"standard","meta":{"_crdt_document":"","ngg_post_thumbnail":0,"jetpack_post_was_ever_published":false,"_jetpack_newsletter_access":"","_jetpack_dont_email_post_to_subs":false,"_jetpack_newsletter_tier_id":0,"_jetpack_memberships_contains_paywalled_content":false,"_jetpack_memberships_contains_paid_content":false,"footnotes":""},"categories":[3960,11,3,1043,147,148,4],"tags":[3992,3292,3910],"class_list":["post-26119","post","type-post","status-publish","format-standard","has-post-thumbnail","hentry","category-batliv","category-pics","category-blogg","category-diverse","category-ferie","category-planlegging","category-tur","tag-barferie","tag-ferieplanlegging","tag-sommeren-2023"],"jetpack_featured_media_url":"https:\/\/i0.wp.com\/pequod.nesodd1.no\/wp-content\/uploads\/2019\/07\/447AF21E-E05E-41D3-B765-17B45746DBFA.jpeg.43d69694efc7381d1361e9ef1d954200.jpeg?fit=1000%2C667&ssl=1","jetpack_shortlink":"https:\/\/wp.me\/p3Zd9b-6Nh","jetpack_sharing_enabled":true,"jetpack_likes_enabled":true,"jetpack-related-posts":[],"_links":{"self":[{"href":"https:\/\/pequod.nesodd1.no\/index.php?rest_route=\/wp\/v2\/posts\/26119","targetHints":{"allow":["GET"]}}],"collection":[{"href":"https:\/\/pequod.nesodd1.no\/index.php?rest_route=\/wp\/v2\/posts"}],"about":[{"href":"https:\/\/pequod.nesodd1.no\/index.php?rest_route=\/wp\/v2\/types\/post"}],"author":[{"embeddable":true,"href":"https:\/\/pequod.nesodd1.no\/index.php?rest_route=\/wp\/v2\/users\/1"}],"replies":[{"embeddable":true,"href":"https:\/\/pequod.nesodd1.no\/index.php?rest_route=%2Fwp%2Fv2%2Fcomments&post=26119"}],"version-history":[{"count":7,"href":"https:\/\/pequod.nesodd1.no\/index.php?rest_route=\/wp\/v2\/posts\/26119\/revisions"}],"predecessor-version":[{"id":26162,"href":"https:\/\/pequod.nesodd1.no\/index.php?rest_route=\/wp\/v2\/posts\/26119\/revisions\/26162"}],"wp:featuredmedia":[{"embeddable":true,"href":"https:\/\/pequod.nesodd1.no\/index.php?rest_route=\/wp\/v2\/media\/16078"}],"wp:attachment":[{"href":"https:\/\/pequod.nesodd1.no\/index.php?rest_route=%2Fwp%2Fv2%2Fmedia&parent=26119"}],"wp:term":[{"taxonomy":"category","embeddable":true,"href":"https:\/\/pequod.nesodd1.no\/index.php?rest_route=%2Fwp%2Fv2%2Fcategories&post=26119"},{"taxonomy":"post_tag","embeddable":true,"href":"https:\/\/pequod.nesodd1.no\/index.php?rest_route=%2Fwp%2Fv2%2Ftags&post=26119"}],"curies":[{"name":"wp","href":"https:\/\/api.w.org\/{rel}","templated":true}]}}