{"id":26885,"date":"2023-05-31T12:02:22","date_gmt":"2023-05-31T10:02:22","guid":{"rendered":"https:\/\/pequod.nesodd1.no\/?p=26885"},"modified":"2023-05-31T12:02:22","modified_gmt":"2023-05-31T10:02:22","slug":"ny-topptur-denne-gangen-i-halden","status":"publish","type":"post","link":"https:\/\/pequod.nesodd1.no\/?p=26885","title":{"rendered":"Ny topptur &#8211; denne gangen i Halden"},"content":{"rendered":"<p><strong>Jeg ble liggende et par netter i Halden &#8211; som jeg endelig fikk bes\u00f8kt igjen. B\u00e5de i Str\u00f6mstad og p\u00e5 Koster gikk jeg noen lange turer, og det samme gjorde jeg i Halden.<\/strong> <!--more--><\/p>\n<p>Som det gjerne er n\u00e5r man bes\u00f8ker steder med b\u00e5t, s\u00e5 ser mange kanskje bare omr\u00e5det rundt havna, men jeg liker jo \u00e5 se meg litt rundt, s\u00e6rlig p\u00e5 nye steder.<\/p>\n<p>I \u00e5r har jo formen min v\u00e6rt utrolig mye bedre enn i fjor. I fjor tvang jeg meg til \u00e5 g\u00e5 lange turer p\u00e5 flere av de nye stedene, selv om jeg hadde vondt i foten og i ryggen. Jeg ville jo se meg rundt! At jeg gikk s\u00e5 mye var antakelig med p\u00e5 \u00e5 framskynde at jeg ble s\u00e5 d\u00e5rlig til slutt at jeg havnet p\u00e5 sykehus. Med andre ord ikke s\u00e5 lurt, egentlig.<\/p>\n<p>I \u00e5r er situasjonen en helt annen &#8211; etter at t\u00e5a ble fjernet har det nemlig bare blitt bedre. I \u00e5r har jeg ingen smerter, heller ikke i ryggen, mens i fjor m\u00e5tte jeg legge meg ned og ta smertestillende etter en tur. Jeg har med meg smertestillende ogs\u00e5 i \u00e5r, men har ikke brukt noe enn\u00e5!<\/p>\n<p>Jeg begynte jo litt forsiktig med et par turer i Str\u00f6mstad, og fikk en liten aha-opplevelse da jeg gikk omveier til og fra b\u00e5ten. P\u00e5 Koster fikk jeg ogs\u00e5 to lange turer, der turen opp til H\u00f6gen og de to fyrene var den st\u00f8rste utfordringen.<\/p>\n<figure id=\"attachment_26892\" aria-describedby=\"caption-attachment-26892\" style=\"width: 960px\" class=\"wp-caption aligncenter\"><a href=\"https:\/\/i0.wp.com\/pequod.nesodd1.no\/wp-content\/uploads\/2023\/05\/348857037_773645237701981_5822764262325093258_n.jpg?ssl=1\"><img data-recalc-dims=\"1\" loading=\"lazy\" decoding=\"async\" data-attachment-id=\"26892\" data-permalink=\"https:\/\/pequod.nesodd1.no\/?attachment_id=26892\" data-orig-file=\"https:\/\/i0.wp.com\/pequod.nesodd1.no\/wp-content\/uploads\/2023\/05\/348857037_773645237701981_5822764262325093258_n.jpg?fit=960%2C720&amp;ssl=1\" data-orig-size=\"960,720\" data-comments-opened=\"1\" data-image-meta=\"{&quot;aperture&quot;:&quot;0&quot;,&quot;credit&quot;:&quot;&quot;,&quot;camera&quot;:&quot;&quot;,&quot;caption&quot;:&quot;&quot;,&quot;created_timestamp&quot;:&quot;0&quot;,&quot;copyright&quot;:&quot;&quot;,&quot;focal_length&quot;:&quot;0&quot;,&quot;iso&quot;:&quot;0&quot;,&quot;shutter_speed&quot;:&quot;0&quot;,&quot;title&quot;:&quot;&quot;,&quot;orientation&quot;:&quot;1&quot;}\" data-image-title=\"348857037_773645237701981_5822764262325093258_n\" data-image-description=\"&lt;p&gt;Halden, Fredriksten, Tresfjord 29&lt;\/p&gt;\n\" data-image-caption=\"\" data-large-file=\"https:\/\/i0.wp.com\/pequod.nesodd1.no\/wp-content\/uploads\/2023\/05\/348857037_773645237701981_5822764262325093258_n.jpg?fit=940%2C705&amp;ssl=1\" class=\"wp-image-26892 size-full\" src=\"https:\/\/i0.wp.com\/pequod.nesodd1.no\/wp-content\/uploads\/2023\/05\/348857037_773645237701981_5822764262325093258_n.jpg?resize=940%2C705&#038;ssl=1\" alt=\"\" width=\"940\" height=\"705\" srcset=\"https:\/\/i0.wp.com\/pequod.nesodd1.no\/wp-content\/uploads\/2023\/05\/348857037_773645237701981_5822764262325093258_n.jpg?w=960&amp;ssl=1 960w, https:\/\/i0.wp.com\/pequod.nesodd1.no\/wp-content\/uploads\/2023\/05\/348857037_773645237701981_5822764262325093258_n.jpg?resize=300%2C225&amp;ssl=1 300w, https:\/\/i0.wp.com\/pequod.nesodd1.no\/wp-content\/uploads\/2023\/05\/348857037_773645237701981_5822764262325093258_n.jpg?resize=100%2C75&amp;ssl=1 100w, https:\/\/i0.wp.com\/pequod.nesodd1.no\/wp-content\/uploads\/2023\/05\/348857037_773645237701981_5822764262325093258_n.jpg?resize=768%2C576&amp;ssl=1 768w\" sizes=\"auto, (max-width: 940px) 100vw, 940px\" \/><\/a><figcaption id=\"caption-attachment-26892\" class=\"wp-caption-text\"><em>Ved toppen av VHF-antenna ser du klokket\u00e5rnet og festningens h\u00f8yeste punkt &#8211; som var m\u00e5let for turen.<\/em><\/figcaption><\/figure>\n<p>I Halden har jeg f\u00e5tt sett meg litt rundt tidligere, men ikke i stor grad. Jeg har ruslet rundt i havneomr\u00e5det og til togstasjonen. G\u00e5tt langs elva og over et par broer, v\u00e6rt inne p\u00e5 Tista-senteret, men ellers ikke s\u00e5 veldig mye. Jeg har v\u00e6rt oppe p\u00e5 Fredriksten \u00e9n gang, men da ble jeg kj\u00f8rt i bil og gikk ikke en gang ut av bilen for \u00e5 se, men kj\u00f8rte en liten tur p\u00e5 omr\u00e5det.<\/p>\n<p>S\u00e5 da det ble klart at jeg ble i Halden en natt ekstra &#8211; hovedsakelig fordi det viste seg at slippen p\u00e5 Engelsviken ikke hadde kapasitet til \u00e5 skifte sj\u00f8vannspumpa likevel denne gangen (og jeg dermed ikke beh\u00f8vde \u00e5 haste av g\u00e5rde dit) &#8211; s\u00e5 fant jeg ut at jeg kunne se om jeg fikk sett meg litt rundt p\u00e5 festningen.<\/p>\n<p>Jeg skal innr\u00f8mme at jeg var s\u00e5pass skeptisk til om jeg ville klare \u00e5 g\u00e5 opp dit at jeg sjekket bussrutene &#8211; men fant ut at det ikke s\u00e5 ut som om det var noen som stoppet ved festningen. Kan godt hende jeg tok feil, men jeg bestemte meg i alle fall for \u00e5 pr\u00f8ve \u00e5 g\u00e5 selv. Om jeg f\u00f8lte at det ble for t\u00f8ft, s\u00e5 kunne jeg alltids snu! S\u00e5 enkelt var det!<\/p>\n<p><a href=\"https:\/\/i0.wp.com\/pequod.nesodd1.no\/wp-content\/uploads\/2023\/05\/348845281_578301851106055_8479982343277719256_n.jpg?ssl=1\"><img data-recalc-dims=\"1\" loading=\"lazy\" decoding=\"async\" data-attachment-id=\"26893\" data-permalink=\"https:\/\/pequod.nesodd1.no\/?attachment_id=26893\" data-orig-file=\"https:\/\/i0.wp.com\/pequod.nesodd1.no\/wp-content\/uploads\/2023\/05\/348845281_578301851106055_8479982343277719256_n.jpg?fit=960%2C720&amp;ssl=1\" data-orig-size=\"960,720\" data-comments-opened=\"1\" data-image-meta=\"{&quot;aperture&quot;:&quot;0&quot;,&quot;credit&quot;:&quot;&quot;,&quot;camera&quot;:&quot;&quot;,&quot;caption&quot;:&quot;&quot;,&quot;created_timestamp&quot;:&quot;0&quot;,&quot;copyright&quot;:&quot;&quot;,&quot;focal_length&quot;:&quot;0&quot;,&quot;iso&quot;:&quot;0&quot;,&quot;shutter_speed&quot;:&quot;0&quot;,&quot;title&quot;:&quot;&quot;,&quot;orientation&quot;:&quot;1&quot;}\" data-image-title=\"348845281_578301851106055_8479982343277719256_n\" data-image-description=\"&lt;p&gt;Halden, Festningsgata&lt;\/p&gt;\n\" data-image-caption=\"\" data-large-file=\"https:\/\/i0.wp.com\/pequod.nesodd1.no\/wp-content\/uploads\/2023\/05\/348845281_578301851106055_8479982343277719256_n.jpg?fit=940%2C705&amp;ssl=1\" class=\"aligncenter size-full wp-image-26893\" src=\"https:\/\/i0.wp.com\/pequod.nesodd1.no\/wp-content\/uploads\/2023\/05\/348845281_578301851106055_8479982343277719256_n.jpg?resize=940%2C705&#038;ssl=1\" alt=\"\" width=\"940\" height=\"705\" srcset=\"https:\/\/i0.wp.com\/pequod.nesodd1.no\/wp-content\/uploads\/2023\/05\/348845281_578301851106055_8479982343277719256_n.jpg?w=960&amp;ssl=1 960w, https:\/\/i0.wp.com\/pequod.nesodd1.no\/wp-content\/uploads\/2023\/05\/348845281_578301851106055_8479982343277719256_n.jpg?resize=300%2C225&amp;ssl=1 300w, https:\/\/i0.wp.com\/pequod.nesodd1.no\/wp-content\/uploads\/2023\/05\/348845281_578301851106055_8479982343277719256_n.jpg?resize=100%2C75&amp;ssl=1 100w, https:\/\/i0.wp.com\/pequod.nesodd1.no\/wp-content\/uploads\/2023\/05\/348845281_578301851106055_8479982343277719256_n.jpg?resize=768%2C576&amp;ssl=1 768w\" sizes=\"auto, (max-width: 940px) 100vw, 940px\" \/><\/a> Selv om jeg n\u00e5 g\u00e5r fint uten krykke, s\u00e5 tok jeg den med p\u00e5 denne turen. I ulendt terreng og med mye klatring s\u00e5 regnet jeg med at den ville komme til nytte &#8211; og det er ingen tvil om at jeg ikke ville klart \u00e5 komme meg opp uten den.<\/p>\n<p>Turen gikk fra b\u00e5ten og opp Festningsgata. S\u00e6rlig i den delen der gata begynner \u00e5 g\u00e5 ganske s\u00e5 bratt oppover, s\u00e5 var det mange gamle og sjarmerende hus. Noen godt ivaretatt, andre i stort behov for oppussing og noen str\u00f8k med maling&#8230;<\/p>\n<p>Jeg liker \u00e5 se meg rundt i gamle bydeler overalt hvor det er mulig, og Halden er absolutt ikke noe unntak!<\/p>\n<p><a href=\"https:\/\/i0.wp.com\/pequod.nesodd1.no\/wp-content\/uploads\/2023\/05\/halden1.jpg?ssl=1\"><img data-recalc-dims=\"1\" loading=\"lazy\" decoding=\"async\" data-attachment-id=\"26912\" data-permalink=\"https:\/\/pequod.nesodd1.no\/?attachment_id=26912\" data-orig-file=\"https:\/\/i0.wp.com\/pequod.nesodd1.no\/wp-content\/uploads\/2023\/05\/halden1.jpg?fit=960%2C720&amp;ssl=1\" data-orig-size=\"960,720\" data-comments-opened=\"1\" data-image-meta=\"{&quot;aperture&quot;:&quot;0&quot;,&quot;credit&quot;:&quot;&quot;,&quot;camera&quot;:&quot;&quot;,&quot;caption&quot;:&quot;&quot;,&quot;created_timestamp&quot;:&quot;0&quot;,&quot;copyright&quot;:&quot;&quot;,&quot;focal_length&quot;:&quot;0&quot;,&quot;iso&quot;:&quot;0&quot;,&quot;shutter_speed&quot;:&quot;0&quot;,&quot;title&quot;:&quot;&quot;,&quot;orientation&quot;:&quot;1&quot;}\" data-image-title=\"halden1\" data-image-description=\"&lt;p&gt;Halden, Festningsgata&lt;\/p&gt;\n\" data-image-caption=\"\" data-large-file=\"https:\/\/i0.wp.com\/pequod.nesodd1.no\/wp-content\/uploads\/2023\/05\/halden1.jpg?fit=940%2C705&amp;ssl=1\" class=\"aligncenter size-full wp-image-26912\" src=\"https:\/\/i0.wp.com\/pequod.nesodd1.no\/wp-content\/uploads\/2023\/05\/halden1.jpg?resize=940%2C705&#038;ssl=1\" alt=\"\" width=\"940\" height=\"705\" srcset=\"https:\/\/i0.wp.com\/pequod.nesodd1.no\/wp-content\/uploads\/2023\/05\/halden1.jpg?w=960&amp;ssl=1 960w, https:\/\/i0.wp.com\/pequod.nesodd1.no\/wp-content\/uploads\/2023\/05\/halden1.jpg?resize=300%2C225&amp;ssl=1 300w, https:\/\/i0.wp.com\/pequod.nesodd1.no\/wp-content\/uploads\/2023\/05\/halden1.jpg?resize=100%2C75&amp;ssl=1 100w, https:\/\/i0.wp.com\/pequod.nesodd1.no\/wp-content\/uploads\/2023\/05\/halden1.jpg?resize=768%2C576&amp;ssl=1 768w\" sizes=\"auto, (max-width: 940px) 100vw, 940px\" \/><\/a><\/p>\n<p>Jeg kom etter hvert til et skilt der jeg kunne velge \u00e5 g\u00e5 opp en steintrapp til venstre eller fortsette langs veien rett fram, og jeg valgte det f\u00f8rste. Jeg tenkte jeg kunne ta den andre veien n\u00e5r jeg gikk ned. Men da jeg var oppe p\u00e5 festningen s\u00e5 jeg en annen vei ned som jeg valgte \u00e5 ta.<\/p>\n<p><a href=\"https:\/\/i0.wp.com\/pequod.nesodd1.no\/wp-content\/uploads\/2023\/05\/348851826_581215900781147_1990391422047394100_n.jpg?ssl=1\"><img data-recalc-dims=\"1\" loading=\"lazy\" decoding=\"async\" data-attachment-id=\"26896\" data-permalink=\"https:\/\/pequod.nesodd1.no\/?attachment_id=26896\" data-orig-file=\"https:\/\/i0.wp.com\/pequod.nesodd1.no\/wp-content\/uploads\/2023\/05\/348851826_581215900781147_1990391422047394100_n.jpg?fit=960%2C720&amp;ssl=1\" data-orig-size=\"960,720\" data-comments-opened=\"1\" data-image-meta=\"{&quot;aperture&quot;:&quot;0&quot;,&quot;credit&quot;:&quot;&quot;,&quot;camera&quot;:&quot;&quot;,&quot;caption&quot;:&quot;&quot;,&quot;created_timestamp&quot;:&quot;0&quot;,&quot;copyright&quot;:&quot;&quot;,&quot;focal_length&quot;:&quot;0&quot;,&quot;iso&quot;:&quot;0&quot;,&quot;shutter_speed&quot;:&quot;0&quot;,&quot;title&quot;:&quot;&quot;,&quot;orientation&quot;:&quot;1&quot;}\" data-image-title=\"348851826_581215900781147_1990391422047394100_n\" data-image-description=\"&lt;p&gt;Halden, Festningsgata&lt;\/p&gt;\n\" data-image-caption=\"\" data-large-file=\"https:\/\/i0.wp.com\/pequod.nesodd1.no\/wp-content\/uploads\/2023\/05\/348851826_581215900781147_1990391422047394100_n.jpg?fit=940%2C705&amp;ssl=1\" class=\"aligncenter size-full wp-image-26896\" src=\"https:\/\/i0.wp.com\/pequod.nesodd1.no\/wp-content\/uploads\/2023\/05\/348851826_581215900781147_1990391422047394100_n.jpg?resize=940%2C705&#038;ssl=1\" alt=\"\" width=\"940\" height=\"705\" srcset=\"https:\/\/i0.wp.com\/pequod.nesodd1.no\/wp-content\/uploads\/2023\/05\/348851826_581215900781147_1990391422047394100_n.jpg?w=960&amp;ssl=1 960w, https:\/\/i0.wp.com\/pequod.nesodd1.no\/wp-content\/uploads\/2023\/05\/348851826_581215900781147_1990391422047394100_n.jpg?resize=300%2C225&amp;ssl=1 300w, https:\/\/i0.wp.com\/pequod.nesodd1.no\/wp-content\/uploads\/2023\/05\/348851826_581215900781147_1990391422047394100_n.jpg?resize=100%2C75&amp;ssl=1 100w, https:\/\/i0.wp.com\/pequod.nesodd1.no\/wp-content\/uploads\/2023\/05\/348851826_581215900781147_1990391422047394100_n.jpg?resize=768%2C576&amp;ssl=1 768w\" sizes=\"auto, (max-width: 940px) 100vw, 940px\" \/><\/a><\/p>\n<p>Jeg kikket meg tilbake flere ganger mens jeg gikk oppover og s\u00e5 at utsikten ned til byen ble bedre og bedre. Det gikk heldigvis ikke rett opp i en lang trapp, men varierte mellom&nbsp; trappavsatser, bakker og stier, s\u00e5 det gikk helt fint, selv om jeg m\u00e5tte ta en pust i bakken innimellom. Jeg kjenner jo at jeg ikke er i den beste fysiske formen, men jeg trenger jo \u00e5 trene litt &#8211; for jeg har allerede bestemt meg for at n\u00e5r jeg og ungene skal p\u00e5 den tradisjonelle turen opp til Skeikampen n\u00e5r vi er p\u00e5 jobbhytta senere i sommer, s\u00e5 skal jeg ut p\u00e5 topptur!<\/p>\n<p>Det er to \u00e5r siden jeg var p\u00e5 fjellet sist, og i fjor l\u00e5 jeg p\u00e5 sykehus n\u00e5r ungene dro p\u00e5 hytta, mens \u00e5ret f\u00f8r var jeg ikke i form til \u00e5 klare det. Men i \u00e5r skal jeg garantert opp! Gleder meg allerede!<\/p>\n<p>Men tilbake til Halden&#8230;<\/p>\n<p><a href=\"https:\/\/i0.wp.com\/pequod.nesodd1.no\/wp-content\/uploads\/2023\/05\/348836275_1253891088586537_1218671322028189494_n.jpg?ssl=1\"><img data-recalc-dims=\"1\" loading=\"lazy\" decoding=\"async\" data-attachment-id=\"26895\" data-permalink=\"https:\/\/pequod.nesodd1.no\/?attachment_id=26895\" data-orig-file=\"https:\/\/i0.wp.com\/pequod.nesodd1.no\/wp-content\/uploads\/2023\/05\/348836275_1253891088586537_1218671322028189494_n.jpg?fit=960%2C720&amp;ssl=1\" data-orig-size=\"960,720\" data-comments-opened=\"1\" data-image-meta=\"{&quot;aperture&quot;:&quot;0&quot;,&quot;credit&quot;:&quot;&quot;,&quot;camera&quot;:&quot;&quot;,&quot;caption&quot;:&quot;&quot;,&quot;created_timestamp&quot;:&quot;0&quot;,&quot;copyright&quot;:&quot;&quot;,&quot;focal_length&quot;:&quot;0&quot;,&quot;iso&quot;:&quot;0&quot;,&quot;shutter_speed&quot;:&quot;0&quot;,&quot;title&quot;:&quot;&quot;,&quot;orientation&quot;:&quot;1&quot;}\" data-image-title=\"348836275_1253891088586537_1218671322028189494_n\" data-image-description=\"&lt;p&gt;Halden, Fredriksten,  festning&lt;\/p&gt;\n\" data-image-caption=\"\" data-large-file=\"https:\/\/i0.wp.com\/pequod.nesodd1.no\/wp-content\/uploads\/2023\/05\/348836275_1253891088586537_1218671322028189494_n.jpg?fit=940%2C705&amp;ssl=1\" class=\"aligncenter size-full wp-image-26895\" src=\"https:\/\/i0.wp.com\/pequod.nesodd1.no\/wp-content\/uploads\/2023\/05\/348836275_1253891088586537_1218671322028189494_n.jpg?resize=940%2C705&#038;ssl=1\" alt=\"\" width=\"940\" height=\"705\" srcset=\"https:\/\/i0.wp.com\/pequod.nesodd1.no\/wp-content\/uploads\/2023\/05\/348836275_1253891088586537_1218671322028189494_n.jpg?w=960&amp;ssl=1 960w, https:\/\/i0.wp.com\/pequod.nesodd1.no\/wp-content\/uploads\/2023\/05\/348836275_1253891088586537_1218671322028189494_n.jpg?resize=300%2C225&amp;ssl=1 300w, https:\/\/i0.wp.com\/pequod.nesodd1.no\/wp-content\/uploads\/2023\/05\/348836275_1253891088586537_1218671322028189494_n.jpg?resize=100%2C75&amp;ssl=1 100w, https:\/\/i0.wp.com\/pequod.nesodd1.no\/wp-content\/uploads\/2023\/05\/348836275_1253891088586537_1218671322028189494_n.jpg?resize=768%2C576&amp;ssl=1 768w\" sizes=\"auto, (max-width: 940px) 100vw, 940px\" \/><\/a><\/p>\n<p>Da jeg kom opp til festningen tok jeg en liten tur p\u00e5 omr\u00e5det som ligger mot Iddefjorden f\u00f8rst, der ligger det ogs\u00e5 en camping som jeg ikke s\u00e5 veldig n\u00f8ye p\u00e5 (!), men jeg gikk mor den delen som kalles Br\u00e5dland skanse og fikk sett litt p\u00e5 omr\u00e5det der. Var harde kamper mot svenskene her i 1660.<\/p>\n<figure id=\"attachment_26898\" aria-describedby=\"caption-attachment-26898\" style=\"width: 960px\" class=\"wp-caption aligncenter\"><a href=\"https:\/\/i0.wp.com\/pequod.nesodd1.no\/wp-content\/uploads\/2023\/05\/348842436_258196553388813_6259073499823401135_n.jpg?ssl=1\"><img data-recalc-dims=\"1\" loading=\"lazy\" decoding=\"async\" data-attachment-id=\"26898\" data-permalink=\"https:\/\/pequod.nesodd1.no\/?attachment_id=26898\" data-orig-file=\"https:\/\/i0.wp.com\/pequod.nesodd1.no\/wp-content\/uploads\/2023\/05\/348842436_258196553388813_6259073499823401135_n.jpg?fit=960%2C720&amp;ssl=1\" data-orig-size=\"960,720\" data-comments-opened=\"1\" data-image-meta=\"{&quot;aperture&quot;:&quot;0&quot;,&quot;credit&quot;:&quot;&quot;,&quot;camera&quot;:&quot;&quot;,&quot;caption&quot;:&quot;&quot;,&quot;created_timestamp&quot;:&quot;0&quot;,&quot;copyright&quot;:&quot;&quot;,&quot;focal_length&quot;:&quot;0&quot;,&quot;iso&quot;:&quot;0&quot;,&quot;shutter_speed&quot;:&quot;0&quot;,&quot;title&quot;:&quot;&quot;,&quot;orientation&quot;:&quot;1&quot;}\" data-image-title=\"348842436_258196553388813_6259073499823401135_n\" data-image-description=\"&lt;p&gt;Halden, Fredriksten, festning&lt;\/p&gt;\n\" data-image-caption=\"&lt;p&gt;Oppe p\u00e5 selve festningsomr\u00e5det, som best\u00e5r av flere bygg og deler fra ulike tidsepoker&lt;\/p&gt;\n\" data-large-file=\"https:\/\/i0.wp.com\/pequod.nesodd1.no\/wp-content\/uploads\/2023\/05\/348842436_258196553388813_6259073499823401135_n.jpg?fit=940%2C705&amp;ssl=1\" class=\"size-full wp-image-26898\" src=\"https:\/\/i0.wp.com\/pequod.nesodd1.no\/wp-content\/uploads\/2023\/05\/348842436_258196553388813_6259073499823401135_n.jpg?resize=940%2C705&#038;ssl=1\" alt=\"\" width=\"940\" height=\"705\" srcset=\"https:\/\/i0.wp.com\/pequod.nesodd1.no\/wp-content\/uploads\/2023\/05\/348842436_258196553388813_6259073499823401135_n.jpg?w=960&amp;ssl=1 960w, https:\/\/i0.wp.com\/pequod.nesodd1.no\/wp-content\/uploads\/2023\/05\/348842436_258196553388813_6259073499823401135_n.jpg?resize=300%2C225&amp;ssl=1 300w, https:\/\/i0.wp.com\/pequod.nesodd1.no\/wp-content\/uploads\/2023\/05\/348842436_258196553388813_6259073499823401135_n.jpg?resize=100%2C75&amp;ssl=1 100w, https:\/\/i0.wp.com\/pequod.nesodd1.no\/wp-content\/uploads\/2023\/05\/348842436_258196553388813_6259073499823401135_n.jpg?resize=768%2C576&amp;ssl=1 768w\" sizes=\"auto, (max-width: 940px) 100vw, 940px\" \/><\/a><figcaption id=\"caption-attachment-26898\" class=\"wp-caption-text\"><em>Oppe p\u00e5 selve festningsomr\u00e5det, som best\u00e5r av flere bygg og deler fra ulike tidsepoker<\/em><\/figcaption><\/figure>\n<p>Hvilte litt p\u00e5 en benk der f\u00f8r jeg beveget meg mot selve festningen og gikk forbi den plassen der vel b\u00e5de Tons of Rock og Allsang p\u00e5 grensen har holdt til, og deretter inn selve hovedinngangen.<\/p>\n<figure id=\"attachment_26897\" aria-describedby=\"caption-attachment-26897\" style=\"width: 960px\" class=\"wp-caption aligncenter\"><a href=\"https:\/\/i0.wp.com\/pequod.nesodd1.no\/wp-content\/uploads\/2023\/05\/349138947_265543126035136_2577540440580129051_n.jpg?ssl=1\"><img data-recalc-dims=\"1\" loading=\"lazy\" decoding=\"async\" data-attachment-id=\"26897\" data-permalink=\"https:\/\/pequod.nesodd1.no\/?attachment_id=26897\" data-orig-file=\"https:\/\/i0.wp.com\/pequod.nesodd1.no\/wp-content\/uploads\/2023\/05\/349138947_265543126035136_2577540440580129051_n.jpg?fit=960%2C720&amp;ssl=1\" data-orig-size=\"960,720\" data-comments-opened=\"1\" data-image-meta=\"{&quot;aperture&quot;:&quot;0&quot;,&quot;credit&quot;:&quot;&quot;,&quot;camera&quot;:&quot;&quot;,&quot;caption&quot;:&quot;&quot;,&quot;created_timestamp&quot;:&quot;0&quot;,&quot;copyright&quot;:&quot;&quot;,&quot;focal_length&quot;:&quot;0&quot;,&quot;iso&quot;:&quot;0&quot;,&quot;shutter_speed&quot;:&quot;0&quot;,&quot;title&quot;:&quot;&quot;,&quot;orientation&quot;:&quot;1&quot;}\" data-image-title=\"349138947_265543126035136_2577540440580129051_n\" data-image-description=\"&lt;p&gt;Halden, Fredriksten festning&lt;\/p&gt;\n\" data-image-caption=\"&lt;p&gt;Fra benken der jeg hvilte hadde jeg god utsikt til hovedm\u00e5let for turen!&lt;\/p&gt;\n\" data-large-file=\"https:\/\/i0.wp.com\/pequod.nesodd1.no\/wp-content\/uploads\/2023\/05\/349138947_265543126035136_2577540440580129051_n.jpg?fit=940%2C705&amp;ssl=1\" class=\"size-full wp-image-26897\" src=\"https:\/\/i0.wp.com\/pequod.nesodd1.no\/wp-content\/uploads\/2023\/05\/349138947_265543126035136_2577540440580129051_n.jpg?resize=940%2C705&#038;ssl=1\" alt=\"\" width=\"940\" height=\"705\" srcset=\"https:\/\/i0.wp.com\/pequod.nesodd1.no\/wp-content\/uploads\/2023\/05\/349138947_265543126035136_2577540440580129051_n.jpg?w=960&amp;ssl=1 960w, https:\/\/i0.wp.com\/pequod.nesodd1.no\/wp-content\/uploads\/2023\/05\/349138947_265543126035136_2577540440580129051_n.jpg?resize=300%2C225&amp;ssl=1 300w, https:\/\/i0.wp.com\/pequod.nesodd1.no\/wp-content\/uploads\/2023\/05\/349138947_265543126035136_2577540440580129051_n.jpg?resize=100%2C75&amp;ssl=1 100w, https:\/\/i0.wp.com\/pequod.nesodd1.no\/wp-content\/uploads\/2023\/05\/349138947_265543126035136_2577540440580129051_n.jpg?resize=768%2C576&amp;ssl=1 768w\" sizes=\"auto, (max-width: 940px) 100vw, 940px\" \/><\/a><figcaption id=\"caption-attachment-26897\" class=\"wp-caption-text\"><em>Fra benken der jeg hvilte hadde jeg god utsikt til hovedm\u00e5let for turen &#8211; det h\u00f8yeste punktet!<\/em><\/figcaption><\/figure>\n<p>P\u00e5 selve festningen var det for det meste brolagte fortau og grusstier \u00e5 g\u00e5 p\u00e5, og da jeg skulle karre meg opp til det h\u00f8yeste punktet p\u00e5 festningen var bakken opp s\u00e5pass bratt at jeg holdt p\u00e5 \u00e5 falle ettersom jeg skled p\u00e5 grusen! Godt \u00e5 ha krykka for \u00e5 bremse opp da! Men opp p\u00e5 toppen var jeg fast bestemt p\u00e5 \u00e5 komme, og jeg klarte det til slutt! Heldigvis kom jeg meg ned derfra en annen vei, tror ikke det ville g\u00e5tt s\u00e5 bra om jeg hadde pr\u00f8vd \u00e5 g\u00e5 ned samme vei.<\/p>\n<figure id=\"attachment_26899\" aria-describedby=\"caption-attachment-26899\" style=\"width: 960px\" class=\"wp-caption aligncenter\"><a href=\"https:\/\/i0.wp.com\/pequod.nesodd1.no\/wp-content\/uploads\/2023\/05\/348902879_939530330656221_4457123128613598101_n.jpg?ssl=1\"><img data-recalc-dims=\"1\" loading=\"lazy\" decoding=\"async\" data-attachment-id=\"26899\" data-permalink=\"https:\/\/pequod.nesodd1.no\/?attachment_id=26899\" data-orig-file=\"https:\/\/i0.wp.com\/pequod.nesodd1.no\/wp-content\/uploads\/2023\/05\/348902879_939530330656221_4457123128613598101_n.jpg?fit=960%2C720&amp;ssl=1\" data-orig-size=\"960,720\" data-comments-opened=\"1\" data-image-meta=\"{&quot;aperture&quot;:&quot;0&quot;,&quot;credit&quot;:&quot;&quot;,&quot;camera&quot;:&quot;&quot;,&quot;caption&quot;:&quot;&quot;,&quot;created_timestamp&quot;:&quot;0&quot;,&quot;copyright&quot;:&quot;&quot;,&quot;focal_length&quot;:&quot;0&quot;,&quot;iso&quot;:&quot;0&quot;,&quot;shutter_speed&quot;:&quot;0&quot;,&quot;title&quot;:&quot;&quot;,&quot;orientation&quot;:&quot;1&quot;}\" data-image-title=\"348902879_939530330656221_4457123128613598101_n\" data-image-description=\"&lt;p&gt;Halden, Fredriksten, festning, utsikt&lt;\/p&gt;\n\" data-image-caption=\"&lt;p&gt;Kan ikke akkurat klage p\u00e5 utsikten! Ser til og med b\u00e5ten som en liten prikk!&lt;\/p&gt;\n\" data-large-file=\"https:\/\/i0.wp.com\/pequod.nesodd1.no\/wp-content\/uploads\/2023\/05\/348902879_939530330656221_4457123128613598101_n.jpg?fit=940%2C705&amp;ssl=1\" class=\"size-full wp-image-26899\" src=\"https:\/\/i0.wp.com\/pequod.nesodd1.no\/wp-content\/uploads\/2023\/05\/348902879_939530330656221_4457123128613598101_n.jpg?resize=940%2C705&#038;ssl=1\" alt=\"\" width=\"940\" height=\"705\" srcset=\"https:\/\/i0.wp.com\/pequod.nesodd1.no\/wp-content\/uploads\/2023\/05\/348902879_939530330656221_4457123128613598101_n.jpg?w=960&amp;ssl=1 960w, https:\/\/i0.wp.com\/pequod.nesodd1.no\/wp-content\/uploads\/2023\/05\/348902879_939530330656221_4457123128613598101_n.jpg?resize=300%2C225&amp;ssl=1 300w, https:\/\/i0.wp.com\/pequod.nesodd1.no\/wp-content\/uploads\/2023\/05\/348902879_939530330656221_4457123128613598101_n.jpg?resize=100%2C75&amp;ssl=1 100w, https:\/\/i0.wp.com\/pequod.nesodd1.no\/wp-content\/uploads\/2023\/05\/348902879_939530330656221_4457123128613598101_n.jpg?resize=768%2C576&amp;ssl=1 768w\" sizes=\"auto, (max-width: 940px) 100vw, 940px\" \/><\/a><figcaption id=\"caption-attachment-26899\" class=\"wp-caption-text\"><em>Kan ikke akkurat klage p\u00e5 utsikten! Ser til og med b\u00e5ten som en liten prikk!<\/em><\/figcaption><\/figure>\n<p>Jeg valgte \u00e5 g\u00e5 ned fra festningen via en sikksakk-vei som jeg s\u00e5 mens jeg romsterte rundt der og kom ned et par gater lenger til nord enn der jeg hadde g\u00e5tt opp. Kom da over en Kiwi-butikk og handlet litt der f\u00f8r jeg gikk tilbake til b\u00e5ten.&nbsp;<\/p>\n<p><a href=\"https:\/\/i0.wp.com\/pequod.nesodd1.no\/wp-content\/uploads\/2023\/05\/349094723_1302904723974173_5913142527402773925_n.jpg?ssl=1\"><img data-recalc-dims=\"1\" loading=\"lazy\" decoding=\"async\" data-attachment-id=\"26900\" data-permalink=\"https:\/\/pequod.nesodd1.no\/?attachment_id=26900\" data-orig-file=\"https:\/\/i0.wp.com\/pequod.nesodd1.no\/wp-content\/uploads\/2023\/05\/349094723_1302904723974173_5913142527402773925_n.jpg?fit=960%2C720&amp;ssl=1\" data-orig-size=\"960,720\" data-comments-opened=\"1\" data-image-meta=\"{&quot;aperture&quot;:&quot;0&quot;,&quot;credit&quot;:&quot;&quot;,&quot;camera&quot;:&quot;&quot;,&quot;caption&quot;:&quot;&quot;,&quot;created_timestamp&quot;:&quot;0&quot;,&quot;copyright&quot;:&quot;&quot;,&quot;focal_length&quot;:&quot;0&quot;,&quot;iso&quot;:&quot;0&quot;,&quot;shutter_speed&quot;:&quot;0&quot;,&quot;title&quot;:&quot;&quot;,&quot;orientation&quot;:&quot;1&quot;}\" data-image-title=\"349094723_1302904723974173_5913142527402773925_n\" data-image-description=\"&lt;p&gt;Halden, Fredriksten, festning&lt;\/p&gt;\n\" data-image-caption=\"\" data-large-file=\"https:\/\/i0.wp.com\/pequod.nesodd1.no\/wp-content\/uploads\/2023\/05\/349094723_1302904723974173_5913142527402773925_n.jpg?fit=940%2C705&amp;ssl=1\" class=\"aligncenter size-full wp-image-26900\" src=\"https:\/\/i0.wp.com\/pequod.nesodd1.no\/wp-content\/uploads\/2023\/05\/349094723_1302904723974173_5913142527402773925_n.jpg?resize=940%2C705&#038;ssl=1\" alt=\"\" width=\"940\" height=\"705\" srcset=\"https:\/\/i0.wp.com\/pequod.nesodd1.no\/wp-content\/uploads\/2023\/05\/349094723_1302904723974173_5913142527402773925_n.jpg?w=960&amp;ssl=1 960w, https:\/\/i0.wp.com\/pequod.nesodd1.no\/wp-content\/uploads\/2023\/05\/349094723_1302904723974173_5913142527402773925_n.jpg?resize=300%2C225&amp;ssl=1 300w, https:\/\/i0.wp.com\/pequod.nesodd1.no\/wp-content\/uploads\/2023\/05\/349094723_1302904723974173_5913142527402773925_n.jpg?resize=100%2C75&amp;ssl=1 100w, https:\/\/i0.wp.com\/pequod.nesodd1.no\/wp-content\/uploads\/2023\/05\/349094723_1302904723974173_5913142527402773925_n.jpg?resize=768%2C576&amp;ssl=1 768w\" sizes=\"auto, (max-width: 940px) 100vw, 940px\" \/><\/a><\/p>\n<p>Totalt tok turen nesten tre timer, s\u00e5 jeg kjente at jeg var litt sliten p\u00e5 turen tilbake, men det var absolutt verdt det! S\u00e6rlig n\u00e5r jeg sto p\u00e5 det h\u00f8yeste punktet og kunne konstatere at jeg hadde oppn\u00e5dd m\u00e5let med turen! Ingen smerter og ingen skader p\u00e5 foten, s\u00e5 alt var i sin skj\u00f8nneste orden. Og jeg hadde endelig f\u00e5tt se litt mer av byen enn tidligere.<\/p>\n<p>I det hele tatt var gjensynet med Halden en stor positiv opplevelse, s\u00e5 jeg skal ikke la det g\u00e5 seks \u00e5r til neste visitt!<\/p>\n<p><a href=\"https:\/\/i0.wp.com\/pequod.nesodd1.no\/wp-content\/uploads\/2023\/05\/349170964_214964864683972_7721948442999931015_n.jpg?ssl=1\"><img data-recalc-dims=\"1\" loading=\"lazy\" decoding=\"async\" data-attachment-id=\"26901\" data-permalink=\"https:\/\/pequod.nesodd1.no\/?attachment_id=26901\" data-orig-file=\"https:\/\/i0.wp.com\/pequod.nesodd1.no\/wp-content\/uploads\/2023\/05\/349170964_214964864683972_7721948442999931015_n.jpg?fit=960%2C720&amp;ssl=1\" data-orig-size=\"960,720\" data-comments-opened=\"1\" data-image-meta=\"{&quot;aperture&quot;:&quot;0&quot;,&quot;credit&quot;:&quot;&quot;,&quot;camera&quot;:&quot;&quot;,&quot;caption&quot;:&quot;&quot;,&quot;created_timestamp&quot;:&quot;0&quot;,&quot;copyright&quot;:&quot;&quot;,&quot;focal_length&quot;:&quot;0&quot;,&quot;iso&quot;:&quot;0&quot;,&quot;shutter_speed&quot;:&quot;0&quot;,&quot;title&quot;:&quot;&quot;,&quot;orientation&quot;:&quot;1&quot;}\" data-image-title=\"349170964_214964864683972_7721948442999931015_n\" data-image-description=\"&lt;p&gt;Halden, Fredriksten, festning&lt;\/p&gt;\n\" data-image-caption=\"\" data-large-file=\"https:\/\/i0.wp.com\/pequod.nesodd1.no\/wp-content\/uploads\/2023\/05\/349170964_214964864683972_7721948442999931015_n.jpg?fit=940%2C705&amp;ssl=1\" class=\"aligncenter size-full wp-image-26901\" src=\"https:\/\/i0.wp.com\/pequod.nesodd1.no\/wp-content\/uploads\/2023\/05\/349170964_214964864683972_7721948442999931015_n.jpg?resize=940%2C705&#038;ssl=1\" alt=\"\" width=\"940\" height=\"705\" srcset=\"https:\/\/i0.wp.com\/pequod.nesodd1.no\/wp-content\/uploads\/2023\/05\/349170964_214964864683972_7721948442999931015_n.jpg?w=960&amp;ssl=1 960w, https:\/\/i0.wp.com\/pequod.nesodd1.no\/wp-content\/uploads\/2023\/05\/349170964_214964864683972_7721948442999931015_n.jpg?resize=300%2C225&amp;ssl=1 300w, https:\/\/i0.wp.com\/pequod.nesodd1.no\/wp-content\/uploads\/2023\/05\/349170964_214964864683972_7721948442999931015_n.jpg?resize=100%2C75&amp;ssl=1 100w, https:\/\/i0.wp.com\/pequod.nesodd1.no\/wp-content\/uploads\/2023\/05\/349170964_214964864683972_7721948442999931015_n.jpg?resize=768%2C576&amp;ssl=1 768w\" sizes=\"auto, (max-width: 940px) 100vw, 940px\" \/><\/a><\/p>\n<p>Dagen etter dro jeg videre i retning Holmsbu. Opprinnelig var jo planen \u00e5 stikke innom Engelsviken slipp p\u00e5 veien, men siden det ikke ble noe av, s\u00e5 tok jeg hele etappen i en jafs&#8230;<\/p>\n<p>Ut under Svinesundbroene, forbi Singl\u00f8ya og over Mefjorden og inn Puttesund, under brua der og over Lera. Sistnevnte viste seg fra sin beste side, men jeg valgte likevel \u00e5 g\u00e5 indre lei utenfor Str\u00f8mtangen.<\/p>\n<p><a href=\"https:\/\/i0.wp.com\/pequod.nesodd1.no\/wp-content\/uploads\/2023\/05\/349104361_209962658508676_1644256628934644004_n.jpg?ssl=1\"><img data-recalc-dims=\"1\" loading=\"lazy\" decoding=\"async\" data-attachment-id=\"26902\" data-permalink=\"https:\/\/pequod.nesodd1.no\/?attachment_id=26902\" data-orig-file=\"https:\/\/i0.wp.com\/pequod.nesodd1.no\/wp-content\/uploads\/2023\/05\/349104361_209962658508676_1644256628934644004_n.jpg?fit=960%2C720&amp;ssl=1\" data-orig-size=\"960,720\" data-comments-opened=\"1\" data-image-meta=\"{&quot;aperture&quot;:&quot;0&quot;,&quot;credit&quot;:&quot;&quot;,&quot;camera&quot;:&quot;&quot;,&quot;caption&quot;:&quot;&quot;,&quot;created_timestamp&quot;:&quot;0&quot;,&quot;copyright&quot;:&quot;&quot;,&quot;focal_length&quot;:&quot;0&quot;,&quot;iso&quot;:&quot;0&quot;,&quot;shutter_speed&quot;:&quot;0&quot;,&quot;title&quot;:&quot;&quot;,&quot;orientation&quot;:&quot;1&quot;}\" data-image-title=\"349104361_209962658508676_1644256628934644004_n\" data-image-description=\"&lt;p&gt;Svinesund, bruer, Halden&lt;\/p&gt;\n\" data-image-caption=\"\" data-large-file=\"https:\/\/i0.wp.com\/pequod.nesodd1.no\/wp-content\/uploads\/2023\/05\/349104361_209962658508676_1644256628934644004_n.jpg?fit=940%2C705&amp;ssl=1\" class=\"aligncenter size-full wp-image-26902\" src=\"https:\/\/i0.wp.com\/pequod.nesodd1.no\/wp-content\/uploads\/2023\/05\/349104361_209962658508676_1644256628934644004_n.jpg?resize=940%2C705&#038;ssl=1\" alt=\"\" width=\"940\" height=\"705\" srcset=\"https:\/\/i0.wp.com\/pequod.nesodd1.no\/wp-content\/uploads\/2023\/05\/349104361_209962658508676_1644256628934644004_n.jpg?w=960&amp;ssl=1 960w, https:\/\/i0.wp.com\/pequod.nesodd1.no\/wp-content\/uploads\/2023\/05\/349104361_209962658508676_1644256628934644004_n.jpg?resize=300%2C225&amp;ssl=1 300w, https:\/\/i0.wp.com\/pequod.nesodd1.no\/wp-content\/uploads\/2023\/05\/349104361_209962658508676_1644256628934644004_n.jpg?resize=100%2C75&amp;ssl=1 100w, https:\/\/i0.wp.com\/pequod.nesodd1.no\/wp-content\/uploads\/2023\/05\/349104361_209962658508676_1644256628934644004_n.jpg?resize=768%2C576&amp;ssl=1 768w\" sizes=\"auto, (max-width: 940px) 100vw, 940px\" \/><\/a><\/p>\n<p>Men jeg gikk ikke inn via Hank\u00f8sundet denne gangen, men p\u00e5 utsiden av Hank\u00f8.&nbsp; Krogstadfjorden var ogs\u00e5 grei, og etter at jeg hadde passert Larkollen krysset jeg over fjorden i retning mot Breiangen og utl\u00f8pet til Drammensfjorden.<\/p>\n<p>Fram til da hadde jeg ruslet av g\u00e5rd i pent tempo, men midt utp\u00e5 fjorden kom det s\u00e5pass store b\u00f8lger at jeg valgte \u00e5 g\u00e5 opp i fart for \u00e5 f\u00e5 en mer behagelig overfart. Det var meldt at det skulle bl\u00e5se opp i l\u00f8pet av ettermiddagen, og slikt sett stemte det ganske greit.<\/p>\n<p><a href=\"https:\/\/i0.wp.com\/pequod.nesodd1.no\/wp-content\/uploads\/2023\/05\/349001863_777842207366674_440686839281731007_n.jpg?ssl=1\"><img data-recalc-dims=\"1\" loading=\"lazy\" decoding=\"async\" data-attachment-id=\"26903\" data-permalink=\"https:\/\/pequod.nesodd1.no\/?attachment_id=26903\" data-orig-file=\"https:\/\/i0.wp.com\/pequod.nesodd1.no\/wp-content\/uploads\/2023\/05\/349001863_777842207366674_440686839281731007_n.jpg?fit=960%2C720&amp;ssl=1\" data-orig-size=\"960,720\" data-comments-opened=\"1\" data-image-meta=\"{&quot;aperture&quot;:&quot;0&quot;,&quot;credit&quot;:&quot;&quot;,&quot;camera&quot;:&quot;&quot;,&quot;caption&quot;:&quot;&quot;,&quot;created_timestamp&quot;:&quot;0&quot;,&quot;copyright&quot;:&quot;&quot;,&quot;focal_length&quot;:&quot;0&quot;,&quot;iso&quot;:&quot;0&quot;,&quot;shutter_speed&quot;:&quot;0&quot;,&quot;title&quot;:&quot;&quot;,&quot;orientation&quot;:&quot;1&quot;}\" data-image-title=\"349001863_777842207366674_440686839281731007_n\" data-image-description=\"&lt;p&gt;Holmsbu&lt;\/p&gt;\n\" data-image-caption=\"\" data-large-file=\"https:\/\/i0.wp.com\/pequod.nesodd1.no\/wp-content\/uploads\/2023\/05\/349001863_777842207366674_440686839281731007_n.jpg?fit=940%2C705&amp;ssl=1\" class=\"aligncenter size-full wp-image-26903\" src=\"https:\/\/i0.wp.com\/pequod.nesodd1.no\/wp-content\/uploads\/2023\/05\/349001863_777842207366674_440686839281731007_n.jpg?resize=940%2C705&#038;ssl=1\" alt=\"\" width=\"940\" height=\"705\" srcset=\"https:\/\/i0.wp.com\/pequod.nesodd1.no\/wp-content\/uploads\/2023\/05\/349001863_777842207366674_440686839281731007_n.jpg?w=960&amp;ssl=1 960w, https:\/\/i0.wp.com\/pequod.nesodd1.no\/wp-content\/uploads\/2023\/05\/349001863_777842207366674_440686839281731007_n.jpg?resize=300%2C225&amp;ssl=1 300w, https:\/\/i0.wp.com\/pequod.nesodd1.no\/wp-content\/uploads\/2023\/05\/349001863_777842207366674_440686839281731007_n.jpg?resize=100%2C75&amp;ssl=1 100w, https:\/\/i0.wp.com\/pequod.nesodd1.no\/wp-content\/uploads\/2023\/05\/349001863_777842207366674_440686839281731007_n.jpg?resize=768%2C576&amp;ssl=1 768w\" sizes=\"auto, (max-width: 940px) 100vw, 940px\" \/><\/a><\/p>\n<p>Men jeg brukte jo litt mer diesel p\u00e5 de siste nautiske milene enn jeg hadde gjort fram til da!<\/p>\n<p>Jeg ankom Holmsbu etter en etappe p\u00e5 nesten sju timer, og rakk til og med \u00e5 gj\u00f8re et par innkj\u00f8p i den lokale butikken f\u00f8r det stengte. Det var mer enn nok plass i gjestehavna p\u00e5 sen ettermiddagstid torsdag, som jeg hadde h\u00e5pet p\u00e5. Pinsen sto jo for d\u00f8ren og hadde jeg kommet fredag ettermiddag p\u00e5 samme tid hadde jeg sannsynligvis kommet til en mer fullere havn.<\/p>\n<p>Jeg sov i alle fall godt den natta!<\/p>\n<p><a href=\"https:\/\/i0.wp.com\/pequod.nesodd1.no\/wp-content\/uploads\/2023\/05\/348962117_266358562429987_5654797387778932370_n.jpg?ssl=1\"><img data-recalc-dims=\"1\" loading=\"lazy\" decoding=\"async\" data-attachment-id=\"26904\" data-permalink=\"https:\/\/pequod.nesodd1.no\/?attachment_id=26904\" data-orig-file=\"https:\/\/i0.wp.com\/pequod.nesodd1.no\/wp-content\/uploads\/2023\/05\/348962117_266358562429987_5654797387778932370_n.jpg?fit=960%2C720&amp;ssl=1\" data-orig-size=\"960,720\" data-comments-opened=\"1\" data-image-meta=\"{&quot;aperture&quot;:&quot;0&quot;,&quot;credit&quot;:&quot;&quot;,&quot;camera&quot;:&quot;&quot;,&quot;caption&quot;:&quot;&quot;,&quot;created_timestamp&quot;:&quot;0&quot;,&quot;copyright&quot;:&quot;&quot;,&quot;focal_length&quot;:&quot;0&quot;,&quot;iso&quot;:&quot;0&quot;,&quot;shutter_speed&quot;:&quot;0&quot;,&quot;title&quot;:&quot;&quot;,&quot;orientation&quot;:&quot;1&quot;}\" data-image-title=\"348962117_266358562429987_5654797387778932370_n\" data-image-description=\"&lt;p&gt;Holmsbu, Tresfjord 29&lt;\/p&gt;\n\" data-image-caption=\"\" data-large-file=\"https:\/\/i0.wp.com\/pequod.nesodd1.no\/wp-content\/uploads\/2023\/05\/348962117_266358562429987_5654797387778932370_n.jpg?fit=940%2C705&amp;ssl=1\" class=\"aligncenter size-full wp-image-26904\" src=\"https:\/\/i0.wp.com\/pequod.nesodd1.no\/wp-content\/uploads\/2023\/05\/348962117_266358562429987_5654797387778932370_n.jpg?resize=940%2C705&#038;ssl=1\" alt=\"\" width=\"940\" height=\"705\" srcset=\"https:\/\/i0.wp.com\/pequod.nesodd1.no\/wp-content\/uploads\/2023\/05\/348962117_266358562429987_5654797387778932370_n.jpg?w=960&amp;ssl=1 960w, https:\/\/i0.wp.com\/pequod.nesodd1.no\/wp-content\/uploads\/2023\/05\/348962117_266358562429987_5654797387778932370_n.jpg?resize=300%2C225&amp;ssl=1 300w, https:\/\/i0.wp.com\/pequod.nesodd1.no\/wp-content\/uploads\/2023\/05\/348962117_266358562429987_5654797387778932370_n.jpg?resize=100%2C75&amp;ssl=1 100w, https:\/\/i0.wp.com\/pequod.nesodd1.no\/wp-content\/uploads\/2023\/05\/348962117_266358562429987_5654797387778932370_n.jpg?resize=768%2C576&amp;ssl=1 768w\" sizes=\"auto, (max-width: 940px) 100vw, 940px\" \/><\/a><\/p>\n<p>&nbsp;<\/p>\n<h3>Related Images:<\/h3>","protected":false},"excerpt":{"rendered":"<p>Jeg ble liggende et par netter i Halden &#8211; som jeg endelig fikk bes\u00f8kt igjen. B\u00e5de i Str\u00f6mstad og p\u00e5 Koster gikk jeg noen lange turer, og det samme gjorde jeg i Halden. Related Images:<\/p>\n","protected":false},"author":1,"featured_media":26890,"comment_status":"open","ping_status":"open","sticky":false,"template":"","format":"standard","meta":{"_crdt_document":"","ngg_post_thumbnail":0,"jetpack_post_was_ever_published":false,"_jetpack_newsletter_access":"","_jetpack_dont_email_post_to_subs":false,"_jetpack_newsletter_tier_id":0,"_jetpack_memberships_contains_paywalled_content":false,"_jetpack_memberships_contains_paid_content":false,"footnotes":""},"categories":[3960,3,1043,147,3263,4],"tags":[914,39,112,250,359,4029,4030,16],"class_list":["post-26885","post","type-post","status-publish","format-standard","has-post-thumbnail","hentry","category-batliv","category-blogg","category-diverse","category-ferie","category-sykdom-og-helse","category-tur","tag-batferie","tag-batliv","tag-battur","tag-ferie-2","tag-form","tag-fredriksten-festning","tag-gatur","tag-oslofjorden"],"jetpack_featured_media_url":"https:\/\/i0.wp.com\/pequod.nesodd1.no\/wp-content\/uploads\/2023\/05\/IMG-8690.jpg?fit=960%2C720&ssl=1","jetpack_shortlink":"https:\/\/wp.me\/p3Zd9b-6ZD","jetpack_sharing_enabled":true,"jetpack_likes_enabled":true,"jetpack-related-posts":[],"_links":{"self":[{"href":"https:\/\/pequod.nesodd1.no\/index.php?rest_route=\/wp\/v2\/posts\/26885","targetHints":{"allow":["GET"]}}],"collection":[{"href":"https:\/\/pequod.nesodd1.no\/index.php?rest_route=\/wp\/v2\/posts"}],"about":[{"href":"https:\/\/pequod.nesodd1.no\/index.php?rest_route=\/wp\/v2\/types\/post"}],"author":[{"embeddable":true,"href":"https:\/\/pequod.nesodd1.no\/index.php?rest_route=\/wp\/v2\/users\/1"}],"replies":[{"embeddable":true,"href":"https:\/\/pequod.nesodd1.no\/index.php?rest_route=%2Fwp%2Fv2%2Fcomments&post=26885"}],"version-history":[{"count":13,"href":"https:\/\/pequod.nesodd1.no\/index.php?rest_route=\/wp\/v2\/posts\/26885\/revisions"}],"predecessor-version":[{"id":26914,"href":"https:\/\/pequod.nesodd1.no\/index.php?rest_route=\/wp\/v2\/posts\/26885\/revisions\/26914"}],"wp:featuredmedia":[{"embeddable":true,"href":"https:\/\/pequod.nesodd1.no\/index.php?rest_route=\/wp\/v2\/media\/26890"}],"wp:attachment":[{"href":"https:\/\/pequod.nesodd1.no\/index.php?rest_route=%2Fwp%2Fv2%2Fmedia&parent=26885"}],"wp:term":[{"taxonomy":"category","embeddable":true,"href":"https:\/\/pequod.nesodd1.no\/index.php?rest_route=%2Fwp%2Fv2%2Fcategories&post=26885"},{"taxonomy":"post_tag","embeddable":true,"href":"https:\/\/pequod.nesodd1.no\/index.php?rest_route=%2Fwp%2Fv2%2Ftags&post=26885"}],"curies":[{"name":"wp","href":"https:\/\/api.w.org\/{rel}","templated":true}]}}