{"id":26956,"date":"2023-06-09T18:23:54","date_gmt":"2023-06-09T16:23:54","guid":{"rendered":"https:\/\/pequod.nesodd1.no\/?p=26956"},"modified":"2023-06-09T19:04:55","modified_gmt":"2023-06-09T17:04:55","slug":"snart-klar-for-arets-tredje-batferie","status":"publish","type":"post","link":"https:\/\/pequod.nesodd1.no\/?p=26956","title":{"rendered":"Snart klar for \u00e5rets tredje b\u00e5tferie!"},"content":{"rendered":"<p><strong>I dag kan jeg nesten begynne \u00e5 telle ned timene til jeg nok en gang kan kaste loss og kose meg i b\u00e5ten. \u00c5rets tredje tokt starter p\u00e5 mandag. Hovedm\u00e5let denne gangen er Sverige. Nok en gang.<\/strong><!--more--><\/p>\n<p>Jeg var jo innom b\u00e5de Str\u00f6mstad og Koster p\u00e5 forrige tokt, men m\u00e5tte snu fordi jeg ville p\u00e5 festival i Hurum. Denne gangen er det kun Sverige som er m\u00e5let, og jeg beh\u00f8ver ikke snu baugen innover Oslofjorden igjen f\u00f8r helt p\u00e5 slutten av turen.<\/p>\n<p>Denne gangen har jeg imidlertid litt kortere tid p\u00e5 meg, men det f\u00e5r holde.<\/p>\n<p>B\u00e5de p\u00e5 S\u00f8rlandstoktet i april\/mai og det kombinerte Sverige\/Hurumstoktet i mai\/juni, hadde jeg omtrent tre uker til disposisjon. Denne gangen har jeg litt over 14 dager. 15 for \u00e5 v\u00e6re helt n\u00f8yaktig. Jeg kunne ha dratt allerede s\u00f8ndag ettermiddag og f\u00e5tt 16 dager p\u00e5 tur, men har valgt \u00e5 heller sove skikkelig ut etter siste nattevakt og bes\u00f8ke en kamerat p\u00e5 kvelden. S\u00e5 avgang blir mandag morgen.<\/p>\n<p><a href=\"https:\/\/i0.wp.com\/pequod.nesodd1.no\/wp-content\/uploads\/2022\/06\/IMG-2876.jpg?ssl=1\"><img data-recalc-dims=\"1\" loading=\"lazy\" decoding=\"async\" data-attachment-id=\"24437\" data-permalink=\"https:\/\/pequod.nesodd1.no\/?attachment_id=24437\" data-orig-file=\"https:\/\/i0.wp.com\/pequod.nesodd1.no\/wp-content\/uploads\/2022\/06\/IMG-2876.jpg?fit=600%2C575&amp;ssl=1\" data-orig-size=\"600,575\" data-comments-opened=\"1\" data-image-meta=\"{&quot;aperture&quot;:&quot;0&quot;,&quot;credit&quot;:&quot;&quot;,&quot;camera&quot;:&quot;&quot;,&quot;caption&quot;:&quot;&quot;,&quot;created_timestamp&quot;:&quot;0&quot;,&quot;copyright&quot;:&quot;&quot;,&quot;focal_length&quot;:&quot;0&quot;,&quot;iso&quot;:&quot;0&quot;,&quot;shutter_speed&quot;:&quot;0&quot;,&quot;title&quot;:&quot;&quot;,&quot;orientation&quot;:&quot;0&quot;}\" data-image-title=\"IMG-2876\" data-image-description=\"&lt;p&gt;Moll\u00f6sund, Sverige, handlenett, souvenir&lt;\/p&gt;\n\" data-image-caption=\"\" data-large-file=\"https:\/\/i0.wp.com\/pequod.nesodd1.no\/wp-content\/uploads\/2022\/06\/IMG-2876.jpg?fit=600%2C575&amp;ssl=1\" class=\"alignleft wp-image-24437\" src=\"https:\/\/i0.wp.com\/pequod.nesodd1.no\/wp-content\/uploads\/2022\/06\/IMG-2876.jpg?resize=220%2C211&#038;ssl=1\" alt=\"\" width=\"220\" height=\"211\" srcset=\"https:\/\/i0.wp.com\/pequod.nesodd1.no\/wp-content\/uploads\/2022\/06\/IMG-2876.jpg?resize=300%2C288&amp;ssl=1 300w, https:\/\/i0.wp.com\/pequod.nesodd1.no\/wp-content\/uploads\/2022\/06\/IMG-2876.jpg?resize=83%2C80&amp;ssl=1 83w, https:\/\/i0.wp.com\/pequod.nesodd1.no\/wp-content\/uploads\/2022\/06\/IMG-2876.jpg?w=600&amp;ssl=1 600w\" sizes=\"auto, (max-width: 220px) 100vw, 220px\" \/><\/a>Som vanlig har jeg ikke planlagt altfor n\u00f8ye, men jeg har et l\u00f8selig m\u00e5l om \u00e5 bes\u00f8ke flere steder jeg ikke har v\u00e6rt f\u00f8r, f\u00e5 lagt meg i noen tilrettelagte uthavner og kanskje bes\u00f8ke Moll\u00f6sund og Marstrand for \u00e5 handle inn et par souvenirer som jeg har mistet. Et par gjenbes\u00f8k for \u00e5 foreta et par gjeninnkj\u00f8p, for \u00e5 si det slik. S\u00e5 f\u00e5r vi se hvor jeg havner f\u00f8r og eventuelt etter. Jeg har dog veldig lyst \u00e5 bes\u00f8ke Gullholmen igjen ogs\u00e5.<\/p>\n<p>I utgangspunktet tror jeg ikke at jeg havner noe s\u00e6rlig s\u00f8r for Marstrand, men jeg utelukker ingenting. Jeg er jo ekspert i \u00e5 ombestemme meg underveis! Og jeg fikk jo aldri sett innsiden av festningen i Marstrand&#8230;<\/p>\n<p>Som vanlig er det uansett avhengig av b\u00e5de v\u00e6r og lyst og hvilken hvilepuls jeg f\u00e5r&#8230; M\u00e5let er \u00e5 i alle fall komme meg s\u00f8r for Sotenkanalen, da minker det gjerne raskt p\u00e5 antall nordmenn p\u00e5 b\u00e5ttur. Jeg drar jo av g\u00e5rde noen dager f\u00f8r den svenske hovedsesongen starter, mens returen skjer akkurat i l\u00f8pet av den f\u00f8rste spede begynnelsen av den norske skoleferien, men litt f\u00f8r fellesferien setter i gang.<\/p>\n<p>S\u00e5 det kan jo hende det blir en rolig tur, i alle fall i ukedagene. Om sommeren fylles jo b\u00e5de gjestehavner og uthavner raskt opp i helgene.<\/p>\n<figure id=\"attachment_26959\" aria-describedby=\"caption-attachment-26959\" style=\"width: 960px\" class=\"wp-caption aligncenter\"><a href=\"https:\/\/i0.wp.com\/pequod.nesodd1.no\/wp-content\/uploads\/2023\/06\/IMG-2961.jpg?ssl=1\"><img data-recalc-dims=\"1\" loading=\"lazy\" decoding=\"async\" data-attachment-id=\"26959\" data-permalink=\"https:\/\/pequod.nesodd1.no\/?attachment_id=26959\" data-orig-file=\"https:\/\/i0.wp.com\/pequod.nesodd1.no\/wp-content\/uploads\/2023\/06\/IMG-2961.jpg?fit=960%2C720&amp;ssl=1\" data-orig-size=\"960,720\" data-comments-opened=\"1\" data-image-meta=\"{&quot;aperture&quot;:&quot;1.8&quot;,&quot;credit&quot;:&quot;&quot;,&quot;camera&quot;:&quot;iPhone 11 Pro Max&quot;,&quot;caption&quot;:&quot;&quot;,&quot;created_timestamp&quot;:&quot;1655314145&quot;,&quot;copyright&quot;:&quot;&quot;,&quot;focal_length&quot;:&quot;4.25&quot;,&quot;iso&quot;:&quot;32&quot;,&quot;shutter_speed&quot;:&quot;0.00094073377234243&quot;,&quot;title&quot;:&quot;&quot;,&quot;orientation&quot;:&quot;1&quot;}\" data-image-title=\"IMG-2961\" data-image-description=\"&lt;p&gt;Marstrand, Sverige, festning&lt;\/p&gt;\n\" data-image-caption=\"&lt;p&gt;Kunne jo v\u00e6rt fristende med et bes\u00f8k p\u00e5 innsiden, vi f\u00e5r se hvor langt jeg kommer&lt;\/p&gt;\n\" data-large-file=\"https:\/\/i0.wp.com\/pequod.nesodd1.no\/wp-content\/uploads\/2023\/06\/IMG-2961.jpg?fit=940%2C705&amp;ssl=1\" class=\"size-full wp-image-26959\" src=\"https:\/\/i0.wp.com\/pequod.nesodd1.no\/wp-content\/uploads\/2023\/06\/IMG-2961.jpg?resize=940%2C705&#038;ssl=1\" alt=\"\" width=\"940\" height=\"705\" srcset=\"https:\/\/i0.wp.com\/pequod.nesodd1.no\/wp-content\/uploads\/2023\/06\/IMG-2961.jpg?w=960&amp;ssl=1 960w, https:\/\/i0.wp.com\/pequod.nesodd1.no\/wp-content\/uploads\/2023\/06\/IMG-2961.jpg?resize=300%2C225&amp;ssl=1 300w, https:\/\/i0.wp.com\/pequod.nesodd1.no\/wp-content\/uploads\/2023\/06\/IMG-2961.jpg?resize=100%2C75&amp;ssl=1 100w, https:\/\/i0.wp.com\/pequod.nesodd1.no\/wp-content\/uploads\/2023\/06\/IMG-2961.jpg?resize=768%2C576&amp;ssl=1 768w\" sizes=\"auto, (max-width: 940px) 100vw, 940px\" \/><\/a><figcaption id=\"caption-attachment-26959\" class=\"wp-caption-text\"><em>Kunne jo v\u00e6rt fristende med et bes\u00f8k p\u00e5 innsiden, vi f\u00e5r se hvor langt jeg kommer!<\/em><\/figcaption><\/figure>\n<p>Jeg kan ogs\u00e5 med en gang fastsl\u00e5 at det virker som jeg har hatt griseflaks n\u00e5r det gjelder v\u00e6ret. Til uka er det jo meldt opp mot 30 grader p\u00e5 \u00d8stlandet og langs vestkysten av Sverige ligger det forel\u00f8pig p\u00e5 25-26 grader, s\u00e5 godt og varmt blir det ogs\u00e5 denne gangen! Jeg var heldig med v\u00e6ret p\u00e5 forrige tokt ogs\u00e5, og stort sett ganske heldig med v\u00e6ret p\u00e5 den rekordtidlige s\u00f8rlandsturen i april.<\/p>\n<p>Noe spesielt med vind er det heller ikke meldt, s\u00e5 her f\u00e5r vi banke i bordet og krysse i taket og gudenevet! Det har bl\u00e5st en del denne uka, men det kan se ut som om det roer seg n\u00e5.<\/p>\n<figure id=\"attachment_24672\" aria-describedby=\"caption-attachment-24672\" style=\"width: 960px\" class=\"wp-caption aligncenter\"><a href=\"https:\/\/i0.wp.com\/pequod.nesodd1.no\/wp-content\/uploads\/2022\/07\/IMG-2233-1.jpg?ssl=1\"><img data-recalc-dims=\"1\" loading=\"lazy\" decoding=\"async\" data-attachment-id=\"24672\" data-permalink=\"https:\/\/pequod.nesodd1.no\/?attachment_id=24672\" data-orig-file=\"https:\/\/i0.wp.com\/pequod.nesodd1.no\/wp-content\/uploads\/2022\/07\/IMG-2233-1.jpg?fit=960%2C720&amp;ssl=1\" data-orig-size=\"960,720\" data-comments-opened=\"1\" data-image-meta=\"{&quot;aperture&quot;:&quot;2.4&quot;,&quot;credit&quot;:&quot;&quot;,&quot;camera&quot;:&quot;iPhone 11 Pro Max&quot;,&quot;caption&quot;:&quot;&quot;,&quot;created_timestamp&quot;:&quot;1654619262&quot;,&quot;copyright&quot;:&quot;&quot;,&quot;focal_length&quot;:&quot;1.54&quot;,&quot;iso&quot;:&quot;20&quot;,&quot;shutter_speed&quot;:&quot;0.002212389380531&quot;,&quot;title&quot;:&quot;&quot;,&quot;orientation&quot;:&quot;1&quot;}\" data-image-title=\"IMG-2233 (1)\" data-image-description=\"&lt;p&gt;Gullholmen, Sverige&lt;\/p&gt;\n\" data-image-caption=\"\" data-large-file=\"https:\/\/i0.wp.com\/pequod.nesodd1.no\/wp-content\/uploads\/2022\/07\/IMG-2233-1.jpg?fit=940%2C705&amp;ssl=1\" class=\"wp-image-24672 size-full\" src=\"https:\/\/i0.wp.com\/pequod.nesodd1.no\/wp-content\/uploads\/2022\/07\/IMG-2233-1.jpg?resize=940%2C705&#038;ssl=1\" alt=\"\" width=\"940\" height=\"705\" srcset=\"https:\/\/i0.wp.com\/pequod.nesodd1.no\/wp-content\/uploads\/2022\/07\/IMG-2233-1.jpg?w=960&amp;ssl=1 960w, https:\/\/i0.wp.com\/pequod.nesodd1.no\/wp-content\/uploads\/2022\/07\/IMG-2233-1.jpg?resize=300%2C225&amp;ssl=1 300w, https:\/\/i0.wp.com\/pequod.nesodd1.no\/wp-content\/uploads\/2022\/07\/IMG-2233-1.jpg?resize=100%2C75&amp;ssl=1 100w, https:\/\/i0.wp.com\/pequod.nesodd1.no\/wp-content\/uploads\/2022\/07\/IMG-2233-1.jpg?resize=768%2C576&amp;ssl=1 768w\" sizes=\"auto, (max-width: 940px) 100vw, 940px\" \/><\/a><figcaption id=\"caption-attachment-24672\" class=\"wp-caption-text\"><em>En retur til Gullholmen ville heller ikke v\u00e6rt feil&#8230;<\/em><\/figcaption><\/figure>\n<p>Jeg har f\u00e5tt meg en tur ogs\u00e5 denne uka, p\u00e5 mandagen. Mens jeg var p\u00e5 hjem med jobbgjengen etter den vellykkede gutteturen sist helg, s\u00e5 fikk jeg et telefon fra moren til ungene, som jeg har et godt forhold til. Det er tross alt 18 \u00e5r siden vi skilte lag, og vi har et greit forhold n\u00e5. Hun hadde en jobbkollega som hadde en datter p\u00e5 10 \u00e5r (tror det var det, eller kanskje 9?), som hadde lyst p\u00e5 b\u00e5ttur og softis, s\u00e5 etter at jeg hadde sovet ut etter den f\u00f8rste nattvakta, ble det tur inn til den ber\u00f8mte kiosken p\u00e5 Nesset p\u00e5 ettermiddagen.<\/p>\n<p>Underveis plukket vi opp, fullstendig p\u00e5 sparket, nok en jobbkollega av dem, som bodde ved sj\u00f8en p\u00e5 Hellvik og som ble med. Det bl\u00e5ste litt i begynnelsen av turen, men roet seg p\u00e5 slutten. Vel framme p\u00e5 Nesset endte det med at jeg var den eneste som orket softis, for da vi kom fram var alle sultne, s\u00e5 det ble p\u00f8lser og burgere og milkshake istedenfor. Passasjerene spanderte p\u00e5 skipperen som takk for turen!<\/p>\n<p>Litt morsomt var det jo ar hun med datteren fikk en overraskelse da hun s\u00e5 b\u00e5ten, for hun hadde nemlig som barn n\u00e6rmest vokst opp i en Tresfjord 28 (hvis jeg forstod det riktig). S\u00e5 hun fikk mange gode minner og b\u00e5de ringte faren sin og sendte ham bilder av b\u00e5ten.<\/p>\n<p>Men man kan jo ikke dra helt til kiosken p\u00e5 Nesset uten \u00e5 smake p\u00e5 det den er mest ber\u00f8mt for &#8211; s\u00e5 jeg bevilget meg en softis f\u00f8r vi gikk om bord igjen. Den var veldig god &#8211; verdt hele turen sp\u00f8r du meg! De andre orket rett og slett ikke mer.<\/p>\n<figure id=\"attachment_26960\" aria-describedby=\"caption-attachment-26960\" style=\"width: 960px\" class=\"wp-caption aligncenter\"><a href=\"https:\/\/i0.wp.com\/pequod.nesodd1.no\/wp-content\/uploads\/2023\/06\/IMG-9497.jpg?ssl=1\"><img data-recalc-dims=\"1\" loading=\"lazy\" decoding=\"async\" data-attachment-id=\"26960\" data-permalink=\"https:\/\/pequod.nesodd1.no\/?attachment_id=26960\" data-orig-file=\"https:\/\/i0.wp.com\/pequod.nesodd1.no\/wp-content\/uploads\/2023\/06\/IMG-9497.jpg?fit=960%2C720&amp;ssl=1\" data-orig-size=\"960,720\" data-comments-opened=\"1\" data-image-meta=\"{&quot;aperture&quot;:&quot;1.78&quot;,&quot;credit&quot;:&quot;&quot;,&quot;camera&quot;:&quot;iPhone 14 Pro Max&quot;,&quot;caption&quot;:&quot;&quot;,&quot;created_timestamp&quot;:&quot;1685988051&quot;,&quot;copyright&quot;:&quot;&quot;,&quot;focal_length&quot;:&quot;6.86&quot;,&quot;iso&quot;:&quot;80&quot;,&quot;shutter_speed&quot;:&quot;0.00061012812690665&quot;,&quot;title&quot;:&quot;&quot;,&quot;orientation&quot;:&quot;1&quot;}\" data-image-title=\"IMG-9497\" data-image-description=\"&lt;p&gt;Nesset, kiosk, softis&lt;\/p&gt;\n\" data-image-caption=\"&lt;p&gt;Softisen her er fortsatt uovertruffen!&lt;\/p&gt;\n\" data-large-file=\"https:\/\/i0.wp.com\/pequod.nesodd1.no\/wp-content\/uploads\/2023\/06\/IMG-9497.jpg?fit=940%2C705&amp;ssl=1\" class=\"size-full wp-image-26960\" src=\"https:\/\/i0.wp.com\/pequod.nesodd1.no\/wp-content\/uploads\/2023\/06\/IMG-9497.jpg?resize=940%2C705&#038;ssl=1\" alt=\"\" width=\"940\" height=\"705\" srcset=\"https:\/\/i0.wp.com\/pequod.nesodd1.no\/wp-content\/uploads\/2023\/06\/IMG-9497.jpg?w=960&amp;ssl=1 960w, https:\/\/i0.wp.com\/pequod.nesodd1.no\/wp-content\/uploads\/2023\/06\/IMG-9497.jpg?resize=300%2C225&amp;ssl=1 300w, https:\/\/i0.wp.com\/pequod.nesodd1.no\/wp-content\/uploads\/2023\/06\/IMG-9497.jpg?resize=100%2C75&amp;ssl=1 100w, https:\/\/i0.wp.com\/pequod.nesodd1.no\/wp-content\/uploads\/2023\/06\/IMG-9497.jpg?resize=768%2C576&amp;ssl=1 768w\" sizes=\"auto, (max-width: 940px) 100vw, 940px\" \/><\/a><figcaption id=\"caption-attachment-26960\" class=\"wp-caption-text\"><em>Softisen her er fortsatt uovertruffen!<\/em><\/figcaption><\/figure>\n<p>P\u00e5 returen holdt vi oss til den andre siden av fjorden, og dro forbi b\u00e5de Roald Amundsens villa og Ingierstrand. Jeg lot jenta f\u00e5 lov til \u00e5 styre litt mens jeg sto ved siden av og fulgte med. Ingen stor fart, ingen b\u00e5ter i n\u00e6rheten og ingen skj\u00e6r i sj\u00f8en, s\u00e5 jeg lot henne ta over litt. Ingen tvil om at hun synes det var morsomt! Jeg tok selvsagt bilder fra denne turen ogs\u00e5, men legger ikke ut bilder av passasjerene denne gangen.<\/p>\n<p>Det ble jo en flere timers lang tur dette her, men jeg er jo ikke vanskelig \u00e5 be n\u00e5r det gjelder b\u00e5tturer!<\/p>\n<h3>Related Images:<\/h3>","protected":false},"excerpt":{"rendered":"<p>I dag kan jeg nesten begynne \u00e5 telle ned timene til jeg nok en gang kan kaste loss og kose meg i b\u00e5ten. \u00c5rets tredje tokt starter p\u00e5 mandag. Hovedm\u00e5let denne gangen er Sverige. Nok en gang. Related Images:<\/p>\n","protected":false},"author":1,"featured_media":24446,"comment_status":"open","ping_status":"open","sticky":false,"template":"","format":"standard","meta":{"_crdt_document":"","ngg_post_thumbnail":0,"jetpack_post_was_ever_published":false,"_jetpack_newsletter_access":"","_jetpack_dont_email_post_to_subs":false,"_jetpack_newsletter_tier_id":0,"_jetpack_memberships_contains_paywalled_content":false,"_jetpack_memberships_contains_paid_content":false,"footnotes":""},"categories":[3960,3,1043,147,148,4,8],"tags":[4036,4035,3854,707,890,1076,123,4037],"class_list":["post-26956","post","type-post","status-publish","format-standard","has-post-thumbnail","hentry","category-batliv","category-blogg","category-diverse","category-ferie","category-planlegging","category-tur","category-vaer","tag-gullholmen","tag-marstrand","tag-mollosund","tag-nesset","tag-softis","tag-sverigetur","tag-vaer-2","tag-vaergudene"],"jetpack_featured_media_url":"https:\/\/i0.wp.com\/pequod.nesodd1.no\/wp-content\/uploads\/2022\/06\/287309600_10158434227747032_5127145823118177129_n-e1655282500679.jpg?fit=960%2C720&ssl=1","jetpack_shortlink":"https:\/\/wp.me\/p3Zd9b-70M","jetpack_sharing_enabled":true,"jetpack_likes_enabled":true,"jetpack-related-posts":[],"_links":{"self":[{"href":"https:\/\/pequod.nesodd1.no\/index.php?rest_route=\/wp\/v2\/posts\/26956","targetHints":{"allow":["GET"]}}],"collection":[{"href":"https:\/\/pequod.nesodd1.no\/index.php?rest_route=\/wp\/v2\/posts"}],"about":[{"href":"https:\/\/pequod.nesodd1.no\/index.php?rest_route=\/wp\/v2\/types\/post"}],"author":[{"embeddable":true,"href":"https:\/\/pequod.nesodd1.no\/index.php?rest_route=\/wp\/v2\/users\/1"}],"replies":[{"embeddable":true,"href":"https:\/\/pequod.nesodd1.no\/index.php?rest_route=%2Fwp%2Fv2%2Fcomments&post=26956"}],"version-history":[{"count":7,"href":"https:\/\/pequod.nesodd1.no\/index.php?rest_route=\/wp\/v2\/posts\/26956\/revisions"}],"predecessor-version":[{"id":26966,"href":"https:\/\/pequod.nesodd1.no\/index.php?rest_route=\/wp\/v2\/posts\/26956\/revisions\/26966"}],"wp:featuredmedia":[{"embeddable":true,"href":"https:\/\/pequod.nesodd1.no\/index.php?rest_route=\/wp\/v2\/media\/24446"}],"wp:attachment":[{"href":"https:\/\/pequod.nesodd1.no\/index.php?rest_route=%2Fwp%2Fv2%2Fmedia&parent=26956"}],"wp:term":[{"taxonomy":"category","embeddable":true,"href":"https:\/\/pequod.nesodd1.no\/index.php?rest_route=%2Fwp%2Fv2%2Fcategories&post=26956"},{"taxonomy":"post_tag","embeddable":true,"href":"https:\/\/pequod.nesodd1.no\/index.php?rest_route=%2Fwp%2Fv2%2Ftags&post=26956"}],"curies":[{"name":"wp","href":"https:\/\/api.w.org\/{rel}","templated":true}]}}