{"id":27123,"date":"2023-07-03T10:01:58","date_gmt":"2023-07-03T08:01:58","guid":{"rendered":"https:\/\/pequod.nesodd1.no\/?p=27123"},"modified":"2023-07-02T13:52:26","modified_gmt":"2023-07-02T11:52:26","slug":"ny-junirekord-for-bloggen","status":"publish","type":"post","link":"https:\/\/pequod.nesodd1.no\/?p=27123","title":{"rendered":"Ny junirekord for bloggen!"},"content":{"rendered":"<p><strong>Juni er over og juli ble innledet med b\u00e5ttur allerede p\u00e5 l\u00f8rdag. N\u00e5 skal det h\u00f8lje ned helt fram til helga, s\u00e5 det blir neppe noen tur utp\u00e5 f\u00f8r tidligst fredag. Tror jeg.<\/strong><!--more--><\/p>\n<p>For b\u00e5tbloggen har det v\u00e6rt et hyggelig \u00e5r s\u00e5 langt, og i juni satte jeg da ogs\u00e5 ny leserrekord for denne m\u00e5neden. Jeg manglet bare fem bes\u00f8k p\u00e5 \u00e5 runde 6.000 unike lesere forrige m\u00e5ned! Hittil i \u00e5r har jeg satt ny rekord&nbsp; i januar, februar og mars, og nestbeste i april og mai. Gjennomsnittlig per dag ligger jeg over gjennomsnittet for rekord\u00e5ret 2022!<\/p>\n<p>Men denne m\u00e5neden regner jeg ikke med \u00e5 sette ny rekord. For julirekorden i fjor opplever jeg som n\u00e6rmest usl\u00e5elig &#8211; jeg hadde hele 9.536 lesere den m\u00e5neden &#8211; og det skyldes nok alt som skjedde den m\u00e5neden i fjor, med en dramatisk avslutning p\u00e5 ferieturen, sykehusinnleggelser, dugnad og spleis.<\/p>\n<p>Og som jeg alltid skriver: Dette er ikke akkurat rosabloggertall, men f\u00f8r en s\u00e6r, liten b\u00e5tblogg \u00e5 v\u00e6re, s\u00e5 er jeg veldig forn\u00f8yd!<\/p>\n<p>Denne m\u00e5neden blir det nok f\u00e6rre turer p\u00e5 meg, ettersom jeg kun har \u00e9n avspaseringsuke som jeg vurderer \u00e5 bruke til noen sm\u00e5turer og kanskje et par overnattinger, men i fellesferien er det jo fullt over alt, s\u00e5 vi f\u00e5r se&#8230;<\/p>\n<p>L\u00f8rdag ble det som sagt en ny runde p\u00e5 sj\u00f8en. Var jo p\u00e5 tide, b\u00e5ten hadde jo ligget stille siden tirsdag! \ud83d\ude00<\/p>\n<p>Mora til ungene mine (vi skilte lag for 18 \u00e5r siden, men har et greit forhold n\u00e5) ringte og lurte p\u00e5 om jeg skulle ut p\u00e5 tur og om hun og en jobbkollega og datteren hennes kunne v\u00e6re med. Jeg hadde tatt en tur med dem tidligere i juni, hvor 10-\u00e5ringen fikk styre b\u00e5ten litt ogs\u00e5. Og siden hun brukte argumentet med at det var meldt fint v\u00e6r og deretter skulle p\u00f8se ned i flere dager, s\u00e5 solgte hun fort inn den ideen hos meg&#8230;<\/p>\n<figure id=\"attachment_27160\" aria-describedby=\"caption-attachment-27160\" style=\"width: 960px\" class=\"wp-caption aligncenter\"><a href=\"https:\/\/i0.wp.com\/pequod.nesodd1.no\/wp-content\/uploads\/2023\/07\/357679904_10159134400917032_3080266661977712796_n.jpg?ssl=1\"><img data-recalc-dims=\"1\" loading=\"lazy\" decoding=\"async\" data-attachment-id=\"27160\" data-permalink=\"https:\/\/pequod.nesodd1.no\/?attachment_id=27160\" data-orig-file=\"https:\/\/i0.wp.com\/pequod.nesodd1.no\/wp-content\/uploads\/2023\/07\/357679904_10159134400917032_3080266661977712796_n.jpg?fit=960%2C720&amp;ssl=1\" data-orig-size=\"960,720\" data-comments-opened=\"1\" data-image-meta=\"{&quot;aperture&quot;:&quot;0&quot;,&quot;credit&quot;:&quot;&quot;,&quot;camera&quot;:&quot;&quot;,&quot;caption&quot;:&quot;&quot;,&quot;created_timestamp&quot;:&quot;0&quot;,&quot;copyright&quot;:&quot;&quot;,&quot;focal_length&quot;:&quot;0&quot;,&quot;iso&quot;:&quot;0&quot;,&quot;shutter_speed&quot;:&quot;0&quot;,&quot;title&quot;:&quot;&quot;,&quot;orientation&quot;:&quot;1&quot;}\" data-image-title=\"357679904_10159134400917032_3080266661977712796_n\" data-image-description=\"&lt;p&gt;Stor\u00f8yodden&lt;\/p&gt;\n\" data-image-caption=\"&lt;p&gt;Nok av folk p\u00e5 Stor\u00f8yidden l\u00f8rdag.&lt;\/p&gt;\n\" data-large-file=\"https:\/\/i0.wp.com\/pequod.nesodd1.no\/wp-content\/uploads\/2023\/07\/357679904_10159134400917032_3080266661977712796_n.jpg?fit=940%2C705&amp;ssl=1\" class=\"size-full wp-image-27160\" src=\"https:\/\/i0.wp.com\/pequod.nesodd1.no\/wp-content\/uploads\/2023\/07\/357679904_10159134400917032_3080266661977712796_n.jpg?resize=940%2C705&#038;ssl=1\" alt=\"\" width=\"940\" height=\"705\" srcset=\"https:\/\/i0.wp.com\/pequod.nesodd1.no\/wp-content\/uploads\/2023\/07\/357679904_10159134400917032_3080266661977712796_n.jpg?w=960&amp;ssl=1 960w, https:\/\/i0.wp.com\/pequod.nesodd1.no\/wp-content\/uploads\/2023\/07\/357679904_10159134400917032_3080266661977712796_n.jpg?resize=300%2C225&amp;ssl=1 300w, https:\/\/i0.wp.com\/pequod.nesodd1.no\/wp-content\/uploads\/2023\/07\/357679904_10159134400917032_3080266661977712796_n.jpg?resize=100%2C75&amp;ssl=1 100w, https:\/\/i0.wp.com\/pequod.nesodd1.no\/wp-content\/uploads\/2023\/07\/357679904_10159134400917032_3080266661977712796_n.jpg?resize=768%2C576&amp;ssl=1 768w\" sizes=\"auto, (max-width: 940px) 100vw, 940px\" \/><\/a><figcaption id=\"caption-attachment-27160\" class=\"wp-caption-text\"><em>Godt med plass p\u00e5 Stor\u00f8yodden l\u00f8rdag.<\/em><\/figcaption><\/figure>\n<p>Dermed ble det en lang tur p\u00e5 godt over fire timer p\u00e5 l\u00f8rdagen. Vi kom av g\u00e5rde rundt \u00e9n time senere enn planlagt (ikke min feil denne gangen!) og i l\u00f8pet av natta hadde ogs\u00e5 v\u00e6rmeldingen endret seg til noe mer vind\/kraftige vindkast enn opprinnelig, men langt fra ille nok til at det ikke kunne bli en b\u00e5ttur. I tillegg var planen min \u00e5 holde oss innaskj\u00e6rs det meste av turen.<\/p>\n<p>Det ble med en ekstra passasjer ettersom yngstematrosen fikk ta med seg bestevenninna, og vi kastet loss i retning skj\u00e6rg\u00e5rden i Asker og B\u00e6rum. Bl\u00e5ste en del da vi dro over fjorden, s\u00e5 jeg satte farten opp litt til vi var ved Vassholmene og dro deretter gjennom Snar\u00f8ysundet og tok en titt p\u00e5 Stor\u00f8yodden. Det ble en slags sightseeingtur der jeg lekte litt guide innimellom ettersom jobbkollegaen til eksen ikke har v\u00e6rt s\u00e5 mange turer i Oslofjorden.<\/p>\n<p>Hun har imidlertid n\u00e6rmest vokst opp i en Tresfjord 28, s\u00e5 hun ble begeistret da hun s\u00e5 b\u00e5ten forrige gang &#8211; da vi tok en tur til Nesset for \u00e5 kj\u00f8pe softis &#8211; og tok flere bilder som hun sendte til faren sin.<\/p>\n<figure id=\"attachment_27161\" aria-describedby=\"caption-attachment-27161\" style=\"width: 960px\" class=\"wp-caption aligncenter\"><a href=\"https:\/\/i0.wp.com\/pequod.nesodd1.no\/wp-content\/uploads\/2023\/07\/357692778_10159134401792032_4388771047521435752_n.jpg?ssl=1\"><img data-recalc-dims=\"1\" loading=\"lazy\" decoding=\"async\" data-attachment-id=\"27161\" data-permalink=\"https:\/\/pequod.nesodd1.no\/?attachment_id=27161\" data-orig-file=\"https:\/\/i0.wp.com\/pequod.nesodd1.no\/wp-content\/uploads\/2023\/07\/357692778_10159134401792032_4388771047521435752_n.jpg?fit=960%2C591&amp;ssl=1\" data-orig-size=\"960,591\" data-comments-opened=\"1\" data-image-meta=\"{&quot;aperture&quot;:&quot;0&quot;,&quot;credit&quot;:&quot;&quot;,&quot;camera&quot;:&quot;&quot;,&quot;caption&quot;:&quot;&quot;,&quot;created_timestamp&quot;:&quot;1688304098&quot;,&quot;copyright&quot;:&quot;&quot;,&quot;focal_length&quot;:&quot;0&quot;,&quot;iso&quot;:&quot;0&quot;,&quot;shutter_speed&quot;:&quot;0&quot;,&quot;title&quot;:&quot;&quot;,&quot;orientation&quot;:&quot;1&quot;}\" data-image-title=\"357692778_10159134401792032_4388771047521435752_n\" data-image-description=\"&lt;p&gt;Sandvika, Kadettangen&lt;\/p&gt;\n\" data-image-caption=\"&lt;p&gt;Ikke s\u00e5 mye ledig plass her ved gjestebrygga.&lt;\/p&gt;\n\" data-large-file=\"https:\/\/i0.wp.com\/pequod.nesodd1.no\/wp-content\/uploads\/2023\/07\/357692778_10159134401792032_4388771047521435752_n.jpg?fit=940%2C579&amp;ssl=1\" class=\"size-full wp-image-27161\" src=\"https:\/\/i0.wp.com\/pequod.nesodd1.no\/wp-content\/uploads\/2023\/07\/357692778_10159134401792032_4388771047521435752_n.jpg?resize=940%2C579&#038;ssl=1\" alt=\"\" width=\"940\" height=\"579\" srcset=\"https:\/\/i0.wp.com\/pequod.nesodd1.no\/wp-content\/uploads\/2023\/07\/357692778_10159134401792032_4388771047521435752_n.jpg?w=960&amp;ssl=1 960w, https:\/\/i0.wp.com\/pequod.nesodd1.no\/wp-content\/uploads\/2023\/07\/357692778_10159134401792032_4388771047521435752_n.jpg?resize=300%2C185&amp;ssl=1 300w, https:\/\/i0.wp.com\/pequod.nesodd1.no\/wp-content\/uploads\/2023\/07\/357692778_10159134401792032_4388771047521435752_n.jpg?resize=100%2C62&amp;ssl=1 100w, https:\/\/i0.wp.com\/pequod.nesodd1.no\/wp-content\/uploads\/2023\/07\/357692778_10159134401792032_4388771047521435752_n.jpg?resize=768%2C473&amp;ssl=1 768w\" sizes=\"auto, (max-width: 940px) 100vw, 940px\" \/><\/a><figcaption id=\"caption-attachment-27161\" class=\"wp-caption-text\"><em>Ikke s\u00e5 mye ledig plass her ved gjestebrygga.<\/em><\/figcaption><\/figure>\n<p>Etter \u00e5 ha tittet p\u00e5 den gamle flyplassen dro vi innover til Kalv\u00f8ya og inn til Kadettangen og deretter gjennom Slependrenna og forbi Nes\u00f8ya og ut via Hestesund.<\/p>\n<p><a href=\"https:\/\/i0.wp.com\/pequod.nesodd1.no\/wp-content\/uploads\/2023\/07\/357709061_10159134401807032_28632822470868622_n.jpg?ssl=1\"><img data-recalc-dims=\"1\" loading=\"lazy\" decoding=\"async\" data-attachment-id=\"27163\" data-permalink=\"https:\/\/pequod.nesodd1.no\/?attachment_id=27163\" data-orig-file=\"https:\/\/i0.wp.com\/pequod.nesodd1.no\/wp-content\/uploads\/2023\/07\/357709061_10159134401807032_28632822470868622_n.jpg?fit=960%2C720&amp;ssl=1\" data-orig-size=\"960,720\" data-comments-opened=\"1\" data-image-meta=\"{&quot;aperture&quot;:&quot;0&quot;,&quot;credit&quot;:&quot;&quot;,&quot;camera&quot;:&quot;&quot;,&quot;caption&quot;:&quot;&quot;,&quot;created_timestamp&quot;:&quot;0&quot;,&quot;copyright&quot;:&quot;&quot;,&quot;focal_length&quot;:&quot;0&quot;,&quot;iso&quot;:&quot;0&quot;,&quot;shutter_speed&quot;:&quot;0&quot;,&quot;title&quot;:&quot;&quot;,&quot;orientation&quot;:&quot;1&quot;}\" data-image-title=\"357709061_10159134401807032_28632822470868622_n\" data-image-description=\"\" data-image-caption=\"\" data-large-file=\"https:\/\/i0.wp.com\/pequod.nesodd1.no\/wp-content\/uploads\/2023\/07\/357709061_10159134401807032_28632822470868622_n.jpg?fit=940%2C705&amp;ssl=1\" class=\"aligncenter size-full wp-image-27163\" src=\"https:\/\/i0.wp.com\/pequod.nesodd1.no\/wp-content\/uploads\/2023\/07\/357709061_10159134401807032_28632822470868622_n.jpg?resize=940%2C705&#038;ssl=1\" alt=\"\" width=\"940\" height=\"705\" srcset=\"https:\/\/i0.wp.com\/pequod.nesodd1.no\/wp-content\/uploads\/2023\/07\/357709061_10159134401807032_28632822470868622_n.jpg?w=960&amp;ssl=1 960w, https:\/\/i0.wp.com\/pequod.nesodd1.no\/wp-content\/uploads\/2023\/07\/357709061_10159134401807032_28632822470868622_n.jpg?resize=300%2C225&amp;ssl=1 300w, https:\/\/i0.wp.com\/pequod.nesodd1.no\/wp-content\/uploads\/2023\/07\/357709061_10159134401807032_28632822470868622_n.jpg?resize=100%2C75&amp;ssl=1 100w, https:\/\/i0.wp.com\/pequod.nesodd1.no\/wp-content\/uploads\/2023\/07\/357709061_10159134401807032_28632822470868622_n.jpg?resize=768%2C576&amp;ssl=1 768w\" sizes=\"auto, (max-width: 940px) 100vw, 940px\" \/><\/a><\/p>\n<p>S\u00e5 gikk turen til Middagsbukta der de to jentungene fikk sin fulle hyre med \u00e5 si hallo og vinke til alt b\u00e5tfolket! \ud83d\ude42 Fortjent da med en stopp hos isb\u00e5ten der skipperen&nbsp; fikk p\u00e5spandert en b\u00e5tis (selvsagt!)<\/p>\n<figure id=\"attachment_27162\" aria-describedby=\"caption-attachment-27162\" style=\"width: 960px\" class=\"wp-caption aligncenter\"><a href=\"https:\/\/i0.wp.com\/pequod.nesodd1.no\/wp-content\/uploads\/2023\/07\/357723587_10159134401522032_8333482309591721832_n.jpg?ssl=1\"><img data-recalc-dims=\"1\" loading=\"lazy\" decoding=\"async\" data-attachment-id=\"27162\" data-permalink=\"https:\/\/pequod.nesodd1.no\/?attachment_id=27162\" data-orig-file=\"https:\/\/i0.wp.com\/pequod.nesodd1.no\/wp-content\/uploads\/2023\/07\/357723587_10159134401522032_8333482309591721832_n.jpg?fit=960%2C720&amp;ssl=1\" data-orig-size=\"960,720\" data-comments-opened=\"1\" data-image-meta=\"{&quot;aperture&quot;:&quot;0&quot;,&quot;credit&quot;:&quot;&quot;,&quot;camera&quot;:&quot;&quot;,&quot;caption&quot;:&quot;&quot;,&quot;created_timestamp&quot;:&quot;0&quot;,&quot;copyright&quot;:&quot;&quot;,&quot;focal_length&quot;:&quot;0&quot;,&quot;iso&quot;:&quot;0&quot;,&quot;shutter_speed&quot;:&quot;0&quot;,&quot;title&quot;:&quot;&quot;,&quot;orientation&quot;:&quot;1&quot;}\" data-image-title=\"357723587_10159134401522032_8333482309591721832_n\" data-image-description=\"&lt;p&gt;Middagsbukta, is, iskj\u00f8p&lt;\/p&gt;\n\" data-image-caption=\"&lt;p&gt;Is er alltid godt! (Bilde brukt med tillatelse).&lt;\/p&gt;\n\" data-large-file=\"https:\/\/i0.wp.com\/pequod.nesodd1.no\/wp-content\/uploads\/2023\/07\/357723587_10159134401522032_8333482309591721832_n.jpg?fit=940%2C705&amp;ssl=1\" class=\"size-full wp-image-27162\" src=\"https:\/\/i0.wp.com\/pequod.nesodd1.no\/wp-content\/uploads\/2023\/07\/357723587_10159134401522032_8333482309591721832_n.jpg?resize=940%2C705&#038;ssl=1\" alt=\"\" width=\"940\" height=\"705\" srcset=\"https:\/\/i0.wp.com\/pequod.nesodd1.no\/wp-content\/uploads\/2023\/07\/357723587_10159134401522032_8333482309591721832_n.jpg?w=960&amp;ssl=1 960w, https:\/\/i0.wp.com\/pequod.nesodd1.no\/wp-content\/uploads\/2023\/07\/357723587_10159134401522032_8333482309591721832_n.jpg?resize=300%2C225&amp;ssl=1 300w, https:\/\/i0.wp.com\/pequod.nesodd1.no\/wp-content\/uploads\/2023\/07\/357723587_10159134401522032_8333482309591721832_n.jpg?resize=100%2C75&amp;ssl=1 100w, https:\/\/i0.wp.com\/pequod.nesodd1.no\/wp-content\/uploads\/2023\/07\/357723587_10159134401522032_8333482309591721832_n.jpg?resize=768%2C576&amp;ssl=1 768w\" sizes=\"auto, (max-width: 940px) 100vw, 940px\" \/><\/a><figcaption id=\"caption-attachment-27162\" class=\"wp-caption-text\"><em>Is er alltid godt! (Bilde tatt og brukt med tillatelse).<\/em><\/figcaption><\/figure>\n<p>S\u00e5 tok vi turen gjennom b\u00e5de store og lille Ostsund og gjennom det lille sundet mellom de to Vassholmene. Da var fortsatt ingen om bord lystne p\u00e5 \u00e5 avslutte turen, s\u00e5 da ble det en svingom innom Oslo ogs\u00e5! F\u00f8rst Huk og Dyna fyr, s\u00e5 Tjuvholmen og over til Bj\u00f8rvika. Der rakk vi avgangen til det franske luksuscruiseskipet Le Champlin, som til tross for \u00e5 v\u00e6re hele 436 fot langt kun har plass til 184 passasjerer fordelt over 92 lugarer med balkong og fire suiter. Skipet har ogs\u00e5 en undervannsalong under vannlinja, der gjestene kan titte ut p\u00e5 livet under havoverflaten!<\/p>\n<p><a href=\"https:\/\/i0.wp.com\/pequod.nesodd1.no\/wp-content\/uploads\/2023\/07\/357705234_10159134401857032_5113956627363895306_n.jpg?ssl=1\"><img data-recalc-dims=\"1\" loading=\"lazy\" decoding=\"async\" data-attachment-id=\"27164\" data-permalink=\"https:\/\/pequod.nesodd1.no\/?attachment_id=27164\" data-orig-file=\"https:\/\/i0.wp.com\/pequod.nesodd1.no\/wp-content\/uploads\/2023\/07\/357705234_10159134401857032_5113956627363895306_n.jpg?fit=874%2C511&amp;ssl=1\" data-orig-size=\"874,511\" data-comments-opened=\"1\" data-image-meta=\"{&quot;aperture&quot;:&quot;0&quot;,&quot;credit&quot;:&quot;&quot;,&quot;camera&quot;:&quot;&quot;,&quot;caption&quot;:&quot;&quot;,&quot;created_timestamp&quot;:&quot;1688304145&quot;,&quot;copyright&quot;:&quot;&quot;,&quot;focal_length&quot;:&quot;0&quot;,&quot;iso&quot;:&quot;0&quot;,&quot;shutter_speed&quot;:&quot;0&quot;,&quot;title&quot;:&quot;&quot;,&quot;orientation&quot;:&quot;1&quot;}\" data-image-title=\"357705234_10159134401857032_5113956627363895306_n\" data-image-description=\"&lt;p&gt;Bj\u00f8rvika, Le Champlin&lt;\/p&gt;\n\" data-image-caption=\"\" data-large-file=\"https:\/\/i0.wp.com\/pequod.nesodd1.no\/wp-content\/uploads\/2023\/07\/357705234_10159134401857032_5113956627363895306_n.jpg?fit=874%2C511&amp;ssl=1\" class=\"aligncenter size-full wp-image-27164\" src=\"https:\/\/i0.wp.com\/pequod.nesodd1.no\/wp-content\/uploads\/2023\/07\/357705234_10159134401857032_5113956627363895306_n.jpg?resize=874%2C511&#038;ssl=1\" alt=\"\" width=\"874\" height=\"511\" srcset=\"https:\/\/i0.wp.com\/pequod.nesodd1.no\/wp-content\/uploads\/2023\/07\/357705234_10159134401857032_5113956627363895306_n.jpg?w=874&amp;ssl=1 874w, https:\/\/i0.wp.com\/pequod.nesodd1.no\/wp-content\/uploads\/2023\/07\/357705234_10159134401857032_5113956627363895306_n.jpg?resize=300%2C175&amp;ssl=1 300w, https:\/\/i0.wp.com\/pequod.nesodd1.no\/wp-content\/uploads\/2023\/07\/357705234_10159134401857032_5113956627363895306_n.jpg?resize=100%2C58&amp;ssl=1 100w, https:\/\/i0.wp.com\/pequod.nesodd1.no\/wp-content\/uploads\/2023\/07\/357705234_10159134401857032_5113956627363895306_n.jpg?resize=768%2C449&amp;ssl=1 768w\" sizes=\"auto, (max-width: 874px) 100vw, 874px\" \/><\/a><\/p>\n<p>Det sier vel sitt at rederiet ikke opererer med faste priser, men at man m\u00e5 be om pristilbud for \u00e5 f\u00e5 vite hva et cruise med et av deres skip koster&#8230; Neppe for min lommebok, for \u00e5 si det slik&#8230; Le Champlin kom fra Arendal og skal videre til G\u00f6teborg if\u00f8lge cruiselisten til Oslo havn.<\/p>\n<p>Etter Bj\u00f8rvika dro vi forbi Sjurs\u00f8ya og gjennom Ormsundet f\u00f8r vi dro under Ulv\u00f8ya og deretter hjemover til Oksval.&nbsp;En flott tur der alle om bord var forn\u00f8yde, spesielt de to yngste! Er jo alltid hyggelig med bes\u00f8k siden jeg jo stort sett er alene om bord!&nbsp;<\/p>\n<p>De tre neste ukene blir det jo stort sett jobbing p\u00e5 meg, jeg har jobbet tre kveldsvakter uka som gikk, og er n\u00e5 i gang med nattuka. S\u00e5 f\u00e5r jeg en avspaseringsuke, og deretter skal jeg jobbe fire dagvakter f\u00f8r jeg tar ferie igjen, men da p\u00e5 fjellet!<\/p>\n<p>Avspaseringsuka har f\u00e5tt litt endret innhold enn det som opprinnelig var planlagt, men det kan vi komme tilbake til i et annet innlegg.<\/p>\n<p><a href=\"https:\/\/i0.wp.com\/pequod.nesodd1.no\/wp-content\/uploads\/2023\/07\/357706793_10159134401717032_1044383706950546990_n.jpg?ssl=1\"><img data-recalc-dims=\"1\" loading=\"lazy\" decoding=\"async\" data-attachment-id=\"27165\" data-permalink=\"https:\/\/pequod.nesodd1.no\/?attachment_id=27165\" data-orig-file=\"https:\/\/i0.wp.com\/pequod.nesodd1.no\/wp-content\/uploads\/2023\/07\/357706793_10159134401717032_1044383706950546990_n.jpg?fit=841%2C506&amp;ssl=1\" data-orig-size=\"841,506\" data-comments-opened=\"1\" data-image-meta=\"{&quot;aperture&quot;:&quot;0&quot;,&quot;credit&quot;:&quot;&quot;,&quot;camera&quot;:&quot;&quot;,&quot;caption&quot;:&quot;&quot;,&quot;created_timestamp&quot;:&quot;0&quot;,&quot;copyright&quot;:&quot;&quot;,&quot;focal_length&quot;:&quot;0&quot;,&quot;iso&quot;:&quot;0&quot;,&quot;shutter_speed&quot;:&quot;0&quot;,&quot;title&quot;:&quot;&quot;,&quot;orientation&quot;:&quot;1&quot;}\" data-image-title=\"357706793_10159134401717032_1044383706950546990_n\" data-image-description=\"\" data-image-caption=\"\" data-large-file=\"https:\/\/i0.wp.com\/pequod.nesodd1.no\/wp-content\/uploads\/2023\/07\/357706793_10159134401717032_1044383706950546990_n.jpg?fit=841%2C506&amp;ssl=1\" class=\"aligncenter size-full wp-image-27165\" src=\"https:\/\/i0.wp.com\/pequod.nesodd1.no\/wp-content\/uploads\/2023\/07\/357706793_10159134401717032_1044383706950546990_n.jpg?resize=841%2C506&#038;ssl=1\" alt=\"\" width=\"841\" height=\"506\" srcset=\"https:\/\/i0.wp.com\/pequod.nesodd1.no\/wp-content\/uploads\/2023\/07\/357706793_10159134401717032_1044383706950546990_n.jpg?w=841&amp;ssl=1 841w, https:\/\/i0.wp.com\/pequod.nesodd1.no\/wp-content\/uploads\/2023\/07\/357706793_10159134401717032_1044383706950546990_n.jpg?resize=300%2C180&amp;ssl=1 300w, https:\/\/i0.wp.com\/pequod.nesodd1.no\/wp-content\/uploads\/2023\/07\/357706793_10159134401717032_1044383706950546990_n.jpg?resize=100%2C60&amp;ssl=1 100w, https:\/\/i0.wp.com\/pequod.nesodd1.no\/wp-content\/uploads\/2023\/07\/357706793_10159134401717032_1044383706950546990_n.jpg?resize=768%2C462&amp;ssl=1 768w\" sizes=\"auto, (max-width: 841px) 100vw, 841px\" \/><\/a><\/p>\n<p>&nbsp;<\/p>\n<p>&nbsp;<\/p>\n<h3>Related Images:<\/h3>","protected":false},"excerpt":{"rendered":"<p>Juni er over og juli ble innledet med b\u00e5ttur allerede p\u00e5 l\u00f8rdag. N\u00e5 skal det h\u00f8lje ned helt fram til helga, s\u00e5 det blir neppe noen tur utp\u00e5 f\u00f8r tidligst fredag. Tror jeg. Related Images:<\/p>\n","protected":false},"author":1,"featured_media":27159,"comment_status":"open","ping_status":"open","sticky":false,"template":"","format":"standard","meta":{"_crdt_document":"","ngg_post_thumbnail":0,"jetpack_post_was_ever_published":false,"_jetpack_newsletter_access":"","_jetpack_dont_email_post_to_subs":false,"_jetpack_newsletter_tier_id":0,"_jetpack_memberships_contains_paywalled_content":false,"_jetpack_memberships_contains_paid_content":false,"footnotes":""},"categories":[3960,3,1043,147,2423,566,42,4],"tags":[112,433,1902,1716,127,477],"class_list":["post-27123","post","type-post","status-publish","format-standard","has-post-thumbnail","hentry","category-batliv","category-blogg","category-diverse","category-ferie","category-helse","category-om-batbloggen","category-oppussing-2","category-tur","tag-battur","tag-is","tag-juni","tag-leserrekord","tag-rekord","tag-statistikk"],"jetpack_featured_media_url":"https:\/\/i0.wp.com\/pequod.nesodd1.no\/wp-content\/uploads\/2023\/07\/357684110_10159134401167032_9197669241887860481_n.jpg?fit=960%2C720&ssl=1","jetpack_shortlink":"https:\/\/wp.me\/p3Zd9b-73t","jetpack_sharing_enabled":true,"jetpack_likes_enabled":true,"jetpack-related-posts":[],"_links":{"self":[{"href":"https:\/\/pequod.nesodd1.no\/index.php?rest_route=\/wp\/v2\/posts\/27123","targetHints":{"allow":["GET"]}}],"collection":[{"href":"https:\/\/pequod.nesodd1.no\/index.php?rest_route=\/wp\/v2\/posts"}],"about":[{"href":"https:\/\/pequod.nesodd1.no\/index.php?rest_route=\/wp\/v2\/types\/post"}],"author":[{"embeddable":true,"href":"https:\/\/pequod.nesodd1.no\/index.php?rest_route=\/wp\/v2\/users\/1"}],"replies":[{"embeddable":true,"href":"https:\/\/pequod.nesodd1.no\/index.php?rest_route=%2Fwp%2Fv2%2Fcomments&post=27123"}],"version-history":[{"count":6,"href":"https:\/\/pequod.nesodd1.no\/index.php?rest_route=\/wp\/v2\/posts\/27123\/revisions"}],"predecessor-version":[{"id":27166,"href":"https:\/\/pequod.nesodd1.no\/index.php?rest_route=\/wp\/v2\/posts\/27123\/revisions\/27166"}],"wp:featuredmedia":[{"embeddable":true,"href":"https:\/\/pequod.nesodd1.no\/index.php?rest_route=\/wp\/v2\/media\/27159"}],"wp:attachment":[{"href":"https:\/\/pequod.nesodd1.no\/index.php?rest_route=%2Fwp%2Fv2%2Fmedia&parent=27123"}],"wp:term":[{"taxonomy":"category","embeddable":true,"href":"https:\/\/pequod.nesodd1.no\/index.php?rest_route=%2Fwp%2Fv2%2Fcategories&post=27123"},{"taxonomy":"post_tag","embeddable":true,"href":"https:\/\/pequod.nesodd1.no\/index.php?rest_route=%2Fwp%2Fv2%2Ftags&post=27123"}],"curies":[{"name":"wp","href":"https:\/\/api.w.org\/{rel}","templated":true}]}}