{"id":28307,"date":"2024-05-20T10:01:07","date_gmt":"2024-05-20T08:01:07","guid":{"rendered":"https:\/\/pequod.nesodd1.no\/?p=28307"},"modified":"2024-05-20T10:30:39","modified_gmt":"2024-05-20T08:30:39","slug":"ja-takk-begge-deler","status":"publish","type":"post","link":"https:\/\/pequod.nesodd1.no\/?p=28307","title":{"rendered":"Ja takk, begge deler \u2013 nok en gang?"},"content":{"rendered":"<p><strong>Jeg har jo skrevet tidligere om \u00e5rets b\u00e5tferieplaner, og om n\u00e5r jeg skal ut p\u00e5 b\u00e5tferie. Man samtidig har jeg v\u00e6rt litt i villrede om hvor jeg skal dra i \u00e5r. Men n\u00e5 har jeg kanskje bestemt meg! Tror jeg \u2026<\/strong><!--more--><\/p>\n<p>N\u00e5r man er sykmeldt og ikke engang \u2013 i skrivende stund \u2013 er i stand til \u00e5 komme seg om bord i b\u00e5ten, s\u00e5 f\u00e5r man jo tid til \u00e5 spekulere og tenke litt. Og n\u00e5 har jeg nesten bestemt meg for hvordan hovedb\u00e5tferien i \u00e5r skal gjennomf\u00f8res.<\/p>\n<p>Det er jo egentlig kun to reelle valg for \u00e5rets hovedb\u00e5tferie, og det er en ny tur langs kysten av Norge, med et h\u00e5p om \u00e5 komme seg forbi J\u00e6ren og deretter kose seg litt i de s\u00f8rlige deler av Vestland fylke rundt Hardanger. Med et lite h\u00e5p om \u00e5 pr\u00f8ve meg p\u00e5 Sognefjorden og Fl\u00e5m, men det skal vel holde hardt \u2026<\/p>\n<p>Det andre alternativet er en ny Sverigetur med avstikker til Danmark \u2013 i alle fall til L\u00e6s\u00f8.<\/p>\n<figure id=\"attachment_28454\" aria-describedby=\"caption-attachment-28454\" style=\"width: 960px\" class=\"wp-caption aligncenter\"><a href=\"https:\/\/i0.wp.com\/pequod.nesodd1.no\/wp-content\/uploads\/2024\/05\/IMG_7635.jpg?ssl=1\"><img data-recalc-dims=\"1\" loading=\"lazy\" decoding=\"async\" data-attachment-id=\"28454\" data-permalink=\"https:\/\/pequod.nesodd1.no\/?attachment_id=28454\" data-orig-file=\"https:\/\/i0.wp.com\/pequod.nesodd1.no\/wp-content\/uploads\/2024\/05\/IMG_7635.jpg?fit=960%2C686&amp;ssl=1\" data-orig-size=\"960,686\" data-comments-opened=\"1\" data-image-meta=\"{&quot;aperture&quot;:&quot;0&quot;,&quot;credit&quot;:&quot;&quot;,&quot;camera&quot;:&quot;&quot;,&quot;caption&quot;:&quot;&quot;,&quot;created_timestamp&quot;:&quot;1715434700&quot;,&quot;copyright&quot;:&quot;&quot;,&quot;focal_length&quot;:&quot;0&quot;,&quot;iso&quot;:&quot;0&quot;,&quot;shutter_speed&quot;:&quot;0&quot;,&quot;title&quot;:&quot;&quot;,&quot;orientation&quot;:&quot;0&quot;}\" data-image-title=\"IMG_7635\" data-image-description=\"&lt;p&gt;L\u00e6s\u00f8, Danmark, brosjyrer&lt;\/p&gt;\n\" data-image-caption=\"\" data-large-file=\"https:\/\/i0.wp.com\/pequod.nesodd1.no\/wp-content\/uploads\/2024\/05\/IMG_7635.jpg?fit=940%2C672&amp;ssl=1\" class=\"wp-image-28454 size-full\" src=\"https:\/\/i0.wp.com\/pequod.nesodd1.no\/wp-content\/uploads\/2024\/05\/IMG_7635.jpg?resize=940%2C672&#038;ssl=1\" alt=\"\" width=\"940\" height=\"672\" srcset=\"https:\/\/i0.wp.com\/pequod.nesodd1.no\/wp-content\/uploads\/2024\/05\/IMG_7635.jpg?w=960&amp;ssl=1 960w, https:\/\/i0.wp.com\/pequod.nesodd1.no\/wp-content\/uploads\/2024\/05\/IMG_7635.jpg?resize=300%2C214&amp;ssl=1 300w, https:\/\/i0.wp.com\/pequod.nesodd1.no\/wp-content\/uploads\/2024\/05\/IMG_7635.jpg?resize=100%2C71&amp;ssl=1 100w, https:\/\/i0.wp.com\/pequod.nesodd1.no\/wp-content\/uploads\/2024\/05\/IMG_7635.jpg?resize=768%2C549&amp;ssl=1 768w\" sizes=\"auto, (max-width: 940px) 100vw, 940px\" \/><\/a><figcaption id=\"caption-attachment-28454\" class=\"wp-caption-text\"><em>Lysten til \u00e5 bes\u00f8ke L\u00e6s\u00f8 er stor. Disse brosjyrene la noen andre b\u00e5tfolk igjen p\u00e5 servicesenteret i gjestehavna i Dons\u00f6 for to \u00e5r siden \u2026<\/em><\/figcaption><\/figure>\n<p>Jeg har egentlig \u2013 hittil \u2013 tenkt mest p\u00e5 at det blir det f\u00f8rste alternativet i \u00e5r, og at jeg satser p\u00e5 Sverige\/Danmark til neste \u00e5r. Da er ogs\u00e5 planen \u00e5 ta hovedb\u00e5tferien f\u00f8r sommeren, alts\u00e5 i mai\/juni. Men i det siste har jeg tenkt litt p\u00e5 at det kanskje ville v\u00e6re mulig \u00e5 sl\u00e5 to fluer i en smekk? Eller i alle fall en og en halv flue?<\/p>\n<p>Den f\u00f8rste b\u00e5tferien i \u00e5r skulle egentlig ha v\u00e6rt to uker fra midten av mai og ut m\u00e5neden, men siden jeg n\u00e5 er sykmeldt, og antakelig blir det et par ekstra uker, s\u00e5 vil jeg b\u00e5de kunne utvide de to ukene, og f\u00e5 noen ekstra feriedager til gode i september. Jeg har jo tatt ut maksimalt av feriedagene mine i \u00e5r, og har i tillegg noen dager i september som jeg m\u00e5 jobbe fordi jeg ikke har mer ferie \u00e5 ta ut \u2026<\/p>\n<p>Men siden jeg n\u00e5 er sykmeldt ogs\u00e5 noen dager jeg skulle hatt ferie, s\u00e5 kan jeg flytte de feriedagene til slutten av september. Da vil jeg i praksis f\u00e5 i alle fall en uke ekstra i september.<\/p>\n<p>Da vil jeg f\u00e5 litt bedre tid p\u00e5 meg, og kan \u2013 med v\u00e6rforbehold som vanlig \u2013 kanskje rekke b\u00e5de en tur nedover svenskekysten og en tur over til Danmark. S\u00e5 har jeg valget om \u00e5 dra rett over fra Skagen til S\u00f8rlandet, eller dra tilbake samme vei jeg kom og krysse over Oslofjorden for eksempel ved Koster, og deretter fortsette nedover S\u00f8rlandet, men ikke lenger da enn til Mandal\/Farsund.&nbsp;<\/p>\n<p>Det er akkurat det siste alternativet \u2013 det lengste \u2013 jeg funderer mest p\u00e5 n\u00e5. Etappen over fra Skagen til omr\u00e5det rundt Arendal\/Homborsund (for eksempel), vil jo ikke v\u00e6re ekstrem lang, rundt ti timer hvis jeg har en gjennomsnittsfart p\u00e5 7,5 knop. Det vil for eksempel tilsvare strekket jeg tok for tre \u00e5r siden, da jeg dro fra Stavanger til Farsund, og med d\u00e5rlig v\u00e6r og r\u00f8ff sj\u00f8 fra litt nord for Lista til jeg kom i le p\u00e5 vei inn til Farsund.<\/p>\n<p>Den st\u00f8rste forskjellen vil at jeg vil v\u00e6re i \u00e5pent hav og ikke se land overhodet p\u00e5 mange timer \u2013 det blir \u00e5 styre p\u00e5 kompasskursen hele tiden. Da m\u00e5 jeg faktisk innr\u00f8mme at en autopilot ville v\u00e6rt godt \u00e5 ha! Jeg er jo litt skeptisk til autopilot fordi mye av min glede n\u00e5r jeg er p\u00e5 tur nettopp er forbundet med \u00e5 sitte ved rattet og kose meg. Det er dog lettere \u00e5 gj\u00f8re, og lettere \u00e5 holde konsentrasjonen oppe, n\u00e5r man hele tiden har land i sikte b\u00e5de p\u00e5 sidene og foran og akter!<\/p>\n<figure id=\"attachment_19544\" aria-describedby=\"caption-attachment-19544\" style=\"width: 960px\" class=\"wp-caption aligncenter\"><a href=\"https:\/\/i0.wp.com\/pequod.nesodd1.no\/wp-content\/uploads\/2020\/08\/117908949_10157227431157032_6401685898953144705_n.jpg?ssl=1\"><img data-recalc-dims=\"1\" loading=\"lazy\" decoding=\"async\" data-attachment-id=\"19544\" data-permalink=\"https:\/\/pequod.nesodd1.no\/?attachment_id=19544\" data-orig-file=\"https:\/\/i0.wp.com\/pequod.nesodd1.no\/wp-content\/uploads\/2020\/08\/117908949_10157227431157032_6401685898953144705_n.jpg?fit=960%2C540&amp;ssl=1\" data-orig-size=\"960,540\" data-comments-opened=\"1\" data-image-meta=\"{&quot;aperture&quot;:&quot;0&quot;,&quot;credit&quot;:&quot;&quot;,&quot;camera&quot;:&quot;&quot;,&quot;caption&quot;:&quot;&quot;,&quot;created_timestamp&quot;:&quot;0&quot;,&quot;copyright&quot;:&quot;&quot;,&quot;focal_length&quot;:&quot;0&quot;,&quot;iso&quot;:&quot;0&quot;,&quot;shutter_speed&quot;:&quot;0&quot;,&quot;title&quot;:&quot;&quot;,&quot;orientation&quot;:&quot;0&quot;}\" data-image-title=\"117908949_10157227431157032_6401685898953144705_n\" data-image-description=\"&lt;p&gt;Lista&lt;\/p&gt;\n\" data-image-caption=\"&lt;p&gt;Runder Lista i nydelig v\u00e6r&lt;\/p&gt;\n\" data-large-file=\"https:\/\/i0.wp.com\/pequod.nesodd1.no\/wp-content\/uploads\/2020\/08\/117908949_10157227431157032_6401685898953144705_n.jpg?fit=940%2C529&amp;ssl=1\" class=\"size-full wp-image-19544\" src=\"https:\/\/i0.wp.com\/pequod.nesodd1.no\/wp-content\/uploads\/2020\/08\/117908949_10157227431157032_6401685898953144705_n.jpg?resize=940%2C529&#038;ssl=1\" alt=\"\" width=\"940\" height=\"529\" srcset=\"https:\/\/i0.wp.com\/pequod.nesodd1.no\/wp-content\/uploads\/2020\/08\/117908949_10157227431157032_6401685898953144705_n.jpg?w=960&amp;ssl=1 960w, https:\/\/i0.wp.com\/pequod.nesodd1.no\/wp-content\/uploads\/2020\/08\/117908949_10157227431157032_6401685898953144705_n.jpg?resize=300%2C169&amp;ssl=1 300w, https:\/\/i0.wp.com\/pequod.nesodd1.no\/wp-content\/uploads\/2020\/08\/117908949_10157227431157032_6401685898953144705_n.jpg?resize=100%2C56&amp;ssl=1 100w, https:\/\/i0.wp.com\/pequod.nesodd1.no\/wp-content\/uploads\/2020\/08\/117908949_10157227431157032_6401685898953144705_n.jpg?resize=768%2C432&amp;ssl=1 768w\" sizes=\"auto, (max-width: 940px) 100vw, 940px\" \/><\/a><figcaption id=\"caption-attachment-19544\" class=\"wp-caption-text\"><em>Runder Lista i nydelig v\u00e6r. Litt mer til styrbord ligger jo fastlandet, men bildet kan jo gi en liten pekepinn p\u00e5 hvordan det vil v\u00e6re \u00e5 dra p\u00e5 \u00e5pent hav \u2026<\/em><\/figcaption><\/figure>\n<p>Akkurat det med \u00e5 t\u00f8ffe av g\u00e5rde p\u00e5 \u00e5pent hav skremmer meg ikke, det virker faktisk ganske s\u00e5 forlokkende, det ville v\u00e6rt en fantastisk f\u00f8lelse tenker jeg, og jeg har litt lyst til \u00e5 pr\u00f8ve det en gang, men kanskje ikke alene og\/eller med den b\u00e5ten jeg har n\u00e5, s\u00e5 derfor heller jeg mer til \u00e5 ta returen langs svenskekysten og dra over fjorden til norsk side n\u00e5r den begynner \u00e5 bli noe smalere. Jeg har jo gjort akkurat det tidligere ved et par anledninger, og har krysset over fra Koster til Stavern-omr\u00e5det. Selv om det tar mye lenger tid enn \u00e5 dra rett over Skagerrak \u2026<\/p>\n<p>Hvor langt jeg kommer er jo v\u00e6ravhengig, som vanlig. Det tar ikke mange dager \u00e5 komme seg ned til \u00f8yene utenfor G\u00f6teborg slik at det er kort tid over til L\u00e6s\u00f8 hvis alt klaffer, og kanskje en liten tur ogs\u00e5 over til det danske fastlandet hvis v\u00e6rgudene er p\u00e5 min side? S\u00e6by\/Frederikshavn for eksempel? Fra K\u00e4ll\u00f6-Knippla er det dr\u00f8ye fem timers tur hvis jeg kj\u00f8rer i en gjennomsnittsfart p\u00e5 \u00e5tte knop. Da sikter jeg meg inn p\u00e5 Vester\u00f8 havn, som jeg har h\u00f8rt er den som anbefales. Legger jeg meg i \u00d8sterby havn er det enda kortere. Fra Vester\u00f8 til det danske fastlandet, for eksempel S\u00e6by, er det under to timer i samme fart. Man m\u00e5 vel nesten innom det danske fastlandet ogs\u00e5, n\u00e5r det er s\u00e5 kort vei?<\/p>\n<figure id=\"attachment_24568\" aria-describedby=\"caption-attachment-24568\" style=\"width: 940px\" class=\"wp-caption aligncenter\"><a href=\"https:\/\/i0.wp.com\/pequod.nesodd1.no\/wp-content\/uploads\/2022\/07\/IMG-3335-scaled-e1658047125649.jpg?ssl=1\"><img data-recalc-dims=\"1\" loading=\"lazy\" decoding=\"async\" data-attachment-id=\"24568\" data-permalink=\"https:\/\/pequod.nesodd1.no\/?attachment_id=24568\" data-orig-file=\"https:\/\/i0.wp.com\/pequod.nesodd1.no\/wp-content\/uploads\/2022\/07\/IMG-3335-scaled-e1658047125649.jpg?fit=960%2C720&amp;ssl=1\" data-orig-size=\"960,720\" data-comments-opened=\"1\" data-image-meta=\"{&quot;aperture&quot;:&quot;2&quot;,&quot;credit&quot;:&quot;&quot;,&quot;camera&quot;:&quot;iPhone 11 Pro Max&quot;,&quot;caption&quot;:&quot;&quot;,&quot;created_timestamp&quot;:&quot;1656074474&quot;,&quot;copyright&quot;:&quot;&quot;,&quot;focal_length&quot;:&quot;6&quot;,&quot;iso&quot;:&quot;20&quot;,&quot;shutter_speed&quot;:&quot;0.00041701417848207&quot;,&quot;title&quot;:&quot;&quot;,&quot;orientation&quot;:&quot;1&quot;}\" data-image-title=\"IMG-3335\" data-image-description=\"&lt;p&gt;Sverige, K\u00e4ll\u00f6-Knippla&lt;\/p&gt;\n\" data-image-caption=\"\" data-large-file=\"https:\/\/i0.wp.com\/pequod.nesodd1.no\/wp-content\/uploads\/2022\/07\/IMG-3335-scaled-e1658047125649.jpg?fit=940%2C705&amp;ssl=1\" class=\"wp-image-24568 size-large\" src=\"https:\/\/i0.wp.com\/pequod.nesodd1.no\/wp-content\/uploads\/2022\/07\/IMG-3335.jpg?resize=940%2C705&#038;ssl=1\" alt=\"\" width=\"940\" height=\"705\"><\/a><figcaption id=\"caption-attachment-24568\" class=\"wp-caption-text\"><em>K\u00e4ll\u00f6-Knippla er en av mine favorittplasser i Sverige. Herfra er det bare en kort dagsetappe til den danske \u00f8ya L\u00e6s\u00f8.<\/em><\/figcaption><\/figure>\n<p>En slik \u00abJa takk, begge deler\u00bb-l\u00f8sning vil selvsagt ogs\u00e5 f\u00f8re til at det vil bli vanskelig \u00e5 komme meg helt opp til Hardanger-omr\u00e5det p\u00e5 siste del av ferien. Da er jeg i alle fall avhengig av at det klaffer omtrent 100 prosent med v\u00e6rgudene \u2026 noe det aldri gj\u00f8r! S\u00e5 da er omr\u00e5det rundt Mandal\/Farsund mest realistisk for n\u00e5r jeg m\u00e5 snu baugen tilbake i retning hjemmehavna. Og da kan det heller bli en ren norsk hovedferie neste \u00e5r istedenfor. Hvor jeg f\u00e5r rundet Lista og J\u00e6ren.<\/p>\n<figure id=\"attachment_23200\" aria-describedby=\"caption-attachment-23200\" style=\"width: 1000px\" class=\"wp-caption aligncenter\"><a href=\"https:\/\/i0.wp.com\/pequod.nesodd1.no\/wp-content\/uploads\/2021\/10\/29B05036-1A31-464A-8901-379C172417C1.jpeg.22076f952dc0a20e080ff4db56b6ca2d.jpeg?ssl=1\"><img data-recalc-dims=\"1\" loading=\"lazy\" decoding=\"async\" data-attachment-id=\"23200\" data-permalink=\"https:\/\/pequod.nesodd1.no\/?attachment_id=23200\" data-orig-file=\"https:\/\/i0.wp.com\/pequod.nesodd1.no\/wp-content\/uploads\/2021\/10\/29B05036-1A31-464A-8901-379C172417C1.jpeg.22076f952dc0a20e080ff4db56b6ca2d.jpeg?fit=1000%2C750&amp;ssl=1\" data-orig-size=\"1000,750\" data-comments-opened=\"1\" data-image-meta=\"{&quot;aperture&quot;:&quot;0&quot;,&quot;credit&quot;:&quot;&quot;,&quot;camera&quot;:&quot;&quot;,&quot;caption&quot;:&quot;&quot;,&quot;created_timestamp&quot;:&quot;0&quot;,&quot;copyright&quot;:&quot;&quot;,&quot;focal_length&quot;:&quot;0&quot;,&quot;iso&quot;:&quot;0&quot;,&quot;shutter_speed&quot;:&quot;0&quot;,&quot;title&quot;:&quot;&quot;,&quot;orientation&quot;:&quot;0&quot;}\" data-image-title=\"29B05036-1A31-464A-8901-379C172417C1.jpeg.22076f952dc0a20e080ff4db56b6ca2d\" data-image-description=\"&lt;p&gt;Farsund, Agder, gjestebrygge&lt;\/p&gt;\n\" data-image-caption=\"&lt;p&gt;Framme etter ti timers tur!&lt;\/p&gt;\n\" data-large-file=\"https:\/\/i0.wp.com\/pequod.nesodd1.no\/wp-content\/uploads\/2021\/10\/29B05036-1A31-464A-8901-379C172417C1.jpeg.22076f952dc0a20e080ff4db56b6ca2d.jpeg?fit=940%2C705&amp;ssl=1\" class=\"size-full wp-image-23200\" src=\"https:\/\/i0.wp.com\/pequod.nesodd1.no\/wp-content\/uploads\/2021\/10\/29B05036-1A31-464A-8901-379C172417C1.jpeg.22076f952dc0a20e080ff4db56b6ca2d.jpeg?resize=940%2C705&#038;ssl=1\" alt=\"\" width=\"940\" height=\"705\" srcset=\"https:\/\/i0.wp.com\/pequod.nesodd1.no\/wp-content\/uploads\/2021\/10\/29B05036-1A31-464A-8901-379C172417C1.jpeg.22076f952dc0a20e080ff4db56b6ca2d.jpeg?w=1000&amp;ssl=1 1000w, https:\/\/i0.wp.com\/pequod.nesodd1.no\/wp-content\/uploads\/2021\/10\/29B05036-1A31-464A-8901-379C172417C1.jpeg.22076f952dc0a20e080ff4db56b6ca2d.jpeg?resize=300%2C225&amp;ssl=1 300w, https:\/\/i0.wp.com\/pequod.nesodd1.no\/wp-content\/uploads\/2021\/10\/29B05036-1A31-464A-8901-379C172417C1.jpeg.22076f952dc0a20e080ff4db56b6ca2d.jpeg?resize=100%2C75&amp;ssl=1 100w, https:\/\/i0.wp.com\/pequod.nesodd1.no\/wp-content\/uploads\/2021\/10\/29B05036-1A31-464A-8901-379C172417C1.jpeg.22076f952dc0a20e080ff4db56b6ca2d.jpeg?resize=768%2C576&amp;ssl=1 768w\" sizes=\"auto, (max-width: 940px) 100vw, 940px\" \/><\/a><figcaption id=\"caption-attachment-23200\" class=\"wp-caption-text\"><em>Hvis jeg gj\u00f8r som jeg tror jeg gj\u00f8r, s\u00e5 blir det Farsund som blir siste stopp p\u00e5 S\u00f8rlandet i h\u00f8st \u2026<\/em><\/figcaption><\/figure>\n<p>Etter planen drar jeg uansett ikke av g\u00e5rde p\u00e5 hovedb\u00e5tferien i \u00e5r f\u00f8r mandag 5. august \u2013 s\u00e5 jeg har tid nok til \u00e5 ombestemme meg igjen \u2013 og kanskje havne p\u00e5 noe helt annet enn disse to alternativene ogs\u00e5! \ud83d\ude00<\/p>\n<p>For \u00f8yeblikket er den f\u00f8rste ordentlige b\u00e5tferien jeg hadde planlagt satt p\u00e5 vent inntil videre p\u00e5 grunn av operasjonen i h\u00e5nden, og n\u00e5 p\u00e5f\u00f8lgende betennelse i s\u00e5ret. Egentlig skulle jeg ha v\u00e6rt p\u00e5 ferie fra 13. mai og ut m\u00e5neden med f\u00f8rste jobbvakt 2. juni. Jeg blir nok sykmeldt ytterligere, men n\u00e5r h\u00e5nden blir bra nok til \u00e5 dra p\u00e5 tur med, er en helt annen sak.<\/p>\n<p>Jeg regner i s\u00e5 fall med at det blir en Sverigetur denne gangen ogs\u00e5, selv om jeg kanskje drar samme veien om noen m\u00e5neder. Jeg har jo noen faste stopp n\u00e5r jeg er p\u00e5 S\u00f8rlandet, og en av dem er jo \u00e5 hilse p\u00e5 broren min og kona hans, som driver Brygga Kro p\u00e5 Skottevik Feriesenter. \u00c5 bes\u00f8ke dem i juni tror jeg ikke er en god id\u00e9, da er hovedsesongen deres straks i gang, og de vil sannsynligvis ha liten tid til overs. Kommer jeg der i august\/september er det en helt annen sak, da avslutter de snart sesongen og det er mye roligere \u2026<\/p>\n<p>Derfor tenker jeg \u00e5 ta Sverige n\u00e5 f\u00f8rst. Og da har jeg jo nok en gang muligheten til \u00e5 ombestemme meg i august, selv om jeg alts\u00e5 akkurat n\u00e5 tror jeg har bestemt meg!<\/p>\n<p>Men f\u00f8rst m\u00e5 h\u00e5nden bli bedre. Jeg har startet p\u00e5 en antibiotikakur som er over i slutten av denne uka, og virker den som planlagt er jeg \u00e5pen for \u00e5 t\u00f8ffe av g\u00e5rde til helgen \u2026<\/p>\n<p><em>(Hoveddelen av dette innlegget ble skrevet for flere uker siden, men er lettere omskrevet et par steder f\u00f8r helgen, for \u00e5 v\u00e6re mer dagsaktuelt! Det g\u00e5r fortsatt veldig sakte \u00e5 bare skrive med venstreh\u00e5nden!)<\/em><\/p>\n<h3>Related Images:<\/h3>","protected":false},"excerpt":{"rendered":"<p>Jeg har jo skrevet tidligere om \u00e5rets b\u00e5tferieplaner, og om n\u00e5r jeg skal ut p\u00e5 b\u00e5tferie. Man samtidig har jeg v\u00e6rt litt i villrede om hvor jeg skal dra i \u00e5r. Men n\u00e5 har jeg kanskje bestemt meg! Tror jeg \u2026 Related Images:<\/p>\n","protected":false},"author":1,"featured_media":17912,"comment_status":"open","ping_status":"open","sticky":false,"template":"","format":"standard","meta":{"_crdt_document":"","ngg_post_thumbnail":0,"jetpack_post_was_ever_published":false,"_jetpack_newsletter_access":"","_jetpack_dont_email_post_to_subs":false,"_jetpack_newsletter_tier_id":0,"_jetpack_memberships_contains_paywalled_content":false,"_jetpack_memberships_contains_paid_content":false,"footnotes":""},"categories":[3960,3,1043,147,148,8],"tags":[4145,914,431,4144,4062,3144,2689,934,93],"class_list":["post-28307","post","type-post","status-publish","format-standard","has-post-thumbnail","hentry","category-batliv","category-blogg","category-diverse","category-ferie","category-planlegging","category-vaer","tag-apent-hav","tag-batferie","tag-danmark","tag-fastland","tag-hovedferie","tag-laeso","tag-sorlandet","tag-sverige","tag-valgets-kval"],"jetpack_featured_media_url":"https:\/\/i0.wp.com\/pequod.nesodd1.no\/wp-content\/uploads\/2020\/03\/IMG-4269.jpg?fit=1200%2C900&ssl=1","jetpack_shortlink":"https:\/\/wp.me\/p3Zd9b-7mz","jetpack_sharing_enabled":true,"jetpack_likes_enabled":true,"jetpack-related-posts":[],"_links":{"self":[{"href":"https:\/\/pequod.nesodd1.no\/index.php?rest_route=\/wp\/v2\/posts\/28307","targetHints":{"allow":["GET"]}}],"collection":[{"href":"https:\/\/pequod.nesodd1.no\/index.php?rest_route=\/wp\/v2\/posts"}],"about":[{"href":"https:\/\/pequod.nesodd1.no\/index.php?rest_route=\/wp\/v2\/types\/post"}],"author":[{"embeddable":true,"href":"https:\/\/pequod.nesodd1.no\/index.php?rest_route=\/wp\/v2\/users\/1"}],"replies":[{"embeddable":true,"href":"https:\/\/pequod.nesodd1.no\/index.php?rest_route=%2Fwp%2Fv2%2Fcomments&post=28307"}],"version-history":[{"count":17,"href":"https:\/\/pequod.nesodd1.no\/index.php?rest_route=\/wp\/v2\/posts\/28307\/revisions"}],"predecessor-version":[{"id":28508,"href":"https:\/\/pequod.nesodd1.no\/index.php?rest_route=\/wp\/v2\/posts\/28307\/revisions\/28508"}],"wp:featuredmedia":[{"embeddable":true,"href":"https:\/\/pequod.nesodd1.no\/index.php?rest_route=\/wp\/v2\/media\/17912"}],"wp:attachment":[{"href":"https:\/\/pequod.nesodd1.no\/index.php?rest_route=%2Fwp%2Fv2%2Fmedia&parent=28307"}],"wp:term":[{"taxonomy":"category","embeddable":true,"href":"https:\/\/pequod.nesodd1.no\/index.php?rest_route=%2Fwp%2Fv2%2Fcategories&post=28307"},{"taxonomy":"post_tag","embeddable":true,"href":"https:\/\/pequod.nesodd1.no\/index.php?rest_route=%2Fwp%2Fv2%2Ftags&post=28307"}],"curies":[{"name":"wp","href":"https:\/\/api.w.org\/{rel}","templated":true}]}}