{"id":28572,"date":"2024-06-18T09:24:37","date_gmt":"2024-06-18T07:24:37","guid":{"rendered":"https:\/\/pequod.nesodd1.no\/?p=28572"},"modified":"2024-06-18T09:24:37","modified_gmt":"2024-06-18T07:24:37","slug":"skipper-i-flyttetanker","status":"publish","type":"post","link":"https:\/\/pequod.nesodd1.no\/?p=28572","title":{"rendered":"Skipper i flyttetanker"},"content":{"rendered":"<p><strong>Jeg har nok nevnt i noen innlegg tidligere at jeg har planer om \u00e5 forlate Nesodden etter hvert. Selv om jeg har vurdert flere steder p\u00e5 S\u00f8rlandet, tror jeg det er Fredrikstad som er n\u00e6rmest \u00e5 f\u00e5 meg som innbygger. Og det er ikke umulig at det kan skje tidligere enn jeg opprinnelig har tenkt.<\/strong><!--more--><\/p>\n<p>Jeg har jo bodd p\u00e5 Nesodden i 24 \u00e5r, men f\u00f8ler egentlig ikke at jeg har noen spesiell tilknytning til stedet. Jeg har jo ingen venner her, bare noen kjente. De vennene jeg har hatt her har uansett flyttet.<\/p>\n<p>Siden jeg jo hele tiden har jobbet i Oslo, s\u00e5 har jeg jo egentlig ikke hatt s\u00e5 mange muligheter til \u00e5 knytte noen spesiell kontakt med folk, ikke minst fordi jeg i utgangspunktet er en introvert fyr, men ogs\u00e5 fordi det jeg har hatt av sosialt liv stort sett har v\u00e6rt andre steder enn her p\u00e5 Nesodden.<\/p>\n<p>Det er annerledes med mora til ungene, som har jobbet her p\u00e5 Nesodden omtrent hele tiden, og dermed har opprettet et helt annet kontaktnett p\u00e5 halv\u00f8ya.<\/p>\n<figure id=\"attachment_7112\" aria-describedby=\"caption-attachment-7112\" style=\"width: 800px\" class=\"wp-caption aligncenter\"><a href=\"https:\/\/i0.wp.com\/pequod.nesodd1.no\/wp-content\/uploads\/2015\/09\/1-IMG_6946.jpg?ssl=1\"><img data-recalc-dims=\"1\" loading=\"lazy\" decoding=\"async\" data-attachment-id=\"7112\" data-permalink=\"https:\/\/pequod.nesodd1.no\/?attachment_id=7112\" data-orig-file=\"https:\/\/i0.wp.com\/pequod.nesodd1.no\/wp-content\/uploads\/2015\/09\/1-IMG_6946.jpg?fit=800%2C534&amp;ssl=1\" data-orig-size=\"800,534\" data-comments-opened=\"1\" data-image-meta=\"{&quot;aperture&quot;:&quot;13&quot;,&quot;credit&quot;:&quot;Picasa&quot;,&quot;camera&quot;:&quot;Canon EOS 700D&quot;,&quot;caption&quot;:&quot;&quot;,&quot;created_timestamp&quot;:&quot;1441984121&quot;,&quot;copyright&quot;:&quot;&quot;,&quot;focal_length&quot;:&quot;55&quot;,&quot;iso&quot;:&quot;400&quot;,&quot;shutter_speed&quot;:&quot;0.0025&quot;,&quot;title&quot;:&quot;&quot;,&quot;orientation&quot;:&quot;0&quot;}\" data-image-title=\"1-IMG_6946\" data-image-description=\"&lt;p&gt;Nesoddtangen ferge&lt;\/p&gt;\n\" data-image-caption=\"&lt;p&gt;Fergeturen inn til Oslo i rushen er herlig avslappende!&lt;\/p&gt;\n\" data-large-file=\"https:\/\/i0.wp.com\/pequod.nesodd1.no\/wp-content\/uploads\/2015\/09\/1-IMG_6946.jpg?fit=800%2C534&amp;ssl=1\" class=\"size-full wp-image-7112\" src=\"https:\/\/i0.wp.com\/pequod.nesodd1.no\/wp-content\/uploads\/2015\/09\/1-IMG_6946.jpg?resize=800%2C534&#038;ssl=1\" alt=\"\" width=\"800\" height=\"534\" srcset=\"https:\/\/i0.wp.com\/pequod.nesodd1.no\/wp-content\/uploads\/2015\/09\/1-IMG_6946.jpg?w=800&amp;ssl=1 800w, https:\/\/i0.wp.com\/pequod.nesodd1.no\/wp-content\/uploads\/2015\/09\/1-IMG_6946.jpg?resize=300%2C200&amp;ssl=1 300w\" sizes=\"auto, (max-width: 800px) 100vw, 800px\" \/><\/a><figcaption id=\"caption-attachment-7112\" class=\"wp-caption-text\"><em>Fergeturen inn til Oslo i rushen er herlig avslappende!<\/em><\/figcaption><\/figure>\n<p>Etter at ungene fl\u00f8y ut av redet og valgte \u00e5 bosette seg andre steder enn her, s\u00e5 er det egentlig bare to \u00e5rsaker til at jeg fortsatt bor her: Det at jeg har b\u00e5tplass her, de siste fem \u00e5rene i gangavstand, samt at jeg setter veldig pris p\u00e5 fergeturen til og fra Oslo &#8211; som ikke p\u00e5 noen m\u00e5te kan sammenlignes med \u00e5 dra til jobben i rushtiden i Oslo&#8230;<\/p>\n<p>Planen har hele tiden v\u00e6rt \u00e5 flytte herfra n\u00e5r jeg blir pensjonist &#8211; om jeg velger \u00e5 g\u00e5 av med AFP eller ikke. P\u00e5 jobben min er \u00f8verste aldersgrense 70 \u00e5r, s\u00e5 jeg har jo noen \u00e5r igjen hvis jeg \u00f8nsker det. Hvis jeg lever s\u00e5 lenge!<\/p>\n<p>Men som jeg har skrevet f\u00f8r, s\u00e5 vurderer jeg jo \u00e5 g\u00e5 av noen \u00e5r tidligere. For deretter \u00e5 kose meg med b\u00e5ten om sommeren og kanskje bo i varmere str\u00f8k om vinteren.<\/p>\n<p>Etter snart 11 \u00e5r som b\u00e5teier har jeg likevel begynt \u00e5 tenke p\u00e5 at det kanskje kunne v\u00e6re en id\u00e9 \u00e5 flytte herfra litt tidligere? Og kanskje pr\u00f8ve ut hvordan det er \u00e5 bo et annet sted, selv om det vil bety togpendling inn til Oslo&#8230;<\/p>\n<figure id=\"attachment_24573\" aria-describedby=\"caption-attachment-24573\" style=\"width: 960px\" class=\"wp-caption aligncenter\"><a href=\"https:\/\/i0.wp.com\/pequod.nesodd1.no\/wp-content\/uploads\/2022\/07\/IMG-3389.jpg?ssl=1\"><img data-recalc-dims=\"1\" loading=\"lazy\" decoding=\"async\" data-attachment-id=\"24573\" data-permalink=\"https:\/\/pequod.nesodd1.no\/?attachment_id=24573\" data-orig-file=\"https:\/\/i0.wp.com\/pequod.nesodd1.no\/wp-content\/uploads\/2022\/07\/IMG-3389.jpg?fit=960%2C720&amp;ssl=1\" data-orig-size=\"960,720\" data-comments-opened=\"1\" data-image-meta=\"{&quot;aperture&quot;:&quot;0&quot;,&quot;credit&quot;:&quot;&quot;,&quot;camera&quot;:&quot;&quot;,&quot;caption&quot;:&quot;&quot;,&quot;created_timestamp&quot;:&quot;0&quot;,&quot;copyright&quot;:&quot;&quot;,&quot;focal_length&quot;:&quot;0&quot;,&quot;iso&quot;:&quot;0&quot;,&quot;shutter_speed&quot;:&quot;0&quot;,&quot;title&quot;:&quot;&quot;,&quot;orientation&quot;:&quot;0&quot;}\" data-image-title=\"IMG-3389\" data-image-description=\"&lt;p&gt;fredrikstad, tog&lt;\/p&gt;\n\" data-image-caption=\"\" data-large-file=\"https:\/\/i0.wp.com\/pequod.nesodd1.no\/wp-content\/uploads\/2022\/07\/IMG-3389.jpg?fit=940%2C705&amp;ssl=1\" class=\"wp-image-24573 size-full\" src=\"https:\/\/i0.wp.com\/pequod.nesodd1.no\/wp-content\/uploads\/2022\/07\/IMG-3389.jpg?resize=940%2C705&#038;ssl=1\" alt=\"\" width=\"940\" height=\"705\" srcset=\"https:\/\/i0.wp.com\/pequod.nesodd1.no\/wp-content\/uploads\/2022\/07\/IMG-3389.jpg?w=960&amp;ssl=1 960w, https:\/\/i0.wp.com\/pequod.nesodd1.no\/wp-content\/uploads\/2022\/07\/IMG-3389.jpg?resize=300%2C225&amp;ssl=1 300w, https:\/\/i0.wp.com\/pequod.nesodd1.no\/wp-content\/uploads\/2022\/07\/IMG-3389.jpg?resize=100%2C75&amp;ssl=1 100w, https:\/\/i0.wp.com\/pequod.nesodd1.no\/wp-content\/uploads\/2022\/07\/IMG-3389.jpg?resize=768%2C576&amp;ssl=1 768w\" sizes=\"auto, (max-width: 940px) 100vw, 940px\" \/><\/a><figcaption id=\"caption-attachment-24573\" class=\"wp-caption-text\"><em>\u00c5 bo i Fredrikstad er kanskje greit med tanke p\u00e5 pendling? Arkivfoto: Erik Dahle<\/em><\/figcaption><\/figure>\n<p>Samtidig er det store endringer p\u00e5 gang p\u00e5 jobben, og jeg aner egentlig ikke hva med og hvordan jeg kommer til \u00e5 jobbe de n\u00e6rmeste \u00e5rene. Jeg trives veldig godt i den turnusen jeg jobber n\u00e5, men blir det store endringer og en vaktplan jeg ikke finner meg til rette med, s\u00e5 utelukker jeg ikke at jeg velger AFP litt tidligere enn planlagt, selv om jeg taper \u00f8konomisk p\u00e5 det.<\/p>\n<p>Den turnusen jeg har n\u00e5 er 100 prosent perfekt for meg, og vil passe ganske s\u00e5 bra med tanke p\u00e5 togpendling ettersom det blir sv\u00e6rt lite pendling i rushtiden. Reiseveien vil bli noe lengre, men ikke avskrekkende lang, Men jeg aner jo ikke hvordan en ny turnus vil v\u00e6re!&nbsp;<\/p>\n<p>Selv om jeg elsker \u00e5 kj\u00f8re b\u00e5t, s\u00e5 m\u00e5 det jo innr\u00f8mmes at det er et stykke fra Nesodden og ut Oslofjorden f\u00f8r man st\u00f8ter p\u00e5 ordentlig skj\u00e6rg\u00e5rd n\u00e5r man n\u00e6rmer seg Hvaler p\u00e5 \u00f8stsiden av fjorden og T\u00f8nsberg\/Hvasser p\u00e5 den andre siden. Det er en transportetappe p\u00e5 mellom fire og fem timer f\u00f8r man kommer seg ut til mer idylliske omr\u00e5der enn en ren kystlinje med sv\u00e6rt f\u00e5 forandringer og sv\u00e6rt lite av \u00f8yer og holmer&#8230;<\/p>\n<figure id=\"attachment_26696\" aria-describedby=\"caption-attachment-26696\" style=\"width: 940px\" class=\"wp-caption aligncenter\"><a href=\"https:\/\/i0.wp.com\/pequod.nesodd1.no\/wp-content\/uploads\/2023\/05\/IMG-7497-scaled.jpg?ssl=1\"><img data-recalc-dims=\"1\" loading=\"lazy\" decoding=\"async\" data-attachment-id=\"26696\" data-permalink=\"https:\/\/pequod.nesodd1.no\/?attachment_id=26696\" data-orig-file=\"https:\/\/i0.wp.com\/pequod.nesodd1.no\/wp-content\/uploads\/2023\/05\/IMG-7497-scaled.jpg?fit=2560%2C1920&amp;ssl=1\" data-orig-size=\"2560,1920\" data-comments-opened=\"1\" data-image-meta=\"{&quot;aperture&quot;:&quot;1.78&quot;,&quot;credit&quot;:&quot;&quot;,&quot;camera&quot;:&quot;iPhone 14 Pro Max&quot;,&quot;caption&quot;:&quot;&quot;,&quot;created_timestamp&quot;:&quot;1683216629&quot;,&quot;copyright&quot;:&quot;&quot;,&quot;focal_length&quot;:&quot;6.86&quot;,&quot;iso&quot;:&quot;64&quot;,&quot;shutter_speed&quot;:&quot;0.0002&quot;,&quot;title&quot;:&quot;&quot;,&quot;orientation&quot;:&quot;1&quot;}\" data-image-title=\"IMG-7497\" data-image-description=\"&lt;p&gt;Oslofjorden, Tj\u00f8me&lt;\/p&gt;\n\" data-image-caption=\"&lt;p&gt;P\u00e5 vei mot \u00d8stre Bol\u00e6rne&lt;\/p&gt;\n\" data-large-file=\"https:\/\/i0.wp.com\/pequod.nesodd1.no\/wp-content\/uploads\/2023\/05\/IMG-7497-scaled.jpg?fit=940%2C705&amp;ssl=1\" class=\"size-large wp-image-26696\" src=\"https:\/\/i0.wp.com\/pequod.nesodd1.no\/wp-content\/uploads\/2023\/05\/IMG-7497.jpg?resize=940%2C705&#038;ssl=1\" alt=\"\" width=\"940\" height=\"705\" srcset=\"https:\/\/i0.wp.com\/pequod.nesodd1.no\/wp-content\/uploads\/2023\/05\/IMG-7497-scaled.jpg?resize=1024%2C768&amp;ssl=1 1024w, https:\/\/i0.wp.com\/pequod.nesodd1.no\/wp-content\/uploads\/2023\/05\/IMG-7497-scaled.jpg?resize=300%2C225&amp;ssl=1 300w, https:\/\/i0.wp.com\/pequod.nesodd1.no\/wp-content\/uploads\/2023\/05\/IMG-7497-scaled.jpg?resize=100%2C75&amp;ssl=1 100w, https:\/\/i0.wp.com\/pequod.nesodd1.no\/wp-content\/uploads\/2023\/05\/IMG-7497-scaled.jpg?resize=768%2C576&amp;ssl=1 768w, https:\/\/i0.wp.com\/pequod.nesodd1.no\/wp-content\/uploads\/2023\/05\/IMG-7497-scaled.jpg?resize=1536%2C1152&amp;ssl=1 1536w, https:\/\/i0.wp.com\/pequod.nesodd1.no\/wp-content\/uploads\/2023\/05\/IMG-7497-scaled.jpg?resize=2048%2C1536&amp;ssl=1 2048w, https:\/\/i0.wp.com\/pequod.nesodd1.no\/wp-content\/uploads\/2023\/05\/IMG-7497-scaled.jpg?w=1880&amp;ssl=1 1880w\" sizes=\"auto, (max-width: 940px) 100vw, 940px\" \/><\/a><figcaption id=\"caption-attachment-26696\" class=\"wp-caption-text\"><em>P\u00e5 vei mot \u00d8stre Bol\u00e6rne fra Moss. Det er jo f\u00f8rst n\u00e5r man kommer seg s\u00e5pass langt s\u00f8rover at det etter hvert begynner \u00e5 ligne en skj\u00e6rg\u00e5rd p\u00e5 begge sider av fjorden.<\/em><\/figcaption><\/figure>\n<p>F\u00e5r jeg meg b\u00e5tplass i Fredrikstad er det dr\u00f8ye tre timer i kosefart til Str\u00f6mstad\/Koster &#8211; istedenfor en lang dagsetappe fra Nesodden (stort sett blir det minst \u00e9n overnatting) &#8211; samt mange nydelige steder \u00e5 bes\u00f8ke i Hvaler-skj\u00e6rg\u00e5rden. \u00c5 krysse fjorden fra Fredrikstad og over til T\u00f8nsberg-omr\u00e5det tar heller ikke avskrekkende mye tid.&nbsp;<\/p>\n<p>Uansett om jeg skal p\u00e5 b\u00e5tferie til Sverige eller S\u00f8rlandet sparer jeg b\u00e5de en dag og to, kanskje tre, dager ved \u00e5 slippe \u00e5 ta lange og til dels kjedelige transportetapper helt fra Oslofjordens innerste gemakker.<\/p>\n<p>Jeg har jo tidligere skrevet at jeg ikke kjeder meg p\u00e5 slike lange strekk, selv om det ikke er noe spesielt \u00e5 se i omr\u00e5det jeg t\u00f8ffer forbi, men jeg m\u00e5 jo innr\u00f8mme at det enkelte ganger kanskje ikke er s\u00e5 veldig spennende akkurat&#8230; Kunne v\u00e6rt litt deilig med litt andre omgivelser en periode.<\/p>\n<p><a href=\"https:\/\/i0.wp.com\/pequod.nesodd1.no\/wp-content\/uploads\/2023\/06\/DA2E3F21-5AF8-4000-8E3D-3EDCEF1BC8D7.jpeg.cd800fe2b428aa20b540af6a3a2a22a6.jpeg?ssl=1\"><img data-recalc-dims=\"1\" loading=\"lazy\" decoding=\"async\" data-attachment-id=\"27107\" data-permalink=\"https:\/\/pequod.nesodd1.no\/?attachment_id=27107\" data-orig-file=\"https:\/\/i0.wp.com\/pequod.nesodd1.no\/wp-content\/uploads\/2023\/06\/DA2E3F21-5AF8-4000-8E3D-3EDCEF1BC8D7.jpeg.cd800fe2b428aa20b540af6a3a2a22a6.jpeg?fit=1000%2C750&amp;ssl=1\" data-orig-size=\"1000,750\" data-comments-opened=\"1\" data-image-meta=\"{&quot;aperture&quot;:&quot;0&quot;,&quot;credit&quot;:&quot;&quot;,&quot;camera&quot;:&quot;&quot;,&quot;caption&quot;:&quot;&quot;,&quot;created_timestamp&quot;:&quot;0&quot;,&quot;copyright&quot;:&quot;&quot;,&quot;focal_length&quot;:&quot;0&quot;,&quot;iso&quot;:&quot;0&quot;,&quot;shutter_speed&quot;:&quot;0&quot;,&quot;title&quot;:&quot;&quot;,&quot;orientation&quot;:&quot;0&quot;}\" data-image-title=\"DA2E3F21-5AF8-4000-8E3D-3EDCEF1BC8D7.jpeg.cd800fe2b428aa20b540af6a3a2a22a6\" data-image-description=\"&lt;p&gt;Fredrikstad&lt;\/p&gt;\n\" data-image-caption=\"\" data-large-file=\"https:\/\/i0.wp.com\/pequod.nesodd1.no\/wp-content\/uploads\/2023\/06\/DA2E3F21-5AF8-4000-8E3D-3EDCEF1BC8D7.jpeg.cd800fe2b428aa20b540af6a3a2a22a6.jpeg?fit=940%2C705&amp;ssl=1\" class=\"aligncenter size-full wp-image-27107\" src=\"https:\/\/i0.wp.com\/pequod.nesodd1.no\/wp-content\/uploads\/2023\/06\/DA2E3F21-5AF8-4000-8E3D-3EDCEF1BC8D7.jpeg.cd800fe2b428aa20b540af6a3a2a22a6.jpeg?resize=940%2C705&#038;ssl=1\" alt=\"\" width=\"940\" height=\"705\" srcset=\"https:\/\/i0.wp.com\/pequod.nesodd1.no\/wp-content\/uploads\/2023\/06\/DA2E3F21-5AF8-4000-8E3D-3EDCEF1BC8D7.jpeg.cd800fe2b428aa20b540af6a3a2a22a6.jpeg?w=1000&amp;ssl=1 1000w, https:\/\/i0.wp.com\/pequod.nesodd1.no\/wp-content\/uploads\/2023\/06\/DA2E3F21-5AF8-4000-8E3D-3EDCEF1BC8D7.jpeg.cd800fe2b428aa20b540af6a3a2a22a6.jpeg?resize=300%2C225&amp;ssl=1 300w, https:\/\/i0.wp.com\/pequod.nesodd1.no\/wp-content\/uploads\/2023\/06\/DA2E3F21-5AF8-4000-8E3D-3EDCEF1BC8D7.jpeg.cd800fe2b428aa20b540af6a3a2a22a6.jpeg?resize=100%2C75&amp;ssl=1 100w, https:\/\/i0.wp.com\/pequod.nesodd1.no\/wp-content\/uploads\/2023\/06\/DA2E3F21-5AF8-4000-8E3D-3EDCEF1BC8D7.jpeg.cd800fe2b428aa20b540af6a3a2a22a6.jpeg?resize=768%2C576&amp;ssl=1 768w\" sizes=\"auto, (max-width: 940px) 100vw, 940px\" \/><\/a><\/p>\n<p>Kanskje ville det v\u00e6re passende \u00e5 flytte fra Nesodden neste h\u00f8st &#8211; etter at jeg har bodd her i 25 \u00e5r? Det er jo noe \u00e5 tenke p\u00e5. Men det er forel\u00f8pig bare tankespinn, jeg har ikke noen konkrete planer, derav ordet &laquo;flyttetanker&raquo; &#8211; ikke &laquo;flytteplaner&raquo; i tittelen&#8230;<\/p>\n<p>Dog har jeg tatt meg selv i \u00e5 sjekke finn.no en del det siste halv\u00e5ret for \u00e5 se hvordan boligmarkedet i Fredrikstad er. Det viktigste er dog mulighet for b\u00e5tplass i omr\u00e5det! F\u00e5r jeg ikke b\u00e5tplass er det ikke aktuelt \u00e5 flytte!!!<\/p>\n<p>&nbsp;<\/p>\n<p>&nbsp;<\/p>\n<h3>Related Images:<\/h3>","protected":false},"excerpt":{"rendered":"<p>Jeg har nok nevnt i noen innlegg tidligere at jeg har planer om \u00e5 forlate Nesodden etter hvert. Selv om jeg har vurdert flere steder p\u00e5 S\u00f8rlandet, tror jeg det er Fredrikstad som er n\u00e6rmest \u00e5 f\u00e5 meg som innbygger. Og det er ikke umulig at det kan skje tidligere enn jeg opprinnelig har tenkt. &hellip;<br \/><a href=\"https:\/\/pequod.nesodd1.no\/?p=28572\" class=\"more-link pen_element_default pen_icon_arrow_double\">Les<\/a><\/p>\n","protected":false},"author":1,"featured_media":28372,"comment_status":"open","ping_status":"open","sticky":false,"template":"","format":"standard","meta":{"_crdt_document":"","ngg_post_thumbnail":0,"jetpack_post_was_ever_published":false,"_jetpack_newsletter_access":"","_jetpack_dont_email_post_to_subs":false,"_jetpack_newsletter_tier_id":0,"_jetpack_memberships_contains_paywalled_content":false,"_jetpack_memberships_contains_paid_content":false,"footnotes":""},"categories":[3960,3,1043,3293,148],"tags":[3759,104,1321,3871,4155,1970,4157,217,1339,4156],"class_list":["post-28572","post","type-post","status-publish","format-standard","has-post-thumbnail","hentry","category-batliv","category-blogg","category-diverse","category-jobb","category-planlegging","tag-afp","tag-batplass","tag-flytte","tag-flytteplaner","tag-flyttetanker","tag-fredrikstad","tag-jobbturnus","tag-nesodden","tag-ostfold","tag-togpendling"],"jetpack_featured_media_url":"https:\/\/i0.wp.com\/pequod.nesodd1.no\/wp-content\/uploads\/2024\/04\/IMG_7140.jpeg.7d2597716abf620011bd5cf5b9543b5c.jpeg?fit=1000%2C750&ssl=1","jetpack_shortlink":"https:\/\/wp.me\/p3Zd9b-7qQ","jetpack_sharing_enabled":true,"jetpack_likes_enabled":true,"jetpack-related-posts":[],"_links":{"self":[{"href":"https:\/\/pequod.nesodd1.no\/index.php?rest_route=\/wp\/v2\/posts\/28572","targetHints":{"allow":["GET"]}}],"collection":[{"href":"https:\/\/pequod.nesodd1.no\/index.php?rest_route=\/wp\/v2\/posts"}],"about":[{"href":"https:\/\/pequod.nesodd1.no\/index.php?rest_route=\/wp\/v2\/types\/post"}],"author":[{"embeddable":true,"href":"https:\/\/pequod.nesodd1.no\/index.php?rest_route=\/wp\/v2\/users\/1"}],"replies":[{"embeddable":true,"href":"https:\/\/pequod.nesodd1.no\/index.php?rest_route=%2Fwp%2Fv2%2Fcomments&post=28572"}],"version-history":[{"count":12,"href":"https:\/\/pequod.nesodd1.no\/index.php?rest_route=\/wp\/v2\/posts\/28572\/revisions"}],"predecessor-version":[{"id":28684,"href":"https:\/\/pequod.nesodd1.no\/index.php?rest_route=\/wp\/v2\/posts\/28572\/revisions\/28684"}],"wp:featuredmedia":[{"embeddable":true,"href":"https:\/\/pequod.nesodd1.no\/index.php?rest_route=\/wp\/v2\/media\/28372"}],"wp:attachment":[{"href":"https:\/\/pequod.nesodd1.no\/index.php?rest_route=%2Fwp%2Fv2%2Fmedia&parent=28572"}],"wp:term":[{"taxonomy":"category","embeddable":true,"href":"https:\/\/pequod.nesodd1.no\/index.php?rest_route=%2Fwp%2Fv2%2Fcategories&post=28572"},{"taxonomy":"post_tag","embeddable":true,"href":"https:\/\/pequod.nesodd1.no\/index.php?rest_route=%2Fwp%2Fv2%2Ftags&post=28572"}],"curies":[{"name":"wp","href":"https:\/\/api.w.org\/{rel}","templated":true}]}}