{"id":28717,"date":"2024-06-21T09:50:59","date_gmt":"2024-06-21T07:50:59","guid":{"rendered":"https:\/\/pequod.nesodd1.no\/?p=28717"},"modified":"2024-06-20T23:52:55","modified_gmt":"2024-06-20T21:52:55","slug":"arets-forste-svensketokt-er-unnagjort","status":"publish","type":"post","link":"https:\/\/pequod.nesodd1.no\/?p=28717","title":{"rendered":"\u00c5rets f\u00f8rste svensketokt er unnagjort"},"content":{"rendered":"<p><strong>Mandag kveld denne uka kom jeg tilbake til hjemmehavna etter \u00e5 ha v\u00e6rt p\u00e5 tur siden 31. mai. Det ble totalt 18 dager p\u00e5 b\u00e5ttur. Men kontrasten til fjor\u00e5rets to uker i Sverige i juni er stor!<\/strong><!--more--><\/p>\n<p>Mens jeg i fjor var griseheldig med v\u00e6ret og hadde kun to dager med regnbyger og laveste dagstemperatur var 19 grader i l\u00f8pet av de 16 dagene jeg var p\u00e5 tur, ble fasiten i \u00e5r noe annerledes \u2026<\/p>\n<p>I l\u00f8pet av \u00e5rets tur p\u00e5 18 dager hadde jeg 11 dager med regn og kraftig vind (les:landligge) og fire dager med overskyet\/delvis overskyet. Kun tre hele dager med str\u00e5lende v\u00e6r! Laveste dagstemperatur var nede i 13 grader (og flere netter nede i ensifret temperatur).<\/p>\n<p>Mens jeg i fjor ikke hadde noen problemer med vinden, s\u00e5 ble det alts\u00e5 11 dager med \u00e5 ligge landfast og ikke komme meg videre \u2026 Fem dager i Hassel\u00f6sund, fire dager p\u00e5 Springet i Kungshamn (en halvtime fra Hassel\u00f6sund) og to dager mer enn planlagt i Str\u00f6mstad.<\/p>\n<p>I fjor kom jeg meg ned til K\u00e4ll\u00f6-Knippla og l\u00e5 fire dager der og to dager i Marstrand \u2013 men begge frivillig, ikke p\u00e5 grunn av v\u00e6ret! I \u00e5r kom jeg meg kun ned til Bohus-Malm\u00f6n litt s\u00f8r for Sm\u00f6gen.<\/p>\n<figure id=\"attachment_28723\" aria-describedby=\"caption-attachment-28723\" style=\"width: 1000px\" class=\"wp-caption aligncenter\"><a href=\"https:\/\/i0.wp.com\/pequod.nesodd1.no\/wp-content\/uploads\/2024\/06\/IMG_7951.jpeg.398f80cd76cad991343bf6d16c98254d.jpeg?ssl=1\"><img data-recalc-dims=\"1\" loading=\"lazy\" decoding=\"async\" data-attachment-id=\"28723\" data-permalink=\"https:\/\/pequod.nesodd1.no\/?attachment_id=28723\" data-orig-file=\"https:\/\/i0.wp.com\/pequod.nesodd1.no\/wp-content\/uploads\/2024\/06\/IMG_7951.jpeg.398f80cd76cad991343bf6d16c98254d.jpeg?fit=1000%2C750&amp;ssl=1\" data-orig-size=\"1000,750\" data-comments-opened=\"1\" data-image-meta=\"{&quot;aperture&quot;:&quot;0&quot;,&quot;credit&quot;:&quot;&quot;,&quot;camera&quot;:&quot;&quot;,&quot;caption&quot;:&quot;&quot;,&quot;created_timestamp&quot;:&quot;0&quot;,&quot;copyright&quot;:&quot;&quot;,&quot;focal_length&quot;:&quot;0&quot;,&quot;iso&quot;:&quot;0&quot;,&quot;shutter_speed&quot;:&quot;0&quot;,&quot;title&quot;:&quot;&quot;,&quot;orientation&quot;:&quot;0&quot;}\" data-image-title=\"IMG_7951.jpeg.398f80cd76cad991343bf6d16c98254d\" data-image-description=\"&lt;p&gt;Hassel\u00f6sund&lt;\/p&gt;\n\" data-image-caption=\"\" data-large-file=\"https:\/\/i0.wp.com\/pequod.nesodd1.no\/wp-content\/uploads\/2024\/06\/IMG_7951.jpeg.398f80cd76cad991343bf6d16c98254d.jpeg?fit=940%2C705&amp;ssl=1\" class=\"wp-image-28723 size-full\" src=\"https:\/\/i0.wp.com\/pequod.nesodd1.no\/wp-content\/uploads\/2024\/06\/IMG_7951.jpeg.398f80cd76cad991343bf6d16c98254d.jpeg?resize=940%2C705&#038;ssl=1\" alt=\"\" width=\"940\" height=\"705\" srcset=\"https:\/\/i0.wp.com\/pequod.nesodd1.no\/wp-content\/uploads\/2024\/06\/IMG_7951.jpeg.398f80cd76cad991343bf6d16c98254d.jpeg?w=1000&amp;ssl=1 1000w, https:\/\/i0.wp.com\/pequod.nesodd1.no\/wp-content\/uploads\/2024\/06\/IMG_7951.jpeg.398f80cd76cad991343bf6d16c98254d.jpeg?resize=300%2C225&amp;ssl=1 300w, https:\/\/i0.wp.com\/pequod.nesodd1.no\/wp-content\/uploads\/2024\/06\/IMG_7951.jpeg.398f80cd76cad991343bf6d16c98254d.jpeg?resize=100%2C75&amp;ssl=1 100w, https:\/\/i0.wp.com\/pequod.nesodd1.no\/wp-content\/uploads\/2024\/06\/IMG_7951.jpeg.398f80cd76cad991343bf6d16c98254d.jpeg?resize=768%2C576&amp;ssl=1 768w\" sizes=\"auto, (max-width: 940px) 100vw, 940px\" \/><\/a><figcaption id=\"caption-attachment-28723\" class=\"wp-caption-text\"><em>Ser ikke s\u00e5 ille ut her, men etter hvert ble det b\u00e5de kraftig vind og solid nedb\u00f8r i Hassel\u00f6sund!<\/em><\/figcaption><\/figure>\n<p>Slikt sett kan det fra utsiden (som jeg var inne p\u00e5 i innlegget mitt forrige fredag), synes som om jeg hadde noen elendige dager i b\u00e5ten, men det er ikke slik i praksis! Jeg hadde nemlig noen fantastiske dager p\u00e5 b\u00e5ttur! Jeg kom til det store utland \u2013 Sverige \u2013 hadde mange fine opplevelser og traff fine folk, og la til og med til i to nye havner! S\u00e5 jeg er alts\u00e5 veldig forn\u00f8yd likevel! Det viktigste er \u00e5 v\u00e6re p\u00e5 b\u00e5ttur!<\/p>\n<p>Det kan nok hende at jeg ville v\u00e6rt litt irritert over turen hvis dette var det eneste gangen jeg skulle til Sverige i \u00e5r \u2013 men det er jo slik at det kun er 46 dager igjen til jeg skal tilbake i samme retning, og da skal v\u00e6re ute p\u00e5 tur i nesten to m\u00e5neder! Og forh\u00e5pentligvis kommer meg til Danmark hvis v\u00e6ret er noe bedre enn de nesten tre ukene jeg var ute p\u00e5 tur denne gangen.<\/p>\n<p>Turen denne gangen ble alts\u00e5 avsluttet mandag etter at jeg l\u00e5 tre dager i Str\u00f6mstad f\u00f8r jeg fortsatte til Fredrikstad l\u00f8rdag morgen. Da tok jeg en litt annerledes rute enn jeg har gjort de siste gangene. Istedenfor \u00e5 dra \u00abinnover\u00bb langs Sekken til jeg rundet Brattholmen og inn til Fredrikstad over Mefjorden eller via Singl\u00f8ya, s\u00e5 dro jeg rett over Sekken via Herf\u00f8l.&nbsp;<\/p>\n<figure id=\"attachment_28724\" aria-describedby=\"caption-attachment-28724\" style=\"width: 1000px\" class=\"wp-caption aligncenter\"><a href=\"https:\/\/i0.wp.com\/pequod.nesodd1.no\/wp-content\/uploads\/2024\/06\/448549165_10159678401607032_3048651504070086423_n.jpg.1d81fb66ad122ddf60eee704fb8a8001.jpg?ssl=1\"><img data-recalc-dims=\"1\" loading=\"lazy\" decoding=\"async\" data-attachment-id=\"28724\" data-permalink=\"https:\/\/pequod.nesodd1.no\/?attachment_id=28724\" data-orig-file=\"https:\/\/i0.wp.com\/pequod.nesodd1.no\/wp-content\/uploads\/2024\/06\/448549165_10159678401607032_3048651504070086423_n.jpg.1d81fb66ad122ddf60eee704fb8a8001.jpg?fit=1000%2C750&amp;ssl=1\" data-orig-size=\"1000,750\" data-comments-opened=\"1\" data-image-meta=\"{&quot;aperture&quot;:&quot;0&quot;,&quot;credit&quot;:&quot;&quot;,&quot;camera&quot;:&quot;&quot;,&quot;caption&quot;:&quot;&quot;,&quot;created_timestamp&quot;:&quot;0&quot;,&quot;copyright&quot;:&quot;&quot;,&quot;focal_length&quot;:&quot;0&quot;,&quot;iso&quot;:&quot;0&quot;,&quot;shutter_speed&quot;:&quot;0&quot;,&quot;title&quot;:&quot;&quot;,&quot;orientation&quot;:&quot;0&quot;}\" data-image-title=\"448549165_10159678401607032_3048651504070086423_n.jpg.1d81fb66ad122ddf60eee704fb8a8001\" data-image-description=\"&lt;p&gt;Fredrikstad&lt;\/p&gt;\n\" data-image-caption=\"&lt;p&gt;P\u00e5 vei opp inn til Fredrikstad.&lt;\/p&gt;\n\" data-large-file=\"https:\/\/i0.wp.com\/pequod.nesodd1.no\/wp-content\/uploads\/2024\/06\/448549165_10159678401607032_3048651504070086423_n.jpg.1d81fb66ad122ddf60eee704fb8a8001.jpg?fit=940%2C705&amp;ssl=1\" class=\"size-full wp-image-28724\" src=\"https:\/\/i0.wp.com\/pequod.nesodd1.no\/wp-content\/uploads\/2024\/06\/448549165_10159678401607032_3048651504070086423_n.jpg.1d81fb66ad122ddf60eee704fb8a8001.jpg?resize=940%2C705&#038;ssl=1\" alt=\"\" width=\"940\" height=\"705\" srcset=\"https:\/\/i0.wp.com\/pequod.nesodd1.no\/wp-content\/uploads\/2024\/06\/448549165_10159678401607032_3048651504070086423_n.jpg.1d81fb66ad122ddf60eee704fb8a8001.jpg?w=1000&amp;ssl=1 1000w, https:\/\/i0.wp.com\/pequod.nesodd1.no\/wp-content\/uploads\/2024\/06\/448549165_10159678401607032_3048651504070086423_n.jpg.1d81fb66ad122ddf60eee704fb8a8001.jpg?resize=300%2C225&amp;ssl=1 300w, https:\/\/i0.wp.com\/pequod.nesodd1.no\/wp-content\/uploads\/2024\/06\/448549165_10159678401607032_3048651504070086423_n.jpg.1d81fb66ad122ddf60eee704fb8a8001.jpg?resize=100%2C75&amp;ssl=1 100w, https:\/\/i0.wp.com\/pequod.nesodd1.no\/wp-content\/uploads\/2024\/06\/448549165_10159678401607032_3048651504070086423_n.jpg.1d81fb66ad122ddf60eee704fb8a8001.jpg?resize=768%2C576&amp;ssl=1 768w\" sizes=\"auto, (max-width: 940px) 100vw, 940px\" \/><\/a><figcaption id=\"caption-attachment-28724\" class=\"wp-caption-text\"><em>P\u00e5 vei inn til Fredrikstad.<\/em><\/figcaption><\/figure>\n<p>Jeg hadde vurdert \u00e5 legge meg i Skj\u00e6rhalden hvis jeg hadde dratt fra Str\u00f6mstad p\u00e5 fredagen, men siden jeg ble liggende en ekstra natt i Str\u00f6mstad dro jeg forbi Skj\u00e6rhalden (der jeg ikke har ligget siden jeg hadde snekka), og videre innover Skj\u00e6rhaldfjorden til jeg kom ut i Mefjorden.<\/p>\n<p>Planen var opprinnelig \u00e5 legge meg ved siden av b\u00e5tkollega Eriks b\u00e5t i Vesterelva, men da jeg ikke fikk kontakt med ham og det ikke s\u00e5 ut til \u00e5 v\u00e6re noen om bord da jeg passerte, s\u00e5 fortsatte jeg til gjestehavna p\u00e5 V\u00e6rste. Det viste seg i ettertid at han hadde skrevet en melding til meg dagen f\u00f8r, men glemt \u00e5 trykke \u00absend\u00bb, s\u00e5 jeg fikk aldri beskjeden om at han likevel ikke ville v\u00e6re i b\u00e5ten denne l\u00f8rdagen.<\/p>\n<p>Jeg endte med \u00e5 legge meg p\u00e5 n\u00f8yaktig samme plass som jeg l\u00e5 p\u00e5 da jeg var innom gjestehavna i april. Det var nesten helt fullt ved flytebrygga i den gamle dokken, men glissent blant de nye b\u00e5sene som kom i fjor. Og denne gangen var det str\u00f8m i str\u00f8mstolpene \u2013 s\u00e5 da var det jo bare fryd og gammen! Jeg rakk til og med en tur p\u00e5 land for \u00e5 handle litt f\u00f8r regnet begynte \u00e5 p\u00f8se ned og bl\u00e5se kraftig resten av l\u00f8rdagen \u2026<\/p>\n<figure id=\"attachment_28725\" aria-describedby=\"caption-attachment-28725\" style=\"width: 1000px\" class=\"wp-caption aligncenter\"><a href=\"https:\/\/i0.wp.com\/pequod.nesodd1.no\/wp-content\/uploads\/2024\/06\/448548020_10159678401667032_8277532387199105993_n.jpg.3c4be432da07cf64ec7f9fa14eb2d7b7.jpg?ssl=1\"><img data-recalc-dims=\"1\" loading=\"lazy\" decoding=\"async\" data-attachment-id=\"28725\" data-permalink=\"https:\/\/pequod.nesodd1.no\/?attachment_id=28725\" data-orig-file=\"https:\/\/i0.wp.com\/pequod.nesodd1.no\/wp-content\/uploads\/2024\/06\/448548020_10159678401667032_8277532387199105993_n.jpg.3c4be432da07cf64ec7f9fa14eb2d7b7.jpg?fit=1000%2C750&amp;ssl=1\" data-orig-size=\"1000,750\" data-comments-opened=\"1\" data-image-meta=\"{&quot;aperture&quot;:&quot;0&quot;,&quot;credit&quot;:&quot;&quot;,&quot;camera&quot;:&quot;&quot;,&quot;caption&quot;:&quot;&quot;,&quot;created_timestamp&quot;:&quot;0&quot;,&quot;copyright&quot;:&quot;&quot;,&quot;focal_length&quot;:&quot;0&quot;,&quot;iso&quot;:&quot;0&quot;,&quot;shutter_speed&quot;:&quot;0&quot;,&quot;title&quot;:&quot;&quot;,&quot;orientation&quot;:&quot;0&quot;}\" data-image-title=\"448548020_10159678401667032_8277532387199105993_n.jpg.3c4be432da07cf64ec7f9fa14eb2d7b7\" data-image-description=\"\" data-image-caption=\"&lt;p&gt;\u00d8sp\u00f8s&amp;#8230;&lt;\/p&gt;\n\" data-large-file=\"https:\/\/i0.wp.com\/pequod.nesodd1.no\/wp-content\/uploads\/2024\/06\/448548020_10159678401667032_8277532387199105993_n.jpg.3c4be432da07cf64ec7f9fa14eb2d7b7.jpg?fit=940%2C705&amp;ssl=1\" class=\"size-full wp-image-28725\" src=\"https:\/\/i0.wp.com\/pequod.nesodd1.no\/wp-content\/uploads\/2024\/06\/448548020_10159678401667032_8277532387199105993_n.jpg.3c4be432da07cf64ec7f9fa14eb2d7b7.jpg?resize=940%2C705&#038;ssl=1\" alt=\"\" width=\"940\" height=\"705\" srcset=\"https:\/\/i0.wp.com\/pequod.nesodd1.no\/wp-content\/uploads\/2024\/06\/448548020_10159678401667032_8277532387199105993_n.jpg.3c4be432da07cf64ec7f9fa14eb2d7b7.jpg?w=1000&amp;ssl=1 1000w, https:\/\/i0.wp.com\/pequod.nesodd1.no\/wp-content\/uploads\/2024\/06\/448548020_10159678401667032_8277532387199105993_n.jpg.3c4be432da07cf64ec7f9fa14eb2d7b7.jpg?resize=300%2C225&amp;ssl=1 300w, https:\/\/i0.wp.com\/pequod.nesodd1.no\/wp-content\/uploads\/2024\/06\/448548020_10159678401667032_8277532387199105993_n.jpg.3c4be432da07cf64ec7f9fa14eb2d7b7.jpg?resize=100%2C75&amp;ssl=1 100w, https:\/\/i0.wp.com\/pequod.nesodd1.no\/wp-content\/uploads\/2024\/06\/448548020_10159678401667032_8277532387199105993_n.jpg.3c4be432da07cf64ec7f9fa14eb2d7b7.jpg?resize=768%2C576&amp;ssl=1 768w\" sizes=\"auto, (max-width: 940px) 100vw, 940px\" \/><\/a><figcaption id=\"caption-attachment-28725\" class=\"wp-caption-text\"><em>\u00d8sp\u00f8s \u2026<\/em><\/figcaption><\/figure>\n<p>Opprinnelig hadde jeg tenkt \u00e5 bli over til s\u00f8ndag og deretter fortsette p\u00e5 turen hjemover, men siden det skulle fortsette \u00e5 regne og bl\u00e5se kraftig ogs\u00e5 utover s\u00f8ndagen (12-13 meter i sekundet rundt Str\u00f8mtangen fristet ikke), valgte jeg derfor \u00e5 bli over til mandag. Riktignok stemte v\u00e6rmeldingen med at det skulle stilne og bli bedre p\u00e5 kvelden, men jeg hadde lyst \u00e5 f\u00e5 med meg EM-kampen i fotball mellom Serbia og England mens jeg l\u00e5 stille, og ikke var underveis og bare kunne f\u00f8lge halvveis med p\u00e5 kampen.<\/p>\n<p>Akkurat den beslutningen var jeg glad for da det tikket inn en melding p\u00e5 telefonen fra ei jente jeg gikk p\u00e5 folkeh\u00f8gskole med skole\u00e5ret 1983\u20131984 \u2013 alts\u00e5 for 40 \u00e5r siden! Hun er amerikansk og bor i USA, men har familie i Fredrikstad og eier et hus der sammen med s\u00f8steren sin. Hun var p\u00e5 bes\u00f8k i Fredrikstad og lurte p\u00e5 om hun kunne stikke bort og hilse p\u00e5. Med seg hadde hun ei norsk jente som ogs\u00e5 gikk p\u00e5 samme skole sammen med oss, og som hadde kommet til Fredrikstad for \u00e5 hilse p\u00e5 henne.<\/p>\n<figure id=\"attachment_28726\" aria-describedby=\"caption-attachment-28726\" style=\"width: 300px\" class=\"wp-caption alignleft\"><a href=\"https:\/\/i0.wp.com\/pequod.nesodd1.no\/wp-content\/uploads\/2024\/06\/448601617_10159681690167032_2249028625276977137_n.jpg?ssl=1\"><img data-recalc-dims=\"1\" loading=\"lazy\" decoding=\"async\" data-attachment-id=\"28726\" data-permalink=\"https:\/\/pequod.nesodd1.no\/?attachment_id=28726\" data-orig-file=\"https:\/\/i0.wp.com\/pequod.nesodd1.no\/wp-content\/uploads\/2024\/06\/448601617_10159681690167032_2249028625276977137_n.jpg?fit=2048%2C1536&amp;ssl=1\" data-orig-size=\"2048,1536\" data-comments-opened=\"1\" data-image-meta=\"{&quot;aperture&quot;:&quot;0&quot;,&quot;credit&quot;:&quot;&quot;,&quot;camera&quot;:&quot;&quot;,&quot;caption&quot;:&quot;&quot;,&quot;created_timestamp&quot;:&quot;0&quot;,&quot;copyright&quot;:&quot;&quot;,&quot;focal_length&quot;:&quot;0&quot;,&quot;iso&quot;:&quot;0&quot;,&quot;shutter_speed&quot;:&quot;0&quot;,&quot;title&quot;:&quot;&quot;,&quot;orientation&quot;:&quot;0&quot;}\" data-image-title=\"448601617_10159681690167032_2249028625276977137_n\" data-image-description=\"&lt;p&gt;Fredrikstad, Follo Folkeh\u00f8gskole, Lisa, berit&lt;\/p&gt;\n\" data-image-caption=\"&lt;p&gt;Hyggelig mine-reunion i b\u00e5ten!&lt;\/p&gt;\n\" data-large-file=\"https:\/\/i0.wp.com\/pequod.nesodd1.no\/wp-content\/uploads\/2024\/06\/448601617_10159681690167032_2249028625276977137_n.jpg?fit=940%2C705&amp;ssl=1\" class=\"wp-image-28726 size-medium\" src=\"https:\/\/i0.wp.com\/pequod.nesodd1.no\/wp-content\/uploads\/2024\/06\/448601617_10159681690167032_2249028625276977137_n.jpg?resize=300%2C225&#038;ssl=1\" alt=\"\" width=\"300\" height=\"225\" srcset=\"https:\/\/i0.wp.com\/pequod.nesodd1.no\/wp-content\/uploads\/2024\/06\/448601617_10159681690167032_2249028625276977137_n.jpg?resize=300%2C225&amp;ssl=1 300w, https:\/\/i0.wp.com\/pequod.nesodd1.no\/wp-content\/uploads\/2024\/06\/448601617_10159681690167032_2249028625276977137_n.jpg?resize=1024%2C768&amp;ssl=1 1024w, https:\/\/i0.wp.com\/pequod.nesodd1.no\/wp-content\/uploads\/2024\/06\/448601617_10159681690167032_2249028625276977137_n.jpg?resize=100%2C75&amp;ssl=1 100w, https:\/\/i0.wp.com\/pequod.nesodd1.no\/wp-content\/uploads\/2024\/06\/448601617_10159681690167032_2249028625276977137_n.jpg?resize=768%2C576&amp;ssl=1 768w, https:\/\/i0.wp.com\/pequod.nesodd1.no\/wp-content\/uploads\/2024\/06\/448601617_10159681690167032_2249028625276977137_n.jpg?resize=1536%2C1152&amp;ssl=1 1536w, https:\/\/i0.wp.com\/pequod.nesodd1.no\/wp-content\/uploads\/2024\/06\/448601617_10159681690167032_2249028625276977137_n.jpg?w=2048&amp;ssl=1 2048w, https:\/\/i0.wp.com\/pequod.nesodd1.no\/wp-content\/uploads\/2024\/06\/448601617_10159681690167032_2249028625276977137_n.jpg?w=1880&amp;ssl=1 1880w\" sizes=\"auto, (max-width: 300px) 100vw, 300px\" \/><\/a><figcaption id=\"caption-attachment-28726\" class=\"wp-caption-text\"><em>Hyggelig mine-reunion i b\u00e5ten!<\/em><\/figcaption><\/figure>\n<p>Jeg s\u00e5 dem vel sist for rundt 10\u201312 \u00e5r siden, da vi spiste middag sammen hos en annen fra folkeh\u00f8gskolen som ogs\u00e5 bor p\u00e5 Nesodden som meg, men det var jo uansett en god stund siden!<\/p>\n<p>S\u00e5 da kom de om bord p\u00e5 bes\u00f8k og vi hadde en koselig prat med oppdatering p\u00e5 hva vi holdt p\u00e5 med og mimring fra folkeh\u00f8yskole\u00e5ret p\u00e5 Follo Folkeh\u00f8gskole. I ettertid kom jeg p\u00e5 at jeg jo kunne ha invitert dem p\u00e5 en b\u00e5ttur oppover elva og satt dem av ved Solveigs Pizza siden huset hennes ikke er s\u00e5 langt derfra, men det tenkte jeg p\u00e5 altfor sent! Men uansett et veldig hyggelig bes\u00f8k!<\/p>\n<p>Mandag startet jeg p\u00e5 den siste etappen hjemover. Siden jeg skulle p\u00e5 jobb tirsdag bet\u00f8d dette at jeg m\u00e5tte dra fra Fredrikstad til Nesodden i \u00e9n jafs. Jeg tok en kort avstikker til dieselpumpa som ligger like ved gjestehavna (ved bobilparkeringen og servicebygget) og tanket opp litt. Jeg hadde ganske lite igjen p\u00e5 tanken ettersom jeg pr\u00f8ver \u00e5 unng\u00e5 \u00e5 tanke i Sverige hvis jeg kan unng\u00e5 det, og prisen i Fredrikstad for b\u00e5tdiesel er heldigvis p\u00e5 et mer behagelig niv\u00e5 enn blant broderfolket \u2026<\/p>\n<p>Selv om jeg skulle langt, s\u00e5 hadde jeg det ikke travelt. s\u00e5 jeg t\u00f8ffet ut fra Fredrikstad i mitt sedvanlige kosetempo, som vel s\u00e5 vidt er litt over snekkefart. Lera ved Str\u00f8mtangen kan v\u00e6re en utfordring med sv\u00e6rt rotete sj\u00f8, og etter to dager med mye vind var det ganske rotete ogs\u00e5 denne gangen. Men b\u00f8lgene kom rett mot meg p\u00e5 vei ut, og etter \u00e5 ha rundet Str\u00f8mtangen og tatt indre lei, s\u00e5 gikk det helt fint. Har passert over Lera i langt mer utfordrende forhold enn jeg gjorde p\u00e5 mandag.<\/p>\n<figure id=\"attachment_28727\" aria-describedby=\"caption-attachment-28727\" style=\"width: 1000px\" class=\"wp-caption aligncenter\"><a href=\"https:\/\/i0.wp.com\/pequod.nesodd1.no\/wp-content\/uploads\/2024\/06\/448549007_10159681690187032_3183245439808027207_n.jpg.d1ea210ce2c0ab7354efccf109c65466.jpg?ssl=1\"><img data-recalc-dims=\"1\" loading=\"lazy\" decoding=\"async\" data-attachment-id=\"28727\" data-permalink=\"https:\/\/pequod.nesodd1.no\/?attachment_id=28727\" data-orig-file=\"https:\/\/i0.wp.com\/pequod.nesodd1.no\/wp-content\/uploads\/2024\/06\/448549007_10159681690187032_3183245439808027207_n.jpg.d1ea210ce2c0ab7354efccf109c65466.jpg?fit=1000%2C750&amp;ssl=1\" data-orig-size=\"1000,750\" data-comments-opened=\"1\" data-image-meta=\"{&quot;aperture&quot;:&quot;0&quot;,&quot;credit&quot;:&quot;&quot;,&quot;camera&quot;:&quot;&quot;,&quot;caption&quot;:&quot;&quot;,&quot;created_timestamp&quot;:&quot;0&quot;,&quot;copyright&quot;:&quot;&quot;,&quot;focal_length&quot;:&quot;0&quot;,&quot;iso&quot;:&quot;0&quot;,&quot;shutter_speed&quot;:&quot;0&quot;,&quot;title&quot;:&quot;&quot;,&quot;orientation&quot;:&quot;0&quot;}\" data-image-title=\"448549007_10159681690187032_3183245439808027207_n.jpg.d1ea210ce2c0ab7354efccf109c65466\" data-image-description=\"&lt;p&gt;Lera,Fredrikstad, Str\u00f8mtangen&lt;\/p&gt;\n\" data-image-caption=\"&lt;p&gt;Helt OK over Lera.&lt;\/p&gt;\n\" data-large-file=\"https:\/\/i0.wp.com\/pequod.nesodd1.no\/wp-content\/uploads\/2024\/06\/448549007_10159681690187032_3183245439808027207_n.jpg.d1ea210ce2c0ab7354efccf109c65466.jpg?fit=940%2C705&amp;ssl=1\" class=\"size-full wp-image-28727\" src=\"https:\/\/i0.wp.com\/pequod.nesodd1.no\/wp-content\/uploads\/2024\/06\/448549007_10159681690187032_3183245439808027207_n.jpg.d1ea210ce2c0ab7354efccf109c65466.jpg?resize=940%2C705&#038;ssl=1\" alt=\"\" width=\"940\" height=\"705\" srcset=\"https:\/\/i0.wp.com\/pequod.nesodd1.no\/wp-content\/uploads\/2024\/06\/448549007_10159681690187032_3183245439808027207_n.jpg.d1ea210ce2c0ab7354efccf109c65466.jpg?w=1000&amp;ssl=1 1000w, https:\/\/i0.wp.com\/pequod.nesodd1.no\/wp-content\/uploads\/2024\/06\/448549007_10159681690187032_3183245439808027207_n.jpg.d1ea210ce2c0ab7354efccf109c65466.jpg?resize=300%2C225&amp;ssl=1 300w, https:\/\/i0.wp.com\/pequod.nesodd1.no\/wp-content\/uploads\/2024\/06\/448549007_10159681690187032_3183245439808027207_n.jpg.d1ea210ce2c0ab7354efccf109c65466.jpg?resize=100%2C75&amp;ssl=1 100w, https:\/\/i0.wp.com\/pequod.nesodd1.no\/wp-content\/uploads\/2024\/06\/448549007_10159681690187032_3183245439808027207_n.jpg.d1ea210ce2c0ab7354efccf109c65466.jpg?resize=768%2C576&amp;ssl=1 768w\" sizes=\"auto, (max-width: 940px) 100vw, 940px\" \/><\/a><figcaption id=\"caption-attachment-28727\" class=\"wp-caption-text\">Helt OK over Lera.<\/figcaption><\/figure>\n<p>Deretter ble det indre lei via Hank\u00f8sundet, gjennom kanalen i Moss og Mossesundet og inn Dr\u00f8baksundet under stadig bedre forhold med litt solgl\u00f8tt p\u00e5 slutten av turen ogs\u00e5.<\/p>\n<p>Totalt ble det en tur p\u00e5 sju timer og femti minutter inkludert oppholdet med tanking helt i begynnelsen. L\u00f8rdag var det meningen at St. Hans-helga skulle markeres med en tur p\u00e5 fjorden med eks-rederinnen og et vennepar. Sannsynligvis er det vel fullt i havnene rundt H\u00e5\u00f8ya, men jeg har et sted vi kanskje kan legge til som ikke alle benytter, s\u00e5 vi f\u00e5r se. Loff og reker st\u00e5r i alle fall p\u00e5 menyen, s\u00e5 det blir nok en koselig dag. V\u00e6rmeldingene i det siste har imidlertid v\u00e6rt noe varierende, og i skrivende stund ser det ikke s\u00e5 lovende ut, s\u00e5 det kan hende planene blir gjort om p\u00e5!<\/p>\n<p>S\u00f8ndag blir det fotballkamp med V\u00e5lerenga f\u00f8r OBOS-ligaen tar sommerferie, og allerede mandag eller tirsdag setter jeg kursen mot Fredrikstad igjen, ettersom jeg har tatt ut noen feriedager den uka. Da skal jeg f\u00e5 hjelp til \u00e5 f\u00e5 st\u00f8pt en \u00f8delagt kant til vindusluka i forkabinen. Kanskje blir det en svipptur til Sverige igjen etterp\u00e5? Deretter er planen \u00e5 jobbe litt i hjemmehavna med \u00e5 f\u00e5 forkabinen klar til bruk med liming av isolasjon og nytt skrogtrekk!<\/p>\n<p>Jeg har ogs\u00e5 en friuke i juli som nok skal brukes til b\u00e5tturer f\u00f8r det braker l\u00f8s med hovedb\u00e5tferien i august!<\/p>\n<h3>Related Images:<\/h3>","protected":false},"excerpt":{"rendered":"<p>Mandag kveld denne uka kom jeg tilbake til hjemmehavna etter \u00e5 ha v\u00e6rt p\u00e5 tur siden 31. mai. Det ble totalt 18 dager p\u00e5 b\u00e5ttur. Men kontrasten til fjor\u00e5rets to uker i Sverige i juni er stor! Related Images:<\/p>\n","protected":false},"author":1,"featured_media":28720,"comment_status":"open","ping_status":"open","sticky":false,"template":"","format":"standard","meta":{"_crdt_document":"","ngg_post_thumbnail":0,"jetpack_post_was_ever_published":false,"_jetpack_newsletter_access":"","_jetpack_dont_email_post_to_subs":false,"_jetpack_newsletter_tier_id":0,"_jetpack_memberships_contains_paywalled_content":false,"_jetpack_memberships_contains_paid_content":false,"footnotes":""},"categories":[3960,3,2423,4,8],"tags":[3159,931,934,1076,3001,123],"class_list":["post-28717","post","type-post","status-publish","format-standard","has-post-thumbnail","hentry","category-batliv","category-blogg","category-helse","category-tur","category-vaer","tag-folkehogskole","tag-planlegging-2","tag-sverige","tag-sverigetur","tag-usa","tag-vaer-2"],"jetpack_featured_media_url":"https:\/\/i0.wp.com\/pequod.nesodd1.no\/wp-content\/uploads\/2024\/06\/IMG_8442-scaled.jpg?fit=2560%2C1440&ssl=1","jetpack_shortlink":"https:\/\/wp.me\/p3Zd9b-7tb","jetpack_sharing_enabled":true,"jetpack_likes_enabled":true,"jetpack-related-posts":[],"_links":{"self":[{"href":"https:\/\/pequod.nesodd1.no\/index.php?rest_route=\/wp\/v2\/posts\/28717","targetHints":{"allow":["GET"]}}],"collection":[{"href":"https:\/\/pequod.nesodd1.no\/index.php?rest_route=\/wp\/v2\/posts"}],"about":[{"href":"https:\/\/pequod.nesodd1.no\/index.php?rest_route=\/wp\/v2\/types\/post"}],"author":[{"embeddable":true,"href":"https:\/\/pequod.nesodd1.no\/index.php?rest_route=\/wp\/v2\/users\/1"}],"replies":[{"embeddable":true,"href":"https:\/\/pequod.nesodd1.no\/index.php?rest_route=%2Fwp%2Fv2%2Fcomments&post=28717"}],"version-history":[{"count":6,"href":"https:\/\/pequod.nesodd1.no\/index.php?rest_route=\/wp\/v2\/posts\/28717\/revisions"}],"predecessor-version":[{"id":28729,"href":"https:\/\/pequod.nesodd1.no\/index.php?rest_route=\/wp\/v2\/posts\/28717\/revisions\/28729"}],"wp:featuredmedia":[{"embeddable":true,"href":"https:\/\/pequod.nesodd1.no\/index.php?rest_route=\/wp\/v2\/media\/28720"}],"wp:attachment":[{"href":"https:\/\/pequod.nesodd1.no\/index.php?rest_route=%2Fwp%2Fv2%2Fmedia&parent=28717"}],"wp:term":[{"taxonomy":"category","embeddable":true,"href":"https:\/\/pequod.nesodd1.no\/index.php?rest_route=%2Fwp%2Fv2%2Fcategories&post=28717"},{"taxonomy":"post_tag","embeddable":true,"href":"https:\/\/pequod.nesodd1.no\/index.php?rest_route=%2Fwp%2Fv2%2Ftags&post=28717"}],"curies":[{"name":"wp","href":"https:\/\/api.w.org\/{rel}","templated":true}]}}