{"id":29728,"date":"2024-11-25T10:01:45","date_gmt":"2024-11-25T09:01:45","guid":{"rendered":"https:\/\/pequod.nesodd1.no\/?p=29728"},"modified":"2024-11-23T15:23:03","modified_gmt":"2024-11-23T14:23:03","slug":"ingen-forjulstur-til-sverige-denne-gangen-heller","status":"publish","type":"post","link":"https:\/\/pequod.nesodd1.no\/?p=29728","title":{"rendered":"Ingen f\u00f8rjulstur til Sverige denne gangen heller"},"content":{"rendered":"<p><strong>Jeg har nevnt i noen innlegg at jeg hadde lyst til \u00e5 f\u00e5 tatt en f\u00f8rjulstur til Str\u00f6mstad med b\u00e5ten, slik jeg gjorde i desember 2022. Men etter nok en amputasjon for en dr\u00f8y uke siden, m\u00e5 nok den planen skrinlegges.<\/strong><!--more--><\/p>\n<p>Jeg hadde jo planer om \u00e5 gjenta suksessen fra 2022 i desember i fjor, men da satte v\u00e6ret en stopper for turen. Og denne gangen er det helsa som setter foten ned \u2013 om jeg kan bruke det uttrykket! \ud83d\ude00 (P\u00e5 den annen side, om det er noen som KAN bruke det uttrykket, s\u00e5 er det jo meg!!!)<\/p>\n<p>Jeg amputerte jo en ny t\u00e5 fredag 15. november, og jeg skal ikke bruke foten (som n\u00e5 kun har to t\u00e6r igjen) nevneverdig mye i alle fall fram til midten av desember. Jeg er sykmeldt ut denne m\u00e5neden, og blir nok sykmeldt minst en uke til, f\u00f8r jeg kan begynne litt forsiktig med noen dager med hjemmekontor.<\/p>\n<figure id=\"attachment_29731\" aria-describedby=\"caption-attachment-29731\" style=\"width: 243px\" class=\"wp-caption alignleft\"><a href=\"https:\/\/i0.wp.com\/pequod.nesodd1.no\/wp-content\/uploads\/2024\/11\/IMG_3668sml.jpg?ssl=1\"><img data-recalc-dims=\"1\" loading=\"lazy\" decoding=\"async\" data-attachment-id=\"29731\" data-permalink=\"https:\/\/pequod.nesodd1.no\/?attachment_id=29731\" data-orig-file=\"https:\/\/i0.wp.com\/pequod.nesodd1.no\/wp-content\/uploads\/2024\/11\/IMG_3668sml.jpg?fit=600%2C741&amp;ssl=1\" data-orig-size=\"600,741\" data-comments-opened=\"1\" data-image-meta=\"{&quot;aperture&quot;:&quot;0&quot;,&quot;credit&quot;:&quot;&quot;,&quot;camera&quot;:&quot;&quot;,&quot;caption&quot;:&quot;&quot;,&quot;created_timestamp&quot;:&quot;1732144851&quot;,&quot;copyright&quot;:&quot;&quot;,&quot;focal_length&quot;:&quot;0&quot;,&quot;iso&quot;:&quot;0&quot;,&quot;shutter_speed&quot;:&quot;0&quot;,&quot;title&quot;:&quot;&quot;,&quot;orientation&quot;:&quot;1&quot;}\" data-image-title=\"IMG_3668sml\" data-image-description=\"&lt;p&gt;blomster, fot, plater&lt;\/p&gt;\n\" data-image-caption=\"&lt;p&gt;Dagene framover tilbringes stort sett i denne posisjonen&amp;#8230;&lt;\/p&gt;\n\" data-large-file=\"https:\/\/i0.wp.com\/pequod.nesodd1.no\/wp-content\/uploads\/2024\/11\/IMG_3668sml.jpg?fit=600%2C741&amp;ssl=1\" class=\"wp-image-29731 size-medium\" src=\"https:\/\/i0.wp.com\/pequod.nesodd1.no\/wp-content\/uploads\/2024\/11\/IMG_3668sml.jpg?resize=243%2C300&#038;ssl=1\" alt=\"\" width=\"243\" height=\"300\" srcset=\"https:\/\/i0.wp.com\/pequod.nesodd1.no\/wp-content\/uploads\/2024\/11\/IMG_3668sml.jpg?resize=243%2C300&amp;ssl=1 243w, https:\/\/i0.wp.com\/pequod.nesodd1.no\/wp-content\/uploads\/2024\/11\/IMG_3668sml.jpg?resize=65%2C80&amp;ssl=1 65w, https:\/\/i0.wp.com\/pequod.nesodd1.no\/wp-content\/uploads\/2024\/11\/IMG_3668sml.jpg?w=600&amp;ssl=1 600w\" sizes=\"auto, (max-width: 243px) 100vw, 243px\" \/><\/a><figcaption id=\"caption-attachment-29731\" class=\"wp-caption-text\"><em>Dagene framover tilbringes stort sett i denne posisjonen \u2026<\/em><\/figcaption><\/figure>\n<p>Siste uka f\u00f8r jul jobber jeg uansett natt, og da er det jo ikke aktuelt \u00e5 dra p\u00e5 tur.<\/p>\n<p>Rent konkret kan det v\u00e6re mulig for meg \u00e5 ta en slik tur de fridagene jeg har l\u00f8rdag 7.12 til og med tirsdag 10. desember (planen er \u00e5 begynne \u00e5 jobbe litt forsiktig hjemme fra de tre p\u00e5f\u00f8lgende dagene), men om det er lurt er en helt annen sak! Men jeg er jo alltid optimistisk, s\u00e5 jeg holder muligheten \u00e5pen inntil videre, selv om jeg vel tror det kun er rundt 10 prosents sjanse for at det skjer \u2026<\/p>\n<p>Inngrepet i \u00e5r er en god del annerledes enn situasjonen i 2022, da infeksjonen som f\u00f8rte til at t\u00e5a m\u00e5tte fjernes var mye hissigere og hadde kommet mye lenger f\u00f8r det ble tatt aff\u00e6re enn denne gangen. S\u00e5 mens jeg vel var p\u00e5 sidelinjen i omtrent to m\u00e5neder i 2022, s\u00e5 blir det knappe m\u00e5neden i \u00e5r. Jeg har mistet en t\u00e5 til, men den ble tatt mye tidligere og s\u00e5rhelingen g\u00e5r mye raskere ettersom diabetesen og blodsukkerniv\u00e5et er veldig mye bedre kontrollert og stabilt enn tilfellet var for nesten to og et halvt \u00e5r siden.<\/p>\n<p>Men det er ingen grunn til \u00e5 utfordre skjebnen. Jeg skal i tillegg reise bort b\u00e5de til jul (Halden) og i nytt\u00e5rshelga (Nice), s\u00e5 \u00e5 ta sjansen p\u00e5 at det g\u00e5r bra med en lengre b\u00e5ttur like f\u00f8r, er ikke \u00e5 anbefale. Selv om det ikke blir mye belastning av foten ved \u00e5 sitte bak rattet i b\u00e5ten noen dager, s\u00e5 tror jeg heller at jeg kan benytte anledningen, hvis v\u00e6ret tillater, til \u00e5 ta en tur eller to innerst i Oslofjorden istedenfor. Det ville jo v\u00e6rt greit \u00e5 f\u00e5 tatt en tur igjen.<\/p>\n<p>De siste dagene har det jo v\u00e6rt nydelig b\u00e5tv\u00e6r med stille sj\u00f8 og bl\u00e5 himmel (men ganske s\u00e5 kaldt), s\u00e5 hadde det ikke v\u00e6rt for foten ville jeg antakelig benyttet sjansen til en tur utp\u00e5.<\/p>\n<p>Den f\u00f8rjulsturen f\u00e5r jeg heller pr\u00f8ve p\u00e5 neste jul!<\/p>\n<p>Jeg har ikke v\u00e6rt nede i b\u00e5ten siden dagen f\u00f8r amputasjonen, men jeg sjekket fort\u00f8yninger og satte p\u00e5 varme, s\u00e5 alt skal v\u00e6re i orden der n\u00e5 som kuldegradene begynner \u00e5 komme. Det blir nok ingen ny kontroll om bord f\u00f8r tidligst i begynnelsen av desember. Jeg skal f\u00e5 st\u00f8pt en ny fotseng (spesials\u00e5le) 2. desember, og inntil den er klar kan jeg i praksis ikke g\u00e5 noe mer enn h\u00f8yst n\u00f8dvendig med foten.<\/p>\n<p>Jeg kan ikke benytte den fotsengen som jeg har n\u00e5, da den er st\u00f8pt og tilpasset en fot med tre t\u00e6r og dermed m\u00e5 benyttes s\u00e5 lite som mulig. Jeg har f\u00e5tt en egen spesialsandal som jeg kan benytte n\u00e5r jeg er innend\u00f8rs \u2013 men den er helt flat og har en hard s\u00e5le \u2013 og egner seg ikke til \u00e5 bruke utend\u00f8rs i minusgrader! De f\u00e5 gangene jeg g\u00e5r med foten n\u00e5, m\u00e5 jeg legge all vekt p\u00e5 h\u00e6len, s\u00e5 en del praktiske gj\u00f8rem\u00e5l m\u00e5 utsettes inntil jeg f\u00e5r en ny fotseng som avlaster t\u00e6r og s\u00e5r p\u00e5 riktig m\u00e5te.<\/p>\n<p>Mye sykdomsprat i dette innlegget, men slik blir det! Heldigvis er formen bra ellers, men det blir mye TV-streaming og \u00f8vrig nettbruk liggende i sofaen \u2026 Pluss lesing av b\u00f8ker!<\/p>\n<p>&nbsp;<\/p>\n<h3>Related Images:<\/h3>","protected":false},"excerpt":{"rendered":"<p>Jeg har nevnt i noen innlegg at jeg hadde lyst til \u00e5 f\u00e5 tatt en f\u00f8rjulstur til Str\u00f6mstad med b\u00e5ten, slik jeg gjorde i desember 2022. Men etter nok en amputasjon for en dr\u00f8y uke siden, m\u00e5 nok den planen skrinlegges. Related Images:<\/p>\n","protected":false},"author":1,"featured_media":25737,"comment_status":"open","ping_status":"open","sticky":false,"template":"","format":"standard","meta":{"_crdt_document":"","ngg_post_thumbnail":0,"jetpack_post_was_ever_published":false,"_jetpack_newsletter_access":"","_jetpack_dont_email_post_to_subs":false,"_jetpack_newsletter_tier_id":0,"_jetpack_memberships_contains_paywalled_content":false,"_jetpack_memberships_contains_paid_content":false,"footnotes":""},"categories":[3960,3,1043,2423,3263],"tags":[4248,112,4097,1346,149],"class_list":["post-29728","post","type-post","status-publish","format-standard","has-post-thumbnail","hentry","category-batliv","category-blogg","category-diverse","category-helse","category-sykdom-og-helse","tag-amputasjon-landligge","tag-battur","tag-juletur","tag-operasjon","tag-planer"],"jetpack_featured_media_url":"https:\/\/i0.wp.com\/pequod.nesodd1.no\/wp-content\/uploads\/2022\/12\/317368541_10158761123582032_3464838067461116887_n.jpg?fit=960%2C720&ssl=1","jetpack_shortlink":"https:\/\/wp.me\/p3Zd9b-7Ju","jetpack_sharing_enabled":true,"jetpack_likes_enabled":true,"jetpack-related-posts":[],"_links":{"self":[{"href":"https:\/\/pequod.nesodd1.no\/index.php?rest_route=\/wp\/v2\/posts\/29728","targetHints":{"allow":["GET"]}}],"collection":[{"href":"https:\/\/pequod.nesodd1.no\/index.php?rest_route=\/wp\/v2\/posts"}],"about":[{"href":"https:\/\/pequod.nesodd1.no\/index.php?rest_route=\/wp\/v2\/types\/post"}],"author":[{"embeddable":true,"href":"https:\/\/pequod.nesodd1.no\/index.php?rest_route=\/wp\/v2\/users\/1"}],"replies":[{"embeddable":true,"href":"https:\/\/pequod.nesodd1.no\/index.php?rest_route=%2Fwp%2Fv2%2Fcomments&post=29728"}],"version-history":[{"count":5,"href":"https:\/\/pequod.nesodd1.no\/index.php?rest_route=\/wp\/v2\/posts\/29728\/revisions"}],"predecessor-version":[{"id":29734,"href":"https:\/\/pequod.nesodd1.no\/index.php?rest_route=\/wp\/v2\/posts\/29728\/revisions\/29734"}],"wp:featuredmedia":[{"embeddable":true,"href":"https:\/\/pequod.nesodd1.no\/index.php?rest_route=\/wp\/v2\/media\/25737"}],"wp:attachment":[{"href":"https:\/\/pequod.nesodd1.no\/index.php?rest_route=%2Fwp%2Fv2%2Fmedia&parent=29728"}],"wp:term":[{"taxonomy":"category","embeddable":true,"href":"https:\/\/pequod.nesodd1.no\/index.php?rest_route=%2Fwp%2Fv2%2Fcategories&post=29728"},{"taxonomy":"post_tag","embeddable":true,"href":"https:\/\/pequod.nesodd1.no\/index.php?rest_route=%2Fwp%2Fv2%2Ftags&post=29728"}],"curies":[{"name":"wp","href":"https:\/\/api.w.org\/{rel}","templated":true}]}}