{"id":31145,"date":"2026-01-27T12:12:30","date_gmt":"2026-01-27T11:12:30","guid":{"rendered":"https:\/\/pequod.nesodd1.no\/?p=31145"},"modified":"2026-01-27T11:48:40","modified_gmt":"2026-01-27T10:48:40","slug":"arsoppsummering-2025-arets-oppturer","status":"publish","type":"post","link":"https:\/\/pequod.nesodd1.no\/?p=31145","title":{"rendered":"\u00c5rsoppsummering 2025: \u00c5rets oppturer"},"content":{"rendered":"<p><strong>Det er alltid hyggelig \u00e5 skrive om de gode opplevelsene man har som b\u00e5teier, selv om de d\u00e5rlige opplevelsene av og til overskygger for de gode minnene. Heldigvis inneholdt b\u00e5tsesongen 2025 mest av det siste.<\/strong><!--more--><\/p>\n<p>I fjor var jo den st\u00f8rste nedturen endringen i jobbsituasjonen og ny turnus som hadde som direkte konsekvens at det ble f\u00e6rre og kortere b\u00e5tturer p\u00e5 meg, men til tross for det hadde sesongen nok av oppturer ogs\u00e5!<\/p>\n<p>Uten at jeg rangerer dem p\u00e5 noen m\u00e5te s\u00e5 vil jeg f\u00f8rst nevne erfaringene jeg fikk med innkj\u00f8p av en Ecoflow. Den oppturen er jo ikke direkte relatert til en opplevelse, slik som de andre oppturene er, men den har likevel s\u00e5 mye \u00e5 si for opplevelsen av \u00e5 v\u00e6re p\u00e5 tur at jeg tar den med likevel!<\/p>\n<figure id=\"attachment_30548\" aria-describedby=\"caption-attachment-30548\" style=\"width: 225px\" class=\"wp-caption alignleft\"><a href=\"https:\/\/i0.wp.com\/pequod.nesodd1.no\/wp-content\/uploads\/2025\/07\/IMG_3336-rotated.jpg?ssl=1\"><img data-recalc-dims=\"1\" loading=\"lazy\" decoding=\"async\" data-attachment-id=\"30548\" data-permalink=\"https:\/\/pequod.nesodd1.no\/?attachment_id=30548\" data-orig-file=\"https:\/\/i0.wp.com\/pequod.nesodd1.no\/wp-content\/uploads\/2025\/07\/IMG_3336-rotated.jpg?fit=400%2C533&amp;ssl=1\" data-orig-size=\"400,533\" data-comments-opened=\"1\" data-image-meta=\"{&quot;aperture&quot;:&quot;0&quot;,&quot;credit&quot;:&quot;&quot;,&quot;camera&quot;:&quot;&quot;,&quot;caption&quot;:&quot;&quot;,&quot;created_timestamp&quot;:&quot;1752858991&quot;,&quot;copyright&quot;:&quot;&quot;,&quot;focal_length&quot;:&quot;0&quot;,&quot;iso&quot;:&quot;0&quot;,&quot;shutter_speed&quot;:&quot;0&quot;,&quot;title&quot;:&quot;&quot;,&quot;orientation&quot;:&quot;1&quot;}\" data-image-title=\"IMG_3336\" data-image-description=\"&lt;p&gt;solcelle, lading, ecoflow&lt;\/p&gt;\n\" data-image-caption=\"&lt;p&gt;Klar til \u00e5 lades med solceller.&lt;\/p&gt;\n\" data-large-file=\"https:\/\/i0.wp.com\/pequod.nesodd1.no\/wp-content\/uploads\/2025\/07\/IMG_3336-rotated.jpg?fit=400%2C533&amp;ssl=1\" class=\"wp-image-30548 size-medium\" src=\"https:\/\/i0.wp.com\/pequod.nesodd1.no\/wp-content\/uploads\/2025\/07\/IMG_3336.jpg?resize=225%2C300&#038;ssl=1\" alt=\"\" width=\"225\" height=\"300\" srcset=\"https:\/\/i0.wp.com\/pequod.nesodd1.no\/wp-content\/uploads\/2025\/07\/IMG_3336-rotated.jpg?resize=225%2C300&amp;ssl=1 225w, https:\/\/i0.wp.com\/pequod.nesodd1.no\/wp-content\/uploads\/2025\/07\/IMG_3336-rotated.jpg?resize=60%2C80&amp;ssl=1 60w, https:\/\/i0.wp.com\/pequod.nesodd1.no\/wp-content\/uploads\/2025\/07\/IMG_3336-rotated.jpg?w=400&amp;ssl=1 400w\" sizes=\"auto, (max-width: 225px) 100vw, 225px\" \/><\/a><figcaption id=\"caption-attachment-30548\" class=\"wp-caption-text\"><em>Gode erfaringer med denne!<\/em><\/figcaption><\/figure>\n<p>Det jeg snakker om er avgj\u00f8relsen, som egentlig har ligget litt latent i bakhodet siden jeg kj\u00f8pte b\u00e5ten, om \u00e5 demontere gassanlegget om bord og satse p\u00e5 en alternativ energikilde. Jeg har jo skrevet flere innlegg tidligere om hvor utrygg jeg har f\u00f8lt meg ved \u00e5 bruke gass om bord, spesielt med tanke p\u00e5 at b\u00e5ten jeg har ble bygget p\u00e5 en tid hvor det fortsatt var vanlig \u00e5 plassere gassbeholderen innvendig om bord, og ikke utvendig \u2013 som er standarden n\u00e5.<\/p>\n<p>L\u00f8sningen ble \u00e5 pr\u00f8ve en slik b\u00e6rbar kraftstasjon, som rett og slett drives av et kraftig Lithiumbatteri og som gir meg 1800W med str\u00f8m, i peak opp mot 2400W.<\/p>\n<p>Jeg har testet denne gjennom sommeren og h\u00f8sten, og har brukt den til \u00e5 drive en elektrisk kokeplate, vannkoker, kaffekapselmaskin, vanlig 220V st\u00f8vsuger, vifteovn (p\u00e5 eco-stilling), og til lading av b\u00e5de mobiler, PC, oppladbar st\u00f8vsuger, oppladbar lampe, oppladbar lykt, og til og med til \u00e5 drive den vanlige batteriladeren for \u00e5 lade opp forbruksbatteriene!<\/p>\n<p>Den har fungert 100 prosent slik jeg h\u00e5pet p\u00e5! Og jeg har etter hvert ogs\u00e5 kj\u00f8pt et sammenleggbart solcellepanel til den, som jeg planlegger \u00e5 teste ut skikkelig denne sommeren.<\/p>\n<p>Men s\u00e5 over til de andre oppturene i fjor, som alle er knyttet til opplevelser!<\/p>\n<p>De fleste gode opplevelsene jeg har fra fjor\u00e5ret er m\u00f8tet med mennesker. Det er jo ogs\u00e5 en stor del av b\u00e5tlivet. Jeg har truffet personer gjennom b\u00e5tlivet som har blitt gode venner, og ikke minst hjelpere.<\/p>\n<figure id=\"attachment_30418\" aria-describedby=\"caption-attachment-30418\" style=\"width: 960px\" class=\"wp-caption aligncenter\"><a href=\"https:\/\/i0.wp.com\/pequod.nesodd1.no\/wp-content\/uploads\/2025\/06\/IMG_2779.jpg?ssl=1\"><img data-recalc-dims=\"1\" loading=\"lazy\" decoding=\"async\" data-attachment-id=\"30418\" data-permalink=\"https:\/\/pequod.nesodd1.no\/?attachment_id=30418\" data-orig-file=\"https:\/\/i0.wp.com\/pequod.nesodd1.no\/wp-content\/uploads\/2025\/06\/IMG_2779.jpg?fit=960%2C720&amp;ssl=1\" data-orig-size=\"960,720\" data-comments-opened=\"1\" data-image-meta=\"{&quot;aperture&quot;:&quot;0&quot;,&quot;credit&quot;:&quot;&quot;,&quot;camera&quot;:&quot;&quot;,&quot;caption&quot;:&quot;&quot;,&quot;created_timestamp&quot;:&quot;1749834462&quot;,&quot;copyright&quot;:&quot;&quot;,&quot;focal_length&quot;:&quot;0&quot;,&quot;iso&quot;:&quot;0&quot;,&quot;shutter_speed&quot;:&quot;0&quot;,&quot;title&quot;:&quot;&quot;,&quot;orientation&quot;:&quot;1&quot;}\" data-image-title=\"IMG_2779\" data-image-description=\"&lt;p&gt;Skj\u00e6l\u00f8y&lt;\/p&gt;\n\" data-image-caption=\"&lt;p&gt;Gode b\u00e5tkollegaer samlet rundt bordet p\u00e5 brygga&lt;\/p&gt;\n\" data-large-file=\"https:\/\/i0.wp.com\/pequod.nesodd1.no\/wp-content\/uploads\/2025\/06\/IMG_2779.jpg?fit=940%2C705&amp;ssl=1\" class=\"size-full wp-image-30418\" src=\"https:\/\/i0.wp.com\/pequod.nesodd1.no\/wp-content\/uploads\/2025\/06\/IMG_2779.jpg?resize=940%2C705&#038;ssl=1\" alt=\"\" width=\"940\" height=\"705\" srcset=\"https:\/\/i0.wp.com\/pequod.nesodd1.no\/wp-content\/uploads\/2025\/06\/IMG_2779.jpg?w=960&amp;ssl=1 960w, https:\/\/i0.wp.com\/pequod.nesodd1.no\/wp-content\/uploads\/2025\/06\/IMG_2779.jpg?resize=300%2C225&amp;ssl=1 300w, https:\/\/i0.wp.com\/pequod.nesodd1.no\/wp-content\/uploads\/2025\/06\/IMG_2779.jpg?resize=100%2C75&amp;ssl=1 100w, https:\/\/i0.wp.com\/pequod.nesodd1.no\/wp-content\/uploads\/2025\/06\/IMG_2779.jpg?resize=768%2C576&amp;ssl=1 768w\" sizes=\"auto, (max-width: 940px) 100vw, 940px\" \/><\/a><figcaption id=\"caption-attachment-30418\" class=\"wp-caption-text\"><em>Gode b\u00e5tkollegaer samlet rundt bordet p\u00e5 brygga p\u00e5 Skj\u00e6l\u00f8y.<\/em><\/figcaption><\/figure>\n<p>Noen av disse m\u00f8tte jeg p\u00e5 Skj\u00e6l\u00f8y i \u00d8stfold i juni, til en liten lunsj p\u00e5 brygga som egentlig ble en slags middag etter hvert p\u00e5 grunn av forsinkelser. Da fikk jeg m\u00f8tt noen jeg ikke hadde m\u00f8tt f\u00f8r, samt noen som jeg etter hvert har blitt godt kjent med. Det ble flere timer i godt selskap med fiskesuppe f\u00f8rst og deretter reker og loff og godt drikke.<\/p>\n<p>Der m\u00f8tte jeg ogs\u00e5 et eldre ektepar for f\u00f8rste gang, venner av b\u00e5tkollega Erik, noe som f\u00f8rte til at jeg ble invitert til en grillfest noen uker senere. Var usikker p\u00e5 om jeg skulle komme, men endte opp med \u00e5 dra og hadde det veldig hyggelig p\u00e5 Vester\u00f8y.<\/p>\n<figure id=\"attachment_30458\" aria-describedby=\"caption-attachment-30458\" style=\"width: 940px\" class=\"wp-caption aligncenter\"><a href=\"https:\/\/i0.wp.com\/pequod.nesodd1.no\/wp-content\/uploads\/2025\/07\/518327944_10161138642922032_3037096992709824905_n.jpg?ssl=1\"><img data-recalc-dims=\"1\" loading=\"lazy\" decoding=\"async\" data-attachment-id=\"30458\" data-permalink=\"https:\/\/pequod.nesodd1.no\/?attachment_id=30458\" data-orig-file=\"https:\/\/i0.wp.com\/pequod.nesodd1.no\/wp-content\/uploads\/2025\/07\/518327944_10161138642922032_3037096992709824905_n.jpg?fit=2048%2C1536&amp;ssl=1\" data-orig-size=\"2048,1536\" data-comments-opened=\"1\" data-image-meta=\"{&quot;aperture&quot;:&quot;0&quot;,&quot;credit&quot;:&quot;&quot;,&quot;camera&quot;:&quot;&quot;,&quot;caption&quot;:&quot;&quot;,&quot;created_timestamp&quot;:&quot;0&quot;,&quot;copyright&quot;:&quot;&quot;,&quot;focal_length&quot;:&quot;0&quot;,&quot;iso&quot;:&quot;0&quot;,&quot;shutter_speed&quot;:&quot;0&quot;,&quot;title&quot;:&quot;&quot;,&quot;orientation&quot;:&quot;0&quot;}\" data-image-title=\"518327944_10161138642922032_3037096992709824905_n\" data-image-description=\"&lt;p&gt;Vindusvask, Bellevillekilen,Vester\u00f8y&lt;\/p&gt;\n\" data-image-caption=\"\" data-large-file=\"https:\/\/i0.wp.com\/pequod.nesodd1.no\/wp-content\/uploads\/2025\/07\/518327944_10161138642922032_3037096992709824905_n.jpg?fit=940%2C705&amp;ssl=1\" class=\"wp-image-30458 size-large\" src=\"https:\/\/i0.wp.com\/pequod.nesodd1.no\/wp-content\/uploads\/2025\/07\/518327944_10161138642922032_3037096992709824905_n.jpg?resize=940%2C705&#038;ssl=1\" alt=\"\" width=\"940\" height=\"705\" srcset=\"https:\/\/i0.wp.com\/pequod.nesodd1.no\/wp-content\/uploads\/2025\/07\/518327944_10161138642922032_3037096992709824905_n.jpg?resize=1024%2C768&amp;ssl=1 1024w, https:\/\/i0.wp.com\/pequod.nesodd1.no\/wp-content\/uploads\/2025\/07\/518327944_10161138642922032_3037096992709824905_n.jpg?resize=300%2C225&amp;ssl=1 300w, https:\/\/i0.wp.com\/pequod.nesodd1.no\/wp-content\/uploads\/2025\/07\/518327944_10161138642922032_3037096992709824905_n.jpg?resize=100%2C75&amp;ssl=1 100w, https:\/\/i0.wp.com\/pequod.nesodd1.no\/wp-content\/uploads\/2025\/07\/518327944_10161138642922032_3037096992709824905_n.jpg?resize=768%2C576&amp;ssl=1 768w, https:\/\/i0.wp.com\/pequod.nesodd1.no\/wp-content\/uploads\/2025\/07\/518327944_10161138642922032_3037096992709824905_n.jpg?resize=1536%2C1152&amp;ssl=1 1536w, https:\/\/i0.wp.com\/pequod.nesodd1.no\/wp-content\/uploads\/2025\/07\/518327944_10161138642922032_3037096992709824905_n.jpg?w=2048&amp;ssl=1 2048w, https:\/\/i0.wp.com\/pequod.nesodd1.no\/wp-content\/uploads\/2025\/07\/518327944_10161138642922032_3037096992709824905_n.jpg?w=1880&amp;ssl=1 1880w\" sizes=\"auto, (max-width: 940px) 100vw, 940px\" \/><\/a><figcaption id=\"caption-attachment-30458\" class=\"wp-caption-text\">Litt vinduspuss mellom slagene p\u00e5 Vester\u00f8y. Foto: Erik Dahle.<\/figcaption><\/figure>\n<p>Hyggelig var det som vanlig ogs\u00e5 \u00e5 gjennomf\u00f8re de to tradisjonelle bes\u00f8kene mine til Eigebrekk i Mandal der jeg bes\u00f8kte en tidligere jobbkollega og ektemannen hennes, samt \u00e5 f\u00e5 hilst p\u00e5 broren min p\u00e5 Skottevik feriesenter. Bes\u00f8kene om bord hos Erik i Fredrikstad setter jeg ogs\u00e5 veldig pris p\u00e5! Og ikke minst turene der d\u00f8trene mine var med. Vi hadde flotte turer b\u00e5de blant Oslo\u00f8yene og ut til H\u00e5\u00f8ya der vi grillet p\u00e5 en nedslitt brygge p\u00e5 Bergholmen ettersom det var fullt p\u00e5 selve H\u00e5\u00f8ya.&nbsp;<\/p>\n<p>M\u00e5 ogs\u00e5 trekke fram at jeg fikk m\u00f8te grunnleggeren av b\u00e5tforumet \u2013 et forum som har betydd utrolig mye for mitt b\u00e5tliv. Ivar l\u00e5nte meg nemlig en b\u00e5tplass i S\u00f8gne mens jeg la den igjen en hel uke i august! Jeg begynte nemlig p\u00e5 hovedb\u00e5tferien en ukes tid f\u00f8r jeg m\u00e5tte dra hjemover for \u00e5 ta en ferieuke i Frankrike. Ved \u00e5 legge igjen b\u00e5ten der slapp jeg \u00e5 dra tilbake igjen, og kunne fortsette ytterligere s\u00f8rover da jeg kom hjem. Viste seg at han b\u00e5de var en hyggelig fyr og hadde god musikksmak! <a href=\"https:\/\/i0.wp.com\/pequod.nesodd1.no\/wp-content\/uploads\/2025\/09\/IMG_4648.jpg?ssl=1\"><img data-recalc-dims=\"1\" loading=\"lazy\" decoding=\"async\" data-attachment-id=\"30748\" data-permalink=\"https:\/\/pequod.nesodd1.no\/?attachment_id=30748\" data-orig-file=\"https:\/\/i0.wp.com\/pequod.nesodd1.no\/wp-content\/uploads\/2025\/09\/IMG_4648.jpg?fit=980%2C735&amp;ssl=1\" data-orig-size=\"980,735\" data-comments-opened=\"1\" data-image-meta=\"{&quot;aperture&quot;:&quot;0&quot;,&quot;credit&quot;:&quot;&quot;,&quot;camera&quot;:&quot;&quot;,&quot;caption&quot;:&quot;&quot;,&quot;created_timestamp&quot;:&quot;1757416013&quot;,&quot;copyright&quot;:&quot;&quot;,&quot;focal_length&quot;:&quot;0&quot;,&quot;iso&quot;:&quot;0&quot;,&quot;shutter_speed&quot;:&quot;0&quot;,&quot;title&quot;:&quot;&quot;,&quot;orientation&quot;:&quot;1&quot;}\" data-image-title=\"IMG_4648\" data-image-description=\"&lt;p&gt;S\u00f8gne, Torvefjorden&lt;\/p&gt;\n\" data-image-caption=\"\" data-large-file=\"https:\/\/i0.wp.com\/pequod.nesodd1.no\/wp-content\/uploads\/2025\/09\/IMG_4648.jpg?fit=940%2C705&amp;ssl=1\" class=\"wp-image-30748 size-full\" src=\"https:\/\/i0.wp.com\/pequod.nesodd1.no\/wp-content\/uploads\/2025\/09\/IMG_4648.jpg?resize=940%2C705&#038;ssl=1\" alt=\"\" width=\"940\" height=\"705\" srcset=\"https:\/\/i0.wp.com\/pequod.nesodd1.no\/wp-content\/uploads\/2025\/09\/IMG_4648.jpg?w=980&amp;ssl=1 980w, https:\/\/i0.wp.com\/pequod.nesodd1.no\/wp-content\/uploads\/2025\/09\/IMG_4648.jpg?resize=300%2C225&amp;ssl=1 300w, https:\/\/i0.wp.com\/pequod.nesodd1.no\/wp-content\/uploads\/2025\/09\/IMG_4648.jpg?resize=100%2C75&amp;ssl=1 100w, https:\/\/i0.wp.com\/pequod.nesodd1.no\/wp-content\/uploads\/2025\/09\/IMG_4648.jpg?resize=768%2C576&amp;ssl=1 768w\" sizes=\"auto, (max-width: 940px) 100vw, 940px\" \/><\/a><br \/>\n<em>Fikk l\u00e5ne b\u00e5tplass her en uke i august, s\u00e5 sparte jeg en uke!<\/em><\/p>\n<p>Jeg fikk ogs\u00e5 bes\u00f8kt Sandefjord for f\u00f8rste gang i fjor, noe jeg lenge har hatt lyst p\u00e5. Ble faktisk to bes\u00f8k der, det f\u00f8rste planlagt og det andre noe ufrivillig siden det rett og slett var litt f\u00f8r t\u00f8ft med vind og b\u00f8lger lenger utp\u00e5, s\u00e5 jeg droppet planen om \u00e5 dra til Stavern og la meg i Sandefjord til uv\u00e6ret hadde gitt seg. Var dog ikke helt i form mens jeg var der, s\u00e5 jeg fikk ikke sett s\u00e5 mye av byen som jeg egentlig hadde tenkt meg.<\/p>\n<p>Er ogs\u00e5 glad for at jeg endelig kom meg til Ranvikholmen utenfor Tofte i egen b\u00e5t, og at jeg fikk overnatte i Hamburgsund for f\u00f8rste gang med Tresfjorden. Mitt f\u00f8rste bes\u00f8k i selve Kostersundet fikk jeg ogs\u00e5 loggf\u00f8rt, alts\u00e5 med tanke p\u00e5 \u00e5 legge til og overnatte. Har jo v\u00e6rt p\u00e5 Nord-Koster flere ganger og p\u00e5 Syd-Koster, men kun dratt gjennom Kostersundet med b\u00e5ten tidligere. Fikk ogs\u00e5 bes\u00f8kt Spro havn for f\u00f8rste gang \u2013 kanskje ikke akkurat et av \u00e5rets h\u00f8ydepunkt, men greit \u00e5 se hvordan det har blitt der!<\/p>\n<p>Selv om v\u00e6ret innimellom ikke var all verden, s\u00e5 var det ogs\u00e5 noen fantastisk fine dager. Da tenker jeg ikke minst p\u00e5 da jeg ble liggende p\u00e5 \u00d8stre Bol\u00e6rne lenger enn jeg hadde tenkt p\u00e5 grunn av det nydelige v\u00e6ret. Ogs\u00e5 p\u00e5 veien hjem fra Sverige i fantastisk h\u00f8stv\u00e6r var ogs\u00e5 en flott opplevelse.<\/p>\n<p>Vi f\u00e5r satse p\u00e5 mange fine stunder ogs\u00e5 i \u00e5rets sesong!<\/p>\n<figure id=\"attachment_31043\" aria-describedby=\"caption-attachment-31043\" style=\"width: 940px\" class=\"wp-caption aligncenter\"><a href=\"https:\/\/i0.wp.com\/pequod.nesodd1.no\/wp-content\/uploads\/2025\/11\/553049410_10161460319112032_5551422808628910318_n.jpg?ssl=1\"><img data-recalc-dims=\"1\" loading=\"lazy\" decoding=\"async\" data-attachment-id=\"31043\" data-permalink=\"https:\/\/pequod.nesodd1.no\/?attachment_id=31043\" data-orig-file=\"https:\/\/i0.wp.com\/pequod.nesodd1.no\/wp-content\/uploads\/2025\/11\/553049410_10161460319112032_5551422808628910318_n.jpg?fit=2048%2C1536&amp;ssl=1\" data-orig-size=\"2048,1536\" data-comments-opened=\"1\" data-image-meta=\"{&quot;aperture&quot;:&quot;0&quot;,&quot;credit&quot;:&quot;&quot;,&quot;camera&quot;:&quot;&quot;,&quot;caption&quot;:&quot;&quot;,&quot;created_timestamp&quot;:&quot;0&quot;,&quot;copyright&quot;:&quot;&quot;,&quot;focal_length&quot;:&quot;0&quot;,&quot;iso&quot;:&quot;0&quot;,&quot;shutter_speed&quot;:&quot;0&quot;,&quot;title&quot;:&quot;&quot;,&quot;orientation&quot;:&quot;0&quot;}\" data-image-title=\"553049410_10161460319112032_5551422808628910318_n\" data-image-description=\"&lt;p&gt;Idyllisk kveld p\u00e5 \u00d8stre Bol\u00e6rne i september!&lt;\/p&gt;\n\" data-image-caption=\"\" data-large-file=\"https:\/\/i0.wp.com\/pequod.nesodd1.no\/wp-content\/uploads\/2025\/11\/553049410_10161460319112032_5551422808628910318_n.jpg?fit=940%2C705&amp;ssl=1\" class=\"wp-image-31043 size-large\" src=\"https:\/\/i0.wp.com\/pequod.nesodd1.no\/wp-content\/uploads\/2025\/11\/553049410_10161460319112032_5551422808628910318_n.jpg?resize=940%2C705&#038;ssl=1\" alt=\"\" width=\"940\" height=\"705\" srcset=\"https:\/\/i0.wp.com\/pequod.nesodd1.no\/wp-content\/uploads\/2025\/11\/553049410_10161460319112032_5551422808628910318_n.jpg?resize=1024%2C768&amp;ssl=1 1024w, https:\/\/i0.wp.com\/pequod.nesodd1.no\/wp-content\/uploads\/2025\/11\/553049410_10161460319112032_5551422808628910318_n.jpg?resize=300%2C225&amp;ssl=1 300w, https:\/\/i0.wp.com\/pequod.nesodd1.no\/wp-content\/uploads\/2025\/11\/553049410_10161460319112032_5551422808628910318_n.jpg?resize=100%2C75&amp;ssl=1 100w, https:\/\/i0.wp.com\/pequod.nesodd1.no\/wp-content\/uploads\/2025\/11\/553049410_10161460319112032_5551422808628910318_n.jpg?resize=768%2C576&amp;ssl=1 768w, https:\/\/i0.wp.com\/pequod.nesodd1.no\/wp-content\/uploads\/2025\/11\/553049410_10161460319112032_5551422808628910318_n.jpg?resize=1536%2C1152&amp;ssl=1 1536w, https:\/\/i0.wp.com\/pequod.nesodd1.no\/wp-content\/uploads\/2025\/11\/553049410_10161460319112032_5551422808628910318_n.jpg?w=2048&amp;ssl=1 2048w, https:\/\/i0.wp.com\/pequod.nesodd1.no\/wp-content\/uploads\/2025\/11\/553049410_10161460319112032_5551422808628910318_n.jpg?w=1880&amp;ssl=1 1880w\" sizes=\"auto, (max-width: 940px) 100vw, 940px\" \/><\/a><figcaption id=\"caption-attachment-31043\" class=\"wp-caption-text\">Litt \u00d8stre Bol\u00e6rne-idyll \u2026<\/figcaption><\/figure>\n<p>&nbsp;<\/p>\n<p>&nbsp;<\/p>\n<p>&nbsp;<\/p>\n<h3>Related Images:<\/h3>","protected":false},"excerpt":{"rendered":"<p>Det er alltid hyggelig \u00e5 skrive om de gode opplevelsene man har som b\u00e5teier, selv om de d\u00e5rlige opplevelsene av og til overskygger for de gode minnene. Heldigvis inneholdt b\u00e5tsesongen 2025 mest av det siste. Related Images:<\/p>\n","protected":false},"author":1,"featured_media":30941,"comment_status":"open","ping_status":"open","sticky":false,"template":"","format":"standard","meta":{"_crdt_document":"","ngg_post_thumbnail":0,"jetpack_post_was_ever_published":false,"_jetpack_newsletter_access":"","_jetpack_dont_email_post_to_subs":false,"_jetpack_newsletter_tier_id":0,"_jetpack_memberships_contains_paywalled_content":false,"_jetpack_memberships_contains_paid_content":false,"footnotes":""},"categories":[3960,3,147,4],"tags":[4347,4251,1207,478,2455],"class_list":["post-31145","post","type-post","status-publish","format-standard","has-post-thumbnail","hentry","category-batliv","category-blogg","category-ferie","category-tur","tag-arsoppsummering-2025","tag-batsesongen-2025","tag-gode-minner-med-baten","tag-oppsummering","tag-oppturer"],"jetpack_featured_media_url":"https:\/\/i0.wp.com\/pequod.nesodd1.no\/wp-content\/uploads\/2025\/10\/555448029_10161490387382032_5261554242251046471_n.jpg?fit=2048%2C1536&ssl=1","jetpack_shortlink":"https:\/\/wp.me\/p3Zd9b-86l","jetpack_sharing_enabled":true,"jetpack_likes_enabled":true,"jetpack-related-posts":[],"_links":{"self":[{"href":"https:\/\/pequod.nesodd1.no\/index.php?rest_route=\/wp\/v2\/posts\/31145","targetHints":{"allow":["GET"]}}],"collection":[{"href":"https:\/\/pequod.nesodd1.no\/index.php?rest_route=\/wp\/v2\/posts"}],"about":[{"href":"https:\/\/pequod.nesodd1.no\/index.php?rest_route=\/wp\/v2\/types\/post"}],"author":[{"embeddable":true,"href":"https:\/\/pequod.nesodd1.no\/index.php?rest_route=\/wp\/v2\/users\/1"}],"replies":[{"embeddable":true,"href":"https:\/\/pequod.nesodd1.no\/index.php?rest_route=%2Fwp%2Fv2%2Fcomments&post=31145"}],"version-history":[{"count":12,"href":"https:\/\/pequod.nesodd1.no\/index.php?rest_route=\/wp\/v2\/posts\/31145\/revisions"}],"predecessor-version":[{"id":31157,"href":"https:\/\/pequod.nesodd1.no\/index.php?rest_route=\/wp\/v2\/posts\/31145\/revisions\/31157"}],"wp:featuredmedia":[{"embeddable":true,"href":"https:\/\/pequod.nesodd1.no\/index.php?rest_route=\/wp\/v2\/media\/30941"}],"wp:attachment":[{"href":"https:\/\/pequod.nesodd1.no\/index.php?rest_route=%2Fwp%2Fv2%2Fmedia&parent=31145"}],"wp:term":[{"taxonomy":"category","embeddable":true,"href":"https:\/\/pequod.nesodd1.no\/index.php?rest_route=%2Fwp%2Fv2%2Fcategories&post=31145"},{"taxonomy":"post_tag","embeddable":true,"href":"https:\/\/pequod.nesodd1.no\/index.php?rest_route=%2Fwp%2Fv2%2Ftags&post=31145"}],"curies":[{"name":"wp","href":"https:\/\/api.w.org\/{rel}","templated":true}]}}