{"id":31248,"date":"2026-03-16T11:11:25","date_gmt":"2026-03-16T10:11:25","guid":{"rendered":"https:\/\/pequod.nesodd1.no\/?p=31248"},"modified":"2026-03-15T15:37:05","modified_gmt":"2026-03-15T14:37:05","slug":"da-er-ferieplanleggingen-i-boks","status":"publish","type":"post","link":"https:\/\/pequod.nesodd1.no\/?p=31248","title":{"rendered":"Da er ferieplanleggingen i boks"},"content":{"rendered":"<p><strong>I g\u00e5r gikk fristen for \u00e5 levere sommerferie\u00f8nskene p\u00e5 jobben ut. Med f\u00e6rre ferie- og fridager enn jeg har v\u00e6rt vant til \u00e5 ha de siste \u00e5rene, s\u00e5 var det litt av et puslespill. S\u00e5 f\u00e5r vi satse p\u00e5 at \u00f8nskene blir innvilget!<\/strong><!--more--><\/p>\n<p>I \u00e5r har jeg heller ikke noen ubrukte feriedager \u00e5 ta av, slik jeg gjerne har hatt, s\u00e5 dermed blir det ikke snakk om \u00e5 ta fem og seks uker i slengen, slik jeg gjerne har hatt for vane. De dagene er over. Jeg f\u00e5r ta det igjen n\u00e5r jeg blir pensjonist!<\/p>\n<p>Den vanskeligste avgj\u00f8relsen var \u00e5 bestemme meg for om jeg skulle ta hovedferien i \u00e5r f\u00f8r eller etter fellesferien. De siste \u00e5rene har jeg jo tatt hovedB\u00c5Tferien mellom august og oktober, noe som rent v\u00e6rmessig ikke har sl\u00e5tt helt heldig ut.&nbsp;<\/p>\n<p>I \u00e5r hadde jeg derfor lyst til \u00e5 ta hovedb\u00e5tferien i mai\/juni, og satse p\u00e5 at jeg ville v\u00e6re mer heldig med v\u00e6ret denne gangen. Men s\u00e5 ble jeg jo usikker ettersom jeg har satt som m\u00e5l i \u00e5r \u00e5 bli HELT ferdig med forkabinen og med d\u00f8rken i cockpiten f\u00f8r jeg drar ut p\u00e5 langtur med b\u00e5ten.<\/p>\n<p>I helgen valgte jeg \u00e5 f\u00f8lge den planen, og satse p\u00e5 at jeg \u2013 med god hjelp \u2013 klarer \u00e5 f\u00e5 forkabinen potte tett og cockpiten presentabel f\u00f8r avgang!<\/p>\n<figure id=\"attachment_30036\" aria-describedby=\"caption-attachment-30036\" style=\"width: 960px\" class=\"wp-caption aligncenter\"><a href=\"https:\/\/i0.wp.com\/pequod.nesodd1.no\/wp-content\/uploads\/2025\/04\/IMG_0013.jpg?ssl=1\"><img data-recalc-dims=\"1\" loading=\"lazy\" decoding=\"async\" data-attachment-id=\"30036\" data-permalink=\"https:\/\/pequod.nesodd1.no\/?attachment_id=30036\" data-orig-file=\"https:\/\/i0.wp.com\/pequod.nesodd1.no\/wp-content\/uploads\/2025\/04\/IMG_0013.jpg?fit=960%2C640&amp;ssl=1\" data-orig-size=\"960,640\" data-comments-opened=\"1\" data-image-meta=\"{&quot;aperture&quot;:&quot;0&quot;,&quot;credit&quot;:&quot;&quot;,&quot;camera&quot;:&quot;&quot;,&quot;caption&quot;:&quot;&quot;,&quot;created_timestamp&quot;:&quot;1743796713&quot;,&quot;copyright&quot;:&quot;&quot;,&quot;focal_length&quot;:&quot;0&quot;,&quot;iso&quot;:&quot;0&quot;,&quot;shutter_speed&quot;:&quot;0&quot;,&quot;title&quot;:&quot;&quot;,&quot;orientation&quot;:&quot;1&quot;}\" data-image-title=\"IMG_0013\" data-image-description=\"&lt;p&gt;forkabin&lt;\/p&gt;\n\" data-image-caption=\"&lt;p&gt;Fortsatt litt igjen \u00e5 gj\u00f8re her&amp;#8230;&lt;\/p&gt;\n\" data-large-file=\"https:\/\/i0.wp.com\/pequod.nesodd1.no\/wp-content\/uploads\/2025\/04\/IMG_0013.jpg?fit=940%2C627&amp;ssl=1\" class=\"size-full wp-image-30036\" src=\"https:\/\/i0.wp.com\/pequod.nesodd1.no\/wp-content\/uploads\/2025\/04\/IMG_0013.jpg?resize=940%2C627&#038;ssl=1\" alt=\"\" width=\"940\" height=\"627\" srcset=\"https:\/\/i0.wp.com\/pequod.nesodd1.no\/wp-content\/uploads\/2025\/04\/IMG_0013.jpg?w=960&amp;ssl=1 960w, https:\/\/i0.wp.com\/pequod.nesodd1.no\/wp-content\/uploads\/2025\/04\/IMG_0013.jpg?resize=300%2C200&amp;ssl=1 300w, https:\/\/i0.wp.com\/pequod.nesodd1.no\/wp-content\/uploads\/2025\/04\/IMG_0013.jpg?resize=100%2C67&amp;ssl=1 100w, https:\/\/i0.wp.com\/pequod.nesodd1.no\/wp-content\/uploads\/2025\/04\/IMG_0013.jpg?resize=768%2C512&amp;ssl=1 768w\" sizes=\"auto, (max-width: 940px) 100vw, 940px\" \/><\/a><figcaption id=\"caption-attachment-30036\" class=\"wp-caption-text\"><em>Fortsatt litt igjen \u00e5 gj\u00f8re i forkabinen f\u00f8r den er helt klar til bruk \u2026<\/em><\/figcaption><\/figure>\n<p>Jeg er ganske s\u00e5 sikker p\u00e5 at ferie\u00f8nskene mine g\u00e5r gjennom i \u00e5r, men likevel litt usikker. Hoveddelen av ferien vil uansett bli tatt utenom fellesferien, men det er noen uker i august som kan v\u00e6re usikre. Det finner jeg ut av.<\/p>\n<p>Slik det ser ut n\u00e5 h\u00e5per jeg \u00e5 kaste loss 22. mai og v\u00e6re tilbake i hjemmehavna 15. juni. Det blir 21 dager p\u00e5 sj\u00f8en (inkludert helgefri og en avspaseringsdag), og den lengste b\u00e5tferien i \u00e5r. For meg er bare tre uker i strekk uvanlig lite, mens for andre er vel det normalen. Men s\u00e5nn er det jo n\u00e5r jeg har g\u00e5tt en turnus tidligere med mye fri, men n\u00e5 m\u00e5 venne meg til noe helt annet. Jeg vet jo at jeg har v\u00e6rt litt bortskjemt i s\u00e5 m\u00e5te. Jeg planlegger \u00e5 ha dette som \u00e5rets hovedb\u00e5tferie, men har ikke 100 prosent bestemt meg for om det blir S\u00f8rlandet eller Sverige enn\u00e5.<\/p>\n<p>I innlegget f\u00f8r helgen nevnte jeg at jeg bare har 26 turer igjen f\u00f8r jeg runder 1.000 b\u00e5turer med de to b\u00e5tene jeg har hatt, og det ville jo ha v\u00e6rt perfekt \u00e5 ta b\u00e5ttur nummer 1.000 ved \u00e5 dra fra K\u00e4ll\u00f6-Knippla utenfor G\u00f6teborg og over til den danske \u00f8ya L\u00e6s\u00f8 \u2013 som jeg jo har dr\u00f8mt om lenge \u2013 men da skal jeg ha griseflaks med planlegging og v\u00e6r! S\u00e5 det f\u00e5r komme som en bonus i s\u00e5 fall. Men det skal v\u00e6re mulig uansett \u00e5 la tur nummer 1.000 g\u00e5 til et sted jeg ikke har v\u00e6rt f\u00f8r &#8211; det er nok av svenske \u00f8yer jeg ikke har bes\u00f8kt enn\u00e5!&nbsp;<\/p>\n<p>Og om jeg velger \u00e5 ta S\u00f8rlandet f\u00f8rst, s\u00e5 er det jo mulig \u00e5 pr\u00f8ve p\u00e5 nytt p\u00e5 det jeg ikke fikk gjort i fjor, \u00e5 runde b\u00e5de Lista og J\u00e6ren og komme meg til Rogaland\/Vestlandet? Da er det ogs\u00e5 flere fine muligheter til \u00e5 markere et rundt turtall p\u00e5 en passende m\u00e5te&#8230;<\/p>\n<figure id=\"attachment_29576\" aria-describedby=\"caption-attachment-29576\" style=\"width: 1000px\" class=\"wp-caption aligncenter\"><a href=\"https:\/\/i0.wp.com\/pequod.nesodd1.no\/wp-content\/uploads\/2024\/10\/IMG_2166.jpeg.a9182816a391a3b4571cf1f1757486b0.jpeg?ssl=1\"><img data-recalc-dims=\"1\" loading=\"lazy\" decoding=\"async\" data-attachment-id=\"29576\" data-permalink=\"https:\/\/pequod.nesodd1.no\/?attachment_id=29576\" data-orig-file=\"https:\/\/i0.wp.com\/pequod.nesodd1.no\/wp-content\/uploads\/2024\/10\/IMG_2166.jpeg.a9182816a391a3b4571cf1f1757486b0.jpeg?fit=1000%2C750&amp;ssl=1\" data-orig-size=\"1000,750\" data-comments-opened=\"1\" data-image-meta=\"{&quot;aperture&quot;:&quot;0&quot;,&quot;credit&quot;:&quot;&quot;,&quot;camera&quot;:&quot;&quot;,&quot;caption&quot;:&quot;&quot;,&quot;created_timestamp&quot;:&quot;0&quot;,&quot;copyright&quot;:&quot;&quot;,&quot;focal_length&quot;:&quot;0&quot;,&quot;iso&quot;:&quot;0&quot;,&quot;shutter_speed&quot;:&quot;0&quot;,&quot;title&quot;:&quot;&quot;,&quot;orientation&quot;:&quot;0&quot;}\" data-image-title=\"IMG_2166.jpeg.a9182816a391a3b4571cf1f1757486b0\" data-image-description=\"&lt;p&gt;K\u00e4ll\u00f6-Knippla&lt;\/p&gt;\n\" data-image-caption=\"&lt;p&gt;Det blir vel Sverigetur i \u00e5r ogs\u00e5, men neppe lengre enn til K\u00a8ll\u00f6-Knippla. Danmark m\u00e5 nok vente litt til&amp;#8230;&lt;\/p&gt;\n\" data-large-file=\"https:\/\/i0.wp.com\/pequod.nesodd1.no\/wp-content\/uploads\/2024\/10\/IMG_2166.jpeg.a9182816a391a3b4571cf1f1757486b0.jpeg?fit=940%2C705&amp;ssl=1\" class=\"size-full wp-image-29576\" src=\"https:\/\/i0.wp.com\/pequod.nesodd1.no\/wp-content\/uploads\/2024\/10\/IMG_2166.jpeg.a9182816a391a3b4571cf1f1757486b0.jpeg?resize=940%2C705&#038;ssl=1\" alt=\"\" width=\"940\" height=\"705\" srcset=\"https:\/\/i0.wp.com\/pequod.nesodd1.no\/wp-content\/uploads\/2024\/10\/IMG_2166.jpeg.a9182816a391a3b4571cf1f1757486b0.jpeg?w=1000&amp;ssl=1 1000w, https:\/\/i0.wp.com\/pequod.nesodd1.no\/wp-content\/uploads\/2024\/10\/IMG_2166.jpeg.a9182816a391a3b4571cf1f1757486b0.jpeg?resize=300%2C225&amp;ssl=1 300w, https:\/\/i0.wp.com\/pequod.nesodd1.no\/wp-content\/uploads\/2024\/10\/IMG_2166.jpeg.a9182816a391a3b4571cf1f1757486b0.jpeg?resize=100%2C75&amp;ssl=1 100w, https:\/\/i0.wp.com\/pequod.nesodd1.no\/wp-content\/uploads\/2024\/10\/IMG_2166.jpeg.a9182816a391a3b4571cf1f1757486b0.jpeg?resize=768%2C576&amp;ssl=1 768w\" sizes=\"auto, (max-width: 940px) 100vw, 940px\" \/><\/a><figcaption id=\"caption-attachment-29576\" class=\"wp-caption-text\"><em>Jeg liker meg veldig godt p\u00e5 \u00f8ya K\u00e4ll\u00f6-Knippla utenfor G\u00f6teborg, og h\u00e5per p\u00e5 en retur hit i sommer.&nbsp;<\/em><\/figcaption><\/figure>\n<p>Jeg har ogs\u00e5 37 turer igjen til jeg runder 500 turer med Tresfjorden, s\u00e5 det ligger jo en mulighet til \u00e5 markere det med en spesiell etappe ogs\u00e5, men vi f\u00e5r bare vente og se hva som skjer \u2026<\/p>\n<p>Deretter skal jeg ikke ha ferie f\u00f8r i begynnelsen av august. Den f\u00f8rste uka blir heller ikke ferie med b\u00e5ten, men den tradisjonelle fjellturen med ungene, f\u00f8r jeg skal jobbe et par uker og deretter ta ni fridager (inkludert helgefri og en avspaseringsdag), i slutten av august. Da st\u00e5r valget ogs\u00e5 mellom Sverige og S\u00f8rlandet, eller bare \u00e5 kose seg i Vestfoldtraktene?<\/p>\n<p>I slutten av september har jeg en avspaseringsuke som jeg h\u00e5per kan benyttes til en liten minib\u00e5tferie ogs\u00e5, og de resterende feriedagene i kvota mi blir brukt p\u00e5 en ny tur til jobbens ferieleilighet i Nice i Frankrike i oktober.<\/p>\n<p>Og da har jeg brukt opp de feriedagene jeg har igjen i \u00e5r! Brukte jo noen dager da jeg var i Nice og London forrige m\u00e5ned, s\u00e5 det er ikke s\u00e5 mye \u00e5 ta av med tanke p\u00e5 at jeg i min forrige jobbturnus hadde tolv avspaseringsuker \u00e5 ta av hvert \u00e5r i tillegg til feriedagene \u2026<\/p>\n<p>Alt er en overgang sa reven da han ble fl\u00e5dd \u2026<\/p>\n<figure id=\"attachment_29337\" aria-describedby=\"caption-attachment-29337\" style=\"width: 960px\" class=\"wp-caption aligncenter\"><a href=\"https:\/\/i0.wp.com\/pequod.nesodd1.no\/wp-content\/uploads\/2024\/09\/IMG_0153.jpg?ssl=1\"><img data-recalc-dims=\"1\" loading=\"lazy\" decoding=\"async\" data-attachment-id=\"29337\" data-permalink=\"https:\/\/pequod.nesodd1.no\/?attachment_id=29337\" data-orig-file=\"https:\/\/i0.wp.com\/pequod.nesodd1.no\/wp-content\/uploads\/2024\/09\/IMG_0153.jpg?fit=960%2C720&amp;ssl=1\" data-orig-size=\"960,720\" data-comments-opened=\"1\" data-image-meta=\"{&quot;aperture&quot;:&quot;0&quot;,&quot;credit&quot;:&quot;&quot;,&quot;camera&quot;:&quot;&quot;,&quot;caption&quot;:&quot;&quot;,&quot;created_timestamp&quot;:&quot;1725992262&quot;,&quot;copyright&quot;:&quot;&quot;,&quot;focal_length&quot;:&quot;0&quot;,&quot;iso&quot;:&quot;0&quot;,&quot;shutter_speed&quot;:&quot;0&quot;,&quot;title&quot;:&quot;&quot;,&quot;orientation&quot;:&quot;1&quot;}\" data-image-title=\"IMG_0153\" data-image-description=\"&lt;p&gt;Farsund, Tresfjord 29&lt;\/p&gt;\n\" data-image-caption=\"&lt;p&gt;Farsund ble endeholdeplassen denne gagen&amp;#8230;&lt;\/p&gt;\n\" data-large-file=\"https:\/\/i0.wp.com\/pequod.nesodd1.no\/wp-content\/uploads\/2024\/09\/IMG_0153.jpg?fit=940%2C705&amp;ssl=1\" class=\"size-full wp-image-29337\" src=\"https:\/\/i0.wp.com\/pequod.nesodd1.no\/wp-content\/uploads\/2024\/09\/IMG_0153.jpg?resize=940%2C705&#038;ssl=1\" alt=\"\" width=\"940\" height=\"705\" srcset=\"https:\/\/i0.wp.com\/pequod.nesodd1.no\/wp-content\/uploads\/2024\/09\/IMG_0153.jpg?w=960&amp;ssl=1 960w, https:\/\/i0.wp.com\/pequod.nesodd1.no\/wp-content\/uploads\/2024\/09\/IMG_0153.jpg?resize=300%2C225&amp;ssl=1 300w, https:\/\/i0.wp.com\/pequod.nesodd1.no\/wp-content\/uploads\/2024\/09\/IMG_0153.jpg?resize=100%2C75&amp;ssl=1 100w, https:\/\/i0.wp.com\/pequod.nesodd1.no\/wp-content\/uploads\/2024\/09\/IMG_0153.jpg?resize=768%2C576&amp;ssl=1 768w\" sizes=\"auto, (max-width: 940px) 100vw, 940px\" \/><\/a><figcaption id=\"caption-attachment-29337\" class=\"wp-caption-text\"><em>Tviler p\u00e5 at jeg rekker en tur helt ned til Farsund i august, men en liten S\u00f8rlandsvisitt skal vel bli mulig.<\/em><\/figcaption><\/figure>\n<p>Til neste \u00e5r m\u00e5 jeg nok gj\u00f8re noen endringer for \u00e5 f\u00e5 det mer som jeg vil. Alt fra \u00e5 g\u00e5 ned i stillingsprosent til \u00e5 planlegge litt bedre \u2026 Jeg har jo n\u00e5 bare to avspaseringsuker i \u00e5ret, og den f\u00f8rste kommer i slutten av april. Mye tyder vel p\u00e5 at den blir brukt til \u00e5 jobbe med b\u00e5ten og ikke til \u00e5 dra p\u00e5 b\u00e5ttur med.<\/p>\n<p>Jeg skal etter planen til London den den siste helgen, og n\u00e5r jeg kommer tilbake mandag s\u00e5 har jeg fri til og med fredag. Vi f\u00e5r se, det kan bli noen dagers tur eller noen dagers jobbing med b\u00e5ten. Kanskje jeg kan f\u00e5 tatt opp b\u00e5ten p\u00e5 land i l\u00f8pet av den uka og f\u00e5 klargjort den under og utvendig? Det sp\u00f8rs litt p\u00e5 hvor langt jeg har kommet med oppussingen om bord.<\/p>\n<p>&nbsp;<\/p>\n<p>&nbsp;<\/p>\n<h3>Related Images:<\/h3>","protected":false},"excerpt":{"rendered":"<p>I g\u00e5r gikk fristen for \u00e5 levere sommerferie\u00f8nskene p\u00e5 jobben ut. Med f\u00e6rre ferie- og fridager enn jeg har v\u00e6rt vant til \u00e5 ha de siste \u00e5rene, s\u00e5 var det litt av et puslespill. S\u00e5 f\u00e5r vi satse p\u00e5 at \u00f8nskene blir innvilget! Related Images:<\/p>\n","protected":false},"author":1,"featured_media":27062,"comment_status":"open","ping_status":"open","sticky":false,"template":"","format":"standard","meta":{"_crdt_document":"","ngg_post_thumbnail":0,"jetpack_post_was_ever_published":false,"_jetpack_newsletter_access":"","_jetpack_dont_email_post_to_subs":false,"_jetpack_newsletter_tier_id":0,"_jetpack_memberships_contains_paywalled_content":false,"_jetpack_memberships_contains_paid_content":false,"footnotes":""},"categories":[3960,3,1043,147,3293,42,148,469,47],"tags":[914,250,4334],"class_list":["post-31248","post","type-post","status-publish","format-standard","has-post-thumbnail","hentry","category-batliv","category-blogg","category-diverse","category-ferie","category-jobb","category-oppussing-2","category-planlegging","category-reparasjon-2","category-vedlikehold","tag-batferie","tag-ferie-2","tag-hovedbatferie"],"jetpack_featured_media_url":"https:\/\/i0.wp.com\/pequod.nesodd1.no\/wp-content\/uploads\/2023\/06\/C79A9BE1-4A39-411D-86ED-BCF5CC6D6A32-scaled.jpg?fit=2560%2C1920&ssl=1","jetpack_shortlink":"https:\/\/wp.me\/p3Zd9b-880","jetpack_sharing_enabled":true,"jetpack_likes_enabled":true,"jetpack-related-posts":[],"_links":{"self":[{"href":"https:\/\/pequod.nesodd1.no\/index.php?rest_route=\/wp\/v2\/posts\/31248","targetHints":{"allow":["GET"]}}],"collection":[{"href":"https:\/\/pequod.nesodd1.no\/index.php?rest_route=\/wp\/v2\/posts"}],"about":[{"href":"https:\/\/pequod.nesodd1.no\/index.php?rest_route=\/wp\/v2\/types\/post"}],"author":[{"embeddable":true,"href":"https:\/\/pequod.nesodd1.no\/index.php?rest_route=\/wp\/v2\/users\/1"}],"replies":[{"embeddable":true,"href":"https:\/\/pequod.nesodd1.no\/index.php?rest_route=%2Fwp%2Fv2%2Fcomments&post=31248"}],"version-history":[{"count":11,"href":"https:\/\/pequod.nesodd1.no\/index.php?rest_route=\/wp\/v2\/posts\/31248\/revisions"}],"predecessor-version":[{"id":31266,"href":"https:\/\/pequod.nesodd1.no\/index.php?rest_route=\/wp\/v2\/posts\/31248\/revisions\/31266"}],"wp:featuredmedia":[{"embeddable":true,"href":"https:\/\/pequod.nesodd1.no\/index.php?rest_route=\/wp\/v2\/media\/27062"}],"wp:attachment":[{"href":"https:\/\/pequod.nesodd1.no\/index.php?rest_route=%2Fwp%2Fv2%2Fmedia&parent=31248"}],"wp:term":[{"taxonomy":"category","embeddable":true,"href":"https:\/\/pequod.nesodd1.no\/index.php?rest_route=%2Fwp%2Fv2%2Fcategories&post=31248"},{"taxonomy":"post_tag","embeddable":true,"href":"https:\/\/pequod.nesodd1.no\/index.php?rest_route=%2Fwp%2Fv2%2Ftags&post=31248"}],"curies":[{"name":"wp","href":"https:\/\/api.w.org\/{rel}","templated":true}]}}