{"id":31339,"date":"2026-04-29T16:21:21","date_gmt":"2026-04-29T14:21:21","guid":{"rendered":"https:\/\/pequod.nesodd1.no\/?p=31339"},"modified":"2026-04-29T16:21:21","modified_gmt":"2026-04-29T14:21:21","slug":"sju-ar-med-bergtatt-ii","status":"publish","type":"post","link":"https:\/\/pequod.nesodd1.no\/?p=31339","title":{"rendered":"Sju \u00e5r med Bergtatt II"},"content":{"rendered":"<p><strong>I dag er det sju \u00e5r siden jeg hentet min b\u00e5t nummer to i Horten, rundt tre uker etter at jeg solgte den trofaste snekka.<\/strong><!--more--><\/p>\n<p>Siden den gang har det blitt 463 b\u00e5turer med sm\u00e5tt og stort p\u00e5 Tresfjorden! Mye skal vel g\u00e5 galt om jeg ikke runder 500 turer i l\u00f8pet av sommeren? Motoren hadde g\u00e5tt 635 timer da jeg overtok b\u00e5ten, men den har nok f\u00e5tt kj\u00f8rt seg et mye st\u00f8rre antall timer p\u00e5 den tiden den har v\u00e6rt i mitt eie!<\/p>\n<figure id=\"attachment_15669\" aria-describedby=\"caption-attachment-15669\" style=\"width: 225px\" class=\"wp-caption alignleft\"><a href=\"https:\/\/i0.wp.com\/pequod.nesodd1.no\/wp-content\/uploads\/2019\/05\/IMG-8759.jpg?ssl=1\"><img data-recalc-dims=\"1\" loading=\"lazy\" decoding=\"async\" data-attachment-id=\"15669\" data-permalink=\"https:\/\/pequod.nesodd1.no\/?attachment_id=15669\" data-orig-file=\"https:\/\/i0.wp.com\/pequod.nesodd1.no\/wp-content\/uploads\/2019\/05\/IMG-8759.jpg?fit=600%2C800&amp;ssl=1\" data-orig-size=\"600,800\" data-comments-opened=\"1\" data-image-meta=\"{&quot;aperture&quot;:&quot;1.8&quot;,&quot;credit&quot;:&quot;&quot;,&quot;camera&quot;:&quot;iPhone 8 Plus&quot;,&quot;caption&quot;:&quot;&quot;,&quot;created_timestamp&quot;:&quot;1556480762&quot;,&quot;copyright&quot;:&quot;&quot;,&quot;focal_length&quot;:&quot;3.99&quot;,&quot;iso&quot;:&quot;20&quot;,&quot;shutter_speed&quot;:&quot;0.00068823124569855&quot;,&quot;title&quot;:&quot;&quot;,&quot;orientation&quot;:&quot;1&quot;}\" data-image-title=\"IMG-8759\" data-image-description=\"\" data-image-caption=\"&lt;p&gt;Herlig med en Tresfjord-kjenner som Erik om bord! Moromann er han ogs\u00e5! :-)&lt;\/p&gt;\n\" data-large-file=\"https:\/\/i0.wp.com\/pequod.nesodd1.no\/wp-content\/uploads\/2019\/05\/IMG-8759.jpg?fit=600%2C800&amp;ssl=1\" class=\"wp-image-15669 size-medium\" src=\"https:\/\/i0.wp.com\/pequod.nesodd1.no\/wp-content\/uploads\/2019\/05\/IMG-8759.jpg?resize=225%2C300&#038;ssl=1\" alt=\"\" width=\"225\" height=\"300\" srcset=\"https:\/\/i0.wp.com\/pequod.nesodd1.no\/wp-content\/uploads\/2019\/05\/IMG-8759.jpg?resize=225%2C300&amp;ssl=1 225w, https:\/\/i0.wp.com\/pequod.nesodd1.no\/wp-content\/uploads\/2019\/05\/IMG-8759.jpg?resize=60%2C80&amp;ssl=1 60w, https:\/\/i0.wp.com\/pequod.nesodd1.no\/wp-content\/uploads\/2019\/05\/IMG-8759.jpg?w=600&amp;ssl=1 600w\" sizes=\"auto, (max-width: 225px) 100vw, 225px\" \/><\/a><figcaption id=\"caption-attachment-15669\" class=\"wp-caption-text\"><em>B\u00e5tvenn Erik \u2013 som har hatt en Tresfjord 29 selv \u2013 i Titanic-positur p\u00e5 henteturen!<\/em><\/figcaption><\/figure>\n<p>N\u00f8yaktig hvor mange timer jeg har fartet rundt med denne b\u00e5ten har jeg faktisk ikke oversikt over, ettersom LCD-displayet p\u00e5 telleren har sluttet \u00e5 virke, men manuelt har jeg jo tidligere regnet meg fram til at det dreier seg om rundt 1630 motortimer fordelt over rundt 11.800 nautiske mil.<\/p>\n<p>I sommer har jeg planer om \u00e5 f\u00e5 byttet ut displayet, s\u00e5 f\u00e5r vi se hva fasiten blir \u2026<\/p>\n<p>P\u00e5 henteturen for sju \u00e5r siden var jeg ledsaget av dav\u00e6rende rederinne samt b\u00e5tkollega og etter hvert min gode venn Erik. Han hadde selv hatt akkurat samme b\u00e5ttype i mange \u00e5r, og koste seg med gjensynet av den gamle traveren.<\/p>\n<p>Det ble flere stopp p\u00e5 veien hjem. F\u00f8rst dro vi rett over fjorden fra Horten til Moss, der vi hilste p\u00e5 b\u00e5tkollega Trond, og deretter var det stopp i Son for tanking. Jeg fylte opp tanken og fylte for f\u00f8rste gang for et firesifret bel\u00f8p! Snekka jeg hadde solgt noen uker f\u00f8r hadde jo bare en 40 liters stor tank, mens nyb\u00e5ten hadde 270 liter!<\/p>\n<p>Deretter kj\u00f8rte vi innover fjorden til Honn\u00f8rbrygga der den dav\u00e6rende rederinnen og Erik gikk av borde, men jeg hentet eldstedatter Sunniva og moren hennes og dro hjem til Oksval.<\/p>\n<figure id=\"attachment_15690\" aria-describedby=\"caption-attachment-15690\" style=\"width: 940px\" class=\"wp-caption aligncenter\"><a href=\"https:\/\/i0.wp.com\/pequod.nesodd1.no\/wp-content\/uploads\/2019\/05\/IMG-8753.jpg?ssl=1\"><img data-recalc-dims=\"1\" loading=\"lazy\" decoding=\"async\" data-attachment-id=\"15690\" data-permalink=\"https:\/\/pequod.nesodd1.no\/?attachment_id=15690\" data-orig-file=\"https:\/\/i0.wp.com\/pequod.nesodd1.no\/wp-content\/uploads\/2019\/05\/IMG-8753.jpg?fit=4032%2C3024&amp;ssl=1\" data-orig-size=\"4032,3024\" data-comments-opened=\"1\" data-image-meta=\"{&quot;aperture&quot;:&quot;1.8&quot;,&quot;credit&quot;:&quot;&quot;,&quot;camera&quot;:&quot;iPhone 8 Plus&quot;,&quot;caption&quot;:&quot;&quot;,&quot;created_timestamp&quot;:&quot;1556478776&quot;,&quot;copyright&quot;:&quot;&quot;,&quot;focal_length&quot;:&quot;3.99&quot;,&quot;iso&quot;:&quot;20&quot;,&quot;shutter_speed&quot;:&quot;0.00075018754688672&quot;,&quot;title&quot;:&quot;&quot;,&quot;orientation&quot;:&quot;1&quot;}\" data-image-title=\"IMG-8753\" data-image-description=\"&lt;p&gt;Son, drivstoff&lt;\/p&gt;\n\" data-image-caption=\"&lt;p&gt;Ved drivstoffbrygga i Son for f\u00f8rste gang med nyb\u00e5ten!&lt;\/p&gt;\n\" data-large-file=\"https:\/\/i0.wp.com\/pequod.nesodd1.no\/wp-content\/uploads\/2019\/05\/IMG-8753.jpg?fit=940%2C705&amp;ssl=1\" class=\"size-large wp-image-15690\" src=\"https:\/\/i0.wp.com\/pequod.nesodd1.no\/wp-content\/uploads\/2019\/05\/IMG-8753.jpg?resize=940%2C705&#038;ssl=1\" alt=\"\" width=\"940\" height=\"705\" srcset=\"https:\/\/i0.wp.com\/pequod.nesodd1.no\/wp-content\/uploads\/2019\/05\/IMG-8753.jpg?resize=1024%2C768&amp;ssl=1 1024w, https:\/\/i0.wp.com\/pequod.nesodd1.no\/wp-content\/uploads\/2019\/05\/IMG-8753.jpg?resize=100%2C75&amp;ssl=1 100w, https:\/\/i0.wp.com\/pequod.nesodd1.no\/wp-content\/uploads\/2019\/05\/IMG-8753.jpg?resize=300%2C225&amp;ssl=1 300w, https:\/\/i0.wp.com\/pequod.nesodd1.no\/wp-content\/uploads\/2019\/05\/IMG-8753.jpg?resize=768%2C576&amp;ssl=1 768w, https:\/\/i0.wp.com\/pequod.nesodd1.no\/wp-content\/uploads\/2019\/05\/IMG-8753.jpg?w=1880&amp;ssl=1 1880w, https:\/\/i0.wp.com\/pequod.nesodd1.no\/wp-content\/uploads\/2019\/05\/IMG-8753.jpg?w=2820&amp;ssl=1 2820w\" sizes=\"auto, (max-width: 940px) 100vw, 940px\" \/><\/a><figcaption id=\"caption-attachment-15690\" class=\"wp-caption-text\"><em>Ved drivstoffbrygga i Son for f\u00f8rste gang med nyb\u00e5ten!<\/em><\/figcaption><\/figure>\n<p>I \u00e5r har jeg av forskjellige \u00e5rsaker enn\u00e5 ikke startet b\u00e5tsesongen, men det er vel mye som tyder p\u00e5 at \u00e5rets f\u00f8rste tur er like rundt hj\u00f8rnet \u2026<\/p>\n<p>Tresfjorden har jo utvidet mitt \u00abnedslagsfelt\u00bb betraktelig, og i Sverige har jeg v\u00e6rt s\u00e5pass langt s\u00f8rover som \u00f8ya Vr\u00e5ng\u00f6 litt s\u00f8r for G\u00f6teborg. Planer om \u00e5 komme meg over til Danmark har jeg ogs\u00e5, men forel\u00f8pig har det ikke v\u00e6rt praktisk mulig. I Norge har jeg jo ogs\u00e5 v\u00e6rt mange steder, under den andre koronasommeren kom jeg meg helt til Bud litt nordvest for Molde, og var innom en rekke andre steder p\u00e5 veien, blant annet Geiranger, \u00c5lesund, Hardbakke, Dingja, V\u00e6rlandet, Bergen, Haugesund og Stavanger.<\/p>\n<p>S\u00e5 jeg kan trygt si at b\u00e5tlivet har v\u00e6rt et eventyr s\u00e5 langt!<\/p>\n<figure id=\"attachment_22435\" aria-describedby=\"caption-attachment-22435\" style=\"width: 960px\" class=\"wp-caption aligncenter\"><a href=\"https:\/\/i0.wp.com\/pequod.nesodd1.no\/wp-content\/uploads\/2021\/07\/212990574_10157917372912032_290808492600572185_n.jpg?ssl=1\"><img data-recalc-dims=\"1\" loading=\"lazy\" decoding=\"async\" data-attachment-id=\"22435\" data-permalink=\"https:\/\/pequod.nesodd1.no\/?attachment_id=22435\" data-orig-file=\"https:\/\/i0.wp.com\/pequod.nesodd1.no\/wp-content\/uploads\/2021\/07\/212990574_10157917372912032_290808492600572185_n.jpg?fit=960%2C720&amp;ssl=1\" data-orig-size=\"960,720\" data-comments-opened=\"1\" data-image-meta=\"{&quot;aperture&quot;:&quot;0&quot;,&quot;credit&quot;:&quot;&quot;,&quot;camera&quot;:&quot;&quot;,&quot;caption&quot;:&quot;&quot;,&quot;created_timestamp&quot;:&quot;0&quot;,&quot;copyright&quot;:&quot;&quot;,&quot;focal_length&quot;:&quot;0&quot;,&quot;iso&quot;:&quot;0&quot;,&quot;shutter_speed&quot;:&quot;0&quot;,&quot;title&quot;:&quot;&quot;,&quot;orientation&quot;:&quot;0&quot;}\" data-image-title=\"212990574_10157917372912032_290808492600572185_n\" data-image-description=\"&lt;p&gt;Dingja, Gulen, Sogn og Fjordane, Vestland, gjestehavn&lt;\/p&gt;\n\" data-image-caption=\"\" data-large-file=\"https:\/\/i0.wp.com\/pequod.nesodd1.no\/wp-content\/uploads\/2021\/07\/212990574_10157917372912032_290808492600572185_n.jpg?fit=940%2C705&amp;ssl=1\" class=\"wp-image-22435 size-full\" src=\"https:\/\/i0.wp.com\/pequod.nesodd1.no\/wp-content\/uploads\/2021\/07\/212990574_10157917372912032_290808492600572185_n.jpg?resize=940%2C705&#038;ssl=1\" alt=\"\" width=\"940\" height=\"705\" srcset=\"https:\/\/i0.wp.com\/pequod.nesodd1.no\/wp-content\/uploads\/2021\/07\/212990574_10157917372912032_290808492600572185_n.jpg?w=960&amp;ssl=1 960w, https:\/\/i0.wp.com\/pequod.nesodd1.no\/wp-content\/uploads\/2021\/07\/212990574_10157917372912032_290808492600572185_n.jpg?resize=300%2C225&amp;ssl=1 300w, https:\/\/i0.wp.com\/pequod.nesodd1.no\/wp-content\/uploads\/2021\/07\/212990574_10157917372912032_290808492600572185_n.jpg?resize=100%2C75&amp;ssl=1 100w, https:\/\/i0.wp.com\/pequod.nesodd1.no\/wp-content\/uploads\/2021\/07\/212990574_10157917372912032_290808492600572185_n.jpg?resize=768%2C576&amp;ssl=1 768w\" sizes=\"auto, (max-width: 940px) 100vw, 940px\" \/><\/a><figcaption id=\"caption-attachment-22435\" class=\"wp-caption-text\"><em>Dingja like ved Sognefjorden var et koselig sted \u00e5 ligge. Bildet er fra 2021.<\/em><\/figcaption><\/figure>\n<p>I \u00e5r kommer b\u00e5ten etter planen \u00e5 f\u00e5 en del oppgraderinger, noe jeg har beskrevet i tidligere innlegg, men jeg kan jo nevne ny kalesje (ikke til sesongstart, men forh\u00e5pentligvis i l\u00f8pet av sommeren), nye motorromsluker og ferdiggj\u00f8ring av oppussingen av forkabinen. Jeg tar en ting av gangen og i mitt eget tempo, s\u00e5 f\u00e5r vi se hva jeg f\u00e5r gjennomf\u00f8rt og n\u00e5r det blir ferdig \u2026<\/p>\n<p>\u00c5 eie en 45 \u00e5r gammel b\u00e5t betyr jo at det eneste som er sikkert er at noe g\u00e5r i stykker \u2026<\/p>\n<p>I skrivende stund er det usikkert om ferieplanene blir noe av, p\u00e5 grunn av sykdom er det hele litt uvisst, men mye skal vel g\u00e5 galt om jeg ikke kommer meg b\u00e5de til Sverige og til S\u00f8rlandet ogs\u00e5 i \u00e5r, tradisjonen tro!<\/p>\n<p>Det er bare \u00e5 f\u00f8lge med i bloggen videre for oppdateringer!<\/p>\n<figure id=\"attachment_17912\" aria-describedby=\"caption-attachment-17912\" style=\"width: 940px\" class=\"wp-caption aligncenter\"><a href=\"https:\/\/i0.wp.com\/pequod.nesodd1.no\/wp-content\/uploads\/2020\/03\/IMG-4269.jpg?ssl=1\"><img data-recalc-dims=\"1\" loading=\"lazy\" decoding=\"async\" data-attachment-id=\"17912\" data-permalink=\"https:\/\/pequod.nesodd1.no\/?attachment_id=17912\" data-orig-file=\"https:\/\/i0.wp.com\/pequod.nesodd1.no\/wp-content\/uploads\/2020\/03\/IMG-4269.jpg?fit=1200%2C900&amp;ssl=1\" data-orig-size=\"1200,900\" data-comments-opened=\"1\" data-image-meta=\"{&quot;aperture&quot;:&quot;1.8&quot;,&quot;credit&quot;:&quot;&quot;,&quot;camera&quot;:&quot;iPhone 8 Plus&quot;,&quot;caption&quot;:&quot;&quot;,&quot;created_timestamp&quot;:&quot;1585575367&quot;,&quot;copyright&quot;:&quot;&quot;,&quot;focal_length&quot;:&quot;3.99&quot;,&quot;iso&quot;:&quot;40&quot;,&quot;shutter_speed&quot;:&quot;0.058823529411765&quot;,&quot;title&quot;:&quot;&quot;,&quot;orientation&quot;:&quot;1&quot;}\" data-image-title=\"IMG-4269\" data-image-description=\"&lt;p&gt;kart,flagg,gjesteflagg,dansk,danmark&lt;\/p&gt;\n\" data-image-caption=\"&lt;p&gt;Det danske gjesteflagget er fortsatt ubenyttet&amp;#8230;Blir det brukt i \u00e5r, tro?&lt;\/p&gt;\n\" data-large-file=\"https:\/\/i0.wp.com\/pequod.nesodd1.no\/wp-content\/uploads\/2020\/03\/IMG-4269.jpg?fit=940%2C705&amp;ssl=1\" class=\"size-large wp-image-17912\" src=\"https:\/\/i0.wp.com\/pequod.nesodd1.no\/wp-content\/uploads\/2020\/03\/IMG-4269.jpg?resize=940%2C705&#038;ssl=1\" alt=\"\" width=\"940\" height=\"705\" srcset=\"https:\/\/i0.wp.com\/pequod.nesodd1.no\/wp-content\/uploads\/2020\/03\/IMG-4269.jpg?resize=1024%2C768&amp;ssl=1 1024w, https:\/\/i0.wp.com\/pequod.nesodd1.no\/wp-content\/uploads\/2020\/03\/IMG-4269.jpg?resize=300%2C225&amp;ssl=1 300w, https:\/\/i0.wp.com\/pequod.nesodd1.no\/wp-content\/uploads\/2020\/03\/IMG-4269.jpg?resize=100%2C75&amp;ssl=1 100w, https:\/\/i0.wp.com\/pequod.nesodd1.no\/wp-content\/uploads\/2020\/03\/IMG-4269.jpg?resize=768%2C576&amp;ssl=1 768w, https:\/\/i0.wp.com\/pequod.nesodd1.no\/wp-content\/uploads\/2020\/03\/IMG-4269.jpg?w=1200&amp;ssl=1 1200w\" sizes=\"auto, (max-width: 940px) 100vw, 940px\" \/><\/a><figcaption id=\"caption-attachment-17912\" class=\"wp-caption-text\"><em>Det danske gjesteflagget er fortsatt ubenyttet \u2026 Blir det brukt i \u00e5r, tro?<\/em><\/figcaption><\/figure>\n<h3>Related Images:<\/h3>","protected":false},"excerpt":{"rendered":"<p>I dag er det sju \u00e5r siden jeg hentet min b\u00e5t nummer to i Horten, rundt tre uker etter at jeg solgte den trofaste snekka. Related Images:<\/p>\n","protected":false},"author":1,"featured_media":15664,"comment_status":"open","ping_status":"open","sticky":false,"template":"","format":"standard","meta":{"_crdt_document":"","ngg_post_thumbnail":0,"jetpack_post_was_ever_published":false,"_jetpack_newsletter_access":"","_jetpack_dont_email_post_to_subs":false,"_jetpack_newsletter_tier_id":0,"_jetpack_memberships_contains_paywalled_content":false,"_jetpack_memberships_contains_paid_content":false,"footnotes":""},"categories":[3960,11,3,10,42,3206,4,47],"tags":[517,3123,37,931,4369,4130,4278],"class_list":["post-31339","post","type-post","status-publish","format-standard","has-post-thumbnail","hentry","category-batliv","category-pics","category-blogg","category-history","category-oppussing-2","category-statistikk","category-tur","category-vedlikehold","tag-jubileum","tag-motortimer","tag-oppussing","tag-planlegging-2","tag-sju-ar","tag-tresfjord","tag-turteller"],"jetpack_featured_media_url":"https:\/\/i0.wp.com\/pequod.nesodd1.no\/wp-content\/uploads\/2019\/05\/IMG-8740.jpg?fit=800%2C600&ssl=1","jetpack_shortlink":"https:\/\/wp.me\/p3Zd9b-89t","jetpack_sharing_enabled":true,"jetpack_likes_enabled":true,"jetpack-related-posts":[],"_links":{"self":[{"href":"https:\/\/pequod.nesodd1.no\/index.php?rest_route=\/wp\/v2\/posts\/31339","targetHints":{"allow":["GET"]}}],"collection":[{"href":"https:\/\/pequod.nesodd1.no\/index.php?rest_route=\/wp\/v2\/posts"}],"about":[{"href":"https:\/\/pequod.nesodd1.no\/index.php?rest_route=\/wp\/v2\/types\/post"}],"author":[{"embeddable":true,"href":"https:\/\/pequod.nesodd1.no\/index.php?rest_route=\/wp\/v2\/users\/1"}],"replies":[{"embeddable":true,"href":"https:\/\/pequod.nesodd1.no\/index.php?rest_route=%2Fwp%2Fv2%2Fcomments&post=31339"}],"version-history":[{"count":6,"href":"https:\/\/pequod.nesodd1.no\/index.php?rest_route=\/wp\/v2\/posts\/31339\/revisions"}],"predecessor-version":[{"id":31345,"href":"https:\/\/pequod.nesodd1.no\/index.php?rest_route=\/wp\/v2\/posts\/31339\/revisions\/31345"}],"wp:featuredmedia":[{"embeddable":true,"href":"https:\/\/pequod.nesodd1.no\/index.php?rest_route=\/wp\/v2\/media\/15664"}],"wp:attachment":[{"href":"https:\/\/pequod.nesodd1.no\/index.php?rest_route=%2Fwp%2Fv2%2Fmedia&parent=31339"}],"wp:term":[{"taxonomy":"category","embeddable":true,"href":"https:\/\/pequod.nesodd1.no\/index.php?rest_route=%2Fwp%2Fv2%2Fcategories&post=31339"},{"taxonomy":"post_tag","embeddable":true,"href":"https:\/\/pequod.nesodd1.no\/index.php?rest_route=%2Fwp%2Fv2%2Ftags&post=31339"}],"curies":[{"name":"wp","href":"https:\/\/api.w.org\/{rel}","templated":true}]}}