{"id":3424,"date":"2014-06-27T15:20:02","date_gmt":"2014-06-27T13:20:02","guid":{"rendered":"https:\/\/pequod.nesodd1.no\/?p=3424"},"modified":"2014-06-27T10:30:41","modified_gmt":"2014-06-27T08:30:41","slug":"svenskekysten-naermer-seg","status":"publish","type":"post","link":"https:\/\/pequod.nesodd1.no\/?p=3424","title":{"rendered":"Svenskekysten n\u00e6rmer seg"},"content":{"rendered":"<p class=\"Infolinje\"><a href=\"https:\/\/i0.wp.com\/pequod.nesodd1.no\/wp-content\/uploads\/2013\/11\/kalender.jpg\"><img data-recalc-dims=\"1\" loading=\"lazy\" decoding=\"async\" data-attachment-id=\"930\" data-permalink=\"https:\/\/pequod.nesodd1.no\/?attachment_id=930\" data-orig-file=\"https:\/\/i0.wp.com\/pequod.nesodd1.no\/wp-content\/uploads\/2013\/11\/kalender.jpg?fit=259%2C194&amp;ssl=1\" data-orig-size=\"259,194\" data-comments-opened=\"1\" data-image-meta=\"{&quot;aperture&quot;:&quot;0&quot;,&quot;credit&quot;:&quot;&quot;,&quot;camera&quot;:&quot;&quot;,&quot;caption&quot;:&quot;&quot;,&quot;created_timestamp&quot;:&quot;0&quot;,&quot;copyright&quot;:&quot;&quot;,&quot;focal_length&quot;:&quot;0&quot;,&quot;iso&quot;:&quot;0&quot;,&quot;shutter_speed&quot;:&quot;0&quot;,&quot;title&quot;:&quot;&quot;}\" data-image-title=\"kalender\" data-image-description=\"\" data-image-caption=\"\" data-large-file=\"https:\/\/i0.wp.com\/pequod.nesodd1.no\/wp-content\/uploads\/2013\/11\/kalender.jpg?fit=259%2C194&amp;ssl=1\" class=\"alignright  wp-image-930\" src=\"https:\/\/i0.wp.com\/pequod.nesodd1.no\/wp-content\/uploads\/2013\/11\/kalender-150x150.jpg?resize=68%2C68\" alt=\"kalender\" width=\"68\" height=\"68\" srcset=\"https:\/\/i0.wp.com\/pequod.nesodd1.no\/wp-content\/uploads\/2013\/11\/kalender.jpg?resize=150%2C150&amp;ssl=1 150w, https:\/\/i0.wp.com\/pequod.nesodd1.no\/wp-content\/uploads\/2013\/11\/kalender.jpg?zoom=3&amp;resize=68%2C68&amp;ssl=1 204w\" sizes=\"auto, (max-width: 68px) 100vw, 68px\" \/><\/a>Det begynner \u00e5 n\u00e6rme seg sommer og ferietid. Selv tar jeg ikke ferie f\u00f8r om to uker, og begynner med \u00e5 dra p\u00e5 fjellet f\u00f8r debuten som ferieskipper skal unnagj\u00f8res.<!--more--><\/p>\n<p class=\"BrdtekstInnrykk\">Jeg m\u00e5 innr\u00f8mme at f\u00f8rste del av ferien ikke falt ut helt som planlagt. Vi har som tradisjon \u00e5 ta en uke p\u00e5 fjellet i juli, og uka p\u00e5 fjellet var planlagt i god tid. S\u00e5 oppdaget jeg i ettertid at Grunnlovskonvoein, som jeg hadde veldig lyst \u00e5 v\u00e6re med p\u00e5, finner sted akkurat den uka vi er p\u00e5 fjellet. Uflaks.<\/p>\n<p class=\"BrdtekstInnrykk\">Riktignok er det mulig for meg \u00e5 ta den uka p\u00e5 fjellet med ungene en uke senere, men da begynner det \u00e5 bli litt problemer med tanke p\u00e5 avvikling av sommerens hovedm\u00e5l, b\u00e5tferie langs svenskekysten, s\u00e5 da blir det til at Grunnlovskonvoien droppes.<\/p>\n<p class=\"BrdtekstInnrykk\"><a href=\"https:\/\/i0.wp.com\/pequod.nesodd1.no\/wp-content\/uploads\/2014\/06\/svensk.jpg\"><img data-recalc-dims=\"1\" loading=\"lazy\" decoding=\"async\" data-attachment-id=\"3429\" data-permalink=\"https:\/\/pequod.nesodd1.no\/?attachment_id=3429\" data-orig-file=\"https:\/\/i0.wp.com\/pequod.nesodd1.no\/wp-content\/uploads\/2014\/06\/svensk.jpg?fit=136%2C132&amp;ssl=1\" data-orig-size=\"136,132\" data-comments-opened=\"1\" data-image-meta=\"{&quot;aperture&quot;:&quot;0&quot;,&quot;credit&quot;:&quot;&quot;,&quot;camera&quot;:&quot;&quot;,&quot;caption&quot;:&quot;&quot;,&quot;created_timestamp&quot;:&quot;0&quot;,&quot;copyright&quot;:&quot;&quot;,&quot;focal_length&quot;:&quot;0&quot;,&quot;iso&quot;:&quot;0&quot;,&quot;shutter_speed&quot;:&quot;0&quot;,&quot;title&quot;:&quot;&quot;}\" data-image-title=\"svensk\" data-image-description=\"&lt;p&gt;Flagg, svensk, Sverige&lt;\/p&gt;\n\" data-image-caption=\"\" data-large-file=\"https:\/\/i0.wp.com\/pequod.nesodd1.no\/wp-content\/uploads\/2014\/06\/svensk.jpg?fit=136%2C132&amp;ssl=1\" class=\"alignleft size-full wp-image-3429\" src=\"https:\/\/i0.wp.com\/pequod.nesodd1.no\/wp-content\/uploads\/2014\/06\/svensk.jpg?resize=136%2C132\" alt=\"svensk\" width=\"136\" height=\"132\" \/><\/a>Jeg har jo f\u00e5tt ja fra\u00a0ungene til\u00a0b\u00e5ttur til Sverige. Opprinnelig s\u00e5 jeg for meg to-tre uker loffende med b\u00e5ten langs kysten, men etter r\u00e5d og innspill fra folk som vet mer om dette enn meg, er turen redusert til cirka 8-10 dager.<\/p>\n<p class=\"BrdtekstInnrykk\">Det g\u00e5r jo nemlig ganske s\u00e5 sakte med en snekke i 5 knop, og i tillegg skal vi fire leve tett p\u00e5 hverandre og sove sammen p\u00e5 sv\u00e6rt liten plass hele denne tiden. Derfor har jeg kommet til den slutningen at jeg heller kutter litt ned p\u00e5 lengden istedenfor \u00e5 risikere at ungdommene g\u00e5r totalt lei av b\u00e5tlivet og f\u00e5r det i vrangstrupen etter 14 dager til sj\u00f8s&#8230;<\/p>\n<p class=\"BrdtekstInnrykk\">\u00a0Jeg har jo lyst til \u00e5 gjenta dette hver sommer, og antakelig ogs\u00e5 i h\u00f8stferien hvis mulig, s\u00e5 derfor vil jeg ikke skremme bort og \u00f8delegge b\u00e5tinteressen hos ungene mine.<\/p>\n<p class=\"BrdtekstInnrykk\">For det er vel s\u00e5 sin sak for meg, jeg elsker jo \u00e5 sitte der og kj\u00f8re b\u00e5ten, men for tre ungdommer p\u00e5 14, 17 og 18 s\u00e5 blir det mye mer stillesitting og inaktivitet enn hos meg. Jeg f\u00e5r jo opplevelsen av \u00e5 styre b\u00e5ten og den intensiteten og konsentrasjonen det f\u00f8rer med seg, mens ungene stort sett bare vil &laquo;sitte der&raquo;. Og TV har vi ikke om bord&#8230;<\/p>\n<p class=\"BrdtekstInnrykk\">Riktignok har jeg tenkt at ungene p\u00e5 ufarlige strekninger og med lite b\u00e5ter rundt skal f\u00e5 lov til \u00e5 pr\u00f8ve seg som skipper med meg ved siden av. \u00d8velse gj\u00f8r mester, tenker jeg. Og alle har jo vist interesse for det, men likevel blir det jo selvsagt jeg som kommer til \u00e5 sitte bak rattet mest og dermed ha noe \u00e5 gj\u00f8re.<\/p>\n<p class=\"BrdtekstInnrykk\">Derfor har jeg tenkt at relativt korte dagsetapper er tingen for at ungdommene ikke skal g\u00e5 lei. Jeg tenker for eksempel p\u00e5 at vi f\u00f8rste dag f\u00f8rst kj\u00f8rer til Oscarsborg, det tar dr\u00f8ye tre timer, hopper av der og spiser\/tar oss en rundtur p\u00e5 \u00f8ya, deretter fortsetter etter et par timer og kanskje legger oss til for natten i for eksempel Son. Er ogs\u00e5 \u00e5pen for \u00e5 ta ferga fra Oscarsborg og inn til Dr\u00f8bak for en avstikker der.<\/p>\n<figure id=\"attachment_3427\" aria-describedby=\"caption-attachment-3427\" style=\"width: 250px\" class=\"wp-caption alignleft\"><a href=\"https:\/\/i0.wp.com\/pequod.nesodd1.no\/wp-content\/uploads\/2014\/06\/250px-Sotekanalen2010.jpg\"><img data-recalc-dims=\"1\" loading=\"lazy\" decoding=\"async\" data-attachment-id=\"3427\" data-permalink=\"https:\/\/pequod.nesodd1.no\/?attachment_id=3427\" data-orig-file=\"https:\/\/i0.wp.com\/pequod.nesodd1.no\/wp-content\/uploads\/2014\/06\/250px-Sotekanalen2010.jpg?fit=250%2C165&amp;ssl=1\" data-orig-size=\"250,165\" data-comments-opened=\"1\" data-image-meta=\"{&quot;aperture&quot;:&quot;0&quot;,&quot;credit&quot;:&quot;&quot;,&quot;camera&quot;:&quot;&quot;,&quot;caption&quot;:&quot;&quot;,&quot;created_timestamp&quot;:&quot;0&quot;,&quot;copyright&quot;:&quot;&quot;,&quot;focal_length&quot;:&quot;0&quot;,&quot;iso&quot;:&quot;0&quot;,&quot;shutter_speed&quot;:&quot;0&quot;,&quot;title&quot;:&quot;&quot;}\" data-image-title=\"250px-Sotekanalen2010\" data-image-description=\"\" data-image-caption=\"&lt;p&gt;Sotekanalen&lt;\/p&gt;\n\" data-large-file=\"https:\/\/i0.wp.com\/pequod.nesodd1.no\/wp-content\/uploads\/2014\/06\/250px-Sotekanalen2010.jpg?fit=250%2C165&amp;ssl=1\" class=\"size-full wp-image-3427\" src=\"https:\/\/i0.wp.com\/pequod.nesodd1.no\/wp-content\/uploads\/2014\/06\/250px-Sotekanalen2010.jpg?resize=250%2C165\" alt=\"Sotekanalen\" width=\"250\" height=\"165\" \/><\/a><figcaption id=\"caption-attachment-3427\" class=\"wp-caption-text\">Sotekanalen<\/figcaption><\/figure>\n<p class=\"BrdtekstInnrykk\">Dag to fortsetter deretter ned mot Moss\/Fredrikstad\/Halden-distriktet (med unntak fra Moss tar det vel for lang tid \u00e5 kj\u00f8re helt inn til de to andre byene, s\u00e5 en stopp i Moss blir det nok. Deretter ny overnatting enten i gjestehavn eller ved anker i n\u00e6rheten avd e to sistnevnte byene, for s\u00e5 \u00e5 passere svenskegrensen p\u00e5 dag tre.<\/p>\n<p class=\"BrdtekstInnrykk\">S\u00e5 sp\u00f8rs det da, hvor langt ned svenskekysten vi kommer denne gangen? Jeg innbiller meg at entusiasmen til ungene vil tilta noe n\u00e5r vi er over i fremmed farvann og det nyinnkj\u00f8pte svenske gjesteflagget heises i den relativt nyinnkj\u00f8pte stanga p\u00e5 styrbord side, men samtidig regner jeg ogs\u00e5 med at entusiasmen kan dale i takt med antall dager&#8230;et lite dilemma det der&#8230; \ud83d\ude42<\/p>\n<p class=\"BrdtekstInnrykk\">Mitt m\u00e5l er i alle fall \u00e5 komme fram til Hunnebostrand, eller kanskje helt fram til Sm\u00f6gen? Det er jo avhengig av ungene, men ogs\u00e5 v\u00e6ret. Synes det kunne v\u00e6rt spennende \u00e5 komme seg til Hunnebostrand og deretter ta Sotekanalen og overnatte p\u00e5 Sm\u00f6gen f\u00f8r returen?<\/p>\n<p class=\"BrdtekstInnrykk\">I verste fall er jeg innstilt p\u00e5 \u00e5 sette ungene p\u00e5 tog\/buss p\u00e5 returen hvis de ikke \u00f8nsker \u00e5 bli med lenger&#8230;Det er jo fullt mulig, men jeg tror \u00e6rlig talt ikke at det kommer til \u00e5 skje&#8230; Jeg har ganske t\u00e5lmodige unger, og b\u00e5tlivet er jo fortsatt nytt for oss alle.<\/p>\n<figure id=\"attachment_3428\" aria-describedby=\"caption-attachment-3428\" style=\"width: 300px\" class=\"wp-caption alignright\"><a href=\"https:\/\/i0.wp.com\/pequod.nesodd1.no\/wp-content\/uploads\/2014\/06\/smogen.jpg\"><img data-recalc-dims=\"1\" loading=\"lazy\" decoding=\"async\" data-attachment-id=\"3428\" data-permalink=\"https:\/\/pequod.nesodd1.no\/?attachment_id=3428\" data-orig-file=\"https:\/\/i0.wp.com\/pequod.nesodd1.no\/wp-content\/uploads\/2014\/06\/smogen-e1413706839295.jpg?fit=800%2C600&amp;ssl=1\" data-orig-size=\"800,600\" data-comments-opened=\"1\" data-image-meta=\"{&quot;aperture&quot;:&quot;0&quot;,&quot;credit&quot;:&quot;&quot;,&quot;camera&quot;:&quot;&quot;,&quot;caption&quot;:&quot;&quot;,&quot;created_timestamp&quot;:&quot;0&quot;,&quot;copyright&quot;:&quot;&quot;,&quot;focal_length&quot;:&quot;0&quot;,&quot;iso&quot;:&quot;0&quot;,&quot;shutter_speed&quot;:&quot;0&quot;,&quot;title&quot;:&quot;&quot;}\" data-image-title=\"smogen\" data-image-description=\"\" data-image-caption=\"&lt;p&gt;Sm\u00f6gen&lt;\/p&gt;\n\" data-large-file=\"https:\/\/i0.wp.com\/pequod.nesodd1.no\/wp-content\/uploads\/2014\/06\/smogen-e1413706839295.jpg?fit=800%2C600&amp;ssl=1\" class=\"size-medium wp-image-3428\" src=\"https:\/\/i0.wp.com\/pequod.nesodd1.no\/wp-content\/uploads\/2014\/06\/smogen-300x225.jpg?resize=300%2C225\" alt=\"Sm\u00f6gen\" width=\"300\" height=\"225\" \/><\/a><figcaption id=\"caption-attachment-3428\" class=\"wp-caption-text\">Sm\u00f6gen<\/figcaption><\/figure>\n<p class=\"BrdtekstInnrykk\">Returen har jeg lyst til \u00e5 ta p\u00e5 &laquo;andre siden av fjorden&raquo; n\u00e5r vi kommer langt nok opp til \u00e5 krysse, og kanskje f\u00e5 med oss T\u00f8nsberg og Horten? Landgang p\u00e5 vestre side av H\u00e5\u00f8ya ogs\u00e5, kanskje? Da tror jeg nok de 8-10 dagene er brukt opp&#8230;<\/p>\n<p class=\"BrdtekstInnrykk\">Kjenner at jeg gleder meg enormt til dette, og om ikke s\u00e5 lenge f\u00e5r jeg sette meg ned og planlegge en litt overordnet, men l\u00f8s skisse for turen. Mens jeg \u00f8nsker \u00e5 planlegge grundig n\u00e5r det gjelder ting som fart, distanse, drivstoffp\u00e5fyll, proviantering, havneavgifter etc., s\u00e5 er jeg mer \u00e5pen og avslappet for hvor og hvor ofte vi legger til og ankrer opp, det tar vi litt p\u00e5 sparket.<\/p>\n<h3>Related Images:<\/h3>","protected":false},"excerpt":{"rendered":"<p>Det begynner \u00e5 n\u00e6rme seg sommer og ferietid. Selv tar jeg ikke ferie f\u00f8r om to uker, og begynner med \u00e5 dra p\u00e5 fjellet f\u00f8r debuten som ferieskipper skal unnagj\u00f8res. Related Images:<\/p>\n","protected":false},"author":1,"featured_media":0,"comment_status":"open","ping_status":"open","sticky":false,"template":"","format":"standard","meta":{"_crdt_document":"","ngg_post_thumbnail":0,"jetpack_post_was_ever_published":false,"_jetpack_newsletter_access":"","_jetpack_dont_email_post_to_subs":false,"_jetpack_newsletter_tier_id":0,"_jetpack_memberships_contains_paywalled_content":false,"_jetpack_memberships_contains_paid_content":false,"footnotes":""},"categories":[3,148],"tags":[804,799,803,800,802,801,797,798],"class_list":["post-3424","post","type-post","status-publish","format-standard","hentry","category-blogg","category-planlegging","tag-drobak","tag-hunnebostrand","tag-moss","tag-smogen","tag-son","tag-sotekanalen","tag-svenskekysten","tag-turplanlegging"],"jetpack_featured_media_url":"","jetpack_shortlink":"https:\/\/wp.me\/p3Zd9b-Te","jetpack_sharing_enabled":true,"jetpack_likes_enabled":true,"jetpack-related-posts":[],"_links":{"self":[{"href":"https:\/\/pequod.nesodd1.no\/index.php?rest_route=\/wp\/v2\/posts\/3424","targetHints":{"allow":["GET"]}}],"collection":[{"href":"https:\/\/pequod.nesodd1.no\/index.php?rest_route=\/wp\/v2\/posts"}],"about":[{"href":"https:\/\/pequod.nesodd1.no\/index.php?rest_route=\/wp\/v2\/types\/post"}],"author":[{"embeddable":true,"href":"https:\/\/pequod.nesodd1.no\/index.php?rest_route=\/wp\/v2\/users\/1"}],"replies":[{"embeddable":true,"href":"https:\/\/pequod.nesodd1.no\/index.php?rest_route=%2Fwp%2Fv2%2Fcomments&post=3424"}],"version-history":[{"count":4,"href":"https:\/\/pequod.nesodd1.no\/index.php?rest_route=\/wp\/v2\/posts\/3424\/revisions"}],"predecessor-version":[{"id":3430,"href":"https:\/\/pequod.nesodd1.no\/index.php?rest_route=\/wp\/v2\/posts\/3424\/revisions\/3430"}],"wp:attachment":[{"href":"https:\/\/pequod.nesodd1.no\/index.php?rest_route=%2Fwp%2Fv2%2Fmedia&parent=3424"}],"wp:term":[{"taxonomy":"category","embeddable":true,"href":"https:\/\/pequod.nesodd1.no\/index.php?rest_route=%2Fwp%2Fv2%2Fcategories&post=3424"},{"taxonomy":"post_tag","embeddable":true,"href":"https:\/\/pequod.nesodd1.no\/index.php?rest_route=%2Fwp%2Fv2%2Ftags&post=3424"}],"curies":[{"name":"wp","href":"https:\/\/api.w.org\/{rel}","templated":true}]}}