{"id":4068,"date":"2014-08-05T08:32:18","date_gmt":"2014-08-05T06:32:18","guid":{"rendered":"https:\/\/pequod.nesodd1.no\/?p=4068"},"modified":"2014-08-05T01:06:28","modified_gmt":"2014-08-04T23:06:28","slug":"mot-morkere-tider","status":"publish","type":"post","link":"https:\/\/pequod.nesodd1.no\/?p=4068","title":{"rendered":"Mot m\u00f8rkere tider"},"content":{"rendered":"<p>N\u00e5r godv\u00e6ret var som best i sommer\u00a0kunne jeg kose meg p\u00e5 sj\u00f8en til langt p\u00e5 kveld. I noen tilfeller var jeg ikke tilbake i b\u00e5thavna f\u00f8r n\u00e6rmere en halvtime f\u00f8r midnatt, men opplevde likevel at m\u00f8rket enn\u00e5 ikke hadde senket seg. P\u00e5 et par uker er dette forandret, for n\u00e5 begynner det \u00e5 m\u00f8rkne allerede ved 22-tiden p\u00e5 kvelden.<!--more--><\/p>\n<p><a href=\"https:\/\/i0.wp.com\/pequod.nesodd1.no\/wp-content\/uploads\/ngg_featured\/IMG_9660.JPG\"><img data-recalc-dims=\"1\" loading=\"lazy\" decoding=\"async\" data-attachment-id=\"3768\" data-permalink=\"https:\/\/pequod.nesodd1.no\/?attachment_id=3768\" data-orig-file=\"https:\/\/i0.wp.com\/pequod.nesodd1.no\/wp-content\/uploads\/ngg_featured\/IMG_9660.JPG?fit=800%2C534&amp;ssl=1\" data-orig-size=\"800,534\" data-comments-opened=\"1\" data-image-meta=\"{&quot;aperture&quot;:&quot;10&quot;,&quot;credit&quot;:&quot;Picasa&quot;,&quot;camera&quot;:&quot;Canon EOS 700D&quot;,&quot;caption&quot;:&quot;&quot;,&quot;created_timestamp&quot;:&quot;1406137233&quot;,&quot;copyright&quot;:&quot;&quot;,&quot;focal_length&quot;:&quot;28&quot;,&quot;iso&quot;:&quot;400&quot;,&quot;shutter_speed&quot;:&quot;0.003125&quot;,&quot;title&quot;:&quot;&quot;}\" data-image-title=\"IMG_9660\" data-image-description=\"&lt;p&gt;Mer-idyll&lt;\/p&gt;\n\" data-image-caption=\"\" data-large-file=\"https:\/\/i0.wp.com\/pequod.nesodd1.no\/wp-content\/uploads\/ngg_featured\/IMG_9660.JPG?fit=800%2C534&amp;ssl=1\" class=\"alignleft size-medium wp-image-3768\" src=\"https:\/\/i0.wp.com\/pequod.nesodd1.no\/wp-content\/uploads\/ngg_featured\/IMG_9660-300x200.jpg?resize=300%2C200\" alt=\"IMG_9660\" width=\"300\" height=\"200\" srcset=\"https:\/\/i0.wp.com\/pequod.nesodd1.no\/wp-content\/uploads\/ngg_featured\/IMG_9660.JPG?resize=300%2C200&amp;ssl=1 300w, https:\/\/i0.wp.com\/pequod.nesodd1.no\/wp-content\/uploads\/ngg_featured\/IMG_9660.JPG?w=800&amp;ssl=1 800w\" sizes=\"auto, (max-width: 300px) 100vw, 300px\" \/><\/a>Jeg m\u00e5 innr\u00f8mme at jeg virkelig n\u00f8t \u00e5 kunne v\u00e6re sent ute med b\u00e5ten disse fin sommerkveldene som har v\u00e6rt. F\u00f8r jeg tok ferie kunne jeg dra til b\u00e5ten etter jobben og fremdeles tilbringe mange timer til sj\u00f8s i deilig v\u00e6r, og komme meg tilbake til b\u00e5thavna uten \u00e5 ha behov for \u00e5 sl\u00e5 p\u00e5 lanternene. Men slik er det ikke lenger.<\/p>\n<p>H\u00f8sten skal riktignok ikke komme f\u00f8r i oktober if\u00f8lge meteorologene, s\u00e5 vi har jo fortsatt god til til \u00e5 nyte sommeren, og forh\u00e5pentligvis har vi ogs\u00e5 mer godt sommerv\u00e6r i vente, selv om det akkurat n\u00e5 er ganske s\u00e5 ustabilt med b\u00e5de vind, regn, lyn og torden.<\/p>\n<p>Men s\u00e5fremt du ikke bor i Nord-Norge s\u00e5 er det slutt p\u00e5 den spesielle f\u00f8lelsen det er \u00e5 komme sakte sigende inn i b\u00e5thavna og vite at det n\u00e6rmer seg midnatt om noen f\u00e5 strakser.<\/p>\n<p>P\u00e5 vei til nattvakt denne uka har jeg st\u00e5tt og ventet p\u00e5 Nesoddferga p\u00e5 brygga litt f\u00f8r klokken 22 og konstatert at det allerede er &laquo;lanternem\u00f8rkt&raquo; p\u00e5 den tiden. Det er selvsagt noe m\u00f8rkere p\u00e5 grunn av litt tunge regnskyer ogs\u00e5, men selv ikke skyfri himmel og m\u00e5neskinn kan b\u00f8te p\u00e5 at det n\u00e5 g\u00e5r mot m\u00f8rkere tider.<\/p>\n<figure id=\"attachment_3639\" aria-describedby=\"caption-attachment-3639\" style=\"width: 300px\" class=\"wp-caption alignright\"><a href=\"https:\/\/i0.wp.com\/pequod.nesodd1.no\/wp-content\/uploads\/2014\/07\/10505610_10152140905232032_7683920640345747289_n.jpg\"><img data-recalc-dims=\"1\" loading=\"lazy\" decoding=\"async\" data-attachment-id=\"3639\" data-permalink=\"https:\/\/pequod.nesodd1.no\/?attachment_id=3639\" data-orig-file=\"https:\/\/i0.wp.com\/pequod.nesodd1.no\/wp-content\/uploads\/2014\/07\/10505610_10152140905232032_7683920640345747289_n.jpg?fit=640%2C640&amp;ssl=1\" data-orig-size=\"640,640\" data-comments-opened=\"1\" data-image-meta=\"{&quot;aperture&quot;:&quot;0&quot;,&quot;credit&quot;:&quot;&quot;,&quot;camera&quot;:&quot;&quot;,&quot;caption&quot;:&quot;&quot;,&quot;created_timestamp&quot;:&quot;0&quot;,&quot;copyright&quot;:&quot;&quot;,&quot;focal_length&quot;:&quot;0&quot;,&quot;iso&quot;:&quot;0&quot;,&quot;shutter_speed&quot;:&quot;0&quot;,&quot;title&quot;:&quot;&quot;}\" data-image-title=\"10505610_10152140905232032_7683920640345747289_n\" data-image-description=\"\" data-image-caption=\"&lt;p&gt;Husb\u00e5t i solnedgang. Kom dessverre ikke ordentlig innp\u00e5.&lt;\/p&gt;\n\" data-large-file=\"https:\/\/i0.wp.com\/pequod.nesodd1.no\/wp-content\/uploads\/2014\/07\/10505610_10152140905232032_7683920640345747289_n.jpg?fit=640%2C640&amp;ssl=1\" class=\"size-medium wp-image-3639\" src=\"https:\/\/i0.wp.com\/pequod.nesodd1.no\/wp-content\/uploads\/2014\/07\/10505610_10152140905232032_7683920640345747289_n-300x300.jpg?resize=300%2C300\" alt=\"Husb\u00e5t i solnedgang. Kom dessverre ikke ordentlig innp\u00e5.\" width=\"300\" height=\"300\" srcset=\"https:\/\/i0.wp.com\/pequod.nesodd1.no\/wp-content\/uploads\/2014\/07\/10505610_10152140905232032_7683920640345747289_n.jpg?resize=300%2C300&amp;ssl=1 300w, https:\/\/i0.wp.com\/pequod.nesodd1.no\/wp-content\/uploads\/2014\/07\/10505610_10152140905232032_7683920640345747289_n.jpg?resize=150%2C150&amp;ssl=1 150w, https:\/\/i0.wp.com\/pequod.nesodd1.no\/wp-content\/uploads\/2014\/07\/10505610_10152140905232032_7683920640345747289_n.jpg?w=640&amp;ssl=1 640w\" sizes=\"auto, (max-width: 300px) 100vw, 300px\" \/><\/a><figcaption id=\"caption-attachment-3639\" class=\"wp-caption-text\">Husb\u00e5t i solnedgang. Kom dessverre ikke ordentlig innp\u00e5.<\/figcaption><\/figure>\n<p>Jeg tror jeg kommer til \u00e5 savne den f\u00f8lelsen det var \u00e5 kunne v\u00e6re utp\u00e5 ganske sent uten at man egentlig tenkte over det, men den kommer nok tilbake til neste sommer!<\/p>\n<p>Og det har jo sin sjarm \u00e5 f\u00f8re lanterner ogs\u00e5, da! \ud83d\ude42<\/p>\n<h3>Related Images:<\/h3>","protected":false},"excerpt":{"rendered":"<p>N\u00e5r godv\u00e6ret var som best i sommer\u00a0kunne jeg kose meg p\u00e5 sj\u00f8en til langt p\u00e5 kveld. I noen tilfeller var jeg ikke tilbake i b\u00e5thavna f\u00f8r n\u00e6rmere en halvtime f\u00f8r midnatt, men opplevde likevel at m\u00f8rket enn\u00e5 ikke hadde senket seg. P\u00e5 et par uker er dette forandret, for n\u00e5 begynner det \u00e5 m\u00f8rkne allerede &hellip;<br \/><a href=\"https:\/\/pequod.nesodd1.no\/?p=4068\" class=\"more-link pen_element_default pen_icon_arrow_double\">Les<\/a><\/p>\n","protected":false},"author":1,"featured_media":0,"comment_status":"open","ping_status":"open","sticky":false,"template":"","format":"standard","meta":{"_crdt_document":"","ngg_post_thumbnail":0,"jetpack_post_was_ever_published":false,"_jetpack_newsletter_access":"","_jetpack_dont_email_post_to_subs":false,"_jetpack_newsletter_tier_id":0,"_jetpack_memberships_contains_paywalled_content":false,"_jetpack_memberships_contains_paid_content":false,"footnotes":""},"categories":[3,8],"tags":[936,937,935],"class_list":["post-4068","post","type-post","status-publish","format-standard","hentry","category-blogg","category-vaer","tag-lyst-ved-midnatt","tag-morkere-tider","tag-tidligere-morkt"],"jetpack_featured_media_url":"","jetpack_shortlink":"https:\/\/wp.me\/p3Zd9b-13C","jetpack_sharing_enabled":true,"jetpack_likes_enabled":true,"jetpack-related-posts":[],"_links":{"self":[{"href":"https:\/\/pequod.nesodd1.no\/index.php?rest_route=\/wp\/v2\/posts\/4068","targetHints":{"allow":["GET"]}}],"collection":[{"href":"https:\/\/pequod.nesodd1.no\/index.php?rest_route=\/wp\/v2\/posts"}],"about":[{"href":"https:\/\/pequod.nesodd1.no\/index.php?rest_route=\/wp\/v2\/types\/post"}],"author":[{"embeddable":true,"href":"https:\/\/pequod.nesodd1.no\/index.php?rest_route=\/wp\/v2\/users\/1"}],"replies":[{"embeddable":true,"href":"https:\/\/pequod.nesodd1.no\/index.php?rest_route=%2Fwp%2Fv2%2Fcomments&post=4068"}],"version-history":[{"count":3,"href":"https:\/\/pequod.nesodd1.no\/index.php?rest_route=\/wp\/v2\/posts\/4068\/revisions"}],"predecessor-version":[{"id":4071,"href":"https:\/\/pequod.nesodd1.no\/index.php?rest_route=\/wp\/v2\/posts\/4068\/revisions\/4071"}],"wp:attachment":[{"href":"https:\/\/pequod.nesodd1.no\/index.php?rest_route=%2Fwp%2Fv2%2Fmedia&parent=4068"}],"wp:term":[{"taxonomy":"category","embeddable":true,"href":"https:\/\/pequod.nesodd1.no\/index.php?rest_route=%2Fwp%2Fv2%2Fcategories&post=4068"},{"taxonomy":"post_tag","embeddable":true,"href":"https:\/\/pequod.nesodd1.no\/index.php?rest_route=%2Fwp%2Fv2%2Ftags&post=4068"}],"curies":[{"name":"wp","href":"https:\/\/api.w.org\/{rel}","templated":true}]}}