{"id":4133,"date":"2014-08-21T11:25:23","date_gmt":"2014-08-21T09:25:23","guid":{"rendered":"https:\/\/pequod.nesodd1.no\/?p=4133"},"modified":"2014-08-21T11:18:32","modified_gmt":"2014-08-21T09:18:32","slug":"pappa-pa-tur","status":"publish","type":"post","link":"https:\/\/pequod.nesodd1.no\/?p=4133","title":{"rendered":"Pappa p\u00e5 tur"},"content":{"rendered":"<p>Etter to av ungene har begynt p\u00e5 skolen denne uken, og guttungen i l\u00f8pet av helgen blir plassert p\u00e5 folkeh\u00f8gskole, har jeg planer om en b\u00e5tferie for meg selv. V\u00e6rutsiktene for den kommende uka ser nemlig veldig bra ut, og ettersom jeg har fri helt til s\u00f8ndag kveld, s\u00e5 har jeg tenkt \u00e5 pr\u00f8ve \u00e5 fullf\u00f8re det som har v\u00e6rt sommerens store m\u00e5l, \u00e5 komme seg til Sverige!<!--more--><\/p>\n<p>Det blir i s\u00e5 fall litt annerledes enn opprinnelig tenkt. Meningen var jo \u00e5 f\u00e5 med alle ungene p\u00e5 en slik tur, men det gikk jo i vasken. Men ettersom jeg jo fremdeles har en uke til disposisjon, s\u00e5 tenkte jeg &#8211; hvorfor ikke?<\/p>\n<p>Jeg er jo vant til \u00e5 ferdes alene i b\u00e5ten s\u00e5 det blir jo ingen ny erfaring for meg, for \u00e5 si det slik&#8230; Selv om det blir litt lengre tur enn jeg er vant med alene.<\/p>\n<p><a href=\"https:\/\/i0.wp.com\/pequod.nesodd1.no\/wp-content\/uploads\/2014\/05\/bilde-17.jpg\"><img data-recalc-dims=\"1\" loading=\"lazy\" decoding=\"async\" data-attachment-id=\"2894\" data-permalink=\"https:\/\/pequod.nesodd1.no\/?attachment_id=2894\" data-orig-file=\"https:\/\/i0.wp.com\/pequod.nesodd1.no\/wp-content\/uploads\/2014\/05\/bilde-17-e1413707391370.jpg?fit=800%2C600&amp;ssl=1\" data-orig-size=\"800,600\" data-comments-opened=\"1\" data-image-meta=\"{&quot;aperture&quot;:&quot;2.2&quot;,&quot;credit&quot;:&quot;&quot;,&quot;camera&quot;:&quot;iPhone 5s&quot;,&quot;caption&quot;:&quot;&quot;,&quot;created_timestamp&quot;:&quot;1399745941&quot;,&quot;copyright&quot;:&quot;&quot;,&quot;focal_length&quot;:&quot;4.12&quot;,&quot;iso&quot;:&quot;40&quot;,&quot;shutter_speed&quot;:&quot;0.000632911392405&quot;,&quot;title&quot;:&quot;&quot;}\" data-image-title=\"bilde (17)\" data-image-description=\"\" data-image-caption=\"\" data-large-file=\"https:\/\/i0.wp.com\/pequod.nesodd1.no\/wp-content\/uploads\/2014\/05\/bilde-17-e1413707391370.jpg?fit=940%2C705&amp;ssl=1\" class=\"alignleft size-medium wp-image-2894\" src=\"https:\/\/i0.wp.com\/pequod.nesodd1.no\/wp-content\/uploads\/2014\/05\/bilde-17-300x225.jpg?resize=300%2C225\" alt=\"bilde (17)\" width=\"300\" height=\"225\" \/><\/a>Rent sikkerhetsmessig tror jeg ikke det blir noe problem heller. B\u00e5ten er trygg og sikker, motoren fungerer s\u00e5 det suser og n\u00e5r jeg er alene om bord har jeg stort sett alltid p\u00e5 meg flytevesten. Selv om jeg ikke har VHF denne sesongen, er jeg godt utstyrt med apper, papirkart og gode lademuligheter. N\u00f8dbluss finnes ogs\u00e5 om bord.<\/p>\n<p>Eneste som kan bli problematisk er ved fort\u00f8yning. Jeg f\u00e5r satse p\u00e5 at det er s\u00e5pass rolig nedover kysten p\u00e5 denne tiden av \u00e5ret at jeg fint kan legge til i en b\u00e5s i en gjestehavn eller ved en ledig brygge. Og skulle jeg m\u00e5tte fort\u00f8ye med baugen og hekkanker\/p\u00e5le, s\u00e5 fikser jeg vel det ogs\u00e5!<\/p>\n<p>Det er bare \u00e5 bruke Pippi-filosofien: -Det har jeg ikke gjort f\u00f8r, s\u00e5 det kan jeg helt sikkert!<\/p>\n<p>S\u00e5 er det jo slik at n\u00e5r jeg er alene har jeg ikke andre \u00e5 ta hensyn til, kan kj\u00f8re hvor mye jeg vil og n\u00e5r jeg vil, bestemmer alt selv. I f\u00f8lge andre som har v\u00e6rt der f\u00f8r, skal jeg fint klare \u00e5 rekke ned over svenskegrensa i l\u00f8pet av \u00e9n dag, da det i rundt 5,5 knops fart skal ta i underkant av 11 timer \u00e5 komme ned til Str\u00f8mstad-omr\u00e5det (rundt 60 nautiske mil).<\/p>\n<p>Fredag kj\u00f8rte vi jo 11 timer i ett strekk, s\u00e5 det er fullt mulig! \ud83d\ude42 Men jeg tror nok jeg finner meg en plass \u00e5 overnatte mandag kveld, tenker litt p\u00e5 at kanskje Engelsviken kan\u00a0v\u00e6re et greit m\u00e5l?<\/p>\n<p>S\u00e5 f\u00e5r vi se hvor jeg ender, men Koster f\u00e5r v\u00e6re hovedm\u00e5let for reisen i f\u00f8rste omgang! Uansett setter jeg avg\u00e5rde mandag morgen, s\u00e5 f\u00e5r vi se!<\/p>\n<p>Jeg m\u00e5 jo f\u00e5 brukt det svenske gjesteflagget&#8230;:-D<\/p>\n<h3>Related Images:<\/h3>","protected":false},"excerpt":{"rendered":"<p>Etter to av ungene har begynt p\u00e5 skolen denne uken, og guttungen i l\u00f8pet av helgen blir plassert p\u00e5 folkeh\u00f8gskole, har jeg planer om en b\u00e5tferie for meg selv. V\u00e6rutsiktene for den kommende uka ser nemlig veldig bra ut, og ettersom jeg har fri helt til s\u00f8ndag kveld, s\u00e5 har jeg tenkt \u00e5 pr\u00f8ve \u00e5 &hellip;<br \/><a href=\"https:\/\/pequod.nesodd1.no\/?p=4133\" class=\"more-link pen_element_default pen_icon_arrow_double\">Les<\/a><\/p>\n","protected":false},"author":1,"featured_media":0,"comment_status":"open","ping_status":"open","sticky":false,"template":"","format":"standard","meta":{"_crdt_document":"","ngg_post_thumbnail":0,"jetpack_post_was_ever_published":false,"_jetpack_newsletter_access":"","_jetpack_dont_email_post_to_subs":false,"_jetpack_newsletter_tier_id":0,"_jetpack_memberships_contains_paywalled_content":false,"_jetpack_memberships_contains_paid_content":false,"footnotes":""},"categories":[3,147],"tags":[956,955,797],"class_list":["post-4133","post","type-post","status-publish","format-standard","hentry","category-blogg","category-ferie","tag-alene-i-bat","tag-alenetur","tag-svenskekysten"],"jetpack_featured_media_url":"","jetpack_shortlink":"https:\/\/wp.me\/p3Zd9b-14F","jetpack_sharing_enabled":true,"jetpack_likes_enabled":true,"jetpack-related-posts":[],"_links":{"self":[{"href":"https:\/\/pequod.nesodd1.no\/index.php?rest_route=\/wp\/v2\/posts\/4133","targetHints":{"allow":["GET"]}}],"collection":[{"href":"https:\/\/pequod.nesodd1.no\/index.php?rest_route=\/wp\/v2\/posts"}],"about":[{"href":"https:\/\/pequod.nesodd1.no\/index.php?rest_route=\/wp\/v2\/types\/post"}],"author":[{"embeddable":true,"href":"https:\/\/pequod.nesodd1.no\/index.php?rest_route=\/wp\/v2\/users\/1"}],"replies":[{"embeddable":true,"href":"https:\/\/pequod.nesodd1.no\/index.php?rest_route=%2Fwp%2Fv2%2Fcomments&post=4133"}],"version-history":[{"count":5,"href":"https:\/\/pequod.nesodd1.no\/index.php?rest_route=\/wp\/v2\/posts\/4133\/revisions"}],"predecessor-version":[{"id":4383,"href":"https:\/\/pequod.nesodd1.no\/index.php?rest_route=\/wp\/v2\/posts\/4133\/revisions\/4383"}],"wp:attachment":[{"href":"https:\/\/pequod.nesodd1.no\/index.php?rest_route=%2Fwp%2Fv2%2Fmedia&parent=4133"}],"wp:term":[{"taxonomy":"category","embeddable":true,"href":"https:\/\/pequod.nesodd1.no\/index.php?rest_route=%2Fwp%2Fv2%2Fcategories&post=4133"},{"taxonomy":"post_tag","embeddable":true,"href":"https:\/\/pequod.nesodd1.no\/index.php?rest_route=%2Fwp%2Fv2%2Ftags&post=4133"}],"curies":[{"name":"wp","href":"https:\/\/api.w.org\/{rel}","templated":true}]}}