{"id":5419,"date":"2014-09-20T11:20:34","date_gmt":"2014-09-20T09:20:34","guid":{"rendered":"https:\/\/pequod.nesodd1.no\/?p=5419"},"modified":"2014-09-19T16:46:17","modified_gmt":"2014-09-19T14:46:17","slug":"minnestein-til-besvaer-del-3","status":"publish","type":"post","link":"https:\/\/pequod.nesodd1.no\/?p=5419","title":{"rendered":"Minnestein til besv\u00e6r \u2013 del 3"},"content":{"rendered":"<p>Ting skjer raskt n\u00e5r man ber om hjelp p\u00e5 internett, og dermed kan jeg allerede i dag bringe l\u00f8sningen p\u00e5 hva som var bakgrunnen for at det ble satt opp en minnestein p\u00e5 Gressholmen over tre britiske offiserer.<!--more--><\/p>\n<p>Som journalist er jeg jo f\u00f8dt nysgjerrig, s\u00e5 n\u00e5r jeg oppdaget\u00a0minnesteinen\u00a0p\u00e5 Gressholmen i august, s\u00e5 var jeg fast bestemt p\u00e5 \u00e5 finne ut hva detetd reide seg om.<\/p>\n<figure id=\"attachment_5420\" aria-describedby=\"caption-attachment-5420\" style=\"width: 225px\" class=\"wp-caption alignright\"><a href=\"https:\/\/i0.wp.com\/pequod.nesodd1.no\/wp-content\/uploads\/2014\/09\/grav_ince.jpg\"><img data-recalc-dims=\"1\" loading=\"lazy\" decoding=\"async\" data-attachment-id=\"5420\" data-permalink=\"https:\/\/pequod.nesodd1.no\/?attachment_id=5420\" data-orig-file=\"https:\/\/i0.wp.com\/pequod.nesodd1.no\/wp-content\/uploads\/2014\/09\/grav_ince-e1413706240667.jpg?fit=800%2C1067&amp;ssl=1\" data-orig-size=\"800,1067\" data-comments-opened=\"1\" data-image-meta=\"{&quot;aperture&quot;:&quot;0&quot;,&quot;credit&quot;:&quot;&quot;,&quot;camera&quot;:&quot;BlackBerry 8520&quot;,&quot;caption&quot;:&quot;&quot;,&quot;created_timestamp&quot;:&quot;0&quot;,&quot;copyright&quot;:&quot;&quot;,&quot;focal_length&quot;:&quot;0&quot;,&quot;iso&quot;:&quot;0&quot;,&quot;shutter_speed&quot;:&quot;0&quot;,&quot;title&quot;:&quot;&quot;,&quot;orientation&quot;:&quot;1&quot;}\" data-image-title=\"grav_ince\" data-image-description=\"\" data-image-caption=\"\" data-large-file=\"https:\/\/i0.wp.com\/pequod.nesodd1.no\/wp-content\/uploads\/2014\/09\/grav_ince-e1413706240667.jpg?fit=768%2C1024&amp;ssl=1\" class=\"wp-image-5420 size-medium\" src=\"https:\/\/i0.wp.com\/pequod.nesodd1.no\/wp-content\/uploads\/2014\/09\/grav_ince-225x300.jpg?resize=225%2C300\" alt=\"grav_ince\" width=\"225\" height=\"300\" \/><\/a><figcaption id=\"caption-attachment-5420\" class=\"wp-caption-text\">Minnestein til Ince, Vestre Gravlund. Foto: Alastair Taylor, findagrave.com<\/figcaption><\/figure>\n<p>Som jeg skrev i bloggen p\u00e5 torsdag s\u00e5 hadde jeg kommet et par skritt videre, ettersom jeg hadde funnet ut n\u00e5r ulykken skjedde (28.juli 1945) og navnene p\u00e5 de tre omkomne. Og at gravene deres er p\u00e5 Vestre Gravlund.<\/p>\n<p>Men til tross for s\u00f8k i online arkiver b\u00e5de hos Aftenposten og VG klarte jeg ikke \u00e5 finne noen omtale av selve ulykken, som skjedde to dager f\u00f8r Kong Haakon kom tilbake til landet i triumf og gikk i land p\u00e5 Honn\u00f8rbrygga.<\/p>\n<p>Jeg la ut et sp\u00f8rsm\u00e5l om dette p\u00e5 b\u00e5tforumet p\u00e5 <a title=\"B\u00e5tplassen\" href=\"http:\/\/www.baatplassen.no\" target=\"_blank\">baatplassen.no<\/a> &#8211; og som s\u00e5 ofte f\u00f8r fikk jeg svar. F\u00f8rst en som kom med noen tilleggsopplysninger som jeg ikke hadde klart \u00e5 grave fram selv, og deretter rett og slett et utklipp fra Aftenposten som omtalte ulykken!<\/p>\n<p>Og vedkommende som la ut dette hadde gjort n\u00f8yaktig det samme som meg, g\u00e5tt inn i Aftenpostens arkiver p\u00e5 nett og s\u00f8kt. Og f\u00e5tt opp den lille notisen som jeg ikke klarte \u00e5 f\u00e5 opp! Jeg synes jo det var litt merkelig at ulykken ikke var blitt omtalt, men jeg har jo s\u00f8kt selv, p\u00e5 stikkord som &laquo;b\u00e5tulykke&raquo;, &laquo;ulykke&raquo;, &laquo;b\u00e5t&raquo;, &laquo;Gressholmen&raquo;, &laquo;R.A.F.&raquo; &#8211; men uten hell. Men s\u00e5 gj\u00f8r alts\u00e5 denne forumbrukeren det ogs\u00e5, og f\u00e5r klaff\u00a0med en gang! Noe m\u00e5 jeg ha gjort feil, men jeg skj\u00f8nner ikke hva!<\/p>\n<p>Men uansett takk til han som klarte \u00e5 s\u00f8ke opp klippet slik at jeg fikk klarhet i dette!<\/p>\n<figure id=\"attachment_5418\" aria-describedby=\"caption-attachment-5418\" style=\"width: 219px\" class=\"wp-caption alignleft\"><a href=\"https:\/\/i0.wp.com\/pequod.nesodd1.no\/wp-content\/uploads\/2014\/09\/gressholmen.jpg\"><img data-recalc-dims=\"1\" loading=\"lazy\" decoding=\"async\" data-attachment-id=\"5418\" data-permalink=\"https:\/\/pequod.nesodd1.no\/?attachment_id=5418\" data-orig-file=\"https:\/\/i0.wp.com\/pequod.nesodd1.no\/wp-content\/uploads\/2014\/09\/gressholmen.jpg?fit=219%2C201&amp;ssl=1\" data-orig-size=\"219,201\" data-comments-opened=\"1\" data-image-meta=\"{&quot;aperture&quot;:&quot;0&quot;,&quot;credit&quot;:&quot;&quot;,&quot;camera&quot;:&quot;&quot;,&quot;caption&quot;:&quot;&quot;,&quot;created_timestamp&quot;:&quot;0&quot;,&quot;copyright&quot;:&quot;&quot;,&quot;focal_length&quot;:&quot;0&quot;,&quot;iso&quot;:&quot;0&quot;,&quot;shutter_speed&quot;:&quot;0&quot;,&quot;title&quot;:&quot;&quot;,&quot;orientation&quot;:&quot;0&quot;}\" data-image-title=\"gressholmen\" data-image-description=\"\" data-image-caption=\"\" data-large-file=\"https:\/\/i0.wp.com\/pequod.nesodd1.no\/wp-content\/uploads\/2014\/09\/gressholmen.jpg?fit=219%2C201&amp;ssl=1\" class=\"wp-image-5418 size-full\" src=\"https:\/\/i0.wp.com\/pequod.nesodd1.no\/wp-content\/uploads\/2014\/09\/gressholmen.jpg?resize=219%2C201\" alt=\"gressholmen\" width=\"219\" height=\"201\" \/><\/a><figcaption id=\"caption-attachment-5418\" class=\"wp-caption-text\">Avisutklipp fra Aftenposten 1945.<\/figcaption><\/figure>\n<p>Jeg har jo omtalt de tre som omkom, sersjant\u00a0\u00a0Robert R. Harnwell (27 \u00e5r, f\u00f8dt 1918) fra Kings Lynn i Storbritannia,\u00a0\u00a0Alan A. Newton (27) , f\u00f8dt i Bolton i Storbritannia i 1918, og\u00a0Joseph Edward Ince (24 \u00e5r). Da jeg skrev mitt innlegg torsdag hadde jeg ikke klart \u00e5 finne ut noe mer om Ince, men p\u00e5 grunn av baatplassen. no sine brukere kan jeg n\u00e5 fortelle at Ince kom fra Walthamstow i Essex.<\/p>\n<p>S\u00e5 over til selve ulykken: I f\u00f8lge notisen i Aftenposten skjedde ulykken ved 23-tiden l\u00f8rdag kveld den 28.juli. Ulykken skjedde like i n\u00e6rheten av sj\u00f8flyhavna p\u00e5 Gressholmen (den gr\u00f8nne hangaren som st\u00e5r der fortsatt er fra den tiden det var sj\u00f8flyhavn der), da fire menn i en liten jolle skulle ro i land fra en st\u00f8rre b\u00e5t. Rundt sju meter fra land brakk en av tollepinnene og jolla gikk rundt. Av de fire som havnet i sj\u00f8en var bare \u00e9n av dem sv\u00f8mmedyktig. Han klarte dermed \u00e5 redde seg i land, mens de \u00f8vrige tre, som ikke kunne sv\u00f8mme, druknet.<\/p>\n<p>De tre som druknet ble ikke funnet f\u00f8r dagen etterp\u00e5, da politib\u00e5ten soknet etter likene, og fant alle tre.<\/p>\n<p>Alle de tre omkomne var frivillige i Royal Air Force Volunteer Reserve, skriver Aftenposten.<\/p>\n<p>Dermed er selve ulykken kartlagt! Det som n\u00e5 st\u00e5r igjen \u00e5 finne ut av, er hvem som satte opp minnesteinen, og ikke minst n\u00e5r det skjedde! Jeg f\u00e5r begynne \u00e5 s\u00f8ke igjen&#8230;<\/p>\n<p><strong>Les ogs\u00e5:<\/strong><\/p>\n<p><a title=\"Minnestein til besv\u00e6r \u2013 del 1\" href=\"https:\/\/pequod.nesodd1.no\/?p=4490\">Minnestein til besv\u00e6r \u2013 del 1\u00a0<\/a>\u00a0<a title=\"Minnestein til besv\u00e6r \u2013 del 2\" href=\"https:\/\/pequod.nesodd1.no\/?p=5408\">Minnestein til besv\u00e6r \u2013 del\u00a02<\/a> \u00a0<a title=\"Innlegg\" href=\"http:\/\/baatplassen.no\/i\/topic\/113873-noen-som-vet-noe-om-en-baatulykke-ved-gressholmen-28juli-1945\/\" target=\"_blank\">Innlegg p\u00e5 B\u00e5tplassen<\/a><\/p>\n<h3>Related Images:<\/h3>","protected":false},"excerpt":{"rendered":"<p>Ting skjer raskt n\u00e5r man ber om hjelp p\u00e5 internett, og dermed kan jeg allerede i dag bringe l\u00f8sningen p\u00e5 hva som var bakgrunnen for at det ble satt opp en minnestein p\u00e5 Gressholmen over tre britiske offiserer. Related Images:<\/p>\n","protected":false},"author":1,"featured_media":0,"comment_status":"open","ping_status":"open","sticky":false,"template":"","format":"standard","meta":{"_crdt_document":"","ngg_post_thumbnail":0,"jetpack_post_was_ever_published":false,"_jetpack_newsletter_access":"","_jetpack_dont_email_post_to_subs":false,"_jetpack_newsletter_tier_id":0,"_jetpack_memberships_contains_paywalled_content":false,"_jetpack_memberships_contains_paid_content":false,"footnotes":""},"categories":[3,10,468],"tags":[1071,1070,663,975,978],"class_list":["post-5419","post","type-post","status-publish","format-standard","hentry","category-blogg","category-history","category-ulykker","tag-aftenposten","tag-drukning","tag-gressholmen","tag-minnestein","tag-ulykke"],"jetpack_featured_media_url":"","jetpack_shortlink":"https:\/\/wp.me\/p3Zd9b-1pp","jetpack_sharing_enabled":true,"jetpack_likes_enabled":true,"jetpack-related-posts":[],"_links":{"self":[{"href":"https:\/\/pequod.nesodd1.no\/index.php?rest_route=\/wp\/v2\/posts\/5419","targetHints":{"allow":["GET"]}}],"collection":[{"href":"https:\/\/pequod.nesodd1.no\/index.php?rest_route=\/wp\/v2\/posts"}],"about":[{"href":"https:\/\/pequod.nesodd1.no\/index.php?rest_route=\/wp\/v2\/types\/post"}],"author":[{"embeddable":true,"href":"https:\/\/pequod.nesodd1.no\/index.php?rest_route=\/wp\/v2\/users\/1"}],"replies":[{"embeddable":true,"href":"https:\/\/pequod.nesodd1.no\/index.php?rest_route=%2Fwp%2Fv2%2Fcomments&post=5419"}],"version-history":[{"count":1,"href":"https:\/\/pequod.nesodd1.no\/index.php?rest_route=\/wp\/v2\/posts\/5419\/revisions"}],"predecessor-version":[{"id":5421,"href":"https:\/\/pequod.nesodd1.no\/index.php?rest_route=\/wp\/v2\/posts\/5419\/revisions\/5421"}],"wp:attachment":[{"href":"https:\/\/pequod.nesodd1.no\/index.php?rest_route=%2Fwp%2Fv2%2Fmedia&parent=5419"}],"wp:term":[{"taxonomy":"category","embeddable":true,"href":"https:\/\/pequod.nesodd1.no\/index.php?rest_route=%2Fwp%2Fv2%2Fcategories&post=5419"},{"taxonomy":"post_tag","embeddable":true,"href":"https:\/\/pequod.nesodd1.no\/index.php?rest_route=%2Fwp%2Fv2%2Ftags&post=5419"}],"curies":[{"name":"wp","href":"https:\/\/api.w.org\/{rel}","templated":true}]}}