{"id":6447,"date":"2014-12-24T12:00:58","date_gmt":"2014-12-24T11:00:58","guid":{"rendered":"https:\/\/pequod.nesodd1.no\/?p=6447"},"modified":"2014-12-23T01:31:39","modified_gmt":"2014-12-23T00:31:39","slug":"sove-i-baten","status":"publish","type":"post","link":"https:\/\/pequod.nesodd1.no\/?p=6447","title":{"rendered":"Sove i b\u00e5ten"},"content":{"rendered":"<p>Mandag endte jeg som sliten nattevakt med \u00e5 sove hele seks timer i b\u00e5ten! Det var ikke planen, det bare ble slik. Og jeg sov godt!<!--more--><\/p>\n<p>Som jeg skrev i blogginnlegget mitt p\u00e5 mandag oppdaget jeg i helgen endel ting som ikke var som det skulle med b\u00e5ten, blant annet at en sjakkel til en av akterfort\u00f8yningene hadde l\u00f8snet.<\/p>\n<p>P\u00e5 shoppingrundenjeg foretok l\u00f8rdag ettermiddag i byen rakk jeg \u00e5 kj\u00f8pe en ny, og planen var \u00e5 stikke innom b\u00e5ten f\u00f8r jeg dro p\u00e5 min f\u00f8rste nattevakt s\u00f8ndag og feste den til utriggeren slik at b\u00e5ten var fort\u00f8yd ordentlig.<\/p>\n<p>Men p\u00e5 grunn av endel juleshopping ogs\u00e5 s\u00f8ndag ble det aldri tid til det. Derfor tok jeg med meg b\u00e5de b\u00e5tn\u00f8kkel og sjakkel i lomma med plan om \u00e5 stikke raskt innom mandag morgen p\u00e5 vei hjem for \u00e5 f\u00e5 festet fort\u00f8yningen ordentlig istedenfor den n\u00f8dl\u00f8sningen jeg hadde satt opp.<\/p>\n<p>De \u00f8delagte springfort\u00f8yningene har jeg ikke f\u00e5tt gjort noe med, men har laget en n\u00f8dl\u00f8sning ogs\u00e5 der som jeg regner med holder til over nytt\u00e5r.<\/p>\n<p>Men uansett, jeg fulgte planen og dro ned til b\u00e5ten, smal i \u00f8ynene, monterte sjakkelen og fikk dermed b\u00e5ten forskriftsmessig fort\u00f8yd igjen.<\/p>\n<p>Jeg oppdaget n\u00e5r jeg kom om bord at landstr\u00f8mmen ikke virket. Verken frostvakten eller varmekolben under motoren var p\u00e5, og da jeg satte p\u00e5 vifteovnen var det heller ingen reaksjon.<\/p>\n<p>Jeg gikk derfor inn p\u00e5 land igjen og s\u00e5 etter ved str\u00f8mtilkoblingene, og da s\u00e5 jeg at kontakten til min ledning var trukket svakt ut. Jeg satte den ordentlig inn igjen og dermed var alt OK. Jeg lot vifteovnen st\u00e5 p\u00e5 for \u00e5 f\u00e5 litt varme b\u00e5de i kabinen, p\u00e5 toalettet og ved motoren, og h\u00e5per at det ikke har blitt noen skader. Regner med at det har g\u00e5tt bra. Str\u00f8mmen sto jo p\u00e5 da jeg dro opp fra havna l\u00f8rdag ettermiddag.<\/p>\n<p>Jeg vet ikke n\u00e5r dette har skjedd, og ikke hvordan heller. Det s\u00e5 nesten ut som noen med vitende og vilje hadde trukket kontakten halveis ut, men jeg nekter \u00e5 tro s\u00e5 vondt om folk, s\u00e5 en annen mulighet er at noen har v\u00e6rt borti ledningen der den ligger p\u00e5 brygga, og har dratt med seg litt av kontakten ut. Ledningen og koblingen jeg bruker er forskriftsmessig og etter b\u00e5thavnas regler, s\u00e5 det er ingen grunn til \u00e5 fjerne den.<\/p>\n<p>Kan ogs\u00e5 hende at noen p\u00e5 b\u00e5tene rundt, som ikke er koblet til fast landstr\u00f8m, har hatt bruk for str\u00f8m tilo noen gj\u00f8rem\u00e5l, og har l\u00e5nt kontakten (ettersom alle seks p\u00e5 stolpen er opptatte), og deretter har v\u00e6rt slurvete n\u00e5r de satte den inn igjen.<\/p>\n<p>Jeg var i alle fall glad at jeg valgte \u00e5 g\u00e5 ned i havna denne morgenen!<\/p>\n<p>Jeg vurderte \u00e5 m\u00e5ke vekk litt sn\u00f8 ogs\u00e5, men satte meg ned i kabinen etter fort\u00f8yningsjobben. Da var det varmt og godt der, s\u00e5 jeg tok av meg p\u00e5 bena \u00e5 la meg litt nedp\u00e5 bare for \u00e5 slappe av litt. Og dermed sloknet jeg umiddelbart!<\/p>\n<p>Da var klokka ikke en gang blitt ni!<\/p>\n<p>Jeg v\u00e5knet ganske n\u00f8yaktig klokken 14.37&#8230;. En halvtime senere var jeg p\u00e5 vei ut av havna, og da var det s\u00e5 flott p\u00e5 sj\u00f8en at jeg ble fristet til \u00e5 ta en kort tur, men jeg hadde endel som m\u00e5tte gj\u00f8res, s\u00e5 jeg slo det fra meg. Det var lav t\u00e5ke ved land og mot Bunnefjordssiden, men inn mot Oslo var det klart og fint. Og sj\u00f8en var blikkstille.<\/p>\n<p>Jeg bet likevel tenna sammen og dro hjem!<\/p>\n<p>Det er ikke umulig at det blir en liten svipptur p\u00e5 tidlig ettermiddag julaften istedenfor! \ud83d\ude42<\/p>\n<p>God jul, alle sammen!<\/p>\n<h3>Related Images:<\/h3>","protected":false},"excerpt":{"rendered":"<p>Mandag endte jeg som sliten nattevakt med \u00e5 sove hele seks timer i b\u00e5ten! Det var ikke planen, det bare ble slik. Og jeg sov godt! Related Images:<\/p>\n","protected":false},"author":1,"featured_media":0,"comment_status":"open","ping_status":"open","sticky":false,"template":"","format":"standard","meta":{"_crdt_document":"","ngg_post_thumbnail":0,"jetpack_post_was_ever_published":false,"_jetpack_newsletter_access":"","_jetpack_dont_email_post_to_subs":false,"_jetpack_newsletter_tier_id":0,"_jetpack_memberships_contains_paywalled_content":false,"_jetpack_memberships_contains_paid_content":false,"footnotes":""},"categories":[3,1043],"tags":[820,161,1192,1193,279,1191],"class_list":["post-6447","post","type-post","status-publish","format-standard","hentry","category-blogg","category-diverse","tag-fortoyning","tag-reparasjon","tag-sjakkel","tag-sove-i-baten","tag-strom-2","tag-utkoblet"],"jetpack_featured_media_url":"","jetpack_shortlink":"https:\/\/wp.me\/p3Zd9b-1FZ","jetpack_sharing_enabled":true,"jetpack_likes_enabled":true,"jetpack-related-posts":[],"_links":{"self":[{"href":"https:\/\/pequod.nesodd1.no\/index.php?rest_route=\/wp\/v2\/posts\/6447","targetHints":{"allow":["GET"]}}],"collection":[{"href":"https:\/\/pequod.nesodd1.no\/index.php?rest_route=\/wp\/v2\/posts"}],"about":[{"href":"https:\/\/pequod.nesodd1.no\/index.php?rest_route=\/wp\/v2\/types\/post"}],"author":[{"embeddable":true,"href":"https:\/\/pequod.nesodd1.no\/index.php?rest_route=\/wp\/v2\/users\/1"}],"replies":[{"embeddable":true,"href":"https:\/\/pequod.nesodd1.no\/index.php?rest_route=%2Fwp%2Fv2%2Fcomments&post=6447"}],"version-history":[{"count":1,"href":"https:\/\/pequod.nesodd1.no\/index.php?rest_route=\/wp\/v2\/posts\/6447\/revisions"}],"predecessor-version":[{"id":6448,"href":"https:\/\/pequod.nesodd1.no\/index.php?rest_route=\/wp\/v2\/posts\/6447\/revisions\/6448"}],"wp:attachment":[{"href":"https:\/\/pequod.nesodd1.no\/index.php?rest_route=%2Fwp%2Fv2%2Fmedia&parent=6447"}],"wp:term":[{"taxonomy":"category","embeddable":true,"href":"https:\/\/pequod.nesodd1.no\/index.php?rest_route=%2Fwp%2Fv2%2Fcategories&post=6447"},{"taxonomy":"post_tag","embeddable":true,"href":"https:\/\/pequod.nesodd1.no\/index.php?rest_route=%2Fwp%2Fv2%2Ftags&post=6447"}],"curies":[{"name":"wp","href":"https:\/\/api.w.org\/{rel}","templated":true}]}}