{"id":7726,"date":"2016-01-10T11:50:13","date_gmt":"2016-01-10T10:50:13","guid":{"rendered":"https:\/\/pequod.nesodd1.no\/?p=7726"},"modified":"2016-01-10T02:32:07","modified_gmt":"2016-01-10T01:32:07","slug":"pa-tide-med-karabinkroker","status":"publish","type":"post","link":"https:\/\/pequod.nesodd1.no\/?p=7726","title":{"rendered":"P\u00e5 tide med karabinkroker"},"content":{"rendered":"<p>P\u00e5 mandag kommer jeg til \u00e5 kj\u00f8pe inn noen karabinkroker for \u00e5 bruke p\u00e5 fort\u00f8yningene. Det vil gj\u00f8re det enklere og sikrere \u00e5 fort\u00f8ye b\u00e5ten p\u00e5 vinterstid.<!--more--><\/p>\n<p><a href=\"https:\/\/i0.wp.com\/pequod.nesodd1.no\/wp-content\/uploads\/2016\/01\/IMG_1030.jpg\"><img data-recalc-dims=\"1\" loading=\"lazy\" decoding=\"async\" class=\"alignleft\" src=\"https:\/\/i0.wp.com\/pequod.nesodd1.no\/wp-content\/uploads\/2016\/01\/IMG_1030.jpg?resize=303%2C153\" alt=\"\" width=\"303\" height=\"153\" \/><\/a>\u00a0Det var i fjor havnesjefen i b\u00e5thavna nevnte dette for meg for f\u00f8rste gang, og da jeg traff ham igjen for noen dager siden da jeg var p\u00e5 vei til \u00e5 ta b\u00e5ten ut p\u00e5 min f\u00f8rste tur i \u00e5r, s\u00e5 nevnte han det igjen da han hjalp meg med fort\u00f8yningene.<\/p>\n<p>Som jeg skrev i forrige blogginnlegg s\u00e5 oppdaget jeg at det var sv\u00e6rt glatt p\u00e5 dollbordet. Det hadde lagt seg et tynt lite lag av is der og jeg hadde litt problemer med \u00e5 bevege meg der for \u00e5 f\u00e5 l\u00f8snet fort\u00f8yningene og ikke minst n\u00e5r jeg skulle fort\u00f8ye selv etter returen.<\/p>\n<p>Jeg nevnte jo da at jeg skulle pr\u00f8ve en type anti-skli som jeg kan sm\u00f8re p\u00e5 skos\u00e5lene. Da ville jeg slippe \u00e5 bruke brodder og kanskje skade b\u00e5ten. Dette skal jeg fremdeles pr\u00f8ve ut, men jeg skal ogs\u00e5 pr\u00f8ve karabinkrokl\u00f8sningen.<\/p>\n<p>Det jeg gj\u00f8r da er \u00e5 l\u00f8sne p\u00e5 sjaklene p\u00e5 brygga der kausene p\u00e5 fort\u00f8yningene g\u00e5r gjennom, og montere en karabinkrok p\u00e5 festet. Da kan jeg bare l\u00f8sne karabinkrokene p\u00e5 land n\u00e5r jeg skal dra avg\u00e5rde og n\u00e5r jeg skal fort\u00f8ye bare klikke krokene p\u00e5 plass igjen.<\/p>\n<p>Jeg slipper dermed \u00e5 stavre meg langs dollbordet og fram til fort\u00f8yningene i baugen for \u00e5 l\u00f8sne og feste dem, de blir der de er hele tiden. Dermed reduserer jeg faren for \u00e5 gli og havne i sj\u00f8en. L\u00f8sningen er brukt med suksess tidligere av andre i b\u00e5thavna, if\u00f8lge havnesjefen.<\/p>\n<p>P\u00e5 denne m\u00e5ten slipper jeg ogs\u00e5 \u00e5 \u00f8delegge fort\u00f8yningene for \u00e5 komme meg ut p\u00e5 sj\u00f8en. Forrige vinter m\u00e5tte jeg ved et tilfelle faktisk bruke kniven p\u00e5 ett av fort\u00f8yningstauene, fordi det var s\u00e5 fastfrosset at jeg ikke klarte \u00e5 l\u00f8sne det, heller ikke ved \u00e5 helle vann p\u00e5 det, det satt helt fast&#8230;s\u00e5 dermed m\u00e5tte kniven fram, for ut p\u00e5 tur SKULLE jeg!<\/p>\n<p>Men med karabinkroker slipper jeg alts\u00e5 dette&#8230;<\/p>\n<h3>Related Images:<\/h3>","protected":false},"excerpt":{"rendered":"<p>P\u00e5 mandag kommer jeg til \u00e5 kj\u00f8pe inn noen karabinkroker for \u00e5 bruke p\u00e5 fort\u00f8yningene. Det vil gj\u00f8re det enklere og sikrere \u00e5 fort\u00f8ye b\u00e5ten p\u00e5 vinterstid. Related Images:<\/p>\n","protected":false},"author":1,"featured_media":0,"comment_status":"open","ping_status":"open","sticky":false,"template":"","format":"standard","meta":{"_crdt_document":"","ngg_post_thumbnail":0,"jetpack_post_was_ever_published":false,"_jetpack_newsletter_access":"","_jetpack_dont_email_post_to_subs":false,"_jetpack_newsletter_tier_id":0,"_jetpack_memberships_contains_paywalled_content":false,"_jetpack_memberships_contains_paid_content":false,"footnotes":""},"categories":[3,1043,8],"tags":[1270,1528,1087,367,1527,212,371],"class_list":["post-7726","post","type-post","status-publish","format-standard","hentry","category-blogg","category-diverse","category-vaer","tag-amputert","tag-batforer","tag-fortoyninger","tag-glatt","tag-karabinkrok","tag-sikkerhet","tag-vinter"],"jetpack_featured_media_url":"","jetpack_shortlink":"https:\/\/wp.me\/p3Zd9b-20C","jetpack_sharing_enabled":true,"jetpack_likes_enabled":true,"jetpack-related-posts":[],"_links":{"self":[{"href":"https:\/\/pequod.nesodd1.no\/index.php?rest_route=\/wp\/v2\/posts\/7726","targetHints":{"allow":["GET"]}}],"collection":[{"href":"https:\/\/pequod.nesodd1.no\/index.php?rest_route=\/wp\/v2\/posts"}],"about":[{"href":"https:\/\/pequod.nesodd1.no\/index.php?rest_route=\/wp\/v2\/types\/post"}],"author":[{"embeddable":true,"href":"https:\/\/pequod.nesodd1.no\/index.php?rest_route=\/wp\/v2\/users\/1"}],"replies":[{"embeddable":true,"href":"https:\/\/pequod.nesodd1.no\/index.php?rest_route=%2Fwp%2Fv2%2Fcomments&post=7726"}],"version-history":[{"count":3,"href":"https:\/\/pequod.nesodd1.no\/index.php?rest_route=\/wp\/v2\/posts\/7726\/revisions"}],"predecessor-version":[{"id":7731,"href":"https:\/\/pequod.nesodd1.no\/index.php?rest_route=\/wp\/v2\/posts\/7726\/revisions\/7731"}],"wp:attachment":[{"href":"https:\/\/pequod.nesodd1.no\/index.php?rest_route=%2Fwp%2Fv2%2Fmedia&parent=7726"}],"wp:term":[{"taxonomy":"category","embeddable":true,"href":"https:\/\/pequod.nesodd1.no\/index.php?rest_route=%2Fwp%2Fv2%2Fcategories&post=7726"},{"taxonomy":"post_tag","embeddable":true,"href":"https:\/\/pequod.nesodd1.no\/index.php?rest_route=%2Fwp%2Fv2%2Ftags&post=7726"}],"curies":[{"name":"wp","href":"https:\/\/api.w.org\/{rel}","templated":true}]}}