{"id":7778,"date":"2016-01-28T08:26:31","date_gmt":"2016-01-28T07:26:31","guid":{"rendered":"https:\/\/pequod.nesodd1.no\/?p=7778"},"modified":"2016-01-28T03:29:26","modified_gmt":"2016-01-28T02:29:26","slug":"store-skader-i-bathavna","status":"publish","type":"post","link":"https:\/\/pequod.nesodd1.no\/?p=7778","title":{"rendered":"Store skader i b\u00e5thavna"},"content":{"rendered":"<p><a href=\"https:\/\/pequod.nesodd1.no\/?attachment_id=7784\" rel=\"attachment wp-att-7784\"><img data-recalc-dims=\"1\" loading=\"lazy\" decoding=\"async\" data-attachment-id=\"7784\" data-permalink=\"https:\/\/pequod.nesodd1.no\/?attachment_id=7784\" data-orig-file=\"https:\/\/i0.wp.com\/pequod.nesodd1.no\/wp-content\/uploads\/2016\/01\/1-IMG_9051.jpg?fit=1024%2C683&amp;ssl=1\" data-orig-size=\"1024,683\" data-comments-opened=\"1\" data-image-meta=\"{&quot;aperture&quot;:&quot;4&quot;,&quot;credit&quot;:&quot;Picasa&quot;,&quot;camera&quot;:&quot;Canon EOS 700D&quot;,&quot;caption&quot;:&quot;&quot;,&quot;created_timestamp&quot;:&quot;1453894356&quot;,&quot;copyright&quot;:&quot;&quot;,&quot;focal_length&quot;:&quot;190&quot;,&quot;iso&quot;:&quot;100&quot;,&quot;shutter_speed&quot;:&quot;0.002&quot;,&quot;title&quot;:&quot;&quot;,&quot;orientation&quot;:&quot;0&quot;}\" data-image-title=\"1-IMG_9051\" data-image-description=\"\" data-image-caption=\"&lt;p&gt;Bergtatt ser OK ut!&lt;\/p&gt;\n\" data-large-file=\"https:\/\/i0.wp.com\/pequod.nesodd1.no\/wp-content\/uploads\/2016\/01\/1-IMG_9051.jpg?fit=940%2C627&amp;ssl=1\" class=\"wp-image-7784 alignleft\" src=\"https:\/\/i0.wp.com\/pequod.nesodd1.no\/wp-content\/uploads\/2016\/01\/1-IMG_9051-150x150.jpg?resize=88%2C88\" alt=\"Bergtatt ser OK ut!\" width=\"88\" height=\"88\" srcset=\"https:\/\/i0.wp.com\/pequod.nesodd1.no\/wp-content\/uploads\/2016\/01\/1-IMG_9051.jpg?resize=150%2C150&amp;ssl=1 150w, https:\/\/i0.wp.com\/pequod.nesodd1.no\/wp-content\/uploads\/2016\/01\/1-IMG_9051.jpg?zoom=3&amp;resize=88%2C88&amp;ssl=1 264w\" sizes=\"auto, (max-width: 88px) 100vw, 88px\" \/><\/a><\/p>\n<p>Jeg fikk en overraskende epost i innboksen onsdag morgen, bare f\u00e5 timer etter at jeg hadde v\u00e6rt i b\u00e5thavna: En skikkelig vindkule kombinert med mildv\u00e6r og store ismasser hadde f\u00f8rt til voldsomme skader p\u00e5 bryggeanlegget.<!--more--><\/p>\n<p>Min f\u00f8rste tanke var selvsagt hvordan det hadde g\u00e5tt med min b\u00e5t. Og ipaden kom kjapt fram mens jeg satt der i senga og pr\u00f8vde \u00e5 v\u00e5kne. Jeg s\u00e5 med en gang p\u00e5 bildet at her hadde det v\u00e6rt store krefter p\u00e5 ferde, brygga hadde f\u00e5tt en knekk og samtidig var den ene utriggeren som b\u00e5ten er fort\u00f8yd til ogs\u00e5 skjev.<\/p>\n<figure id=\"attachment_7777\" aria-describedby=\"caption-attachment-7777\" style=\"width: 300px\" class=\"wp-caption alignright\"><a href=\"https:\/\/pequod.nesodd1.no\/?attachment_id=7777\" rel=\"attachment wp-att-7777\"><img data-recalc-dims=\"1\" loading=\"lazy\" decoding=\"async\" data-attachment-id=\"7777\" data-permalink=\"https:\/\/pequod.nesodd1.no\/?attachment_id=7777\" data-orig-file=\"https:\/\/i0.wp.com\/pequod.nesodd1.no\/wp-content\/uploads\/2016\/01\/IMG_1045.png?fit=2048%2C1536&amp;ssl=1\" data-orig-size=\"2048,1536\" data-comments-opened=\"1\" data-image-meta=\"{&quot;aperture&quot;:&quot;0&quot;,&quot;credit&quot;:&quot;&quot;,&quot;camera&quot;:&quot;&quot;,&quot;caption&quot;:&quot;&quot;,&quot;created_timestamp&quot;:&quot;0&quot;,&quot;copyright&quot;:&quot;&quot;,&quot;focal_length&quot;:&quot;0&quot;,&quot;iso&quot;:&quot;0&quot;,&quot;shutter_speed&quot;:&quot;0&quot;,&quot;title&quot;:&quot;&quot;,&quot;orientation&quot;:&quot;0&quot;}\" data-image-title=\"IMG_1045.PNG\" data-image-description=\"\" data-image-caption=\"&lt;p&gt;Utsnitt fra webkameraet.&lt;\/p&gt;\n\" data-large-file=\"https:\/\/i0.wp.com\/pequod.nesodd1.no\/wp-content\/uploads\/2016\/01\/IMG_1045.png?fit=940%2C705&amp;ssl=1\" class=\"size-medium wp-image-7777\" src=\"https:\/\/i0.wp.com\/pequod.nesodd1.no\/wp-content\/uploads\/2016\/01\/IMG_1045-300x225.png?resize=300%2C225\" alt=\"Utsnitt fra webkameraet.\" width=\"300\" height=\"225\" srcset=\"https:\/\/i0.wp.com\/pequod.nesodd1.no\/wp-content\/uploads\/2016\/01\/IMG_1045.png?resize=300%2C225&amp;ssl=1 300w, https:\/\/i0.wp.com\/pequod.nesodd1.no\/wp-content\/uploads\/2016\/01\/IMG_1045.png?resize=768%2C576&amp;ssl=1 768w, https:\/\/i0.wp.com\/pequod.nesodd1.no\/wp-content\/uploads\/2016\/01\/IMG_1045.png?resize=1024%2C768&amp;ssl=1 1024w, https:\/\/i0.wp.com\/pequod.nesodd1.no\/wp-content\/uploads\/2016\/01\/IMG_1045.png?w=2048&amp;ssl=1 2048w, https:\/\/i0.wp.com\/pequod.nesodd1.no\/wp-content\/uploads\/2016\/01\/IMG_1045.png?w=1880&amp;ssl=1 1880w\" sizes=\"auto, (max-width: 300px) 100vw, 300px\" \/><\/a><figcaption id=\"caption-attachment-7777\" class=\"wp-caption-text\">Utsnitt fra webkameraet.<\/figcaption><\/figure>\n<p>Men i utgangspunktet s\u00e5 det ikke s\u00e5 ille ut. Jeg var jo nedom b\u00e5ten dagen f\u00f8r, p\u00e5 ettermiddagen, og sjekket at alt sto bra til. Senere p\u00e5 kvelden, da jeg dro til band\u00f8ving litt f\u00f8r klokka 21, s\u00e5 la jeg merke til at det bl\u00e5ste kraftig, veldig kraftig. Da \u00f8vinga var ferdig og jeg dro hjemover var vinden borte.<\/p>\n<p>If\u00f8lge eposten fra styreformannen oppsto skadene da\u00a0b\u00e5thavna p\u00e5 kvelden ble rammet av betydelige ismasser som f\u00f8lge av en uheldig kombinasjon av mildv\u00e6r og sterk vind fra s\u00f8r. Dette medf\u00f8rte at bryggene mot s\u00f8r ble revet av fra anlegget og hele anlegget ble flyttet betydelig. Det f\u00f8rte til avrevne vaiere, flere \u00f8delagte moringer og str\u00f8mbrudd.<\/p>\n<p>Politiet og brannvesenet har n\u00e5 ilagt ferdselsforbud p\u00e5 brygga inntil reparasjonene har kommet s\u00e5 langt at det er trygt \u00e5 g\u00e5 der igjen. Det ble jobbet hele natta for \u00e5 sikre brygga og b\u00e5terne. Mange b\u00e5ter fikk ogs\u00e5 skader.<\/p>\n<p>Selv om det var klart at jeg ikke ville f\u00e5 lov til \u00e5 g\u00e5 ut p\u00e5 brygga og sjekke st\u00e5a p\u00e5 b\u00e5ten, s\u00e5 dro jeg likevel ned dit med scooteren. Da jeg ankom s\u00e5 jeg at indre havn var omtrent fri for is og s\u00e5vidt jeg kunne se var ismassene borte utp\u00e5 fjorden. Hadde dette v\u00e6rt en normal dag og jeg ikke hadde avtaler og jobb senere, s\u00e5 ville jeg dratt ut med b\u00e5ten!<\/p>\n<p>Jeg s\u00e5 straks at det var store skader p\u00e5 brygga. Hele b\u00f8lgebryteren som g\u00e5r langs med siden som vender mot Bunnefjorden var trykket innover p\u00e5 brygga, og hadde l\u00f8snet fra festet ved hj\u00f8rnet til den ytterste brygga (se bildet under). I tillegg var brygga der b\u00e5ten min er fort\u00f8yd ogs\u00e5 f\u00e5tt seg en skikkelig knekk.<\/p>\n<figure id=\"attachment_7783\" aria-describedby=\"caption-attachment-7783\" style=\"width: 1024px\" class=\"wp-caption aligncenter\"><a href=\"https:\/\/pequod.nesodd1.no\/?attachment_id=7783\" rel=\"attachment wp-att-7783\"><img data-recalc-dims=\"1\" loading=\"lazy\" decoding=\"async\" data-attachment-id=\"7783\" data-permalink=\"https:\/\/pequod.nesodd1.no\/?attachment_id=7783\" data-orig-file=\"https:\/\/i0.wp.com\/pequod.nesodd1.no\/wp-content\/uploads\/2016\/01\/1-IMG_9049.jpg?fit=1024%2C683&amp;ssl=1\" data-orig-size=\"1024,683\" data-comments-opened=\"1\" data-image-meta=\"{&quot;aperture&quot;:&quot;5&quot;,&quot;credit&quot;:&quot;Picasa&quot;,&quot;camera&quot;:&quot;Canon EOS 700D&quot;,&quot;caption&quot;:&quot;&quot;,&quot;created_timestamp&quot;:&quot;1453894343&quot;,&quot;copyright&quot;:&quot;&quot;,&quot;focal_length&quot;:&quot;200&quot;,&quot;iso&quot;:&quot;100&quot;,&quot;shutter_speed&quot;:&quot;0.00125&quot;,&quot;title&quot;:&quot;&quot;,&quot;orientation&quot;:&quot;0&quot;}\" data-image-title=\"1-IMG_9049\" data-image-description=\"\" data-image-caption=\"\" data-large-file=\"https:\/\/i0.wp.com\/pequod.nesodd1.no\/wp-content\/uploads\/2016\/01\/1-IMG_9049.jpg?fit=940%2C627&amp;ssl=1\" class=\"wp-image-7783 size-large\" src=\"https:\/\/i0.wp.com\/pequod.nesodd1.no\/wp-content\/uploads\/2016\/01\/1-IMG_9049-1024x683.jpg?resize=940%2C627\" alt=\"1-IMG_9049\" width=\"940\" height=\"627\" srcset=\"https:\/\/i0.wp.com\/pequod.nesodd1.no\/wp-content\/uploads\/2016\/01\/1-IMG_9049.jpg?w=1024&amp;ssl=1 1024w, https:\/\/i0.wp.com\/pequod.nesodd1.no\/wp-content\/uploads\/2016\/01\/1-IMG_9049.jpg?resize=300%2C200&amp;ssl=1 300w, https:\/\/i0.wp.com\/pequod.nesodd1.no\/wp-content\/uploads\/2016\/01\/1-IMG_9049.jpg?resize=768%2C512&amp;ssl=1 768w\" sizes=\"auto, (max-width: 940px) 100vw, 940px\" \/><\/a><figcaption id=\"caption-attachment-7783\" class=\"wp-caption-text\">Store krefter: Brygga til venstre skal egentlig v\u00e6re helt ut til h\u00f8yre, kant-i-kant med brygga ytterst.<\/figcaption><\/figure>\n<p>Det var flere andre b\u00e5teiere som stod der og pratet med havnesjefen. Han sa til meg at b\u00e5ten min ikke hadde f\u00e5tt skader, og s\u00e5 vidt jeg kunne se fra der jeg sto s\u00e5 stemmer det sikkert.<\/p>\n<p>At str\u00f8mmen n\u00e5 er borte betyr jo ikke all verdens, selv om jeg ikke har vinterkonservert motoren, for n\u00e5 er det meldt plussgrader ut uka og helt til tirsdagen neste uke. Hell i uhellet, med andre ord! Ville ha sovet urolig i dagene framover hvis det hadde v\u00e6rt 20 minus&#8230;<\/p>\n<figure id=\"attachment_7784\" aria-describedby=\"caption-attachment-7784\" style=\"width: 1024px\" class=\"wp-caption aligncenter\"><a href=\"https:\/\/pequod.nesodd1.no\/?attachment_id=7784\" rel=\"attachment wp-att-7784\"><img data-recalc-dims=\"1\" loading=\"lazy\" decoding=\"async\" data-attachment-id=\"7784\" data-permalink=\"https:\/\/pequod.nesodd1.no\/?attachment_id=7784\" data-orig-file=\"https:\/\/i0.wp.com\/pequod.nesodd1.no\/wp-content\/uploads\/2016\/01\/1-IMG_9051.jpg?fit=1024%2C683&amp;ssl=1\" data-orig-size=\"1024,683\" data-comments-opened=\"1\" data-image-meta=\"{&quot;aperture&quot;:&quot;4&quot;,&quot;credit&quot;:&quot;Picasa&quot;,&quot;camera&quot;:&quot;Canon EOS 700D&quot;,&quot;caption&quot;:&quot;&quot;,&quot;created_timestamp&quot;:&quot;1453894356&quot;,&quot;copyright&quot;:&quot;&quot;,&quot;focal_length&quot;:&quot;190&quot;,&quot;iso&quot;:&quot;100&quot;,&quot;shutter_speed&quot;:&quot;0.002&quot;,&quot;title&quot;:&quot;&quot;,&quot;orientation&quot;:&quot;0&quot;}\" data-image-title=\"1-IMG_9051\" data-image-description=\"\" data-image-caption=\"&lt;p&gt;Bergtatt ser OK ut!&lt;\/p&gt;\n\" data-large-file=\"https:\/\/i0.wp.com\/pequod.nesodd1.no\/wp-content\/uploads\/2016\/01\/1-IMG_9051.jpg?fit=940%2C627&amp;ssl=1\" class=\"wp-image-7784 size-large\" src=\"https:\/\/i0.wp.com\/pequod.nesodd1.no\/wp-content\/uploads\/2016\/01\/1-IMG_9051-1024x683.jpg?resize=940%2C627\" alt=\"Bergtatt ser OK ut!\" width=\"940\" height=\"627\" srcset=\"https:\/\/i0.wp.com\/pequod.nesodd1.no\/wp-content\/uploads\/2016\/01\/1-IMG_9051.jpg?w=1024&amp;ssl=1 1024w, https:\/\/i0.wp.com\/pequod.nesodd1.no\/wp-content\/uploads\/2016\/01\/1-IMG_9051.jpg?resize=300%2C200&amp;ssl=1 300w, https:\/\/i0.wp.com\/pequod.nesodd1.no\/wp-content\/uploads\/2016\/01\/1-IMG_9051.jpg?resize=768%2C512&amp;ssl=1 768w\" sizes=\"auto, (max-width: 940px) 100vw, 940px\" \/><\/a><figcaption id=\"caption-attachment-7784\" class=\"wp-caption-text\">Bergtatt ser OK ut!<\/figcaption><\/figure>\n<p>Det er ikke annet \u00e5 gj\u00f8re enn \u00e5 vente til man igjen f\u00e5r adgang til brygga. If\u00f8lge havnesjefen kan dette skje allerede til fredagen.<\/p>\n<p>&nbsp;<\/p>\n<h3>Related Images:<\/h3>","protected":false},"excerpt":{"rendered":"<p>Jeg fikk en overraskende epost i innboksen onsdag morgen, bare f\u00e5 timer etter at jeg hadde v\u00e6rt i b\u00e5thavna: En skikkelig vindkule kombinert med mildv\u00e6r og store ismasser hadde f\u00f8rt til voldsomme skader p\u00e5 bryggeanlegget. Related Images:<\/p>\n","protected":false},"author":1,"featured_media":0,"comment_status":"open","ping_status":"open","sticky":false,"template":"","format":"standard","meta":{"_crdt_document":"","ngg_post_thumbnail":0,"jetpack_post_was_ever_published":false,"_jetpack_newsletter_access":"","_jetpack_dont_email_post_to_subs":false,"_jetpack_newsletter_tier_id":0,"_jetpack_memberships_contains_paywalled_content":false,"_jetpack_memberships_contains_paid_content":false,"footnotes":""},"categories":[3,468,8],"tags":[631,433,1190,123,263],"class_list":["post-7778","post","type-post","status-publish","format-standard","hentry","category-blogg","category-ulykker","category-vaer","tag-bathavn","tag-is","tag-skader","tag-vaer-2","tag-vind"],"jetpack_featured_media_url":"","jetpack_shortlink":"https:\/\/wp.me\/p3Zd9b-21s","jetpack_sharing_enabled":true,"jetpack_likes_enabled":true,"jetpack-related-posts":[],"_links":{"self":[{"href":"https:\/\/pequod.nesodd1.no\/index.php?rest_route=\/wp\/v2\/posts\/7778","targetHints":{"allow":["GET"]}}],"collection":[{"href":"https:\/\/pequod.nesodd1.no\/index.php?rest_route=\/wp\/v2\/posts"}],"about":[{"href":"https:\/\/pequod.nesodd1.no\/index.php?rest_route=\/wp\/v2\/types\/post"}],"author":[{"embeddable":true,"href":"https:\/\/pequod.nesodd1.no\/index.php?rest_route=\/wp\/v2\/users\/1"}],"replies":[{"embeddable":true,"href":"https:\/\/pequod.nesodd1.no\/index.php?rest_route=%2Fwp%2Fv2%2Fcomments&post=7778"}],"version-history":[{"count":5,"href":"https:\/\/pequod.nesodd1.no\/index.php?rest_route=\/wp\/v2\/posts\/7778\/revisions"}],"predecessor-version":[{"id":7788,"href":"https:\/\/pequod.nesodd1.no\/index.php?rest_route=\/wp\/v2\/posts\/7778\/revisions\/7788"}],"wp:attachment":[{"href":"https:\/\/pequod.nesodd1.no\/index.php?rest_route=%2Fwp%2Fv2%2Fmedia&parent=7778"}],"wp:term":[{"taxonomy":"category","embeddable":true,"href":"https:\/\/pequod.nesodd1.no\/index.php?rest_route=%2Fwp%2Fv2%2Fcategories&post=7778"},{"taxonomy":"post_tag","embeddable":true,"href":"https:\/\/pequod.nesodd1.no\/index.php?rest_route=%2Fwp%2Fv2%2Ftags&post=7778"}],"curies":[{"name":"wp","href":"https:\/\/api.w.org\/{rel}","templated":true}]}}