{"id":8028,"date":"2016-02-28T10:30:27","date_gmt":"2016-02-28T09:30:27","guid":{"rendered":"https:\/\/pequod.nesodd1.no\/?p=8028"},"modified":"2016-02-28T10:45:29","modified_gmt":"2016-02-28T09:45:29","slug":"overnatting-i-kald-bat","status":"publish","type":"post","link":"https:\/\/pequod.nesodd1.no\/?p=8028","title":{"rendered":"Overnatting i kald b\u00e5t"},"content":{"rendered":"<p><a href=\"https:\/\/pequod.nesodd1.no\/?attachment_id=3089\" rel=\"attachment wp-att-3089\"><img data-recalc-dims=\"1\" loading=\"lazy\" decoding=\"async\" data-attachment-id=\"3089\" data-permalink=\"https:\/\/pequod.nesodd1.no\/?attachment_id=3089\" data-orig-file=\"https:\/\/i0.wp.com\/pequod.nesodd1.no\/wp-content\/uploads\/ngg_featured\/IMG_6998.jpg?fit=800%2C534&amp;ssl=1\" data-orig-size=\"800,534\" data-comments-opened=\"1\" data-image-meta=\"{&quot;aperture&quot;:&quot;10&quot;,&quot;credit&quot;:&quot;Picasa&quot;,&quot;camera&quot;:&quot;Canon EOS 700D&quot;,&quot;caption&quot;:&quot;&quot;,&quot;created_timestamp&quot;:&quot;1400860391&quot;,&quot;copyright&quot;:&quot;&quot;,&quot;focal_length&quot;:&quot;25&quot;,&quot;iso&quot;:&quot;100&quot;,&quot;shutter_speed&quot;:&quot;0.004&quot;,&quot;title&quot;:&quot;&quot;}\" data-image-title=\"IMG_6998\" data-image-description=\"&lt;p&gt;Gressholmen-fyr-i-motlys&lt;\/p&gt;\n\" data-image-caption=\"\" data-large-file=\"https:\/\/i0.wp.com\/pequod.nesodd1.no\/wp-content\/uploads\/ngg_featured\/IMG_6998.jpg?fit=800%2C534&amp;ssl=1\" class=\"alignright wp-image-3089\" src=\"https:\/\/i0.wp.com\/pequod.nesodd1.no\/wp-content\/uploads\/ngg_featured\/IMG_6998-150x150.jpg?resize=81%2C81\" alt=\"IMG_6998\" width=\"81\" height=\"81\" srcset=\"https:\/\/i0.wp.com\/pequod.nesodd1.no\/wp-content\/uploads\/ngg_featured\/IMG_6998.jpg?resize=150%2C150&amp;ssl=1 150w, https:\/\/i0.wp.com\/pequod.nesodd1.no\/wp-content\/uploads\/ngg_featured\/IMG_6998.jpg?zoom=3&amp;resize=81%2C81&amp;ssl=1 243w\" sizes=\"auto, (max-width: 81px) 100vw, 81px\" \/><\/a>Fredag skrev jeg noen linjer om \u00e5rets f\u00f8rste overnatting i b\u00e5ten. Jaggu p\u00e5 tide, kan man vel si. Jeg har jo brukt b\u00e5ten mye, men det har ikke blitt s\u00e5 mange overnattinger, jeg klarte jo ikke \u00e5 komme opp i tosifra i fjor, og bare 17 \u00e5ret f\u00f8r, noe som er ganske lite egentlig.<\/p>\n<p><!--more--><\/p>\n<p>Det er mange grunner til at jeg ikke har f\u00e5tt overnattet s\u00e5 mye om bord. Noe av \u00e5rsaken\u00a0har selvsagt noe m\u00e5 gj\u00f8re med bruksm\u00f8nsteret mitt. Jeg drar gjerne p\u00e5 b\u00e5de korte og lange dagsturer, men overnatter ikke bestandig.<\/p>\n<p>Jeg sover stort sett ganske greit om bord, men ikke veldig behagelig. Det m\u00e5 innr\u00f8mmes at over 40 \u00e5r gamle b\u00e5tmadrasser ikke tilbyr all verdens komfort&#8230; Derfor er det da ogs\u00e5 en av de prioriterte oppgraderingene i b\u00e5ten. I f\u00f8rste omgang skal det kj\u00f8pes inn noen spilebunner som skal legges under for \u00e5 se hvordan sovekomforten blir da. Fram til da har jeg l\u00f8st det ved \u00e5 rett og slett legge to madrasser opp\u00e5 hverandre. Ikke helt optimalt, det skal innr\u00f8mmes, men likevel&#8230;<\/p>\n<figure id=\"attachment_355\" aria-describedby=\"caption-attachment-355\" style=\"width: 300px\" class=\"wp-caption alignleft\"><a href=\"https:\/\/pequod.nesodd1.no\/?attachment_id=355\" rel=\"attachment wp-att-355\"><img data-recalc-dims=\"1\" loading=\"lazy\" decoding=\"async\" data-attachment-id=\"355\" data-permalink=\"https:\/\/pequod.nesodd1.no\/?attachment_id=355\" data-orig-file=\"https:\/\/i0.wp.com\/pequod.nesodd1.no\/wp-content\/uploads\/2013\/10\/IMG_1344-e1413709609611.jpg?fit=800%2C598&amp;ssl=1\" data-orig-size=\"800,598\" data-comments-opened=\"1\" data-image-meta=\"{&quot;aperture&quot;:&quot;2.8&quot;,&quot;credit&quot;:&quot;&quot;,&quot;camera&quot;:&quot;iPhone 4&quot;,&quot;caption&quot;:&quot;&quot;,&quot;created_timestamp&quot;:&quot;1380896871&quot;,&quot;copyright&quot;:&quot;&quot;,&quot;focal_length&quot;:&quot;3.85&quot;,&quot;iso&quot;:&quot;160&quot;,&quot;shutter_speed&quot;:&quot;0.0666666666667&quot;,&quot;title&quot;:&quot;&quot;}\" data-image-title=\"IMG_1344\" data-image-description=\"\" data-image-caption=\"&lt;p&gt;Bort, bort!&lt;\/p&gt;\n\" data-large-file=\"https:\/\/i0.wp.com\/pequod.nesodd1.no\/wp-content\/uploads\/2013\/10\/IMG_1344-e1413709609611.jpg?fit=940%2C701&amp;ssl=1\" class=\"size-medium wp-image-355\" src=\"https:\/\/i0.wp.com\/pequod.nesodd1.no\/wp-content\/uploads\/2013\/10\/IMG_1344-300x224.jpg?resize=300%2C224\" alt=\"Bort, bort!\" width=\"300\" height=\"224\" \/><\/a><figcaption id=\"caption-attachment-355\" class=\"wp-caption-text\">Helt greit \u00e5 sove p\u00e5, men ikke mer&#8230;<\/figcaption><\/figure>\n<p>Tenker for\u00f8vrig \u00e5 f\u00e5 laget en slik midtmadrass, da den ikke fulgte med da jeg kj\u00f8pte b\u00e5ten og nok har forsvunnet i l\u00f8pet av \u00e5rene, men skal vi f\u00e5 til en koselig dobbeltseng m\u00e5 jeg f\u00e5 laget en slik!<\/p>\n<p>Men fredag kveld ble det alts\u00e5 endelig ei natt i b\u00e5ten. Jeg ankom b\u00e5thavna litt sent fordi jeg stakk innom Kiwi p\u00e5 Byporten og handlet inn litt sm\u00e5ting. Deretter mistet jeg b\u00e5ten og stakk opp p\u00e5 Burger King og innvilget meg en burger mens jeg ventet p\u00e5 neste&#8230;<\/p>\n<p>Ettersom jeg dro direkte fra jobben og ferga ned til b\u00e5thavna m\u00e5tte jeg i tillegg g\u00e5, &laquo;Bippe&raquo; sto trygt til lading hjemme. Protesen min har kranglet litt de siste ukene etter at jeg fikk ny hylse. Jeg har f\u00e5tt justert litt p\u00e5 den, hele tre ganger, men den er ikke helt bra enn\u00e5, s\u00e5 derfor og p\u00e5 grunn av at det er litt is og sn\u00f8 her og der, s\u00e6rlig ute p\u00e5 Nesodden, s\u00e5 har jeg med meg en krykke. Den fikk jeg god bruk for n\u00e5r jeg skulle ned til b\u00e5thavna!<\/p>\n<p>Jeg tok bussen fra brygga et par holdeplasser og begynte \u00e5 g\u00e5. Jeg har flere ruter jeg kan velge mellom, som inneb\u00e6rer tre forskjellige holdeplasser, og \u00a0jeg inns\u00e5 raskt at jeg hadde valgt feil! Jeg begynte \u00e5 g\u00e5 ned snarveien p\u00e5 den ruta jeg hadde valgt, som inneb\u00e6rer \u00e5 g\u00e5 ned en veldig lang trapp, men forstod etter bare et par trinn at jeg m\u00e5tte snu. Kombinasjonen m\u00f8rke, d\u00e5rlig belysning og is er ikke bra! Dermed m\u00e5tte jeg g\u00e5 en liten omvei langs en vei som ogs\u00e5 hadde en god del is. S\u00e5 krykka, utstyrt med ispigg, ble flittig brukt b\u00e5de som avlastning for protesefoten og som sikkerhet!<\/p>\n<p>Jeg ble faktisk litt sliten ogs\u00e5, og var ikke nede i b\u00e5ten f\u00f8r klokka var fem over halv tolv! Neste gang tar jeg drosje &#8211; eller drar f\u00f8rst hjem og kj\u00f8rer ned igjen med &laquo;Bippe&raquo;!<\/p>\n<p>Uansett, vel nede i b\u00e5thavna kom jeg meg greit om bord i b\u00e5ten og gjorde i stand madrassene. Jeg hadde hatt planer om \u00e5 kanskje f\u00e5 ryddet litt ogs\u00e5, men ettersom det var blitt s\u00e5pass sent, s\u00e5 slo jeg det fra meg. Jeg droppet ogs\u00e5 \u00e5 sl\u00e5 p\u00e5 motoren og la den g\u00e5 litt p\u00e5 tomgang ettersom det var blitt s\u00e5 sent. Hadde opprinnelig tenkt at det var greit med litt lunk i kabinen f\u00f8r jeg skulle sove, men jeg sto over denne gangen. N\u00e5 er det vel kanskje ikke s\u00e5 mange andre som overnatter i b\u00e5ten p\u00e5 denne tiden av d\u00f8gnet, og n\u00f8daggregatet som durte lenger ut og gir litt n\u00f8dstr\u00f8m til de ytterste bryggene samt lys &#8211; br\u00e5ker vel egentlig mer enn motoren min&#8230;<\/p>\n<p>Men uansett, litt titting p\u00e5 iPaden ble det tid til f\u00f8r jeg snakket litt p\u00e5 telefonen med rederinnen. Hadde opprinnelig tenkt \u00e5 f\u00e5 med meg Nytt p\u00e5 Nytt, men det f\u00e5r vi ta en annen gang. T\u00f8rnet inn rundt klokka ett, og satt vekkerklokka p\u00e5 klokka seks&#8230; Ikke veldig mange timene alts\u00e5, men jeg skulle rekke den f\u00f8rste b\u00e5ten inn til byen for \u00e5 komme meg p\u00e5 jobb, og i helgene g\u00e5r ikke den f\u00f8r klokka sju, s\u00e5 da hadde jeg ikke noe valg!<\/p>\n<p>Siden jeg ikke hadde noe varme om bord tok jeg p\u00e5 meg den kombinerte varme- og\u00a0flytedressen, og deretter tok jeg soveposen omtrent opp til midjen. Det gikk fint, jeg var varm og god og sovnet fort. Dessverre var det s\u00e5pass stille sj\u00f8 at jeg ikke fikk noen drahjelp av litt b\u00f8lgeklukk og vugging, men jeg var ganske tr\u00f8tt s\u00e5 det tok ikke lang tid for jeg var &laquo;borte&raquo;.<\/p>\n<p>V\u00e5knet et par ganger i l\u00f8pet av natta, men sovnet fort igjen uten problemer.<\/p>\n<figure id=\"attachment_8061\" aria-describedby=\"caption-attachment-8061\" style=\"width: 300px\" class=\"wp-caption alignleft\"><a href=\"https:\/\/pequod.nesodd1.no\/?attachment_id=8061\" rel=\"attachment wp-att-8061\"><img data-recalc-dims=\"1\" loading=\"lazy\" decoding=\"async\" data-attachment-id=\"8061\" data-permalink=\"https:\/\/pequod.nesodd1.no\/?attachment_id=8061\" data-orig-file=\"https:\/\/i0.wp.com\/pequod.nesodd1.no\/wp-content\/uploads\/2016\/02\/IMG_6596.jpg?fit=640%2C480&amp;ssl=1\" data-orig-size=\"640,480\" data-comments-opened=\"1\" data-image-meta=\"{&quot;aperture&quot;:&quot;2.2&quot;,&quot;credit&quot;:&quot;&quot;,&quot;camera&quot;:&quot;iPhone 6&quot;,&quot;caption&quot;:&quot;&quot;,&quot;created_timestamp&quot;:&quot;1456550723&quot;,&quot;copyright&quot;:&quot;&quot;,&quot;focal_length&quot;:&quot;4.15&quot;,&quot;iso&quot;:&quot;640&quot;,&quot;shutter_speed&quot;:&quot;0.0666666666667&quot;,&quot;title&quot;:&quot;&quot;,&quot;orientation&quot;:&quot;1&quot;}\" data-image-title=\"IMG_6596\" data-image-description=\"\" data-image-caption=\"\" data-large-file=\"https:\/\/i0.wp.com\/pequod.nesodd1.no\/wp-content\/uploads\/2016\/02\/IMG_6596.jpg?fit=640%2C480&amp;ssl=1\" class=\"wp-image-8061 size-medium\" src=\"https:\/\/i0.wp.com\/pequod.nesodd1.no\/wp-content\/uploads\/2016\/02\/IMG_6596-300x225.jpg?resize=300%2C225\" alt=\"IMG_6596\" width=\"300\" height=\"225\" srcset=\"https:\/\/i0.wp.com\/pequod.nesodd1.no\/wp-content\/uploads\/2016\/02\/IMG_6596.jpg?resize=300%2C225&amp;ssl=1 300w, https:\/\/i0.wp.com\/pequod.nesodd1.no\/wp-content\/uploads\/2016\/02\/IMG_6596.jpg?w=640&amp;ssl=1 640w\" sizes=\"auto, (max-width: 300px) 100vw, 300px\" \/><\/a><figcaption id=\"caption-attachment-8061\" class=\"wp-caption-text\">Morgengry i b\u00e5thavna<\/figcaption><\/figure>\n<p>Litt verre var det \u00e5 komme seg opp, men jeg klarte jo det ogs\u00e5! Var en nydelig himmel da jeg krabbet ut av b\u00e5ten etter tannpussen. Det var kommet litt is p\u00e5 vinduene ogs\u00e5, men det skal ikke ha v\u00e6rt mer enn -3\/4-grader i l\u00f8pet av natta if\u00f8lge v\u00e6rmeldingen. M\u00e5 kj\u00f8pe et slikt termometer som m\u00e5ler inne- og utetemperatur!<\/p>\n<p>Jeg vurderte f\u00f8r jeg la meg om jeg skulle bestille drosje p\u00e5 morgenen ned til brygga, jeg har f\u00e5tt innvilget et TT-kort med begrensning p\u00e5 grunn av amputasjonene, men jeg droppet det. Returen til brygga p\u00e5 morgenen gikk da ogs\u00e5 mye greiere enn dagen f\u00f8r. Jeg valgte en annen rute og jukset litt og tok bussen fra nest siste til siste holdeplass&#8230; \ud83d\ude42<\/p>\n<p>Litt senere p\u00e5 dagen, da jeg skulle ta en spisepause p\u00e5 jobben og plukket fram bananene som jeg hadde tatt med meg\u00a0fra b\u00e5ten, oppdaget jeg at de var halvfrosne! S\u00e5 litt kaldt hadde det nok v\u00e6rt! \ud83d\ude42<\/p>\n<p>Men \u00e5rets f\u00f8rste overnatting ble alts\u00e5 gjennomf\u00f8rt uten problemer! Den f\u00f8rste av mange, jeg har som m\u00e5l \u00e5 f\u00e5 mange flere overnattinger i \u00e5r enn b\u00e5de i fjor og 2014!<\/p>\n<h3>Related Images:<\/h3>","protected":false},"excerpt":{"rendered":"<p>Fredag skrev jeg noen linjer om \u00e5rets f\u00f8rste overnatting i b\u00e5ten. Jaggu p\u00e5 tide, kan man vel si. Jeg har jo brukt b\u00e5ten mye, men det har ikke blitt s\u00e5 mange overnattinger, jeg klarte jo ikke \u00e5 komme opp i tosifra i fjor, og bare 17 \u00e5ret f\u00f8r, noe som er ganske lite egentlig. Related &hellip;<br \/><a href=\"https:\/\/pequod.nesodd1.no\/?p=8028\" class=\"more-link pen_element_default pen_icon_arrow_double\">Les<\/a><\/p>\n","protected":false},"author":1,"featured_media":0,"comment_status":"open","ping_status":"open","sticky":false,"template":"","format":"standard","meta":{"_crdt_document":"","ngg_post_thumbnail":0,"jetpack_post_was_ever_published":false,"_jetpack_newsletter_access":"","_jetpack_dont_email_post_to_subs":false,"_jetpack_newsletter_tier_id":0,"_jetpack_memberships_contains_paywalled_content":false,"_jetpack_memberships_contains_paid_content":false,"footnotes":""},"categories":[3,1043],"tags":[631,372,368],"class_list":["post-8028","post","type-post","status-publish","format-standard","hentry","category-blogg","category-diverse","tag-bathavn","tag-kaldt","tag-overnatting"],"jetpack_featured_media_url":"","jetpack_shortlink":"https:\/\/wp.me\/p3Zd9b-25u","jetpack_sharing_enabled":true,"jetpack_likes_enabled":true,"jetpack-related-posts":[],"_links":{"self":[{"href":"https:\/\/pequod.nesodd1.no\/index.php?rest_route=\/wp\/v2\/posts\/8028","targetHints":{"allow":["GET"]}}],"collection":[{"href":"https:\/\/pequod.nesodd1.no\/index.php?rest_route=\/wp\/v2\/posts"}],"about":[{"href":"https:\/\/pequod.nesodd1.no\/index.php?rest_route=\/wp\/v2\/types\/post"}],"author":[{"embeddable":true,"href":"https:\/\/pequod.nesodd1.no\/index.php?rest_route=\/wp\/v2\/users\/1"}],"replies":[{"embeddable":true,"href":"https:\/\/pequod.nesodd1.no\/index.php?rest_route=%2Fwp%2Fv2%2Fcomments&post=8028"}],"version-history":[{"count":11,"href":"https:\/\/pequod.nesodd1.no\/index.php?rest_route=\/wp\/v2\/posts\/8028\/revisions"}],"predecessor-version":[{"id":8070,"href":"https:\/\/pequod.nesodd1.no\/index.php?rest_route=\/wp\/v2\/posts\/8028\/revisions\/8070"}],"wp:attachment":[{"href":"https:\/\/pequod.nesodd1.no\/index.php?rest_route=%2Fwp%2Fv2%2Fmedia&parent=8028"}],"wp:term":[{"taxonomy":"category","embeddable":true,"href":"https:\/\/pequod.nesodd1.no\/index.php?rest_route=%2Fwp%2Fv2%2Fcategories&post=8028"},{"taxonomy":"post_tag","embeddable":true,"href":"https:\/\/pequod.nesodd1.no\/index.php?rest_route=%2Fwp%2Fv2%2Ftags&post=8028"}],"curies":[{"name":"wp","href":"https:\/\/api.w.org\/{rel}","templated":true}]}}