{"id":806,"date":"2013-11-03T21:22:12","date_gmt":"2013-11-03T20:22:12","guid":{"rendered":"https:\/\/pequod.nesodd1.no\/?p=806"},"modified":"2013-11-03T21:21:31","modified_gmt":"2013-11-03T20:21:31","slug":"vaer-og-vind","status":"publish","type":"post","link":"https:\/\/pequod.nesodd1.no\/?p=806","title":{"rendered":"V\u00e6r og vind"},"content":{"rendered":"<p>&laquo;Det finnes ikke d\u00e5rlig v\u00e6r, bare d\u00e5rlige kl\u00e6r&raquo; var klisjesvaret mitt da jeg kom p\u00e5 jobb s\u00f8ndag og en kollega spurte om det ikke var kaldt \u00e5 v\u00e6re ute i b\u00e5t p\u00e5 denne tiden av \u00e5ret. P\u00e5 sj\u00f8en kan det likevel v\u00e6re noe annerledes innimellom.<!--more--><\/p>\n<p>Da jeg dro fra jobben (nattvakt) l\u00f8rdag morgen angret jeg p\u00e5 at jeg ikke hadde gjentatt b\u00e5tturen med egen b\u00e5t som jeg gjorde torsdag kveld. L\u00f8rdag morgen var det nemlig et helt fantastisk v\u00e6r, sj\u00f8en l\u00e5 speilblank og utrolig fristende og det f\u00f8rste jeg tenkte p\u00e5 var hvor deilig det ville v\u00e6rt \u00e5 v\u00e6re ute p\u00e5 sj\u00f8en en slik stund. Tanken om \u00e5 kanskje ta b\u00e5ten til jobb l\u00f8rdag kveld begynte \u00e5 forme seg i bakhodet&#8230;<\/p>\n<p>Etter \u00e5 ha sovet noen timer v\u00e5knet jeg l\u00f8rdag ettermiddag og klarte s\u00e5 vidt \u00e5 motst\u00e5 fristelsen til \u00e5 l\u00f8pe ned til havna da jeg s\u00e5 hvor fint v\u00e6ret var. Men jeg har jo tross alt andre ting \u00e5 gj\u00f8re enn \u00e5 v\u00e6re i b\u00e5ten hele tiden. Selv om det kanskje ikke synes slik&#8230; \ud83d\ude00<\/p>\n<figure id=\"attachment_809\" aria-describedby=\"caption-attachment-809\" style=\"width: 300px\" class=\"wp-caption alignleft\"><a href=\"https:\/\/i0.wp.com\/pequod.nesodd1.no\/wp-content\/uploads\/2013\/11\/jepp2.jpg\"><img data-recalc-dims=\"1\" loading=\"lazy\" decoding=\"async\" data-attachment-id=\"809\" data-permalink=\"https:\/\/pequod.nesodd1.no\/?attachment_id=809\" data-orig-file=\"https:\/\/i0.wp.com\/pequod.nesodd1.no\/wp-content\/uploads\/2013\/11\/jepp2-e1413708528867.jpg?fit=800%2C598&amp;ssl=1\" data-orig-size=\"800,598\" data-comments-opened=\"1\" data-image-meta=\"{&quot;aperture&quot;:&quot;2.8&quot;,&quot;credit&quot;:&quot;&quot;,&quot;camera&quot;:&quot;iPhone 4&quot;,&quot;caption&quot;:&quot;&quot;,&quot;created_timestamp&quot;:&quot;1383372857&quot;,&quot;copyright&quot;:&quot;&quot;,&quot;focal_length&quot;:&quot;3.85&quot;,&quot;iso&quot;:&quot;1000&quot;,&quot;shutter_speed&quot;:&quot;0.0666666666667&quot;,&quot;title&quot;:&quot;&quot;}\" data-image-title=\"jepp2\" data-image-description=\"\" data-image-caption=\"&lt;p&gt;Idyllisk fra bryggekanten ved Vippetangen l\u00f8rdag morgen.&lt;\/p&gt;\n\" data-large-file=\"https:\/\/i0.wp.com\/pequod.nesodd1.no\/wp-content\/uploads\/2013\/11\/jepp2-e1413708528867.jpg?fit=940%2C701&amp;ssl=1\" class=\"size-medium wp-image-809\" alt=\"Idyllisk fra bryggekanten ved Vippetangen l\u00f8rdag morgen.\" src=\"https:\/\/i0.wp.com\/pequod.nesodd1.no\/wp-content\/uploads\/2013\/11\/jepp2-300x224.jpg?resize=300%2C224\" width=\"300\" height=\"224\" \/><\/a><figcaption id=\"caption-attachment-809\" class=\"wp-caption-text\">Idyllisk fra bryggekanten ved Vippetangen l\u00f8rdag morgen.<\/figcaption><\/figure>\n<p>Uansett, da det n\u00e6rmet seg avgang valgte jeg \u00e5 ta Nesoddb\u00e5ten l\u00f8rdag kveld ogs\u00e5. Selv om v\u00e6ret p\u00e5 kvelden var omtrent like perfekt som om morgenen. \u00c5rsaken til det valget er selvsagt nettopp v\u00e6ret. Jeg har nemlig blitt mye mer interessert i v\u00e6rmeldingene etter at jeg ble b\u00e5teier enn jeg har v\u00e6rt f\u00f8r! Og det holder ikke lengre med \u00e5 titte p\u00e5 pene TV2-damer og f\u00e5 med seg om det blir regn, opphold eller sol, og gradestokken &#8211; n\u00e5 er jeg mer interessert i vindhastighet og vindretning i tillegg til lavtrykk og h\u00f8ytrykk!<\/p>\n<p>\u00c5 ferdes p\u00e5 sj\u00f8en er nemlig ikke bare bare hvis &laquo;veien&raquo; blir for humpete&#8230;<\/p>\n<p>At det regner litt bryr jeg meg ikke s\u00e5 veldig mye om, men 40-50 mm i l\u00f8pet av 24 timer synes jeg h\u00f8rtes litt mye ut, og if\u00f8lge yr.no s\u00e5 ville det allerede begynne i l\u00f8pet av natten. Selve vindm\u00e5lingen var ikke s\u00e5 alarmerende, b\u00e5ten klarer lett en laber bris, men til sammen h\u00f8rtes det ikke veldig forlokkende ut, s\u00e5 da ble det kollektivtransport til og fra istedenfor!<\/p>\n<p>For\u00f8vrig, etter en uke med nattevakter har jeg n\u00e5 avspseringsuke, s\u00e5 da kan det v\u00e6re duket for mye b\u00e5tliv! S\u00e6rlig tirsdag og onsdag ser bra ut rent v\u00e6rmessig. Kanskje blir det en tur over fjorden til skj\u00e6rg\u00e5rden i Asker og B\u00e6rum\/Hurum?<\/p>\n<h3>Related Images:<\/h3>","protected":false},"excerpt":{"rendered":"<p>&laquo;Det finnes ikke d\u00e5rlig v\u00e6r, bare d\u00e5rlige kl\u00e6r&raquo; var klisjesvaret mitt da jeg kom p\u00e5 jobb s\u00f8ndag og en kollega spurte om det ikke var kaldt \u00e5 v\u00e6re ute i b\u00e5t p\u00e5 denne tiden av \u00e5ret. P\u00e5 sj\u00f8en kan det likevel v\u00e6re noe annerledes innimellom. Related Images:<\/p>\n","protected":false},"author":1,"featured_media":0,"comment_status":"open","ping_status":"open","sticky":false,"template":"","format":"standard","meta":{"_crdt_document":"","ngg_post_thumbnail":0,"jetpack_post_was_ever_published":false,"_jetpack_newsletter_access":"","_jetpack_dont_email_post_to_subs":false,"_jetpack_newsletter_tier_id":0,"_jetpack_memberships_contains_paywalled_content":false,"_jetpack_memberships_contains_paid_content":false,"footnotes":""},"categories":[3,8],"tags":[294,293,123,292,263,295],"class_list":["post-806","post","type-post","status-publish","format-standard","hentry","category-blogg","category-vaer","tag-nedbor","tag-regn","tag-vaer-2","tag-vaermelding","tag-vind","tag-vindstyrke"],"jetpack_featured_media_url":"","jetpack_shortlink":"https:\/\/wp.me\/p3Zd9b-d0","jetpack_sharing_enabled":true,"jetpack_likes_enabled":true,"jetpack-related-posts":[],"_links":{"self":[{"href":"https:\/\/pequod.nesodd1.no\/index.php?rest_route=\/wp\/v2\/posts\/806","targetHints":{"allow":["GET"]}}],"collection":[{"href":"https:\/\/pequod.nesodd1.no\/index.php?rest_route=\/wp\/v2\/posts"}],"about":[{"href":"https:\/\/pequod.nesodd1.no\/index.php?rest_route=\/wp\/v2\/types\/post"}],"author":[{"embeddable":true,"href":"https:\/\/pequod.nesodd1.no\/index.php?rest_route=\/wp\/v2\/users\/1"}],"replies":[{"embeddable":true,"href":"https:\/\/pequod.nesodd1.no\/index.php?rest_route=%2Fwp%2Fv2%2Fcomments&post=806"}],"version-history":[{"count":3,"href":"https:\/\/pequod.nesodd1.no\/index.php?rest_route=\/wp\/v2\/posts\/806\/revisions"}],"predecessor-version":[{"id":811,"href":"https:\/\/pequod.nesodd1.no\/index.php?rest_route=\/wp\/v2\/posts\/806\/revisions\/811"}],"wp:attachment":[{"href":"https:\/\/pequod.nesodd1.no\/index.php?rest_route=%2Fwp%2Fv2%2Fmedia&parent=806"}],"wp:term":[{"taxonomy":"category","embeddable":true,"href":"https:\/\/pequod.nesodd1.no\/index.php?rest_route=%2Fwp%2Fv2%2Fcategories&post=806"},{"taxonomy":"post_tag","embeddable":true,"href":"https:\/\/pequod.nesodd1.no\/index.php?rest_route=%2Fwp%2Fv2%2Ftags&post=806"}],"curies":[{"name":"wp","href":"https:\/\/api.w.org\/{rel}","templated":true}]}}