{"id":8065,"date":"2016-03-10T13:53:36","date_gmt":"2016-03-10T12:53:36","guid":{"rendered":"https:\/\/pequod.nesodd1.no\/?p=8065"},"modified":"2016-03-10T13:53:36","modified_gmt":"2016-03-10T12:53:36","slug":"rederinnen-klar-for-batforerkurs","status":"publish","type":"post","link":"https:\/\/pequod.nesodd1.no\/?p=8065","title":{"rendered":"Rederinnen klar for b\u00e5tf\u00f8rerkurs"},"content":{"rendered":"<p>Hun har faktisk bare en eneste tur bak seg i <strong>Bergtatt<\/strong>, men rederinnen har allerede i lengre tid snakket om at hun \u00f8nsker \u00e5 ta b\u00e5tlappen selv. Opprinnelig hadde hun tenkt \u00e5 ta et intensivkurs p\u00e5 Sj\u00f8en for alle, men det gikk ikke rent praktisk, s\u00e5 n\u00e5 blir det nok et ordin\u00e6rt kvelds- eller helgekurs.<!--more--><\/p>\n<p>At jeg har klart \u00e5 kapre meg en b\u00e5tinteressert og b\u00e5tentusiastisk kj\u00e6reste har vel de fleste regelmessige leserne av denne bloggen f\u00e5tt med seg. Og Anne sa tidlig ifra om at hun gjerne ville ta roret selv. Det har jeg ikke noe imot, det er jo greit \u00e5 kunne slappe av innimellom, s\u00e5 lenge jeg faktisk f\u00e5r det tilbake! \ud83d\ude42<\/p>\n<p>Hun var veldig ivrig p\u00e5 \u00e5 ta et av intensivkursene som blir arrangert p\u00e5 Sj\u00f8en for alle-messa n\u00e5 til helgen, men m\u00e5tte gi det opp da det ikke passet med jobb.\u00a0S\u00e5 n\u00e5 skal vi se p\u00e5 andre alternativer, kurs er det jo mange av, b\u00e5de i helger og p\u00e5 hverdager.<\/p>\n<figure id=\"attachment_2011\" aria-describedby=\"caption-attachment-2011\" style=\"width: 300px\" class=\"wp-caption alignright\"><a href=\"https:\/\/pequod.nesodd1.no\/?attachment_id=2011\" rel=\"attachment wp-att-2011\"><img data-recalc-dims=\"1\" loading=\"lazy\" decoding=\"async\" data-attachment-id=\"2011\" data-permalink=\"https:\/\/pequod.nesodd1.no\/?attachment_id=2011\" data-orig-file=\"https:\/\/i0.wp.com\/pequod.nesodd1.no\/wp-content\/uploads\/2014\/02\/IMG_5390.jpg?fit=800%2C534&amp;ssl=1\" data-orig-size=\"800,534\" data-comments-opened=\"1\" data-image-meta=\"{&quot;aperture&quot;:&quot;4&quot;,&quot;credit&quot;:&quot;Picasa&quot;,&quot;camera&quot;:&quot;Canon EOS 700D&quot;,&quot;caption&quot;:&quot;&quot;,&quot;created_timestamp&quot;:&quot;1393502644&quot;,&quot;copyright&quot;:&quot;&quot;,&quot;focal_length&quot;:&quot;24&quot;,&quot;iso&quot;:&quot;100&quot;,&quot;shutter_speed&quot;:&quot;0.005&quot;,&quot;title&quot;:&quot;&quot;}\" data-image-title=\"IMG_5390\" data-image-description=\"\" data-image-caption=\"&lt;p&gt;P\u00e5 plass i b\u00e5ten.&lt;\/p&gt;\n\" data-large-file=\"https:\/\/i0.wp.com\/pequod.nesodd1.no\/wp-content\/uploads\/2014\/02\/IMG_5390.jpg?fit=800%2C534&amp;ssl=1\" class=\"size-medium wp-image-2011\" src=\"https:\/\/i0.wp.com\/pequod.nesodd1.no\/wp-content\/uploads\/2014\/02\/IMG_5390-300x200.jpg?resize=300%2C200\" alt=\"P\u00e5 plass i b\u00e5ten.\" width=\"300\" height=\"200\" srcset=\"https:\/\/i0.wp.com\/pequod.nesodd1.no\/wp-content\/uploads\/2014\/02\/IMG_5390.jpg?resize=300%2C200&amp;ssl=1 300w, https:\/\/i0.wp.com\/pequod.nesodd1.no\/wp-content\/uploads\/2014\/02\/IMG_5390.jpg?w=800&amp;ssl=1 800w\" sizes=\"auto, (max-width: 300px) 100vw, 300px\" \/><\/a><figcaption id=\"caption-attachment-2011\" class=\"wp-caption-text\">Denne plassen er ikke bare forbeholdt meg!<\/figcaption><\/figure>\n<p>Jeg tenkte ogs\u00e5 p\u00e5 \u00e5 anbefale henne dette &laquo;Ta roret, kjerring&raquo;-kurset, som er en type kurs jeg selv kunne tenkt meg \u00e5 tatt n\u00e5r jeg var nybegynner. Det er jo et kurs som, s\u00e5vidt jeg har forst\u00e5tt, konsentrerer seg om praktiske pr\u00f8ver, slik at man f\u00e5r f\u00f8lelsen av hvordan det er \u00e5 kj\u00f8re og man\u00f8vrere en b\u00e5t.<\/p>\n<p>N\u00e5 har jeg lovt at hun skal f\u00e5 lov til \u00e5 \u00f8ve om bord i <strong>Bergtatt\u00a0<\/strong>ogs\u00e5, s\u00e5 kan jeg l\u00e6re bort det lille jeg kan om man\u00f8vrering. Jeg begynner \u00e5 f\u00f8le meg relativt trygg p\u00e5 b\u00e5ten n\u00e5 rent man\u00f8vreringsmessig, jeg kjenner lytene dens, hvordan den oppf\u00f8rer seg, ikke minst n\u00e5r vi skal bakke (!) og f\u00f8ler meg ganske s\u00e5 trygg p\u00e5 \u00e5 kj\u00f8re inn og ut av b\u00e5ser og legge til b\u00e5de longside og med baugen. \u00c5 legge til med akterpartiet har jeg ikke pr\u00f8vd enn\u00e5, men jeg ser ikke helt at jeg noengang kommer til \u00e5 gj\u00f8re det heller med denne b\u00e5ten.<\/p>\n<p>Men f\u00f8rst alts\u00e5, er det b\u00e5tf\u00f8rerpr\u00f8ven for rederinnen som st\u00e5r for tur en gang etter p\u00e5ske og f\u00f8r vi starter v\u00e5r lille b\u00e5tferie sammen i juni.<\/p>\n<p>Ogs\u00e5 eldstedattera mi har ymtet framp\u00e5 om at hun \u00f8nsker \u00e5 ta B\u00e5tf\u00f8rerpr\u00f8ven, s\u00e5 f\u00e5r vi se om det blir to kvinner i familien som kan kj\u00f8re b\u00e5t! Jeg har ikke noen problemer med \u00e5 overlate roret til dem p\u00e5 turer, selv om de nok ikke f\u00e5r lov til \u00e5 sitte der hele tiden&#8230; \ud83d\ude42 Det er tross alt noe eget og spesielt ved \u00e5 sitte til rors, synes jeg. Koselig, rett og slett.<\/p>\n<p>En autopilot kommer aldri til \u00e5 bli montert i <strong>Bergtatt!<\/strong> Det er helt sikkert!<\/p>\n<p>&nbsp;<\/p>\n<h3>Related Images:<\/h3>","protected":false},"excerpt":{"rendered":"<p>Hun har faktisk bare en eneste tur bak seg i Bergtatt, men rederinnen har allerede i lengre tid snakket om at hun \u00f8nsker \u00e5 ta b\u00e5tlappen selv. Opprinnelig hadde hun tenkt \u00e5 ta et intensivkurs p\u00e5 Sj\u00f8en for alle, men det gikk ikke rent praktisk, s\u00e5 n\u00e5 blir det nok et ordin\u00e6rt kvelds- eller helgekurs. &hellip;<br \/><a href=\"https:\/\/pequod.nesodd1.no\/?p=8065\" class=\"more-link pen_element_default pen_icon_arrow_double\">Les<\/a><\/p>\n","protected":false},"author":1,"featured_media":0,"comment_status":"open","ping_status":"open","sticky":false,"template":"","format":"standard","meta":{"_crdt_document":"","ngg_post_thumbnail":0,"jetpack_post_was_ever_published":false,"_jetpack_newsletter_access":"","_jetpack_dont_email_post_to_subs":false,"_jetpack_newsletter_tier_id":0,"_jetpack_memberships_contains_paywalled_content":false,"_jetpack_memberships_contains_paid_content":false,"footnotes":""},"categories":[3,1043],"tags":[31,1354,1606],"class_list":["post-8065","post","type-post","status-publish","format-standard","hentry","category-blogg","category-diverse","tag-batforerproven","tag-rederinnen","tag-ta-roret-kjerring"],"jetpack_featured_media_url":"","jetpack_shortlink":"https:\/\/wp.me\/p3Zd9b-265","jetpack_sharing_enabled":true,"jetpack_likes_enabled":true,"jetpack-related-posts":[],"_links":{"self":[{"href":"https:\/\/pequod.nesodd1.no\/index.php?rest_route=\/wp\/v2\/posts\/8065","targetHints":{"allow":["GET"]}}],"collection":[{"href":"https:\/\/pequod.nesodd1.no\/index.php?rest_route=\/wp\/v2\/posts"}],"about":[{"href":"https:\/\/pequod.nesodd1.no\/index.php?rest_route=\/wp\/v2\/types\/post"}],"author":[{"embeddable":true,"href":"https:\/\/pequod.nesodd1.no\/index.php?rest_route=\/wp\/v2\/users\/1"}],"replies":[{"embeddable":true,"href":"https:\/\/pequod.nesodd1.no\/index.php?rest_route=%2Fwp%2Fv2%2Fcomments&post=8065"}],"version-history":[{"count":4,"href":"https:\/\/pequod.nesodd1.no\/index.php?rest_route=\/wp\/v2\/posts\/8065\/revisions"}],"predecessor-version":[{"id":8127,"href":"https:\/\/pequod.nesodd1.no\/index.php?rest_route=\/wp\/v2\/posts\/8065\/revisions\/8127"}],"wp:attachment":[{"href":"https:\/\/pequod.nesodd1.no\/index.php?rest_route=%2Fwp%2Fv2%2Fmedia&parent=8065"}],"wp:term":[{"taxonomy":"category","embeddable":true,"href":"https:\/\/pequod.nesodd1.no\/index.php?rest_route=%2Fwp%2Fv2%2Fcategories&post=8065"},{"taxonomy":"post_tag","embeddable":true,"href":"https:\/\/pequod.nesodd1.no\/index.php?rest_route=%2Fwp%2Fv2%2Ftags&post=8065"}],"curies":[{"name":"wp","href":"https:\/\/api.w.org\/{rel}","templated":true}]}}