{"id":8885,"date":"2016-05-09T10:20:55","date_gmt":"2016-05-09T08:20:55","guid":{"rendered":"https:\/\/pequod.nesodd1.no\/?p=8885"},"modified":"2016-05-09T11:01:57","modified_gmt":"2016-05-09T09:01:57","slug":"folksomt-pa-sjoen","status":"publish","type":"post","link":"https:\/\/pequod.nesodd1.no\/?p=8885","title":{"rendered":"Folksomt p\u00e5 sj\u00f8en"},"content":{"rendered":"<p>Etter \u00e5 ha t\u00f8ffet rundt i en Oslofjord omtrent alene i noen m\u00e5neder, i selskap stort sett med Nesoddferga, Oslofergene, danskeb\u00e5ten, Kielferga og noen kajakkpadlere, s\u00e5 har det n\u00e5 blitt mer folksomt ogs\u00e5 p\u00e5 sj\u00f8en.<!--more--><\/p>\n<p>For n\u00e5 har de fleste b\u00e5teiere f\u00e5tt b\u00e5ten p\u00e5 vannet igjen etter at den har st\u00e5tt under en presenning p\u00e5 landjorda i vinterm\u00e5nedene. Og da m\u00e5 man skjerpe seg litt n\u00e5r man er ute i b\u00e5ten. S\u00e6rlig p\u00e5 s\u00e5 fine dager som vi har bak oss n\u00e5.<\/p>\n<p>&nbsp;<a href=\"https:\/\/i0.wp.com\/pequod.nesodd1.no\/wp-content\/uploads\/2016\/05\/IMG_7971.jpg\"><img data-recalc-dims=\"1\" decoding=\"async\" src=\"https:\/\/i0.wp.com\/pequod.nesodd1.no\/wp-content\/uploads\/2016\/05\/IMG_7971.jpg?w=940\" alt=\"\"><\/a>&nbsp;Helgen som vi har lagt bak oss n\u00e5 var i tillegg ogs\u00e5 en langhelg med Kristi himmelfartsdag og en inneklemt fredag der mange tok fri. Bryggene p\u00e5 popul\u00e6re steder som Oscarsborg og H\u00e5\u00f8ya ble derfor fylt opp raskt av b\u00e5tfolket, slik at om du kastet loss en fredag ettermiddag ville du ha f\u00e5tt problemer med \u00e5 finne en plass p\u00e5 disse stedene.<\/p>\n<p>Mangr tyr da til \u00e5 legge seg utenp\u00e5 en annen b\u00e5t, det er veldig vanlig, b\u00e5de to og tre b\u00e5ter ligger gjerne utenp\u00e5 hverandre i de mest popul\u00e6re gjestehavnene p\u00e5 de mest popul\u00e6re stedene. Jeg har ikke pr\u00f8vd det, og tror ikke det er s\u00e5 lurt for meg \u00e5 pr\u00f8ve det heller slik som st\u00e5a er. Jeg har vel mer enn nok med \u00e5 klatre utp\u00e5 min egen b\u00e5t om jeg ikke skal g\u00e5 over et par andre b\u00e5ter p\u00e5 vei til brygga!<\/p>\n<p>I tillegg, selv om jeg er en sosial fyr, s\u00e5 liker jeg ikke helt n\u00e5r det blir s\u00e5 mange folk og man blir n\u00f8dt til \u00e5 ligge s\u00e5 tett p\u00e5 hverandre. Det ber derfor jeg for eksempel tar b\u00e5tferien min utenom fellesferien, da er det lettere \u00e5 finne plass, spesielt om det er p\u00e5 hverdager med ankommer, og sj\u00f8en er ikke s\u00e5 voldsomt overbefolket.<\/p>\n<p>Det er plass nok til alle, det er ikke det, og b\u00e5tfolk er stort sett alltid villige til \u00e5 finne en plass til den senest ankomne b\u00e5ten, men samtidig er det godt \u00e5 nyte stillheten og kose seg litt ombord uten \u00e5 ligge inneklemt mellom andre b\u00e5ter.<\/p>\n<p>Overraskende nok s\u00e5 begynner det \u00e5 tynnes ut p\u00e5 sj\u00f8en allerede i august, og mange tar b\u00e5ten opp allerede i begynnelsen av september, noe som for meg er uforst\u00e5elig! Den f\u00f8rste skikkelige b\u00e5tferien jeg hadde, til Sverige, sommeren 2014, gikk for seg siste uka i august. Jeg var nesten alene i alle havner jeg kom til, og det var opp mot 30 grader og flatt vann 90 prosent av tiden!<\/p>\n<p>&nbsp;<a href=\"https:\/\/i0.wp.com\/pequod.nesodd1.no\/wp-content\/uploads\/2016\/05\/IMG_7988.jpg\"><img data-recalc-dims=\"1\" decoding=\"async\" src=\"https:\/\/i0.wp.com\/pequod.nesodd1.no\/wp-content\/uploads\/2016\/05\/IMG_7988.jpg?w=940\" alt=\"\"><\/a>&nbsp;Men n\u00e5 begynner alts\u00e5 toppsesongen for b\u00e5tfolket, og jeg skal innr\u00f8mme at det er b\u00e5tsommeren jeg foretrekker, selv om ogs\u00e5 b\u00e5th\u00f8sten og b\u00e5tvinteren har sin sjarm!<\/p>\n<p>I helgen debuterte jeg i \u00e5r med bare t-skjorte og shorts p\u00e5 meg i b\u00e5ten (pluss vest!) og det var en herlig f\u00f8lelse! Og overnattingen foregikk uten at jeg fr\u00f8s p\u00e5 s\u00e5 mye som en liten \u00f8reflipp!<\/p>\n<p>Det har jeg ikke noe imot!<\/p>\n<h3>Related Images:<\/h3>","protected":false},"excerpt":{"rendered":"<p>Etter \u00e5 ha t\u00f8ffet rundt i en Oslofjord omtrent alene i noen m\u00e5neder, i selskap stort sett med Nesoddferga, Oslofergene, danskeb\u00e5ten, Kielferga og noen kajakkpadlere, s\u00e5 har det n\u00e5 blitt mer folksomt ogs\u00e5 p\u00e5 sj\u00f8en. Related Images:<\/p>\n","protected":false},"author":1,"featured_media":0,"comment_status":"open","ping_status":"open","sticky":false,"template":"","format":"standard","meta":{"_crdt_document":"","ngg_post_thumbnail":0,"jetpack_post_was_ever_published":false,"_jetpack_newsletter_access":"","_jetpack_dont_email_post_to_subs":false,"_jetpack_newsletter_tier_id":0,"_jetpack_memberships_contains_paywalled_content":false,"_jetpack_memberships_contains_paid_content":false,"footnotes":""},"categories":[3,1043,147,8],"tags":[],"class_list":["post-8885","post","type-post","status-publish","format-standard","hentry","category-blogg","category-diverse","category-ferie","category-vaer"],"jetpack_featured_media_url":"","jetpack_shortlink":"https:\/\/wp.me\/p3Zd9b-2jj","jetpack_sharing_enabled":true,"jetpack_likes_enabled":true,"jetpack-related-posts":[],"_links":{"self":[{"href":"https:\/\/pequod.nesodd1.no\/index.php?rest_route=\/wp\/v2\/posts\/8885","targetHints":{"allow":["GET"]}}],"collection":[{"href":"https:\/\/pequod.nesodd1.no\/index.php?rest_route=\/wp\/v2\/posts"}],"about":[{"href":"https:\/\/pequod.nesodd1.no\/index.php?rest_route=\/wp\/v2\/types\/post"}],"author":[{"embeddable":true,"href":"https:\/\/pequod.nesodd1.no\/index.php?rest_route=\/wp\/v2\/users\/1"}],"replies":[{"embeddable":true,"href":"https:\/\/pequod.nesodd1.no\/index.php?rest_route=%2Fwp%2Fv2%2Fcomments&post=8885"}],"version-history":[{"count":3,"href":"https:\/\/pequod.nesodd1.no\/index.php?rest_route=\/wp\/v2\/posts\/8885\/revisions"}],"predecessor-version":[{"id":8891,"href":"https:\/\/pequod.nesodd1.no\/index.php?rest_route=\/wp\/v2\/posts\/8885\/revisions\/8891"}],"wp:attachment":[{"href":"https:\/\/pequod.nesodd1.no\/index.php?rest_route=%2Fwp%2Fv2%2Fmedia&parent=8885"}],"wp:term":[{"taxonomy":"category","embeddable":true,"href":"https:\/\/pequod.nesodd1.no\/index.php?rest_route=%2Fwp%2Fv2%2Fcategories&post=8885"},{"taxonomy":"post_tag","embeddable":true,"href":"https:\/\/pequod.nesodd1.no\/index.php?rest_route=%2Fwp%2Fv2%2Ftags&post=8885"}],"curies":[{"name":"wp","href":"https:\/\/api.w.org\/{rel}","templated":true}]}}