{"id":9240,"date":"2016-06-12T11:45:53","date_gmt":"2016-06-12T09:45:53","guid":{"rendered":"https:\/\/pequod.nesodd1.no\/?p=9240"},"modified":"2016-06-12T11:45:43","modified_gmt":"2016-06-12T09:45:43","slug":"en-tur-mot-normalt","status":"publish","type":"post","link":"https:\/\/pequod.nesodd1.no\/?p=9240","title":{"rendered":"En tur mot normalt &#8211; del 1"},"content":{"rendered":"<p><a href=\"https:\/\/pequod.nesodd1.no\/?attachment_id=9271\" rel=\"attachment wp-att-9271\"><img data-recalc-dims=\"1\" loading=\"lazy\" decoding=\"async\" data-attachment-id=\"9271\" data-permalink=\"https:\/\/pequod.nesodd1.no\/?attachment_id=9271\" data-orig-file=\"https:\/\/i0.wp.com\/pequod.nesodd1.no\/wp-content\/uploads\/2016\/06\/image.jpg?fit=3264%2C2448&amp;ssl=1\" data-orig-size=\"3264,2448\" data-comments-opened=\"1\" data-image-meta=\"{&quot;aperture&quot;:&quot;0&quot;,&quot;credit&quot;:&quot;&quot;,&quot;camera&quot;:&quot;&quot;,&quot;caption&quot;:&quot;&quot;,&quot;created_timestamp&quot;:&quot;0&quot;,&quot;copyright&quot;:&quot;&quot;,&quot;focal_length&quot;:&quot;0&quot;,&quot;iso&quot;:&quot;0&quot;,&quot;shutter_speed&quot;:&quot;0&quot;,&quot;title&quot;:&quot;&quot;,&quot;orientation&quot;:&quot;1&quot;}\" data-image-title=\"image\" data-image-description=\"&lt;p&gt;Bergholmen&lt;\/p&gt;\n\" data-image-caption=\"\" data-large-file=\"https:\/\/i0.wp.com\/pequod.nesodd1.no\/wp-content\/uploads\/2016\/06\/image.jpg?fit=940%2C705&amp;ssl=1\" class=\"alignleft size-thumbnail wp-image-9271\" src=\"https:\/\/i0.wp.com\/pequod.nesodd1.no\/wp-content\/uploads\/2016\/06\/image-150x150.jpg?resize=90%2C90\" alt=\"image\" width=\"90\" height=\"90\" srcset=\"https:\/\/i0.wp.com\/pequod.nesodd1.no\/wp-content\/uploads\/2016\/06\/image.jpg?resize=150%2C150&amp;ssl=1 150w, https:\/\/i0.wp.com\/pequod.nesodd1.no\/wp-content\/uploads\/2016\/06\/image.jpg?zoom=3&amp;resize=90%2C90&amp;ssl=1 270w\" sizes=\"auto, (max-width: 90px) 100vw, 90px\" \/><\/a>Vanligvis liker jeg \u00e5 v\u00e6re underveis i b\u00e5ten. Liker \u00e5 kjenne motoren male forn\u00f8yd under meg, kjenne at b\u00e5ten lever og se at det g\u00e5r framover, om enn ikke spesielt fort&#8230; M\u00e5let er ikke s\u00e5 viktig, det er turen jeg nyter. Men sist torsdag opplevde jeg det p\u00e5 en litt annen m\u00e5te, i alle fall p\u00e5 den f\u00f8rste halvparten av turen.<!--more--><\/p>\n<p>Det hele begynte med at jeg onsdag ettermiddag tok b\u00e5ten til S\u00e6tre i Hurum igjen. Jeg var bedt p\u00e5 sommerfest med reker og godt drikke sammen med en gjeng flotte folk som jeg h\u00e5per jeg vil bli mer kjent med etterhvert. Det var en sv\u00e6rt hyggelig kveld! Jeg ble kj\u00f8rt tilbake til b\u00e5ten i b\u00e5thavna og sov over i b\u00e5ten f\u00f8r returen til Nesodden.<\/p>\n<p>Jeg hadde god tid ettersom jeg n\u00e5 er inne i den f\u00f8rste delen av \u00e5rets tre sommerferiedeler. Og da jeg v\u00e5knet ganske tidlig torsdag fant jeg ut at jeg kunne begynne dagen med \u00e5 dra over til Bergholmen. Det er en liten \u00f8y som ligger ved H\u00e5\u00f8ya og som er tidligere forsvarsomr\u00e5de som n\u00e5 er frigjort til allmenn bruk. Det er blant annet en hytte der som man kan leie. To faktisk! Jeg har jo dratt forbi den mange ganger, men aldri g\u00e5tt i land.<\/p>\n<p><a href=\"https:\/\/i0.wp.com\/pequod.nesodd1.no\/wp-content\/uploads\/2016\/06\/IMG_1141.jpg\"><img data-recalc-dims=\"1\" decoding=\"async\" src=\"https:\/\/i0.wp.com\/pequod.nesodd1.no\/wp-content\/uploads\/2016\/06\/IMG_1141.jpg?w=940\" alt=\"\" \/><\/a>\u00a0Turen var imidlertid kommet til \u00e5 endelig foreta et landhugg der. Og p\u00e5 en tidlig torsdag morgen skulle det vel g\u00e5 greit \u00e5 f\u00e5 plass ogs\u00e5. Jeg valgte \u00e5 bes\u00f8ke den nord-vestlige siden denne gangen, der var det helt tomt for b\u00e5ter. Det var et skj\u00e6r midt i innseilingen, merket med en stake, s\u00e5 jeg la meg over til styrbord side. jeg s\u00e5 da at p\u00e5 den brygga som l\u00e5 der s\u00e5 det ganske grunt ut, s\u00e5 jeg la meg heller til p\u00e5 brygga midt p\u00e5, den var litt lavere enn den tredje brygga til babord. Og dermed lettere \u00e5 g\u00e5 i land.<\/p>\n<p>Brygga var riktignok r\u00f8dmerket og det stod noe s\u00e5nt som &laquo;reservert for vedlikeholdsansvarlig&raquo; eller noe i den dur. Stedet vedlikeholdes av Dr\u00f8bak B\u00e5tforening og er kanskje litt mindre allment tilgjengelig enn bukta p\u00e5 sydsiden? Det var i alle fall stengt overalt der. Det er jo gamle forsvarsverker som stedet best\u00e5r av.<\/p>\n<p>Etter \u00e5 ha fort\u00f8yd til brygga begynte jeg p\u00e5 frokosten. Og som beskrevet<a href=\"https:\/\/pequod.nesodd1.no\/?p=9186\"> i et tidligere innlegg<\/a> bestod denne frokosten av nystekte vafler og kaffe. Mens jeg gjorde klar til kokkelering fant jeg ut at jeg faktisk hadde glemt \u00e5 ta med meg termosen. Sannsynligvis for at det var s\u00e5 varmt og flott da jeg dro at jeg ikke tenkte p\u00e5 at jeg skulle lage kaffe om bord. Jeg fant ogs\u00e5 ut at jeg ikke hadde tatt med meg syltet\u00f8y eller brunost som kunne v\u00e6rt snadder p\u00e5 vaflene &#8211; makrell i tomat og leverpostei skal jeg holde meg unna \u00e5 sm\u00f8re p\u00e5 vafler&#8230;<\/p>\n<p>Men pytt, gode vafler er gode vafler uansett, og n\u00e5r de i tillegg er nystekte s\u00e5 smaker de som gull \u00e5kkesom! R\u00f8ra var i tillegg hjemmelaget &#8211; uten sukker &#8211; s\u00e5 egentlig ble jo dette b\u00e5de en sunn og velsmakende frokost. Og kaffe er da uansett n\u00f8dvendig for meg for \u00e5 v\u00e5kne litt&#8230; S\u00e5 det endte med at jeg bare kokte opp vann denne gangen, og brukte pulverkaffe istedenfor kokekaffe. Rakk et par kopper f\u00f8r vannet begynte \u00e5 kj\u00f8lne igjen.<\/p>\n<p>Vaflene ble jo laget p\u00e5 et slikt turvaffeljern, og det fungerte veldig bra ogs\u00e5 p\u00e5 spritbluss. Men jeg m\u00e5tte helle p\u00e5 litt mer r\u00f8dsprit og fyre opp p\u00e5 nytt for \u00e5 f\u00e5 stekt hele r\u00f8ra. Jeg tenker at slik gel som jeg kj\u00f8pte sammen med kokeapparatet da jeg kj\u00f8pte det for to \u00e5r siden, nok ville ha v\u00e6rt greit \u00e5 ha til slikt bruk. Den st\u00f8rste gel-pakken varer jo i flere timer, mens r\u00f8dspriten brenner opp relativt fort. Men holder fint til kaffe, bacon- og eggsteking og suppelaging! \ud83d\ude42<\/p>\n<p><a href=\"https:\/\/i0.wp.com\/pequod.nesodd1.no\/wp-content\/uploads\/2016\/06\/IMG_1143.jpg\"><img data-recalc-dims=\"1\" loading=\"lazy\" decoding=\"async\" class=\"aligncenter\" src=\"https:\/\/i0.wp.com\/pequod.nesodd1.no\/wp-content\/uploads\/2016\/06\/IMG_1143.jpg?resize=940%2C529\" width=\"940\" height=\"529\" \/><\/a>\u00a0Etter \u00e5 ha fort\u00e6rt frokosten f\u00f8lte jeg meg litt mer opplagt. Fikk bes\u00f8k av en g\u00e5sefamilie mens jeg sto og stekte vaflene, og siden jeg ikke tror vafler er egnet fuglemat (dessuten ville jeg ha dem for meg selv), ofret jeg noen br\u00f8dskiver p\u00e5 gjengen istedenfor.<\/p>\n<p>S\u00e5 fant jeg ut at jeg m\u00e5tte ta meg en liten tur i nabolaget for \u00e5 kikke litt. Idiotisk nok tok jeg ikke med meg krykka &#8211; det fikk jeg angre senere &#8211; men s\u00e5 var det ikke meningen \u00e5 g\u00e5 s\u00e5 langt heller da&#8230;<\/p>\n<p><a href=\"https:\/\/i0.wp.com\/pequod.nesodd1.no\/wp-content\/uploads\/2016\/06\/IMG_1145.jpg\"><img data-recalc-dims=\"1\" decoding=\"async\" src=\"https:\/\/i0.wp.com\/pequod.nesodd1.no\/wp-content\/uploads\/2016\/06\/IMG_1145.jpg?w=940\" alt=\"\" \/><\/a>\u00a0Turen gikk f\u00f8rst gjennom skauen p\u00e5 en god tursti ned til bukta s\u00f8rvest p\u00e5 \u00f8ya. Det var det b\u00e5de bryggeplass og en flytebrygge, og det s\u00e5 faktisk litt koseligere ut der enn p\u00e5 det mer milit\u00e6rt pregete omr\u00e5det jeg hadde lagt til. Det l\u00e5 bare \u00e9n b\u00e5t der, s\u00e5 det ville v\u00e6rt god plass til \u00e5 legge til der ogs\u00e5. Jeg m\u00e5 pr\u00f8ve den ogs\u00e5! I denne bukta ligger ogs\u00e5 de to hyttene som leies ut via Oslofjordens Friluftsr\u00e5d, et stort gult hus og en litt mindre r\u00f8d hytte. I det hele tatt virket dette omr\u00e5det mer koselig og mer im\u00f8tekommende enn bryggene p\u00e5 nordsiden.<\/p>\n<p>Jeg valgte \u00e5 f\u00f8lge en skiltet tursti som skulle ta meg til en minesiktestasjon. Gikk forbi en koselig badeplass og tok nok deretter litt feil og endte p\u00e5 \u00f8stsiden mot H\u00e5\u00f8ya. Der klarte jeg \u00e5 pense meg tilbake til minesveiperstasjonen ved \u00e5 g\u00e5 en merket l\u00f8ype i MEGET ulendt terreng. Her ville krykka v\u00e6rt god \u00e5 ha &#8211; men det skulle bli verre! Jeg klarte i alle fall \u00e5 komme meg opp til selve utsiktspunktet, men selve stasjonen &#8211; som ble anlagt rundt 1891 hvis jeg husker rett i farta &#8211; var avstengt. Man kunne g\u00e5 ned og forbi den og opp p\u00e5 noen fine svaberg, men jeg droppet det fordi det s\u00e5 veldig bratt ut og jeg som sagt ikke hadde krykka med. Men jeg fikk karret meg opp p\u00e5 en knaus og knipset et bilde mot S\u00f8ndre Kaholmen og Dr\u00f8bak i det minste.<\/p>\n<p><a href=\"https:\/\/i0.wp.com\/pequod.nesodd1.no\/wp-content\/uploads\/2016\/06\/IMG_1149.jpg\"><img data-recalc-dims=\"1\" decoding=\"async\" src=\"https:\/\/i0.wp.com\/pequod.nesodd1.no\/wp-content\/uploads\/2016\/06\/IMG_1149.jpg?w=940\" alt=\"\" \/><\/a>\u00a0Da jeg gikk tilbake fra minesiktestasjonen kom jeg inn p\u00e5 den ruta jeg egentlig skulle tatt, den var litt bratt nedover, men mye bedre enn den veien jeg hadde tatt. Jeg hadde imidlertid lagt merke til at det fortsatte en bl\u00e5merket l\u00f8ype langs \u00f8ya i retning nordover p\u00e5 \u00f8stre side, og det skulle jo g\u00e5 en l\u00f8ype \u00f8ya rundt som ville f\u00f8re meg tilbake til der jeg hadde lagt b\u00e5ten. S\u00e5 jeg bestemte meg for \u00e5 g\u00e5 tilbake til det stedet (men en lettere vei denne gangen) og fortsette mot venstre istedenfor h\u00f8yre da jeg kronglet, kranglet og bannet meg fram til minestasjonen.<\/p>\n<p>Jeg kom raskt til \u00e5 angre ogs\u00e5 p\u00e5 dette valget! For riktignok var l\u00f8ypa merket, men det er vel da kun fjellgeiter som kunne ha tatt seg fram langs denne l\u00f8ypa??? Og jeg kan v\u00e6re mange ting &#8211; men fjellgeit er definitivt ikke blant dem! Selv om jeg etterhvert skj\u00f8nte at jeg hadde dummet meg ut, fortsatte jeg likevel, litt hjelpel\u00f8s, vinglende, krabbende, akende og i det hele tatt. Savnet av krykka var veldig stort, og jeg fant fort ut at det ikke var lurt \u00e5 pr\u00f8ve \u00e5 holde meg fast i treer og grener, for dette m\u00e5 ha v\u00e6rt den mest r\u00e5tne skogen p\u00e5 hele \u00f8ya &#8211; for grenene knakk i ett sett &#8211;\u00a0de var stort sett pill r\u00e5tne alle sammen.<\/p>\n<p><a href=\"https:\/\/i0.wp.com\/pequod.nesodd1.no\/wp-content\/uploads\/2016\/06\/IMG_1148.jpg\"><img data-recalc-dims=\"1\" decoding=\"async\" src=\"https:\/\/i0.wp.com\/pequod.nesodd1.no\/wp-content\/uploads\/2016\/06\/IMG_1148.jpg?w=940\" alt=\"\" \/><\/a>\u00a0P\u00e5 et punkt lurte jeg p\u00e5 om jeg bare skulle sette meg ned og gi opp, p\u00e5 flere andre steder s\u00e5 jeg meg selve rulle ned terrenget og sl\u00e5 hodet mot steinene i fj\u00e6ra, og flere ganger lurte jeg p\u00e5 om protesen kom til \u00e5 t\u00e5le dette? Det ville jo v\u00e6rt typisk om den ble \u00f8delagt &#8211; for da ville jeg bokstavelig talt ikke komme meg ett skritt videre! Men samtidig fortsatte den bl\u00e5merkede ruta videre innover, s\u00e5 jeg tenkte at jeg tross alt m\u00e5tte v\u00e6re p\u00e5 riktig vei? Men da jeg kom fram til en liten strand stoppet det helt opp. Jeg kunne ikke se noe bl\u00e5merker i det hele tatt, noe sted. Og jeg skj\u00f8nte at jeg rett og slett ikke kom meg videre. Akkurat der og da f\u00f8lte jeg trang til \u00e5 rope p\u00e5 noen som var p\u00e5 noen hytter rett ovenfor meg, p\u00e5 H\u00e5\u00f8ya. Der l\u00e5 det et par b\u00e5ter, og jeg var fristet til \u00e5 f\u00e5 dem til \u00e5 komme over og kj\u00f8re meg til min egen b\u00e5t&#8230;<\/p>\n<p><a href=\"https:\/\/i0.wp.com\/pequod.nesodd1.no\/wp-content\/uploads\/2016\/06\/IMG_1150.jpg\"><img data-recalc-dims=\"1\" decoding=\"async\" src=\"https:\/\/i0.wp.com\/pequod.nesodd1.no\/wp-content\/uploads\/2016\/06\/IMG_1150.jpg?w=940\" alt=\"\" \/><\/a>\u00a0At jeg var s\u00e5 n\u00e6r var jo et tydelig tegn p\u00e5 at jeg begynte \u00e5 n\u00e6rme meg, men hvis resten av ruta var like tung og ulendt som den jeg hadde klart \u00e5 forsere, s\u00e5 vet jeg ikke om jeg ville klart det s\u00e5 mye lenger. Jeg satt meg ned og tok en slurk av vannflaska mens jeg tenkte meg litt om. Det var nok tydelig at jeg nok en gang hadde tatt feil rute, og at den jeg hadde g\u00e5tt kun f\u00f8rte til bukta. Jeg kom meg ikke videre rent fysisk og inns\u00e5 at jeg m\u00e5tte g\u00e5 tilbake samme vei. Og da ville jeg deretter g\u00e5 tilbake til b\u00e5ten samme vei som jeg hadde kommet, og ikke pr\u00f8ve \u00e5 lete etter den ruta jeg egentlig skulle ha g\u00e5tt. Jeg konstaterte at jeg nok egner meg bedre til \u00e5 farte rundt i b\u00e5t enn til \u00e5 klatre rundt i tett og ulendt skogsterreng&#8230;<\/p>\n<p>S\u00e5 jeg pustet dypt og gikk\/krabbet\/akte\/klatret meg tilbake samme vei jeg hadde kommet. Jeg kjente jeg begynte \u00e5 bli sliten, s\u00e5 gleden var stor da jeg endelig kom tilbake til noenlunde lett terreng og kunne komme tilbake p\u00e5 samme sti jeg hadde fulgt fra b\u00e5ten. Protesen var ikke helt forn\u00f8yd med ekskursjonen, vakumeet hadde sluppet slik at den pep for hvert steg jeg tok, s\u00e5 da jeg kom meg tilbake om bord la jeg meg rett ned i kabinen og tok av meg protesen. Jeg hadde trasket rundt i skauen i godt over to og en halv time, s\u00e5 n\u00e5 trengte jeg virkelig \u00e5 hvile!<\/p>\n<p><a href=\"https:\/\/i0.wp.com\/pequod.nesodd1.no\/wp-content\/uploads\/2016\/06\/IMG_1142.jpg\"><img data-recalc-dims=\"1\" decoding=\"async\" src=\"https:\/\/i0.wp.com\/pequod.nesodd1.no\/wp-content\/uploads\/2016\/06\/IMG_1142.jpg?w=940\" alt=\"\" \/><\/a>\u00a0Tror jeg l\u00e5 der en halvtime eller noe slikt, da h\u00f8rte jeg motordur og skj\u00f8nte at jeg ikke lenger var alene. En kikk p\u00e5 klokka viste at jeg hadde v\u00e6rt p\u00e5 Bergholmen i snart fire timer, s\u00e5 det var p\u00e5 tide \u00e5 r\u00f8re p\u00e5 seg. Jeg tok p\u00e5 meg protesen igjen &#8211; den holdt kjeft n\u00e5 &#8211; og gjorde mine forberedelser til avgang. En av de nyankomne hjalp med med \u00e5 l\u00f8sne fort\u00f8yningene, s\u00e5 jeg beh\u00f8vde ikke \u00e5 g\u00e5 i land engang, og jeg forlot holmen idet en annen snekke kom sigende inn. Ogs\u00e5 den la seg ved den r\u00f8dmerkede brygga, s\u00e5 jeg beh\u00f8ver nok ikke \u00e5 ha noen d\u00e5rlig samvittighet for \u00e5 ha lagt meg til der!<\/p>\n<p>Hadde egentlig tenkt \u00e5 skrive om hele turen i ett innlegg, men ser at jeg allerede har skrevet ganske mye, s\u00e5 da lager jeg heller en del to til i morgen og stopper her i dag. \ud83d\ude00<\/p>\n<h3>Related Images:<\/h3>","protected":false},"excerpt":{"rendered":"<p>Vanligvis liker jeg \u00e5 v\u00e6re underveis i b\u00e5ten. Liker \u00e5 kjenne motoren male forn\u00f8yd under meg, kjenne at b\u00e5ten lever og se at det g\u00e5r framover, om enn ikke spesielt fort&#8230; M\u00e5let er ikke s\u00e5 viktig, det er turen jeg nyter. Men sist torsdag opplevde jeg det p\u00e5 en litt annen m\u00e5te, i alle fall &hellip;<br \/><a href=\"https:\/\/pequod.nesodd1.no\/?p=9240\" class=\"more-link pen_element_default pen_icon_arrow_double\">Les<\/a><\/p>\n","protected":false},"author":1,"featured_media":0,"comment_status":"open","ping_status":"open","sticky":false,"template":"","format":"standard","meta":{"_crdt_document":"","ngg_post_thumbnail":0,"jetpack_post_was_ever_published":false,"_jetpack_newsletter_access":"","_jetpack_dont_email_post_to_subs":false,"_jetpack_newsletter_tier_id":0,"_jetpack_memberships_contains_paywalled_content":false,"_jetpack_memberships_contains_paid_content":false,"footnotes":""},"categories":[3,147,4],"tags":[1827,1915,1854,1914,1910],"class_list":["post-9240","post","type-post","status-publish","format-standard","hentry","category-blogg","category-ferie","category-tur","tag-bergholmen","tag-fjellklatring","tag-prog","tag-reker","tag-vafler"],"jetpack_featured_media_url":"","jetpack_shortlink":"https:\/\/wp.me\/p3Zd9b-2p2","jetpack_sharing_enabled":true,"jetpack_likes_enabled":true,"jetpack-related-posts":[],"_links":{"self":[{"href":"https:\/\/pequod.nesodd1.no\/index.php?rest_route=\/wp\/v2\/posts\/9240","targetHints":{"allow":["GET"]}}],"collection":[{"href":"https:\/\/pequod.nesodd1.no\/index.php?rest_route=\/wp\/v2\/posts"}],"about":[{"href":"https:\/\/pequod.nesodd1.no\/index.php?rest_route=\/wp\/v2\/types\/post"}],"author":[{"embeddable":true,"href":"https:\/\/pequod.nesodd1.no\/index.php?rest_route=\/wp\/v2\/users\/1"}],"replies":[{"embeddable":true,"href":"https:\/\/pequod.nesodd1.no\/index.php?rest_route=%2Fwp%2Fv2%2Fcomments&post=9240"}],"version-history":[{"count":8,"href":"https:\/\/pequod.nesodd1.no\/index.php?rest_route=\/wp\/v2\/posts\/9240\/revisions"}],"predecessor-version":[{"id":9272,"href":"https:\/\/pequod.nesodd1.no\/index.php?rest_route=\/wp\/v2\/posts\/9240\/revisions\/9272"}],"wp:attachment":[{"href":"https:\/\/pequod.nesodd1.no\/index.php?rest_route=%2Fwp%2Fv2%2Fmedia&parent=9240"}],"wp:term":[{"taxonomy":"category","embeddable":true,"href":"https:\/\/pequod.nesodd1.no\/index.php?rest_route=%2Fwp%2Fv2%2Fcategories&post=9240"},{"taxonomy":"post_tag","embeddable":true,"href":"https:\/\/pequod.nesodd1.no\/index.php?rest_route=%2Fwp%2Fv2%2Ftags&post=9240"}],"curies":[{"name":"wp","href":"https:\/\/api.w.org\/{rel}","templated":true}]}}