{"id":929,"date":"2013-11-11T07:45:27","date_gmt":"2013-11-11T06:45:27","guid":{"rendered":"https:\/\/pequod.nesodd1.no\/?p=929"},"modified":"2013-11-11T09:47:01","modified_gmt":"2013-11-11T08:47:01","slug":"fornuftig-farsdagsfeiring","status":"publish","type":"post","link":"https:\/\/pequod.nesodd1.no\/?p=929","title":{"rendered":"Fornuftig farsdagsfeiring"},"content":{"rendered":"<p><a href=\"https:\/\/i0.wp.com\/pequod.nesodd1.no\/wp-content\/uploads\/2013\/11\/kalender.jpg\"><img data-recalc-dims=\"1\" loading=\"lazy\" decoding=\"async\" data-attachment-id=\"930\" data-permalink=\"https:\/\/pequod.nesodd1.no\/?attachment_id=930\" data-orig-file=\"https:\/\/i0.wp.com\/pequod.nesodd1.no\/wp-content\/uploads\/2013\/11\/kalender.jpg?fit=259%2C194&amp;ssl=1\" data-orig-size=\"259,194\" data-comments-opened=\"1\" data-image-meta=\"{&quot;aperture&quot;:&quot;0&quot;,&quot;credit&quot;:&quot;&quot;,&quot;camera&quot;:&quot;&quot;,&quot;caption&quot;:&quot;&quot;,&quot;created_timestamp&quot;:&quot;0&quot;,&quot;copyright&quot;:&quot;&quot;,&quot;focal_length&quot;:&quot;0&quot;,&quot;iso&quot;:&quot;0&quot;,&quot;shutter_speed&quot;:&quot;0&quot;,&quot;title&quot;:&quot;&quot;}\" data-image-title=\"kalender\" data-image-description=\"\" data-image-caption=\"\" data-large-file=\"https:\/\/i0.wp.com\/pequod.nesodd1.no\/wp-content\/uploads\/2013\/11\/kalender.jpg?fit=259%2C194&amp;ssl=1\" class=\"alignleft  wp-image-930\" alt=\"kalender\" src=\"https:\/\/i0.wp.com\/pequod.nesodd1.no\/wp-content\/uploads\/2013\/11\/kalender-150x150.jpg?resize=90%2C90\" width=\"90\" height=\"90\" \/><\/a>I g\u00e5r var det farsdag. En dag som vel aldri har blitt spesielt feiret i heimen, bortsett fra noen SMSer og noen klemmer.<br \/>\nEtter \u00e5 ha tatt en titt ut av vinduet fant jeg imidlertid ut at denne gangen skal jeg feire den p\u00e5 MIN m\u00e5te. Og det resulterte selvsagt i nok en tur p\u00e5 fjorden! Hva ellers?<!--more--><\/p>\n<p>Jeg tenker jo at man m\u00e5 benytte sjansen mens den er der, slik at jeg f\u00e5r brukt b\u00e5ten litt f\u00f8r sn\u00f8 og kulde setter inn for alvor. Jeg har allerede hatt noen fantastiske opplevelser i og med b\u00e5ten, s\u00e5 derfor benyttet jeg sjansen og tok en tur p\u00e5 selve farsdagen, som en farsdagspresang til meg selv! \ud83d\ude00<\/p>\n<p>S\u00e5 da var det bare \u00e5 koke opp kaffe og lage meg matpakke, og deretter strene avg\u00e5rde til b\u00e5ten. Sola var som sagt oppe og det s\u00e5 ut til \u00e5 bli en flott dag. Merket meg at det bl\u00e5ste litt n\u00e5r jeg begynte p\u00e5 spaserturen, men litt vind er jeg jo ikke redd for, og det var ikke i n\u00e6rheten av \u00e5 v\u00e6re mye.<\/p>\n<p>Vel nede ved b\u00e5thavna hilste jeg p\u00e5 han jeg pratet endel med for litt over en uke siden, da jeg kom hjem om morgenen etter at jeg hadde tatt b\u00e5ten til og fra jobben. Han sto og jobbet med en motor som var hengt opp. En Yanmar som sto i seilb\u00e5ten hans og som n\u00e5 skulle tas med hjem og f\u00e5 en skikkelig gjennomgang i vinter. Noe st\u00f8rre enn min motor&#8230;<\/p>\n<p>Vel p\u00e5 plass i b\u00e5ten var det bare \u00e5 sjekke alt det vanlige, konstaterte at det l\u00e5 pittelitt olje i kj\u00f8len, men veldig lite. Lurer litt p\u00e5 hvor den kan komme fra, har stoppet litt opp med \u00e5 finne ut av det ettersom kj\u00f8len har v\u00e6rt tett og fin etter at jeg fikk t\u00f8rket opp (se tidligere innlegg <a title=\"S\u00e5 kom oljelekkasjen\u2026\" href=\"https:\/\/pequod.nesodd1.no\/?p=662\">her<\/a> og <a title=\"Lekkasje eller ikke?\" href=\"https:\/\/pequod.nesodd1.no\/?p=681\">der<\/a>), men jeg b\u00f8r vel ta noen tester og legge litt papir et par plasser for \u00e5 finne ut hvor dette kommer fra. Oljeniv\u00e5 p\u00e5 motor og gear var helt fint, s\u00e5 det er uansett ikke veldig mye som kommer hvorfra det n\u00e5 m\u00e5tte komme fra!<\/p>\n<p>Vel, kastet fort\u00f8yningene og begynte forsiktig \u00e5 bakke ut, men gjorde et par feil med en gang. For det f\u00f8rste vridde jeg roret gal vei, og for det var andre gjorde sj\u00f8en (som det var litt mer av ogs\u00e5 inne i havna) sitt til at jeg p\u00e5 en eller annen m\u00e5te kom ut av &laquo;b\u00e5sen&raquo; helt feil, og m\u00e5tte kj\u00f8re inn i b\u00e5sen igjen og bakke ut p\u00e5 nytt for \u00e5 f\u00e5 snudd &laquo;nesa&raquo; den riktige veien og komme meg ut av havna! Bannet litt innvendig, men tr\u00f8stet meg med at det ikke var s\u00e5 veldig mange andre i havna som fikk med seg feilman\u00f8vren&#8230;;-)<\/p>\n<p style=\"text-align: center;\"><img data-recalc-dims=\"1\" loading=\"lazy\" decoding=\"async\" class=\"ngg-singlepic ngg-center aligncenter\" alt=\"img_0585\" src=\"https:\/\/i0.wp.com\/pequod.nesodd1.no\/wp-content\/gallery\/farsdagstur-10november-2013\/img_0585.jpg?resize=800%2C534\" width=\"800\" height=\"534\" \/>Med en gang jeg kom ut av havna og satte kursen over fjorden, merket jeg at det var noe mer vind enn jeg hadde trodd, s\u00e5 det ble noe rulling. Denne gangen hadde jeg bestemt meg p\u00e5 forh\u00e5nd for \u00e5 fortsette planen fra torsdag, da jeg endte opp med \u00e5 bare kj\u00f8re til Lind\u00f8ya for \u00e5 tanke, nemlig \u00e5 sette kursen mot Hvervenbukta og Ingierstrand.<\/p>\n<p>Jeg valgte \u00e5 kj\u00f8re mot Husberg\u00f8ya, og n\u00e5r jeg kom dit dro jeg mot styrbord og kj\u00f8rte forbi den ene av Skj\u00e6lholmene. Deretter svingte jeg inn mellom de to holmene og passerte en seilb\u00e5t. S\u00e5 for\u00f8vrig en 4-5 seilb\u00e5ter ute denne s\u00f8ndagen, kanskje ikke s\u00e5 rart ettersom det var litt vind og sikkert flott seilv\u00e6r. Etter \u00e5 ha rundet Skj\u00e6lholmene satte jeg kurs mot Fiskvollbukta og Ljanskollen.<\/p>\n<p>Dette er et omr\u00e5de jeg kjenner veldig godt til som landkrabbe. Fra rundt 1985\/1986 og fram til rundt 1990\/1991 bodde jeg p\u00e5 Holmlia. Jeg hadde p\u00e5 den tiden en hund, boxeren Max, og gikk mange og lange turer med ham. En av mine favoritturer, s\u00e6rlig om morgenen og p\u00e5 v\u00e5r\/sommer, var \u00e5 g\u00e5 ned til Fiskvollbukta, g\u00e5 rundt Ljanskollen og mot Hvervenbukta og deretter svinge tilbake mot Holmlia. Det ble lange og mange fine turer i det omr\u00e5det, og jeg endte flere ganger ogs\u00e5 opp ved Mastemyr og Kolbotn p\u00e5 disse turene.<\/p>\n<p>Men jeg kan i farten ikke huske sist jeg var i omr\u00e5det, det m\u00e5 v\u00e6re minst 20 \u00e5r siden, og jeg har aldri ankommet Hvervenbukta fra sj\u00f8siden, s\u00e5 n\u00e5 som jeg har f\u00e5tt min aksjonsradius noe utvidet p\u00e5 grunn av b\u00e5ten, s\u00e5 hadde jeg litt lyst \u00e5 ta turen dit.<\/p>\n<p style=\"text-align: center;\"><img data-recalc-dims=\"1\" loading=\"lazy\" decoding=\"async\" class=\"ngg-singlepic ngg-center aligncenter\" alt=\"img_0635\" src=\"https:\/\/i0.wp.com\/pequod.nesodd1.no\/wp-content\/gallery\/farsdagstur-10november-2013\/img_0635.jpg?resize=800%2C534\" width=\"800\" height=\"534\" \/>Som sagt, s\u00e5 gjort, og alt gikk etter planen. Kj\u00f8rte til Fiskvollbukta og deretter rundt 20-30 meter fra land langs kollen og mot bukta. S\u00e5 mange folk som tok s\u00f8ndagsturen sin rundt kollen og flere som stod og fisket nede ved sj\u00f8en. Kj\u00f8rte sakte inn i bukta og tok noen bilder og filmet, s\u00e5 snudde jeg utover og fortsatte til neste m\u00e5l, Ingierstrand, et sted jeg aldri har v\u00e6rt f\u00f8r. Kj\u00f8rte forbi Ringskj\u00e6rodden og Katt\u00f8yodden, forbi Bestemorsstranda (var ikke s\u00e5 veldig &laquo;strandete&raquo; der, synes jeg) og over Sandbukta til Ingierstrand, der jeg tidlig s\u00e5 profilen til det ber\u00f8mte stupet\u00e5rnet.<\/p>\n<p>S\u00e5 masse folk som gikk rundt t\u00e5rnet og noen som sto p\u00e5 brygga der, men selve restauranten er jo stengt n\u00e5, og l\u00e5 litt skjult bak tr\u00e6rne. Kunne jo selvsagt ha lagt til og g\u00e5tt i land for \u00e5 ta meg en titt, men valgte \u00e5 fortsette med b\u00e5ten. Etter \u00e5 ha sett, blitt sett og fotografert litt, var det p\u00e5 tide \u00e5 sette kursen tilbake. Kj\u00f8rte tvers over fjorden, og n\u00e5 var jeg jo kommet s\u00e5 langt innover at det er Bunnefjorden jeg snakker om, og satte kurs mot Prestekj\u00e6r og Kirkevika p\u00e5 Nesodden, et sted jeg vel ikke har v\u00e6rt siden Sunnivas klasse hadde overnatting der for noen \u00e5r siden. Presteskj\u00e6r er et popul\u00e6rt sted \u00e5 bade om sommeren, men det er nok blitt litt for kaldt til \u00e5 bade der n\u00e5 i november, s\u00e5 jeg s\u00e5 ikke s\u00e5 mange folk der&#8230; \ud83d\ude00<\/p>\n<p style=\"text-align: center;\"><img data-recalc-dims=\"1\" loading=\"lazy\" decoding=\"async\" class=\"ngg-singlepic ngg-none aligncenter\" alt=\"img_0640\" src=\"https:\/\/i0.wp.com\/pequod.nesodd1.no\/wp-content\/gallery\/farsdagstur-10november-2013\/img_0640.jpg?resize=800%2C534\" width=\"800\" height=\"534\" \/>Etter \u00e5 ha kommet fram til Nesoddensiden, gjorde jeg som p\u00e5 Oslosiden, og kj\u00f8rte langs land rundt 20-30 meter ut. N\u00e5 var jeg kommet inn i skyggen p\u00e5 Nesodden, s\u00e5 da slo jeg for f\u00f8rste gang p\u00e5 varmeapparatet. Passerte deretter i tur og orden Fjordvangen, Berger, Hellvik og Hellviktangen f\u00f8r jeg til slutt endte i havna p\u00e5 Oksval igjen. Denne gangen med en &laquo;perfekt landing&raquo; inn i b\u00e5sen. Og deretter var det opp til jentene mine, som hadde kj\u00f8pt inn marsipankake til farsdagen. S\u00e5 da ble det kake likevel! \ud83d\ude42<\/p>\n<p>Flere bilder ser dere <a title=\"Farsdagstur med b\u00e5ten 10. november 2013.\" href=\"https:\/\/pequod.nesodd1.no\/?page_id=926\">her<\/a>. Tok ogs\u00e5 opp litt video, og skal redigere og f\u00e5 lagt den ut i l\u00f8pet av et par dager!<\/p>\n<p>Det blir nok endel flere turer utover. Vinterv\u00e6ret er ikke meldt f\u00f8r i siste uke av november, s\u00e5 fram til da holder jeg det nok g\u00e5ende. Men i l\u00f8pet av mandag\/tirsdag legger jeg inn varmer\u00f8r i b\u00e5ten for \u00e5 forhindre frostskader, selv om det enn\u00e5 bare unntaksvis har v\u00e6rt minusgrader om natta.<\/p>\n<h3>Related Images:<\/h3>","protected":false},"excerpt":{"rendered":"<p>I g\u00e5r var det farsdag. En dag som vel aldri har blitt spesielt feiret i heimen, bortsett fra noen SMSer og noen klemmer. Etter \u00e5 ha tatt en titt ut av vinduet fant jeg imidlertid ut at denne gangen skal jeg feire den p\u00e5 MIN m\u00e5te. Og det resulterte selvsagt i nok en tur p\u00e5 &hellip;<br \/><a href=\"https:\/\/pequod.nesodd1.no\/?p=929\" class=\"more-link pen_element_default pen_icon_arrow_double\">Les<\/a><\/p>\n","protected":false},"author":1,"featured_media":0,"comment_status":"open","ping_status":"open","sticky":false,"template":"","format":"standard","meta":{"_crdt_document":"","ngg_post_thumbnail":0,"jetpack_post_was_ever_published":false,"_jetpack_newsletter_access":"","_jetpack_dont_email_post_to_subs":false,"_jetpack_newsletter_tier_id":0,"_jetpack_memberships_contains_paywalled_content":false,"_jetpack_memberships_contains_paid_content":false,"footnotes":""},"categories":[11,3,4],"tags":[337,334,336,335],"class_list":["post-929","post","type-post","status-publish","format-standard","hentry","category-pics","category-blogg","category-tur","tag-farsdag","tag-hvervenbukta","tag-ingierstrand","tag-ljanskollen"],"jetpack_featured_media_url":"","jetpack_shortlink":"https:\/\/wp.me\/p3Zd9b-eZ","jetpack_sharing_enabled":true,"jetpack_likes_enabled":true,"jetpack-related-posts":[],"_links":{"self":[{"href":"https:\/\/pequod.nesodd1.no\/index.php?rest_route=\/wp\/v2\/posts\/929","targetHints":{"allow":["GET"]}}],"collection":[{"href":"https:\/\/pequod.nesodd1.no\/index.php?rest_route=\/wp\/v2\/posts"}],"about":[{"href":"https:\/\/pequod.nesodd1.no\/index.php?rest_route=\/wp\/v2\/types\/post"}],"author":[{"embeddable":true,"href":"https:\/\/pequod.nesodd1.no\/index.php?rest_route=\/wp\/v2\/users\/1"}],"replies":[{"embeddable":true,"href":"https:\/\/pequod.nesodd1.no\/index.php?rest_route=%2Fwp%2Fv2%2Fcomments&post=929"}],"version-history":[{"count":3,"href":"https:\/\/pequod.nesodd1.no\/index.php?rest_route=\/wp\/v2\/posts\/929\/revisions"}],"predecessor-version":[{"id":933,"href":"https:\/\/pequod.nesodd1.no\/index.php?rest_route=\/wp\/v2\/posts\/929\/revisions\/933"}],"wp:attachment":[{"href":"https:\/\/pequod.nesodd1.no\/index.php?rest_route=%2Fwp%2Fv2%2Fmedia&parent=929"}],"wp:term":[{"taxonomy":"category","embeddable":true,"href":"https:\/\/pequod.nesodd1.no\/index.php?rest_route=%2Fwp%2Fv2%2Fcategories&post=929"},{"taxonomy":"post_tag","embeddable":true,"href":"https:\/\/pequod.nesodd1.no\/index.php?rest_route=%2Fwp%2Fv2%2Ftags&post=929"}],"curies":[{"name":"wp","href":"https:\/\/api.w.org\/{rel}","templated":true}]}}